{"id":73542,"date":"2013-07-22T15:43:53","date_gmt":"2013-07-22T14:43:53","guid":{"rendered":"http:\/\/www.visit-ulcinj.com\/blog\/?p=73542"},"modified":"2013-07-22T18:21:47","modified_gmt":"2013-07-22T17:21:47","slug":"dritan-abazoviq-intelektual-apo-politikan-qe-me-veshtrimet-e-tija-ngjalle-debate","status":"publish","type":"post","link":"https:\/\/www.visit-ulcinj.com\/blog\/2013\/07\/22\/dritan-abazoviq-intelektual-apo-politikan-qe-me-veshtrimet-e-tija-ngjalle-debate\/","title":{"rendered":"Dritan Abazoviq intelektual apo politikan, q\u00eb me v\u00ebshtrimet e tija ngjall\u00eb debate"},"content":{"rendered":"<p><a href=\"http:\/\/www.visit-ulcinj.com\/blog\/wp-content\/uploads\/2013\/01\/Albinot-Maloku.png\"><img loading=\"lazy\" class=\"alignleft size-full wp-image-68009\" alt=\"Albinot Maloku\" src=\"http:\/\/www.visit-ulcinj.com\/blog\/wp-content\/uploads\/2013\/01\/Albinot-Maloku.png\" width=\"309\" height=\"289\" srcset=\"https:\/\/www.visit-ulcinj.com\/blog\/wp-content\/uploads\/2013\/01\/Albinot-Maloku.png 309w, https:\/\/www.visit-ulcinj.com\/blog\/wp-content\/uploads\/2013\/01\/Albinot-Maloku-300x280.png 300w\" sizes=\"(max-width: 309px) 100vw, 309px\" \/><\/a>Rreth duelit medial n\u00eb mes deputetit t\u00eb Kuvendit t\u00eb Malit t\u00eb Zi, Dritan Abazoviq dhe themeluesit p\u00ebr \u201cShqip\u00ebrin\u00eb Natyrale\u201d, Ko\u00e7o Danaj nga Tirana, \u00ebsht\u00eb prononcuar p\u00ebr Ulqini-Online edhe politologu nga Kosova Albinot Maloku.<br \/>\nMaloku tha se Shqip\u00ebria kurr\u00eb nuk ka luftuar p\u00ebr okupimin e territoreve t\u00eb huaja dhe se p\u00ebr k\u00ebt\u00eb \u00ebsht\u00eb i vet\u00ebdijsh\u00ebm \u00e7do nj\u00ebri.<\/p>\n<p>\u201cDeputeti Abazoviq nuk ka gabuar kur ka th\u00ebn\u00eb se Shqip\u00ebria, kurr\u00eb nuk ka patur q\u00ebllime ekspansioniste dhe nuk ka luftuar p\u00ebr territore q\u00eb nuk ishin t\u00eb saja. Mir\u00ebpo, duhet shtuar se Republika e Shqip\u00ebris\u00eb me Kushtetut\u00ebn e saj e ka obligim q\u00eb t\u00eb kujdeset p\u00ebr shqiptar\u00ebt n\u00eb rajon, pra edhe n\u00eb Mal t\u00eb Zi.\u201d \u2013 tha politologu Maloku.<\/p>\n<p>Nd\u00ebr t\u00eb tjera ai shtoj se Mali i Zi nga fakti q\u00eb synon standardet e Bashkimit Evropian, duhet t\u00eb respektoj t\u00eb drejtat e shqiptar\u00ebve autokton t\u00eb Malit t\u00eb Zi, t\u00eb cil\u00ebt ishin m\u00eb meritoret n\u00eb shpalljen e pavar\u00ebsis\u00eb s\u00eb k\u00ebtij shteti.<\/p>\n<p>&nbsp;<\/p>\n<p>\u201cNuk mendoj q\u00eb themeluesi p\u00ebr \u201cShqip\u00ebrin\u00eb Natyrale\u201d, Ko\u00e7o Danaj do t\u00eb mund t\u00eb krahasohej me kriminelin Vojsllav Sheshel, nga se ky nuk morri pjes\u00eb n\u00eb asnj\u00eb luft\u00eb p\u00ebr t\u00eb b\u00ebr\u00eb krime e okupime ndaj vendeve tjera, si\u00e7 b\u00ebri Shesheli n\u00eb Kroaci, Bosnje e Kosov\u00eb.\u201d \u2013 p\u00ebrfundon politologu nga Kosova, Albinot Maloku.<\/p>\n","protected":false},"excerpt":{"rendered":"<p>Rreth duelit medial n\u00eb mes deputetit t\u00eb Kuvendit t\u00eb Malit t\u00eb Zi, Dritan Abazoviq dhe themeluesit p\u00ebr \u201cShqip\u00ebrin\u00eb Natyrale\u201d, Ko\u00e7o Danaj nga Tirana, \u00ebsht\u00eb prononcuar p\u00ebr Ulqini-Online edhe politologu nga Kosova Albinot Maloku. Maloku tha se Shqip\u00ebria kurr\u00eb nuk ka luftuar p\u00ebr okupimin e territoreve t\u00eb huaja dhe se p\u00ebr k\u00ebt\u00eb \u00ebsht\u00eb i vet\u00ebdijsh\u00ebm \u00e7do [&hellip;]<\/p>\n","protected":false},"author":1,"featured_media":0,"comment_status":"closed","ping_status":"closed","sticky":false,"template":"","format":"standard","meta":{"spay_email":"","jetpack_publicize_message":"","jetpack_is_tweetstorm":false,"jetpack_publicize_feature_enabled":true},"categories":[1,13],"tags":[],"jetpack_publicize_connections":[],"yoast_head":"<!-- This site is optimized with the Yoast SEO plugin v19.1 - https:\/\/yoast.com\/wordpress\/plugins\/seo\/ -->\n<title>Dritan Abazoviq intelektual apo politikan, q\u00eb me v\u00ebshtrimet e tija ngjall\u00eb debate - Lajme nga Ulqini<\/title>\n<meta name=\"description\" content=\"Rreth duelit medial n\u00eb mes deputetit t\u00eb Kuvendit t\u00eb Malit t\u00eb Zi, Dritan Abazoviq dhe themeluesit p\u00ebr \u201cShqip\u00ebrin\u00eb Natyrale\u201d, Ko\u00e7o Danaj nga Tirana, \u00ebsht\u00eb\" \/>\n<meta name=\"robots\" content=\"index, follow, max-snippet:-1, max-image-preview:large, max-video-preview:-1\" \/>\n<link rel=\"canonical\" href=\"https:\/\/www.visit-ulcinj.com\/blog\/2013\/07\/22\/dritan-abazoviq-intelektual-apo-politikan-qe-me-veshtrimet-e-tija-ngjalle-debate\/\" \/>\n<meta property=\"og:locale\" content=\"en_US\" \/>\n<meta property=\"og:type\" content=\"article\" \/>\n<meta property=\"og:title\" content=\"Dritan Abazoviq intelektual apo politikan, q\u00eb me v\u00ebshtrimet e tija ngjall\u00eb debate - Lajme nga Ulqini\" \/>\n<meta property=\"og:description\" content=\"Rreth duelit medial n\u00eb mes deputetit t\u00eb Kuvendit t\u00eb Malit t\u00eb Zi, Dritan Abazoviq dhe themeluesit p\u00ebr \u201cShqip\u00ebrin\u00eb Natyrale\u201d, Ko\u00e7o Danaj nga Tirana, \u00ebsht\u00eb\" \/>\n<meta property=\"og:url\" content=\"https:\/\/www.visit-ulcinj.com\/blog\/2013\/07\/22\/dritan-abazoviq-intelektual-apo-politikan-qe-me-veshtrimet-e-tija-ngjalle-debate\/\" \/>\n<meta property=\"og:site_name\" content=\"Lajme nga Ulqini\" \/>\n<meta property=\"article:published_time\" content=\"2013-07-22T14:43:53+00:00\" \/>\n<meta property=\"article:modified_time\" content=\"2013-07-22T17:21:47+00:00\" \/>\n<meta property=\"og:image\" content=\"http:\/\/www.visit-ulcinj.com\/blog\/wp-content\/uploads\/2013\/01\/Albinot-Maloku.png\" \/>\n<meta name=\"twitter:label1\" content=\"Written by\" \/>\n\t<meta name=\"twitter:data1\" content=\"ulqini\" \/>\n\t<meta name=\"twitter:label2\" content=\"Est. reading time\" \/>\n\t<meta name=\"twitter:data2\" content=\"1 minute\" \/>\n<script type=\"application\/ld+json\" class=\"yoast-schema-graph\">{\"@context\":\"https:\/\/schema.org\",\"@graph\":[{\"@type\":\"WebSite\",\"@id\":\"https:\/\/www.visit-ulcinj.com\/blog\/#website\",\"url\":\"https:\/\/www.visit-ulcinj.com\/blog\/\",\"name\":\"Lajme nga Ulqini\",\"description\":\"Lajme,Vijesti,Ulqini,Ulqin,Crna Gora,Mali i Zi\",\"potentialAction\":[{\"@type\":\"SearchAction\",\"target\":{\"@type\":\"EntryPoint\",\"urlTemplate\":\"https:\/\/www.visit-ulcinj.com\/blog\/?s={search_term_string}\"},\"query-input\":\"required name=search_term_string\"}],\"inLanguage\":\"en-US\"},{\"@type\":\"ImageObject\",\"inLanguage\":\"en-US\",\"@id\":\"https:\/\/www.visit-ulcinj.com\/blog\/2013\/07\/22\/dritan-abazoviq-intelektual-apo-politikan-qe-me-veshtrimet-e-tija-ngjalle-debate\/#primaryimage\",\"url\":\"https:\/\/www.visit-ulcinj.com\/blog\/wp-content\/uploads\/2013\/01\/Albinot-Maloku.png\",\"contentUrl\":\"https:\/\/www.visit-ulcinj.com\/blog\/wp-content\/uploads\/2013\/01\/Albinot-Maloku.png\",\"width\":309,\"height\":289},{\"@type\":\"WebPage\",\"@id\":\"https:\/\/www.visit-ulcinj.com\/blog\/2013\/07\/22\/dritan-abazoviq-intelektual-apo-politikan-qe-me-veshtrimet-e-tija-ngjalle-debate\/#webpage\",\"url\":\"https:\/\/www.visit-ulcinj.com\/blog\/2013\/07\/22\/dritan-abazoviq-intelektual-apo-politikan-qe-me-veshtrimet-e-tija-ngjalle-debate\/\",\"name\":\"Dritan Abazoviq intelektual apo politikan, q\u00eb me v\u00ebshtrimet e tija ngjall\u00eb debate - Lajme nga Ulqini\",\"isPartOf\":{\"@id\":\"https:\/\/www.visit-ulcinj.com\/blog\/#website\"},\"primaryImageOfPage\":{\"@id\":\"https:\/\/www.visit-ulcinj.com\/blog\/2013\/07\/22\/dritan-abazoviq-intelektual-apo-politikan-qe-me-veshtrimet-e-tija-ngjalle-debate\/#primaryimage\"},\"datePublished\":\"2013-07-22T14:43:53+00:00\",\"dateModified\":\"2013-07-22T17:21:47+00:00\",\"author\":{\"@id\":\"https:\/\/www.visit-ulcinj.com\/blog\/#\/schema\/person\/dcab619c614d3038751c63bc2aadc06d\"},\"description\":\"Rreth duelit medial n\u00eb mes deputetit t\u00eb Kuvendit t\u00eb Malit t\u00eb Zi, Dritan Abazoviq dhe themeluesit p\u00ebr \u201cShqip\u00ebrin\u00eb Natyrale\u201d, Ko\u00e7o Danaj nga Tirana, \u00ebsht\u00eb\",\"breadcrumb\":{\"@id\":\"https:\/\/www.visit-ulcinj.com\/blog\/2013\/07\/22\/dritan-abazoviq-intelektual-apo-politikan-qe-me-veshtrimet-e-tija-ngjalle-debate\/#breadcrumb\"},\"inLanguage\":\"en-US\",\"potentialAction\":[{\"@type\":\"ReadAction\",\"target\":[\"https:\/\/www.visit-ulcinj.com\/blog\/2013\/07\/22\/dritan-abazoviq-intelektual-apo-politikan-qe-me-veshtrimet-e-tija-ngjalle-debate\/\"]}]},{\"@type\":\"BreadcrumbList\",\"@id\":\"https:\/\/www.visit-ulcinj.com\/blog\/2013\/07\/22\/dritan-abazoviq-intelektual-apo-politikan-qe-me-veshtrimet-e-tija-ngjalle-debate\/#breadcrumb\",\"itemListElement\":[{\"@type\":\"ListItem\",\"position\":1,\"name\":\"Dritan Abazoviq intelektual apo politikan, q\u00eb me v\u00ebshtrimet e tija ngjall\u00eb debate\"}]},{\"@type\":\"Person\",\"@id\":\"https:\/\/www.visit-ulcinj.com\/blog\/#\/schema\/person\/dcab619c614d3038751c63bc2aadc06d\",\"name\":\"ulqini\",\"sameAs\":[\"http:\/\/www.visit-ulcinj.com\"],\"url\":\"https:\/\/www.visit-ulcinj.com\/blog\/author\/admin\/\"}]}<\/script>\n<!-- \/ Yoast SEO plugin. -->","yoast_head_json":{"title":"Dritan Abazoviq intelektual apo politikan, q\u00eb me v\u00ebshtrimet e tija ngjall\u00eb debate - Lajme nga Ulqini","description":"Rreth duelit medial n\u00eb mes deputetit t\u00eb Kuvendit t\u00eb Malit t\u00eb Zi, Dritan Abazoviq dhe themeluesit p\u00ebr \u201cShqip\u00ebrin\u00eb Natyrale\u201d, Ko\u00e7o Danaj nga Tirana, \u00ebsht\u00eb","robots":{"index":"index","follow":"follow","max-snippet":"max-snippet:-1","max-image-preview":"max-image-preview:large","max-video-preview":"max-video-preview:-1"},"canonical":"https:\/\/www.visit-ulcinj.com\/blog\/2013\/07\/22\/dritan-abazoviq-intelektual-apo-politikan-qe-me-veshtrimet-e-tija-ngjalle-debate\/","og_locale":"en_US","og_type":"article","og_title":"Dritan Abazoviq intelektual apo politikan, q\u00eb me v\u00ebshtrimet e tija ngjall\u00eb debate - Lajme nga Ulqini","og_description":"Rreth duelit medial n\u00eb mes deputetit t\u00eb Kuvendit t\u00eb Malit t\u00eb Zi, Dritan Abazoviq dhe themeluesit p\u00ebr \u201cShqip\u00ebrin\u00eb Natyrale\u201d, Ko\u00e7o Danaj nga Tirana, \u00ebsht\u00eb","og_url":"https:\/\/www.visit-ulcinj.com\/blog\/2013\/07\/22\/dritan-abazoviq-intelektual-apo-politikan-qe-me-veshtrimet-e-tija-ngjalle-debate\/","og_site_name":"Lajme nga Ulqini","article_published_time":"2013-07-22T14:43:53+00:00","article_modified_time":"2013-07-22T17:21:47+00:00","og_image":[{"url":"http:\/\/www.visit-ulcinj.com\/blog\/wp-content\/uploads\/2013\/01\/Albinot-Maloku.png"}],"twitter_misc":{"Written by":"ulqini","Est. reading time":"1 minute"},"schema":{"@context":"https:\/\/schema.org","@graph":[{"@type":"WebSite","@id":"https:\/\/www.visit-ulcinj.com\/blog\/#website","url":"https:\/\/www.visit-ulcinj.com\/blog\/","name":"Lajme nga Ulqini","description":"Lajme,Vijesti,Ulqini,Ulqin,Crna Gora,Mali i Zi","potentialAction":[{"@type":"SearchAction","target":{"@type":"EntryPoint","urlTemplate":"https:\/\/www.visit-ulcinj.com\/blog\/?s={search_term_string}"},"query-input":"required name=search_term_string"}],"inLanguage":"en-US"},{"@type":"ImageObject","inLanguage":"en-US","@id":"https:\/\/www.visit-ulcinj.com\/blog\/2013\/07\/22\/dritan-abazoviq-intelektual-apo-politikan-qe-me-veshtrimet-e-tija-ngjalle-debate\/#primaryimage","url":"https:\/\/www.visit-ulcinj.com\/blog\/wp-content\/uploads\/2013\/01\/Albinot-Maloku.png","contentUrl":"https:\/\/www.visit-ulcinj.com\/blog\/wp-content\/uploads\/2013\/01\/Albinot-Maloku.png","width":309,"height":289},{"@type":"WebPage","@id":"https:\/\/www.visit-ulcinj.com\/blog\/2013\/07\/22\/dritan-abazoviq-intelektual-apo-politikan-qe-me-veshtrimet-e-tija-ngjalle-debate\/#webpage","url":"https:\/\/www.visit-ulcinj.com\/blog\/2013\/07\/22\/dritan-abazoviq-intelektual-apo-politikan-qe-me-veshtrimet-e-tija-ngjalle-debate\/","name":"Dritan Abazoviq intelektual apo politikan, q\u00eb me v\u00ebshtrimet e tija ngjall\u00eb debate - Lajme nga Ulqini","isPartOf":{"@id":"https:\/\/www.visit-ulcinj.com\/blog\/#website"},"primaryImageOfPage":{"@id":"https:\/\/www.visit-ulcinj.com\/blog\/2013\/07\/22\/dritan-abazoviq-intelektual-apo-politikan-qe-me-veshtrimet-e-tija-ngjalle-debate\/#primaryimage"},"datePublished":"2013-07-22T14:43:53+00:00","dateModified":"2013-07-22T17:21:47+00:00","author":{"@id":"https:\/\/www.visit-ulcinj.com\/blog\/#\/schema\/person\/dcab619c614d3038751c63bc2aadc06d"},"description":"Rreth duelit medial n\u00eb mes deputetit t\u00eb Kuvendit t\u00eb Malit t\u00eb Zi, Dritan Abazoviq dhe themeluesit p\u00ebr \u201cShqip\u00ebrin\u00eb Natyrale\u201d, Ko\u00e7o Danaj nga Tirana, \u00ebsht\u00eb","breadcrumb":{"@id":"https:\/\/www.visit-ulcinj.com\/blog\/2013\/07\/22\/dritan-abazoviq-intelektual-apo-politikan-qe-me-veshtrimet-e-tija-ngjalle-debate\/#breadcrumb"},"inLanguage":"en-US","potentialAction":[{"@type":"ReadAction","target":["https:\/\/www.visit-ulcinj.com\/blog\/2013\/07\/22\/dritan-abazoviq-intelektual-apo-politikan-qe-me-veshtrimet-e-tija-ngjalle-debate\/"]}]},{"@type":"BreadcrumbList","@id":"https:\/\/www.visit-ulcinj.com\/blog\/2013\/07\/22\/dritan-abazoviq-intelektual-apo-politikan-qe-me-veshtrimet-e-tija-ngjalle-debate\/#breadcrumb","itemListElement":[{"@type":"ListItem","position":1,"name":"Dritan Abazoviq intelektual apo politikan, q\u00eb me v\u00ebshtrimet e tija ngjall\u00eb debate"}]},{"@type":"Person","@id":"https:\/\/www.visit-ulcinj.com\/blog\/#\/schema\/person\/dcab619c614d3038751c63bc2aadc06d","name":"ulqini","sameAs":["http:\/\/www.visit-ulcinj.com"],"url":"https:\/\/www.visit-ulcinj.com\/blog\/author\/admin\/"}]}},"jetpack_featured_media_url":"","jetpack_sharing_enabled":true,"jetpack_shortlink":"https:\/\/wp.me\/pe6lTn-j8a","_links":{"self":[{"href":"https:\/\/www.visit-ulcinj.com\/blog\/wp-json\/wp\/v2\/posts\/73542"}],"collection":[{"href":"https:\/\/www.visit-ulcinj.com\/blog\/wp-json\/wp\/v2\/posts"}],"about":[{"href":"https:\/\/www.visit-ulcinj.com\/blog\/wp-json\/wp\/v2\/types\/post"}],"author":[{"embeddable":true,"href":"https:\/\/www.visit-ulcinj.com\/blog\/wp-json\/wp\/v2\/users\/1"}],"replies":[{"embeddable":true,"href":"https:\/\/www.visit-ulcinj.com\/blog\/wp-json\/wp\/v2\/comments?post=73542"}],"version-history":[{"count":3,"href":"https:\/\/www.visit-ulcinj.com\/blog\/wp-json\/wp\/v2\/posts\/73542\/revisions"}],"predecessor-version":[{"id":73557,"href":"https:\/\/www.visit-ulcinj.com\/blog\/wp-json\/wp\/v2\/posts\/73542\/revisions\/73557"}],"wp:attachment":[{"href":"https:\/\/www.visit-ulcinj.com\/blog\/wp-json\/wp\/v2\/media?parent=73542"}],"wp:term":[{"taxonomy":"category","embeddable":true,"href":"https:\/\/www.visit-ulcinj.com\/blog\/wp-json\/wp\/v2\/categories?post=73542"},{"taxonomy":"post_tag","embeddable":true,"href":"https:\/\/www.visit-ulcinj.com\/blog\/wp-json\/wp\/v2\/tags?post=73542"}],"curies":[{"name":"wp","href":"https:\/\/api.w.org\/{rel}","templated":true}]}}