{"id":73545,"date":"2013-07-22T15:51:43","date_gmt":"2013-07-22T14:51:43","guid":{"rendered":"http:\/\/www.visit-ulcinj.com\/blog\/?p=73545"},"modified":"2013-07-22T15:53:12","modified_gmt":"2013-07-22T14:53:12","slug":"vujanovic-ka-pasur-krime-kunder-myslimaneve-ne-plave-dhe-guci","status":"publish","type":"post","link":"https:\/\/www.visit-ulcinj.com\/blog\/2013\/07\/22\/vujanovic-ka-pasur-krime-kunder-myslimaneve-ne-plave-dhe-guci\/","title":{"rendered":"Vujanovi\u00e7: Ka pasur krime kund\u00ebr mysliman\u00ebve n\u00eb Plave dhe Guci"},"content":{"rendered":"<p><a href=\"http:\/\/www.visit-ulcinj.com\/blog\/wp-content\/uploads\/2009\/01\/filip-vujanovic.jpg\"><img loading=\"lazy\" src=\"http:\/\/www.visit-ulcinj.com\/blog\/wp-content\/uploads\/2009\/01\/filip-vujanovic.jpg\" alt=\"filip-vujanovic\" width=\"350\" height=\"274\" class=\"alignleft size-full wp-image-8237\" srcset=\"https:\/\/www.visit-ulcinj.com\/blog\/wp-content\/uploads\/2009\/01\/filip-vujanovic.jpg 350w, https:\/\/www.visit-ulcinj.com\/blog\/wp-content\/uploads\/2009\/01\/filip-vujanovic-300x234.jpg 300w\" sizes=\"(max-width: 350px) 100vw, 350px\" \/><\/a><br \/>\nNdaj musliman\u00ebve n\u00eb rajonin e Plav\u00ebs dhe Gusis\u00eb jan\u00eb kryert krime, pas \u00e7lirimit nga otoman\u00ebt dhe bashk\u00ebngjitjes t\u00eb atij rajoni Mali i Zi, ka th\u00ebn\u00eb presidenti i Mali i Zi Filip Vujanoviq.<\/p>\n<p>Presidenti malazes Filip Vujanovi\u00e7 tha se krimi ishte kryer kund\u00ebr mysliman\u00ebve n\u00eb Plav\u00eb-Gusi ne fund, pas \u00e7lirimit nga Perandoria Osmane dhe aneksimi i Malit t\u00eb Zi rajonit.<\/p>\n<p>&#8220;Krimi mbetet krim, dhe at\u00eb e ka pranuar edhe Mbret\u00ebria e Malit t\u00eb Zi,&#8221; tha Vujanovi\u00e7 n\u00eb Berane, ku mori pjes\u00eb n\u00eb nj\u00eb ceremoni q\u00eb sh\u00ebnonte Dit\u00ebn e Komun\u00ebs.<\/p>\n<p>Vujanovi\u00e7 tha se, pasi Ushtria malazeze n\u00eb Luft\u00ebn e Par\u00eb Ballkanike \u00e7liroi gjith\u00eb zon\u00ebn n\u00eb bregun e djatht\u00eb t\u00eb Tares, duke p\u00ebrfshir\u00eb Plav\u00ebn dhe Gucin\u00eb \u00a0n\u00eb at\u00eb rajon ka pasur d\u00ebbime dhe persekutime mysliman\u00ebve dhe konvertimin e tyre t\u00eb dhunsh\u00ebm.<\/p>\n<p>Disa OJQ kan\u00eb k\u00ebrkuar m\u00eb par\u00eb q\u00eb Mal t\u00eb Zi t\u00eb k\u00ebrkoj falje p\u00ebr ngjarjet n\u00eb Plav\u00eb dhe Gusi pas \u00a0Luft\u00ebs s\u00eb Par\u00eb Ballkanike, dhe t\u00eb ngritet \u00a0nj\u00eb monument p\u00ebr viktimat myslimane.<\/p>\n<p>Sipas shpjegimeve zyrtare t\u00eb Mbret\u00ebris\u00eb s\u00eb Malit t\u00eb Zi, n\u00eb koh\u00ebn e k\u00ebtyre ngjarjeve, q\u00ebndrimi ndaj musliman\u00ebve n\u00eb zonat e sapo \u00e7liruara ishte n\u00eb asnj\u00eb m\u00ebnyr\u00eb nuk \u00ebsht\u00eb nxitur nga Cetina. P\u00ebr rastet e krimeve p\u00ebrgjegj\u00ebs jan\u00eb p\u00ebrfaqsuesit lokal dhe komandant\u00ebt e ushtris\u00eb malazeze.\/Albakos\/<\/p>\n<p>&nbsp;<\/p>\n","protected":false},"excerpt":{"rendered":"<p>Ndaj musliman\u00ebve n\u00eb rajonin e Plav\u00ebs dhe Gusis\u00eb jan\u00eb kryert krime, pas \u00e7lirimit nga otoman\u00ebt dhe bashk\u00ebngjitjes t\u00eb atij rajoni Mali i Zi, ka th\u00ebn\u00eb presidenti i Mali i Zi Filip Vujanoviq. Presidenti malazes Filip Vujanovi\u00e7 tha se krimi ishte kryer kund\u00ebr mysliman\u00ebve n\u00eb Plav\u00eb-Gusi ne fund, pas \u00e7lirimit nga Perandoria Osmane dhe aneksimi i [&hellip;]<\/p>\n","protected":false},"author":1,"featured_media":0,"comment_status":"closed","ping_status":"closed","sticky":false,"template":"","format":"standard","meta":{"spay_email":"","jetpack_publicize_message":"","jetpack_is_tweetstorm":false,"jetpack_publicize_feature_enabled":true},"categories":[6950],"tags":[],"jetpack_publicize_connections":[],"yoast_head":"<!-- This site is optimized with the Yoast SEO plugin v19.1 - https:\/\/yoast.com\/wordpress\/plugins\/seo\/ -->\n<title>Vujanovi\u00e7: Ka pasur krime kund\u00ebr mysliman\u00ebve n\u00eb Plave dhe Guci - Lajme nga Ulqini<\/title>\n<meta name=\"description\" content=\"Ndaj musliman\u00ebve n\u00eb rajonin e Plav\u00ebs dhe Gusis\u00eb jan\u00eb kryert krime, pas \u00e7lirimit nga otoman\u00ebt dhe bashk\u00ebngjitjes t\u00eb atij rajoni Mali i Zi, ka th\u00ebn\u00eb\" \/>\n<meta name=\"robots\" content=\"index, follow, max-snippet:-1, max-image-preview:large, max-video-preview:-1\" \/>\n<link rel=\"canonical\" href=\"https:\/\/www.visit-ulcinj.com\/blog\/2013\/07\/22\/vujanovic-ka-pasur-krime-kunder-myslimaneve-ne-plave-dhe-guci\/\" \/>\n<meta property=\"og:locale\" content=\"en_US\" \/>\n<meta property=\"og:type\" content=\"article\" \/>\n<meta property=\"og:title\" content=\"Vujanovi\u00e7: Ka pasur krime kund\u00ebr mysliman\u00ebve n\u00eb Plave dhe Guci - Lajme nga Ulqini\" \/>\n<meta property=\"og:description\" content=\"Ndaj musliman\u00ebve n\u00eb rajonin e Plav\u00ebs dhe Gusis\u00eb jan\u00eb kryert krime, pas \u00e7lirimit nga otoman\u00ebt dhe bashk\u00ebngjitjes t\u00eb atij rajoni Mali i Zi, ka th\u00ebn\u00eb\" \/>\n<meta property=\"og:url\" content=\"https:\/\/www.visit-ulcinj.com\/blog\/2013\/07\/22\/vujanovic-ka-pasur-krime-kunder-myslimaneve-ne-plave-dhe-guci\/\" \/>\n<meta property=\"og:site_name\" content=\"Lajme nga Ulqini\" \/>\n<meta property=\"article:published_time\" content=\"2013-07-22T14:51:43+00:00\" \/>\n<meta property=\"article:modified_time\" content=\"2013-07-22T14:53:12+00:00\" \/>\n<meta property=\"og:image\" content=\"http:\/\/www.visit-ulcinj.com\/blog\/wp-content\/uploads\/2009\/01\/filip-vujanovic.jpg\" \/>\n<meta name=\"twitter:label1\" content=\"Written by\" \/>\n\t<meta name=\"twitter:data1\" content=\"ulqini\" \/>\n\t<meta name=\"twitter:label2\" content=\"Est. reading time\" \/>\n\t<meta name=\"twitter:data2\" content=\"1 minute\" \/>\n<script type=\"application\/ld+json\" class=\"yoast-schema-graph\">{\"@context\":\"https:\/\/schema.org\",\"@graph\":[{\"@type\":\"WebSite\",\"@id\":\"https:\/\/www.visit-ulcinj.com\/blog\/#website\",\"url\":\"https:\/\/www.visit-ulcinj.com\/blog\/\",\"name\":\"Lajme nga Ulqini\",\"description\":\"Lajme,Vijesti,Ulqini,Ulqin,Crna Gora,Mali i Zi\",\"potentialAction\":[{\"@type\":\"SearchAction\",\"target\":{\"@type\":\"EntryPoint\",\"urlTemplate\":\"https:\/\/www.visit-ulcinj.com\/blog\/?s={search_term_string}\"},\"query-input\":\"required name=search_term_string\"}],\"inLanguage\":\"en-US\"},{\"@type\":\"ImageObject\",\"inLanguage\":\"en-US\",\"@id\":\"https:\/\/www.visit-ulcinj.com\/blog\/2013\/07\/22\/vujanovic-ka-pasur-krime-kunder-myslimaneve-ne-plave-dhe-guci\/#primaryimage\",\"url\":\"https:\/\/www.visit-ulcinj.com\/blog\/wp-content\/uploads\/2009\/01\/filip-vujanovic.jpg\",\"contentUrl\":\"https:\/\/www.visit-ulcinj.com\/blog\/wp-content\/uploads\/2009\/01\/filip-vujanovic.jpg\",\"width\":\"350\",\"height\":\"274\"},{\"@type\":\"WebPage\",\"@id\":\"https:\/\/www.visit-ulcinj.com\/blog\/2013\/07\/22\/vujanovic-ka-pasur-krime-kunder-myslimaneve-ne-plave-dhe-guci\/#webpage\",\"url\":\"https:\/\/www.visit-ulcinj.com\/blog\/2013\/07\/22\/vujanovic-ka-pasur-krime-kunder-myslimaneve-ne-plave-dhe-guci\/\",\"name\":\"Vujanovi\u00e7: Ka pasur krime kund\u00ebr mysliman\u00ebve n\u00eb Plave dhe Guci - Lajme nga Ulqini\",\"isPartOf\":{\"@id\":\"https:\/\/www.visit-ulcinj.com\/blog\/#website\"},\"primaryImageOfPage\":{\"@id\":\"https:\/\/www.visit-ulcinj.com\/blog\/2013\/07\/22\/vujanovic-ka-pasur-krime-kunder-myslimaneve-ne-plave-dhe-guci\/#primaryimage\"},\"datePublished\":\"2013-07-22T14:51:43+00:00\",\"dateModified\":\"2013-07-22T14:53:12+00:00\",\"author\":{\"@id\":\"https:\/\/www.visit-ulcinj.com\/blog\/#\/schema\/person\/dcab619c614d3038751c63bc2aadc06d\"},\"description\":\"Ndaj musliman\u00ebve n\u00eb rajonin e Plav\u00ebs dhe Gusis\u00eb jan\u00eb kryert krime, pas \u00e7lirimit nga otoman\u00ebt dhe bashk\u00ebngjitjes t\u00eb atij rajoni Mali i Zi, ka th\u00ebn\u00eb\",\"breadcrumb\":{\"@id\":\"https:\/\/www.visit-ulcinj.com\/blog\/2013\/07\/22\/vujanovic-ka-pasur-krime-kunder-myslimaneve-ne-plave-dhe-guci\/#breadcrumb\"},\"inLanguage\":\"en-US\",\"potentialAction\":[{\"@type\":\"ReadAction\",\"target\":[\"https:\/\/www.visit-ulcinj.com\/blog\/2013\/07\/22\/vujanovic-ka-pasur-krime-kunder-myslimaneve-ne-plave-dhe-guci\/\"]}]},{\"@type\":\"BreadcrumbList\",\"@id\":\"https:\/\/www.visit-ulcinj.com\/blog\/2013\/07\/22\/vujanovic-ka-pasur-krime-kunder-myslimaneve-ne-plave-dhe-guci\/#breadcrumb\",\"itemListElement\":[{\"@type\":\"ListItem\",\"position\":1,\"name\":\"Vujanovi\u00e7: Ka pasur krime kund\u00ebr mysliman\u00ebve n\u00eb Plave dhe Guci\"}]},{\"@type\":\"Person\",\"@id\":\"https:\/\/www.visit-ulcinj.com\/blog\/#\/schema\/person\/dcab619c614d3038751c63bc2aadc06d\",\"name\":\"ulqini\",\"sameAs\":[\"http:\/\/www.visit-ulcinj.com\"],\"url\":\"https:\/\/www.visit-ulcinj.com\/blog\/author\/admin\/\"}]}<\/script>\n<!-- \/ Yoast SEO plugin. -->","yoast_head_json":{"title":"Vujanovi\u00e7: Ka pasur krime kund\u00ebr mysliman\u00ebve n\u00eb Plave dhe Guci - Lajme nga Ulqini","description":"Ndaj musliman\u00ebve n\u00eb rajonin e Plav\u00ebs dhe Gusis\u00eb jan\u00eb kryert krime, pas \u00e7lirimit nga otoman\u00ebt dhe bashk\u00ebngjitjes t\u00eb atij rajoni Mali i Zi, ka th\u00ebn\u00eb","robots":{"index":"index","follow":"follow","max-snippet":"max-snippet:-1","max-image-preview":"max-image-preview:large","max-video-preview":"max-video-preview:-1"},"canonical":"https:\/\/www.visit-ulcinj.com\/blog\/2013\/07\/22\/vujanovic-ka-pasur-krime-kunder-myslimaneve-ne-plave-dhe-guci\/","og_locale":"en_US","og_type":"article","og_title":"Vujanovi\u00e7: Ka pasur krime kund\u00ebr mysliman\u00ebve n\u00eb Plave dhe Guci - Lajme nga Ulqini","og_description":"Ndaj musliman\u00ebve n\u00eb rajonin e Plav\u00ebs dhe Gusis\u00eb jan\u00eb kryert krime, pas \u00e7lirimit nga otoman\u00ebt dhe bashk\u00ebngjitjes t\u00eb atij rajoni Mali i Zi, ka th\u00ebn\u00eb","og_url":"https:\/\/www.visit-ulcinj.com\/blog\/2013\/07\/22\/vujanovic-ka-pasur-krime-kunder-myslimaneve-ne-plave-dhe-guci\/","og_site_name":"Lajme nga Ulqini","article_published_time":"2013-07-22T14:51:43+00:00","article_modified_time":"2013-07-22T14:53:12+00:00","og_image":[{"url":"http:\/\/www.visit-ulcinj.com\/blog\/wp-content\/uploads\/2009\/01\/filip-vujanovic.jpg"}],"twitter_misc":{"Written by":"ulqini","Est. reading time":"1 minute"},"schema":{"@context":"https:\/\/schema.org","@graph":[{"@type":"WebSite","@id":"https:\/\/www.visit-ulcinj.com\/blog\/#website","url":"https:\/\/www.visit-ulcinj.com\/blog\/","name":"Lajme nga Ulqini","description":"Lajme,Vijesti,Ulqini,Ulqin,Crna Gora,Mali i Zi","potentialAction":[{"@type":"SearchAction","target":{"@type":"EntryPoint","urlTemplate":"https:\/\/www.visit-ulcinj.com\/blog\/?s={search_term_string}"},"query-input":"required name=search_term_string"}],"inLanguage":"en-US"},{"@type":"ImageObject","inLanguage":"en-US","@id":"https:\/\/www.visit-ulcinj.com\/blog\/2013\/07\/22\/vujanovic-ka-pasur-krime-kunder-myslimaneve-ne-plave-dhe-guci\/#primaryimage","url":"https:\/\/www.visit-ulcinj.com\/blog\/wp-content\/uploads\/2009\/01\/filip-vujanovic.jpg","contentUrl":"https:\/\/www.visit-ulcinj.com\/blog\/wp-content\/uploads\/2009\/01\/filip-vujanovic.jpg","width":"350","height":"274"},{"@type":"WebPage","@id":"https:\/\/www.visit-ulcinj.com\/blog\/2013\/07\/22\/vujanovic-ka-pasur-krime-kunder-myslimaneve-ne-plave-dhe-guci\/#webpage","url":"https:\/\/www.visit-ulcinj.com\/blog\/2013\/07\/22\/vujanovic-ka-pasur-krime-kunder-myslimaneve-ne-plave-dhe-guci\/","name":"Vujanovi\u00e7: Ka pasur krime kund\u00ebr mysliman\u00ebve n\u00eb Plave dhe Guci - Lajme nga Ulqini","isPartOf":{"@id":"https:\/\/www.visit-ulcinj.com\/blog\/#website"},"primaryImageOfPage":{"@id":"https:\/\/www.visit-ulcinj.com\/blog\/2013\/07\/22\/vujanovic-ka-pasur-krime-kunder-myslimaneve-ne-plave-dhe-guci\/#primaryimage"},"datePublished":"2013-07-22T14:51:43+00:00","dateModified":"2013-07-22T14:53:12+00:00","author":{"@id":"https:\/\/www.visit-ulcinj.com\/blog\/#\/schema\/person\/dcab619c614d3038751c63bc2aadc06d"},"description":"Ndaj musliman\u00ebve n\u00eb rajonin e Plav\u00ebs dhe Gusis\u00eb jan\u00eb kryert krime, pas \u00e7lirimit nga otoman\u00ebt dhe bashk\u00ebngjitjes t\u00eb atij rajoni Mali i Zi, ka th\u00ebn\u00eb","breadcrumb":{"@id":"https:\/\/www.visit-ulcinj.com\/blog\/2013\/07\/22\/vujanovic-ka-pasur-krime-kunder-myslimaneve-ne-plave-dhe-guci\/#breadcrumb"},"inLanguage":"en-US","potentialAction":[{"@type":"ReadAction","target":["https:\/\/www.visit-ulcinj.com\/blog\/2013\/07\/22\/vujanovic-ka-pasur-krime-kunder-myslimaneve-ne-plave-dhe-guci\/"]}]},{"@type":"BreadcrumbList","@id":"https:\/\/www.visit-ulcinj.com\/blog\/2013\/07\/22\/vujanovic-ka-pasur-krime-kunder-myslimaneve-ne-plave-dhe-guci\/#breadcrumb","itemListElement":[{"@type":"ListItem","position":1,"name":"Vujanovi\u00e7: Ka pasur krime kund\u00ebr mysliman\u00ebve n\u00eb Plave dhe Guci"}]},{"@type":"Person","@id":"https:\/\/www.visit-ulcinj.com\/blog\/#\/schema\/person\/dcab619c614d3038751c63bc2aadc06d","name":"ulqini","sameAs":["http:\/\/www.visit-ulcinj.com"],"url":"https:\/\/www.visit-ulcinj.com\/blog\/author\/admin\/"}]}},"jetpack_featured_media_url":"","jetpack_sharing_enabled":true,"jetpack_shortlink":"https:\/\/wp.me\/pe6lTn-j8d","_links":{"self":[{"href":"https:\/\/www.visit-ulcinj.com\/blog\/wp-json\/wp\/v2\/posts\/73545"}],"collection":[{"href":"https:\/\/www.visit-ulcinj.com\/blog\/wp-json\/wp\/v2\/posts"}],"about":[{"href":"https:\/\/www.visit-ulcinj.com\/blog\/wp-json\/wp\/v2\/types\/post"}],"author":[{"embeddable":true,"href":"https:\/\/www.visit-ulcinj.com\/blog\/wp-json\/wp\/v2\/users\/1"}],"replies":[{"embeddable":true,"href":"https:\/\/www.visit-ulcinj.com\/blog\/wp-json\/wp\/v2\/comments?post=73545"}],"version-history":[{"count":3,"href":"https:\/\/www.visit-ulcinj.com\/blog\/wp-json\/wp\/v2\/posts\/73545\/revisions"}],"predecessor-version":[{"id":73547,"href":"https:\/\/www.visit-ulcinj.com\/blog\/wp-json\/wp\/v2\/posts\/73545\/revisions\/73547"}],"wp:attachment":[{"href":"https:\/\/www.visit-ulcinj.com\/blog\/wp-json\/wp\/v2\/media?parent=73545"}],"wp:term":[{"taxonomy":"category","embeddable":true,"href":"https:\/\/www.visit-ulcinj.com\/blog\/wp-json\/wp\/v2\/categories?post=73545"},{"taxonomy":"post_tag","embeddable":true,"href":"https:\/\/www.visit-ulcinj.com\/blog\/wp-json\/wp\/v2\/tags?post=73545"}],"curies":[{"name":"wp","href":"https:\/\/api.w.org\/{rel}","templated":true}]}}