{"id":73562,"date":"2013-07-23T16:00:06","date_gmt":"2013-07-23T15:00:06","guid":{"rendered":"http:\/\/www.visit-ulcinj.com\/blog\/?p=73562"},"modified":"2013-07-23T16:00:06","modified_gmt":"2013-07-23T15:00:06","slug":"muhamet-nika-reagon-ne-komentin-e-shefqet-luces","status":"publish","type":"post","link":"https:\/\/www.visit-ulcinj.com\/blog\/2013\/07\/23\/muhamet-nika-reagon-ne-komentin-e-shefqet-luces\/","title":{"rendered":"Muhamet Nika reagon ne komentin e Shefqet Luces"},"content":{"rendered":"<p><a href=\"http:\/\/www.visit-ulcinj.com\/blog\/wp-content\/uploads\/2013\/07\/muhamet-nika_ulqini.jpg\"><img loading=\"lazy\" class=\"alignleft  wp-image-73563\" alt=\"OLYMPUS DIGITAL CAMERA\" src=\"http:\/\/www.visit-ulcinj.com\/blog\/wp-content\/uploads\/2013\/07\/muhamet-nika_ulqini.jpg\" width=\"391\" height=\"294\" srcset=\"https:\/\/www.visit-ulcinj.com\/blog\/wp-content\/uploads\/2013\/07\/muhamet-nika_ulqini.jpg 391w, https:\/\/www.visit-ulcinj.com\/blog\/wp-content\/uploads\/2013\/07\/muhamet-nika_ulqini-300x225.jpg 300w\" sizes=\"(max-width: 391px) 100vw, 391px\" \/><\/a>P\u00ebr Shefqet Lucen n\u00eb lidhje me shkrimin tim, sqaroj: Shqet\u00ebsimi Juaj Shefqet, m\u00eb kujton shqet\u00ebsimin tim, t\u00eb koh\u00ebs studentore, si student i Let\u00ebrsis\u00eb &#8230;,kur n\u00eb vend t\u00eb fjal\u00ebve shqipe n\u00eb m\u00ebnyr\u00eb t\u00eb pavet\u00ebdijshme p\u00ebrdoroja, n\u00eb t\u00eb folur , kalke- fjal\u00eb shqipe me natyr\u00eb t\u00eb serbishtes, q\u00eb me t\u00eb madhe p\u00ebrdor\u00eb edhe sot administrata&#8230;, dhe profesori , poeti, Enver Gjergjeku, gjat\u00eb or\u00ebs, ma \u00a0 t\u00ebrhiqte \u00a0v\u00ebrejtjen shpesh, p\u00ebr p\u00ebrdorimin e \u00a0fjal\u00ebve \u00a0 t\u00eb \u00a0tilla (shih p\u00ebrs\u00ebri p\u00ebrdora nj\u00eb \u00a0kalk, dhe m\u00eb drejt\u00eb do t\u00eb kish qen\u00eb, sikur t\u00eb \u00a0kisha th\u00ebn\u00eb&#8221; k\u00ebto fjal\u00eb&#8221;, se sa \u00a0 thash\u00eb \u00a0&#8221; fjal\u00eb t\u00eb \u00a0tilla&#8221;)&#8230;.Ai m\u00eb k\u00ebshillonte \u00a0me fjal\u00ebt, \u00a0se \u00a0 gjith\u00eb her\u00eb , kur jam n\u00eb dyshim p\u00ebr kalket e \u00a0p\u00ebrdorura, duhet t\u00eb kujtoj , si\u00e7 thoshte ai &#8220;hankot ulqinake&#8221;, se si do ta kishin th\u00ebn\u00eb , mu \u00a0k\u00ebt\u00eb fjal\u00eb, vet\u00eb hankot, n\u00eb gjuh\u00ebn e tyre popullore, sepse, si\u00e7 thoshte \u00a0ai, ata , e flasin shqipen e past\u00ebr e pa ndikim t\u00eb huaj(serb)&#8230;Mendoj , se kjo logjik\u00eb, do t\u00eb na ndihmonte \u00a0edhe ne, p\u00ebr rastin e \u00a0problemit te veshjes s\u00eb vajzave \u00a0q\u00eb na intereson. Le \u00a0t&#8217;i pysim gjyshet tona n\u00eb An\u00eb t\u00eb Malit (nan\u00ebmadhet \u00a0tona- shiko sa fjal\u00eb e bukur shqipe q\u00eb t\u00eb lidh\u00eb me arkaik\u00ebn&#8230;), se si visheshinin vajzat e An\u00ebs s\u00eb Malit n\u00eb t\u00eb shkuar\u00ebn jo fort t\u00eb larg\u00ebt&#8230;.?!!!Dhe me siguri, gjyshet(madhet), nuk do t\u00eb ishin dakord me ate t\u00eb ekspozuar n\u00eb manifestimin e pran\u00ebver\u00ebs &#8230;.Kurse, po t\u00eb vinin n\u00eb jet\u00eb, gjyshet e vdekura dhe t\u00eb shihnin , vajzat e veshura , me tipin e veshjes ,si n\u00eb fotogravi, pa dyshim se do t\u00eb kishin th\u00ebn\u00eb: &#8221; Medet p\u00ebr ne, po vajzave tona u paska &#8220;lujt menija&#8221;&#8230;?!!!<\/p>\n<div>\u00a0P\u00ebr koh\u00ebn, si rezulltat i modernizmit, duket e pabesueshme, por \u00a0m\u00eb her\u00ebt , vajzat si grupmosh\u00eb, nuk kan\u00eb pasur nj\u00eb vesh\u00eb tep\u00ebr t\u00eb ve\u00e7ant\u00eb, sepse at\u00ebher\u00eb vajzat, martoheshin tep\u00ebr t\u00eb reja, pra nuk i prisnin as t\u00eb 20-tat beqare?! P\u00ebr dallim nga sot, kur \u00a0martesa e tyre i kalon t\u00eb 25-tat?!!!M\u00eb her\u00ebt sikur t&#8217;i ndodhte k\u00ebshtu, ndonj\u00eb vazje- ajo do t\u00eb llogaritej \u00a0si &#8221; vajz\u00eb e metun&#8221;&#8230;Nga ana e tjet\u00ebr, duke pasur parasysh, q\u00eb vet\u00eb vajza, p\u00ebrgatiste dhe endte n\u00eb &#8220;tezgjeh &#8220;- vek, krejt\u00eb paj\u00ebn e saj, ajo, t\u00eb gjitha \u00a0 \u00ebndrrat dhe imagjinat\u00ebn e saj \u00a0 t\u00eb \u00a0mosh\u00ebs rinore, me k\u00ebt\u00eb rast, i shprehte n\u00eb artin e p\u00ebrgatitjes s\u00eb paj\u00ebs&#8230;. Andaj v\u00ebrejm\u00eb, se si shp\u00ebrthen fuqish\u00ebm \u00a0imagjinata e saj n\u00eb koloritin e veshjes s\u00eb nuseve t\u00eb An\u00ebs s\u00eb Malit, por jo vet\u00ebm n\u00eb &#8220;tesha&#8230;&#8221;, por edhe n\u00eb &#8220;qenisje&#8221; &#8211; pun\u00eb dore&#8221; me grep&#8221; t\u00eb &#8220;greshmeve&#8221;, &#8221; ojmave&#8221; dhe t\u00eb dantellave tjera t\u00eb ndryshme.<\/div>\n<div>P\u00ebr k\u00ebt\u00eb , kujto,si d\u00ebshmi vargjet e shum\u00eb k\u00ebng\u00ebve popullore, kur vajza &#8221; ankohej&#8221;kushtimisht, p\u00ebr pun\u00ebn e saj, me vargjet: &#8221; tuj qenis e tuj ba ojma dit p\u00ebr dit me lodhet dora &#8220;&#8230;, po ku na hupen , p\u00ebr k\u00ebto 50 vjet, gjith\u00eb k\u00ebto &#8220;Qenisina&#8221;, &#8220;Ojma&#8221;, e shum\u00eb e shum\u00eb piktura murale n\u00eb&#8221; form\u00ebn e qinisinave&#8221;, nuk po pysim&#8230;?!<\/div>\n<div><\/div>\n<div>Veshja e vajzave, me siguri ka qen\u00eb e tipit me k\u00ebmish\u00eb, por jo me &#8221; shterngojc\u00eb&#8221; nusesh- brez mesi, dhe as me&#8221; shall &#8221; t\u00eb nuseve, \u00a0q\u00eb shihet n\u00eb fotografin\u00eb kontestuese \u00a0&#8230; K\u00ebto 2 gj\u00ebra ishin ekskluzivitet vet\u00ebm i nuseve&#8230;,duke mos harruar, q\u00eb vajza, po sa \u00a0p\u00ebrjetonte pubertetitin, detyrimisht duhej t\u00eb mbulonte kok\u00ebn, si d\u00ebshmi e pjekuris\u00eb. Kurse , p\u00ebrfund, po shtojm\u00eb se \u00a0deri kah fundi i shekullit 19, t\u00eb gjith\u00eb popujt e hap\u00ebsir\u00ebs Ballkanike , Evropiane e \u00a0m\u00eb gj\u00ebr\u00eb, te femra praktikonin mbules\u00ebn e kok\u00ebs, kuptohet, duke ruajtur \u00a0edhe n\u00eb mbules\u00eb, secili popull origjinalitetin e vet. P\u00ebr shembull, n\u00eb An\u00eb t\u00eb Malit , ngjyra e mbules\u00ebs s\u00eb kok\u00ebs, p\u00ebr nuse e quajtur &#8220;zhyzheh&#8221;- mendojm\u00eb nga frangjishtja, preferonin t\u00eb ishte e kuqe , e verdh\u00eb, por asesi e gjelb\u00ebrt,e zez\u00eb apo e kalt\u00ebrt, si\u00e7 mund t\u00eb ndodh\u00eb n\u00eb kulturat e popujve tjer\u00eb . Sa p\u00ebr kolorit, dhe preferenca t\u00eb kolektivit, kujto k\u00ebng\u00ebn anamalse: &#8221; Trandofile ,boj\u00eb bakame, t&#8217;i \u00e7ova njimij\u00eb selame, dhe nji tuf\u00eb me fisligena ,q\u00eb ta dish se je e jemja&#8230;.?!!!<\/div>\n<div><\/div>\n<div>\u00a0M\u00cb gj\u00ebr\u00ebsisht, p\u00ebr k\u00ebt\u00eb problematik\u00eb, ju njoftojm\u00eb se kemi p\u00ebrgatitur p\u00ebr shtyp, nj\u00eb lib\u00ebr- studim , p\u00ebr etno kultur\u00eb, me titull , &#8220;Nj\u00eb bised\u00eb antiko arkaike n\u00eb An\u00eb t\u00eb Malit&#8221;, q\u00eb pritet t\u00eb dal\u00eb s\u00eb shpejti.<\/div>\n<p>Me respekt p\u00ebr shqet\u00ebsimin, \u00a0Muhamet Nika.<\/p>\n<div>\n<div id=\":1gp\" tabindex=\"0\" role=\"button\" data-tooltip=\"Afficher le contenu abr\u00e9g\u00e9\"><img alt=\"\" src=\"https:\/\/mail.google.com\/mail\/u\/0\/images\/cleardot.gif\" \/><\/div>\n<\/div>\n","protected":false},"excerpt":{"rendered":"<p>P\u00ebr Shefqet Lucen n\u00eb lidhje me shkrimin tim, sqaroj: Shqet\u00ebsimi Juaj Shefqet, m\u00eb kujton shqet\u00ebsimin tim, t\u00eb koh\u00ebs studentore, si student i Let\u00ebrsis\u00eb &#8230;,kur n\u00eb vend t\u00eb fjal\u00ebve shqipe n\u00eb m\u00ebnyr\u00eb t\u00eb pavet\u00ebdijshme p\u00ebrdoroja, n\u00eb t\u00eb folur , kalke- fjal\u00eb shqipe me natyr\u00eb t\u00eb serbishtes, q\u00eb me t\u00eb madhe p\u00ebrdor\u00eb edhe sot administrata&#8230;, dhe profesori [&hellip;]<\/p>\n","protected":false},"author":1,"featured_media":0,"comment_status":"closed","ping_status":"closed","sticky":false,"template":"","format":"standard","meta":{"spay_email":"","jetpack_publicize_message":"","jetpack_is_tweetstorm":false,"jetpack_publicize_feature_enabled":true},"categories":[4],"tags":[],"jetpack_publicize_connections":[],"yoast_head":"<!-- This site is optimized with the Yoast SEO plugin v19.1 - https:\/\/yoast.com\/wordpress\/plugins\/seo\/ -->\n<title>Muhamet Nika reagon ne komentin e Shefqet Luces - Lajme nga Ulqini<\/title>\n<meta name=\"description\" content=\"P\u00ebr Shefqet Lucen n\u00eb lidhje me shkrimin tim, sqaroj: Shqet\u00ebsimi Juaj Shefqet, m\u00eb kujton shqet\u00ebsimin tim, t\u00eb koh\u00ebs studentore, si student i Let\u00ebrsis\u00eb\" \/>\n<meta name=\"robots\" content=\"index, follow, max-snippet:-1, max-image-preview:large, max-video-preview:-1\" \/>\n<link rel=\"canonical\" href=\"https:\/\/www.visit-ulcinj.com\/blog\/2013\/07\/23\/muhamet-nika-reagon-ne-komentin-e-shefqet-luces\/\" \/>\n<meta property=\"og:locale\" content=\"en_US\" \/>\n<meta property=\"og:type\" content=\"article\" \/>\n<meta property=\"og:title\" content=\"Muhamet Nika reagon ne komentin e Shefqet Luces - Lajme nga Ulqini\" \/>\n<meta property=\"og:description\" content=\"P\u00ebr Shefqet Lucen n\u00eb lidhje me shkrimin tim, sqaroj: Shqet\u00ebsimi Juaj Shefqet, m\u00eb kujton shqet\u00ebsimin tim, t\u00eb koh\u00ebs studentore, si student i Let\u00ebrsis\u00eb\" \/>\n<meta property=\"og:url\" content=\"https:\/\/www.visit-ulcinj.com\/blog\/2013\/07\/23\/muhamet-nika-reagon-ne-komentin-e-shefqet-luces\/\" \/>\n<meta property=\"og:site_name\" content=\"Lajme nga Ulqini\" \/>\n<meta property=\"article:published_time\" content=\"2013-07-23T15:00:06+00:00\" \/>\n<meta property=\"og:image\" content=\"http:\/\/www.visit-ulcinj.com\/blog\/wp-content\/uploads\/2013\/07\/muhamet-nika_ulqini.jpg\" \/>\n<meta name=\"twitter:label1\" content=\"Written by\" \/>\n\t<meta name=\"twitter:data1\" content=\"ulqini\" \/>\n\t<meta name=\"twitter:label2\" content=\"Est. reading time\" \/>\n\t<meta name=\"twitter:data2\" content=\"4 minutes\" \/>\n<script type=\"application\/ld+json\" class=\"yoast-schema-graph\">{\"@context\":\"https:\/\/schema.org\",\"@graph\":[{\"@type\":\"WebSite\",\"@id\":\"https:\/\/www.visit-ulcinj.com\/blog\/#website\",\"url\":\"https:\/\/www.visit-ulcinj.com\/blog\/\",\"name\":\"Lajme nga Ulqini\",\"description\":\"Lajme,Vijesti,Ulqini,Ulqin,Crna Gora,Mali i Zi\",\"potentialAction\":[{\"@type\":\"SearchAction\",\"target\":{\"@type\":\"EntryPoint\",\"urlTemplate\":\"https:\/\/www.visit-ulcinj.com\/blog\/?s={search_term_string}\"},\"query-input\":\"required name=search_term_string\"}],\"inLanguage\":\"en-US\"},{\"@type\":\"ImageObject\",\"inLanguage\":\"en-US\",\"@id\":\"https:\/\/www.visit-ulcinj.com\/blog\/2013\/07\/23\/muhamet-nika-reagon-ne-komentin-e-shefqet-luces\/#primaryimage\",\"url\":\"https:\/\/www.visit-ulcinj.com\/blog\/wp-content\/uploads\/2013\/07\/muhamet-nika_ulqini.jpg\",\"contentUrl\":\"https:\/\/www.visit-ulcinj.com\/blog\/wp-content\/uploads\/2013\/07\/muhamet-nika_ulqini.jpg\",\"width\":391,\"height\":294},{\"@type\":\"WebPage\",\"@id\":\"https:\/\/www.visit-ulcinj.com\/blog\/2013\/07\/23\/muhamet-nika-reagon-ne-komentin-e-shefqet-luces\/#webpage\",\"url\":\"https:\/\/www.visit-ulcinj.com\/blog\/2013\/07\/23\/muhamet-nika-reagon-ne-komentin-e-shefqet-luces\/\",\"name\":\"Muhamet Nika reagon ne komentin e Shefqet Luces - Lajme nga Ulqini\",\"isPartOf\":{\"@id\":\"https:\/\/www.visit-ulcinj.com\/blog\/#website\"},\"primaryImageOfPage\":{\"@id\":\"https:\/\/www.visit-ulcinj.com\/blog\/2013\/07\/23\/muhamet-nika-reagon-ne-komentin-e-shefqet-luces\/#primaryimage\"},\"datePublished\":\"2013-07-23T15:00:06+00:00\",\"dateModified\":\"2013-07-23T15:00:06+00:00\",\"author\":{\"@id\":\"https:\/\/www.visit-ulcinj.com\/blog\/#\/schema\/person\/dcab619c614d3038751c63bc2aadc06d\"},\"description\":\"P\u00ebr Shefqet Lucen n\u00eb lidhje me shkrimin tim, sqaroj: Shqet\u00ebsimi Juaj Shefqet, m\u00eb kujton shqet\u00ebsimin tim, t\u00eb koh\u00ebs studentore, si student i Let\u00ebrsis\u00eb\",\"breadcrumb\":{\"@id\":\"https:\/\/www.visit-ulcinj.com\/blog\/2013\/07\/23\/muhamet-nika-reagon-ne-komentin-e-shefqet-luces\/#breadcrumb\"},\"inLanguage\":\"en-US\",\"potentialAction\":[{\"@type\":\"ReadAction\",\"target\":[\"https:\/\/www.visit-ulcinj.com\/blog\/2013\/07\/23\/muhamet-nika-reagon-ne-komentin-e-shefqet-luces\/\"]}]},{\"@type\":\"BreadcrumbList\",\"@id\":\"https:\/\/www.visit-ulcinj.com\/blog\/2013\/07\/23\/muhamet-nika-reagon-ne-komentin-e-shefqet-luces\/#breadcrumb\",\"itemListElement\":[{\"@type\":\"ListItem\",\"position\":1,\"name\":\"Muhamet Nika reagon ne komentin e Shefqet Luces\"}]},{\"@type\":\"Person\",\"@id\":\"https:\/\/www.visit-ulcinj.com\/blog\/#\/schema\/person\/dcab619c614d3038751c63bc2aadc06d\",\"name\":\"ulqini\",\"sameAs\":[\"http:\/\/www.visit-ulcinj.com\"],\"url\":\"https:\/\/www.visit-ulcinj.com\/blog\/author\/admin\/\"}]}<\/script>\n<!-- \/ Yoast SEO plugin. -->","yoast_head_json":{"title":"Muhamet Nika reagon ne komentin e Shefqet Luces - Lajme nga Ulqini","description":"P\u00ebr Shefqet Lucen n\u00eb lidhje me shkrimin tim, sqaroj: Shqet\u00ebsimi Juaj Shefqet, m\u00eb kujton shqet\u00ebsimin tim, t\u00eb koh\u00ebs studentore, si student i Let\u00ebrsis\u00eb","robots":{"index":"index","follow":"follow","max-snippet":"max-snippet:-1","max-image-preview":"max-image-preview:large","max-video-preview":"max-video-preview:-1"},"canonical":"https:\/\/www.visit-ulcinj.com\/blog\/2013\/07\/23\/muhamet-nika-reagon-ne-komentin-e-shefqet-luces\/","og_locale":"en_US","og_type":"article","og_title":"Muhamet Nika reagon ne komentin e Shefqet Luces - Lajme nga Ulqini","og_description":"P\u00ebr Shefqet Lucen n\u00eb lidhje me shkrimin tim, sqaroj: Shqet\u00ebsimi Juaj Shefqet, m\u00eb kujton shqet\u00ebsimin tim, t\u00eb koh\u00ebs studentore, si student i Let\u00ebrsis\u00eb","og_url":"https:\/\/www.visit-ulcinj.com\/blog\/2013\/07\/23\/muhamet-nika-reagon-ne-komentin-e-shefqet-luces\/","og_site_name":"Lajme nga Ulqini","article_published_time":"2013-07-23T15:00:06+00:00","og_image":[{"url":"http:\/\/www.visit-ulcinj.com\/blog\/wp-content\/uploads\/2013\/07\/muhamet-nika_ulqini.jpg"}],"twitter_misc":{"Written by":"ulqini","Est. reading time":"4 minutes"},"schema":{"@context":"https:\/\/schema.org","@graph":[{"@type":"WebSite","@id":"https:\/\/www.visit-ulcinj.com\/blog\/#website","url":"https:\/\/www.visit-ulcinj.com\/blog\/","name":"Lajme nga Ulqini","description":"Lajme,Vijesti,Ulqini,Ulqin,Crna Gora,Mali i Zi","potentialAction":[{"@type":"SearchAction","target":{"@type":"EntryPoint","urlTemplate":"https:\/\/www.visit-ulcinj.com\/blog\/?s={search_term_string}"},"query-input":"required name=search_term_string"}],"inLanguage":"en-US"},{"@type":"ImageObject","inLanguage":"en-US","@id":"https:\/\/www.visit-ulcinj.com\/blog\/2013\/07\/23\/muhamet-nika-reagon-ne-komentin-e-shefqet-luces\/#primaryimage","url":"https:\/\/www.visit-ulcinj.com\/blog\/wp-content\/uploads\/2013\/07\/muhamet-nika_ulqini.jpg","contentUrl":"https:\/\/www.visit-ulcinj.com\/blog\/wp-content\/uploads\/2013\/07\/muhamet-nika_ulqini.jpg","width":391,"height":294},{"@type":"WebPage","@id":"https:\/\/www.visit-ulcinj.com\/blog\/2013\/07\/23\/muhamet-nika-reagon-ne-komentin-e-shefqet-luces\/#webpage","url":"https:\/\/www.visit-ulcinj.com\/blog\/2013\/07\/23\/muhamet-nika-reagon-ne-komentin-e-shefqet-luces\/","name":"Muhamet Nika reagon ne komentin e Shefqet Luces - Lajme nga Ulqini","isPartOf":{"@id":"https:\/\/www.visit-ulcinj.com\/blog\/#website"},"primaryImageOfPage":{"@id":"https:\/\/www.visit-ulcinj.com\/blog\/2013\/07\/23\/muhamet-nika-reagon-ne-komentin-e-shefqet-luces\/#primaryimage"},"datePublished":"2013-07-23T15:00:06+00:00","dateModified":"2013-07-23T15:00:06+00:00","author":{"@id":"https:\/\/www.visit-ulcinj.com\/blog\/#\/schema\/person\/dcab619c614d3038751c63bc2aadc06d"},"description":"P\u00ebr Shefqet Lucen n\u00eb lidhje me shkrimin tim, sqaroj: Shqet\u00ebsimi Juaj Shefqet, m\u00eb kujton shqet\u00ebsimin tim, t\u00eb koh\u00ebs studentore, si student i Let\u00ebrsis\u00eb","breadcrumb":{"@id":"https:\/\/www.visit-ulcinj.com\/blog\/2013\/07\/23\/muhamet-nika-reagon-ne-komentin-e-shefqet-luces\/#breadcrumb"},"inLanguage":"en-US","potentialAction":[{"@type":"ReadAction","target":["https:\/\/www.visit-ulcinj.com\/blog\/2013\/07\/23\/muhamet-nika-reagon-ne-komentin-e-shefqet-luces\/"]}]},{"@type":"BreadcrumbList","@id":"https:\/\/www.visit-ulcinj.com\/blog\/2013\/07\/23\/muhamet-nika-reagon-ne-komentin-e-shefqet-luces\/#breadcrumb","itemListElement":[{"@type":"ListItem","position":1,"name":"Muhamet Nika reagon ne komentin e Shefqet Luces"}]},{"@type":"Person","@id":"https:\/\/www.visit-ulcinj.com\/blog\/#\/schema\/person\/dcab619c614d3038751c63bc2aadc06d","name":"ulqini","sameAs":["http:\/\/www.visit-ulcinj.com"],"url":"https:\/\/www.visit-ulcinj.com\/blog\/author\/admin\/"}]}},"jetpack_featured_media_url":"","jetpack_sharing_enabled":true,"jetpack_shortlink":"https:\/\/wp.me\/pe6lTn-j8u","_links":{"self":[{"href":"https:\/\/www.visit-ulcinj.com\/blog\/wp-json\/wp\/v2\/posts\/73562"}],"collection":[{"href":"https:\/\/www.visit-ulcinj.com\/blog\/wp-json\/wp\/v2\/posts"}],"about":[{"href":"https:\/\/www.visit-ulcinj.com\/blog\/wp-json\/wp\/v2\/types\/post"}],"author":[{"embeddable":true,"href":"https:\/\/www.visit-ulcinj.com\/blog\/wp-json\/wp\/v2\/users\/1"}],"replies":[{"embeddable":true,"href":"https:\/\/www.visit-ulcinj.com\/blog\/wp-json\/wp\/v2\/comments?post=73562"}],"version-history":[{"count":2,"href":"https:\/\/www.visit-ulcinj.com\/blog\/wp-json\/wp\/v2\/posts\/73562\/revisions"}],"predecessor-version":[{"id":73565,"href":"https:\/\/www.visit-ulcinj.com\/blog\/wp-json\/wp\/v2\/posts\/73562\/revisions\/73565"}],"wp:attachment":[{"href":"https:\/\/www.visit-ulcinj.com\/blog\/wp-json\/wp\/v2\/media?parent=73562"}],"wp:term":[{"taxonomy":"category","embeddable":true,"href":"https:\/\/www.visit-ulcinj.com\/blog\/wp-json\/wp\/v2\/categories?post=73562"},{"taxonomy":"post_tag","embeddable":true,"href":"https:\/\/www.visit-ulcinj.com\/blog\/wp-json\/wp\/v2\/tags?post=73562"}],"curies":[{"name":"wp","href":"https:\/\/api.w.org\/{rel}","templated":true}]}}