{"id":73574,"date":"2013-07-23T16:43:34","date_gmt":"2013-07-23T15:43:34","guid":{"rendered":"http:\/\/www.visit-ulcinj.com\/blog\/?p=73574"},"modified":"2013-07-23T16:44:36","modified_gmt":"2013-07-23T15:44:36","slug":"rajaner-podgorica-brisel-podgorica-popunjen-92","status":"publish","type":"post","link":"https:\/\/www.visit-ulcinj.com\/blog\/2013\/07\/23\/rajaner-podgorica-brisel-podgorica-popunjen-92\/","title":{"rendered":"Rajaner Podgorica \u2013 Brisel &#8211; Podgorica popunjen 92%"},"content":{"rendered":"<p><strong><a href=\"http:\/\/www.visit-ulcinj.com\/blog\/wp-content\/uploads\/2013\/07\/Rajaner-Podgorica-\u2013-Brisel.jpg\"><img loading=\"lazy\" class=\"alignleft  wp-image-73575\" alt=\"Rajaner Podgorica \u2013 Brisel\" src=\"http:\/\/www.visit-ulcinj.com\/blog\/wp-content\/uploads\/2013\/07\/Rajaner-Podgorica-\u2013-Brisel.jpg\" width=\"508\" height=\"360\" \/><\/a>Rajaner preko 92% popunjen u dolasku<\/strong><\/p>\n<p>Nakon devet nedjelja letjenja i realizovanih 18 letova, prosjek popunjenosti kapaciteta na letovima Rajanera koji, na relaciji Podgorica \u2013 Brisel &#8211; Podgorica leti avionom tipa Boeing 737-800 (kapaciteta 189 sjedi\u0161ta) je 74.97 odsto.<\/p>\n<p>Od ukupnog broja putnika na letovima Rajanera, 1573 su dolaze\u0107i putnici, \u0161to je na nivou od \u010dak 92.4 odsto popunjenosti kapaciteta u dolasku. Ova popunjenost osnova je da se saradnja sa ovom, ali i drugim niskobud\u017eetnim avio kompanijama nastavi i pro\u0161iri na druge destinacije, saop\u0161tili su iz Ministarstva odr\u017eivog razvoja i turizma.<\/p>\n<p>Podsjetimo, 20. juna otvorena je prva linija iz Crne Gore ovog niskobud\u017eetnog avioprevoznika, \u201e\u010dime su zapo\u010dete aktivnosti pribli\u017eavanja Crne Gore kao turisti\u010dke destinacije Centralnoj Evropi\u201c, navodi se u saop\u0161tenju.<\/p>\n<p>Ove godine dva puta nedjeljno bi\u0107e realizovani letovi ka Briselu, \u201ea od naredne godine o\u010dekuje se pove\u0107anje broja ruta i povezivanje sa nekim novim i zna\u010dajnim emitivnim tr\u017ei\u0161tima i to tokom trajanja ljetnje IATA sezone od posljednje nedjelje marta mjeseca do posljednje nedjelje oktobra \u0161to je vi\u0161e od 7 mjeseci godi\u0161nje\u201c.<\/p>\n<p>\u201eKako Crnu Goru kao destinaciju karakteri\u0161e visok stepen sezonalnosti, cilj je unaprijediti povezanost sa novim i zna\u010dajnim tr\u017ei\u0161tima, a u prvom redu Centralnom i Zapadnom Evropom, kao i Skandinavijom\u201c, navode iz Ministarstva i konstatuju da se, sude\u0107i po statistikama, \u010dini da se odluka o otvaranju prve niskobud\u017eetne aviolinije iz Crne Gore ka Briselu i tr\u017ei\u0161tu Centralne Evrope u cjelini pokazala veoma uspje\u0161nim potezom.<\/p>\n<p>Ove godine sa letovima, na relaciji Podgorica \u2013 Rim, po\u010deli su i letovi italijanskog avioprevoznika AlItalia.<\/p>\n<p>Na toj liniji kompanija saobra\u0107a tri puta sedmi\u010dno &#8211; utorkom, \u010detvrtkom i subotom, po\u010dev\u0161i od 1. juna pa do 26. oktobra, avionom Embraer 175, kapaciteta 88 sjedi\u0161ta.<\/p>\n<p>Prema statistikama nakon 7 nedjelja letjenja i realizovana 42 leta, od ukupnog broja putnika posredstvom ove aviokompanije, u Crnu Goru je doputovalo 1123 putnika, \u0161to je na nivou 66.7 odsto popunjenosti kapaciteta u dolasku.<\/p>\n<p><strong>RTCG<\/strong><\/p>\n","protected":false},"excerpt":{"rendered":"<p>Rajaner preko 92% popunjen u dolasku Nakon devet nedjelja letjenja i realizovanih 18 letova, prosjek popunjenosti kapaciteta na letovima Rajanera koji, na relaciji Podgorica \u2013 Brisel &#8211; Podgorica leti avionom tipa Boeing 737-800 (kapaciteta 189 sjedi\u0161ta) je 74.97 odsto. Od ukupnog broja putnika na letovima Rajanera, 1573 su dolaze\u0107i putnici, \u0161to je na nivou od [&hellip;]<\/p>\n","protected":false},"author":1,"featured_media":0,"comment_status":"closed","ping_status":"closed","sticky":false,"template":"","format":"standard","meta":{"spay_email":"","jetpack_publicize_message":"","jetpack_is_tweetstorm":false,"jetpack_publicize_feature_enabled":true},"categories":[6950],"tags":[],"jetpack_publicize_connections":[],"yoast_head":"<!-- This site is optimized with the Yoast SEO plugin v19.1 - https:\/\/yoast.com\/wordpress\/plugins\/seo\/ -->\n<title>Rajaner Podgorica \u2013 Brisel - Podgorica popunjen 92% - Lajme nga Ulqini<\/title>\n<meta name=\"description\" content=\"Rajaner preko 92% popunjen u dolasku Nakon devet nedjelja letjenja i realizovanih 18 letova, prosjek popunjenosti kapaciteta na letovima Rajanera koji, na\" \/>\n<meta name=\"robots\" content=\"index, follow, max-snippet:-1, max-image-preview:large, max-video-preview:-1\" \/>\n<link rel=\"canonical\" href=\"https:\/\/www.visit-ulcinj.com\/blog\/2013\/07\/23\/rajaner-podgorica-brisel-podgorica-popunjen-92\/\" \/>\n<meta property=\"og:locale\" content=\"en_US\" \/>\n<meta property=\"og:type\" content=\"article\" \/>\n<meta property=\"og:title\" content=\"Rajaner Podgorica \u2013 Brisel - Podgorica popunjen 92% - Lajme nga Ulqini\" \/>\n<meta property=\"og:description\" content=\"Rajaner preko 92% popunjen u dolasku Nakon devet nedjelja letjenja i realizovanih 18 letova, prosjek popunjenosti kapaciteta na letovima Rajanera koji, na\" \/>\n<meta property=\"og:url\" content=\"https:\/\/www.visit-ulcinj.com\/blog\/2013\/07\/23\/rajaner-podgorica-brisel-podgorica-popunjen-92\/\" \/>\n<meta property=\"og:site_name\" content=\"Lajme nga Ulqini\" \/>\n<meta property=\"article:published_time\" content=\"2013-07-23T15:43:34+00:00\" \/>\n<meta property=\"article:modified_time\" content=\"2013-07-23T15:44:36+00:00\" \/>\n<meta name=\"twitter:label1\" content=\"Written by\" \/>\n\t<meta name=\"twitter:data1\" content=\"ulqini\" \/>\n\t<meta name=\"twitter:label2\" content=\"Est. reading time\" \/>\n\t<meta name=\"twitter:data2\" content=\"2 minutes\" \/>\n<script type=\"application\/ld+json\" class=\"yoast-schema-graph\">{\"@context\":\"https:\/\/schema.org\",\"@graph\":[{\"@type\":\"WebSite\",\"@id\":\"https:\/\/www.visit-ulcinj.com\/blog\/#website\",\"url\":\"https:\/\/www.visit-ulcinj.com\/blog\/\",\"name\":\"Lajme nga Ulqini\",\"description\":\"Lajme,Vijesti,Ulqini,Ulqin,Crna Gora,Mali i Zi\",\"potentialAction\":[{\"@type\":\"SearchAction\",\"target\":{\"@type\":\"EntryPoint\",\"urlTemplate\":\"https:\/\/www.visit-ulcinj.com\/blog\/?s={search_term_string}\"},\"query-input\":\"required name=search_term_string\"}],\"inLanguage\":\"en-US\"},{\"@type\":\"WebPage\",\"@id\":\"https:\/\/www.visit-ulcinj.com\/blog\/2013\/07\/23\/rajaner-podgorica-brisel-podgorica-popunjen-92\/#webpage\",\"url\":\"https:\/\/www.visit-ulcinj.com\/blog\/2013\/07\/23\/rajaner-podgorica-brisel-podgorica-popunjen-92\/\",\"name\":\"Rajaner Podgorica \u2013 Brisel - Podgorica popunjen 92% - Lajme nga Ulqini\",\"isPartOf\":{\"@id\":\"https:\/\/www.visit-ulcinj.com\/blog\/#website\"},\"datePublished\":\"2013-07-23T15:43:34+00:00\",\"dateModified\":\"2013-07-23T15:44:36+00:00\",\"author\":{\"@id\":\"https:\/\/www.visit-ulcinj.com\/blog\/#\/schema\/person\/dcab619c614d3038751c63bc2aadc06d\"},\"description\":\"Rajaner preko 92% popunjen u dolasku Nakon devet nedjelja letjenja i realizovanih 18 letova, prosjek popunjenosti kapaciteta na letovima Rajanera koji, na\",\"breadcrumb\":{\"@id\":\"https:\/\/www.visit-ulcinj.com\/blog\/2013\/07\/23\/rajaner-podgorica-brisel-podgorica-popunjen-92\/#breadcrumb\"},\"inLanguage\":\"en-US\",\"potentialAction\":[{\"@type\":\"ReadAction\",\"target\":[\"https:\/\/www.visit-ulcinj.com\/blog\/2013\/07\/23\/rajaner-podgorica-brisel-podgorica-popunjen-92\/\"]}]},{\"@type\":\"BreadcrumbList\",\"@id\":\"https:\/\/www.visit-ulcinj.com\/blog\/2013\/07\/23\/rajaner-podgorica-brisel-podgorica-popunjen-92\/#breadcrumb\",\"itemListElement\":[{\"@type\":\"ListItem\",\"position\":1,\"name\":\"Rajaner Podgorica \u2013 Brisel &#8211; Podgorica popunjen 92%\"}]},{\"@type\":\"Person\",\"@id\":\"https:\/\/www.visit-ulcinj.com\/blog\/#\/schema\/person\/dcab619c614d3038751c63bc2aadc06d\",\"name\":\"ulqini\",\"sameAs\":[\"http:\/\/www.visit-ulcinj.com\"],\"url\":\"https:\/\/www.visit-ulcinj.com\/blog\/author\/admin\/\"}]}<\/script>\n<!-- \/ Yoast SEO plugin. -->","yoast_head_json":{"title":"Rajaner Podgorica \u2013 Brisel - Podgorica popunjen 92% - Lajme nga Ulqini","description":"Rajaner preko 92% popunjen u dolasku Nakon devet nedjelja letjenja i realizovanih 18 letova, prosjek popunjenosti kapaciteta na letovima Rajanera koji, na","robots":{"index":"index","follow":"follow","max-snippet":"max-snippet:-1","max-image-preview":"max-image-preview:large","max-video-preview":"max-video-preview:-1"},"canonical":"https:\/\/www.visit-ulcinj.com\/blog\/2013\/07\/23\/rajaner-podgorica-brisel-podgorica-popunjen-92\/","og_locale":"en_US","og_type":"article","og_title":"Rajaner Podgorica \u2013 Brisel - Podgorica popunjen 92% - Lajme nga Ulqini","og_description":"Rajaner preko 92% popunjen u dolasku Nakon devet nedjelja letjenja i realizovanih 18 letova, prosjek popunjenosti kapaciteta na letovima Rajanera koji, na","og_url":"https:\/\/www.visit-ulcinj.com\/blog\/2013\/07\/23\/rajaner-podgorica-brisel-podgorica-popunjen-92\/","og_site_name":"Lajme nga Ulqini","article_published_time":"2013-07-23T15:43:34+00:00","article_modified_time":"2013-07-23T15:44:36+00:00","twitter_misc":{"Written by":"ulqini","Est. reading time":"2 minutes"},"schema":{"@context":"https:\/\/schema.org","@graph":[{"@type":"WebSite","@id":"https:\/\/www.visit-ulcinj.com\/blog\/#website","url":"https:\/\/www.visit-ulcinj.com\/blog\/","name":"Lajme nga Ulqini","description":"Lajme,Vijesti,Ulqini,Ulqin,Crna Gora,Mali i Zi","potentialAction":[{"@type":"SearchAction","target":{"@type":"EntryPoint","urlTemplate":"https:\/\/www.visit-ulcinj.com\/blog\/?s={search_term_string}"},"query-input":"required name=search_term_string"}],"inLanguage":"en-US"},{"@type":"WebPage","@id":"https:\/\/www.visit-ulcinj.com\/blog\/2013\/07\/23\/rajaner-podgorica-brisel-podgorica-popunjen-92\/#webpage","url":"https:\/\/www.visit-ulcinj.com\/blog\/2013\/07\/23\/rajaner-podgorica-brisel-podgorica-popunjen-92\/","name":"Rajaner Podgorica \u2013 Brisel - Podgorica popunjen 92% - Lajme nga Ulqini","isPartOf":{"@id":"https:\/\/www.visit-ulcinj.com\/blog\/#website"},"datePublished":"2013-07-23T15:43:34+00:00","dateModified":"2013-07-23T15:44:36+00:00","author":{"@id":"https:\/\/www.visit-ulcinj.com\/blog\/#\/schema\/person\/dcab619c614d3038751c63bc2aadc06d"},"description":"Rajaner preko 92% popunjen u dolasku Nakon devet nedjelja letjenja i realizovanih 18 letova, prosjek popunjenosti kapaciteta na letovima Rajanera koji, na","breadcrumb":{"@id":"https:\/\/www.visit-ulcinj.com\/blog\/2013\/07\/23\/rajaner-podgorica-brisel-podgorica-popunjen-92\/#breadcrumb"},"inLanguage":"en-US","potentialAction":[{"@type":"ReadAction","target":["https:\/\/www.visit-ulcinj.com\/blog\/2013\/07\/23\/rajaner-podgorica-brisel-podgorica-popunjen-92\/"]}]},{"@type":"BreadcrumbList","@id":"https:\/\/www.visit-ulcinj.com\/blog\/2013\/07\/23\/rajaner-podgorica-brisel-podgorica-popunjen-92\/#breadcrumb","itemListElement":[{"@type":"ListItem","position":1,"name":"Rajaner Podgorica \u2013 Brisel &#8211; Podgorica popunjen 92%"}]},{"@type":"Person","@id":"https:\/\/www.visit-ulcinj.com\/blog\/#\/schema\/person\/dcab619c614d3038751c63bc2aadc06d","name":"ulqini","sameAs":["http:\/\/www.visit-ulcinj.com"],"url":"https:\/\/www.visit-ulcinj.com\/blog\/author\/admin\/"}]}},"jetpack_featured_media_url":"","jetpack_sharing_enabled":true,"jetpack_shortlink":"https:\/\/wp.me\/pe6lTn-j8G","_links":{"self":[{"href":"https:\/\/www.visit-ulcinj.com\/blog\/wp-json\/wp\/v2\/posts\/73574"}],"collection":[{"href":"https:\/\/www.visit-ulcinj.com\/blog\/wp-json\/wp\/v2\/posts"}],"about":[{"href":"https:\/\/www.visit-ulcinj.com\/blog\/wp-json\/wp\/v2\/types\/post"}],"author":[{"embeddable":true,"href":"https:\/\/www.visit-ulcinj.com\/blog\/wp-json\/wp\/v2\/users\/1"}],"replies":[{"embeddable":true,"href":"https:\/\/www.visit-ulcinj.com\/blog\/wp-json\/wp\/v2\/comments?post=73574"}],"version-history":[{"count":2,"href":"https:\/\/www.visit-ulcinj.com\/blog\/wp-json\/wp\/v2\/posts\/73574\/revisions"}],"predecessor-version":[{"id":73577,"href":"https:\/\/www.visit-ulcinj.com\/blog\/wp-json\/wp\/v2\/posts\/73574\/revisions\/73577"}],"wp:attachment":[{"href":"https:\/\/www.visit-ulcinj.com\/blog\/wp-json\/wp\/v2\/media?parent=73574"}],"wp:term":[{"taxonomy":"category","embeddable":true,"href":"https:\/\/www.visit-ulcinj.com\/blog\/wp-json\/wp\/v2\/categories?post=73574"},{"taxonomy":"post_tag","embeddable":true,"href":"https:\/\/www.visit-ulcinj.com\/blog\/wp-json\/wp\/v2\/tags?post=73574"}],"curies":[{"name":"wp","href":"https:\/\/api.w.org\/{rel}","templated":true}]}}