{"id":73588,"date":"2013-07-23T17:59:09","date_gmt":"2013-07-23T16:59:09","guid":{"rendered":"http:\/\/www.visit-ulcinj.com\/blog\/?p=73588"},"modified":"2013-07-23T18:03:18","modified_gmt":"2013-07-23T17:03:18","slug":"kaltrina-selimi-pushon-ne-gjirin-e-kotorit-video","status":"publish","type":"post","link":"https:\/\/www.visit-ulcinj.com\/blog\/2013\/07\/23\/kaltrina-selimi-pushon-ne-gjirin-e-kotorit-video\/","title":{"rendered":"Kaltrina Selimi pushon ne gjirin e Kotorit &#8211; Video"},"content":{"rendered":"<p><a href=\"http:\/\/www.visit-ulcinj.com\/blog\/wp-content\/uploads\/2013\/07\/Kaltrina-Selimi-nepushim-Kotor-mali-i-zi.jpg\"><img loading=\"lazy\" class=\"alignleft  wp-image-73589\" alt=\"Kaltrina Selimi nepushim-Kotor-mali i zi\" src=\"http:\/\/www.visit-ulcinj.com\/blog\/wp-content\/uploads\/2013\/07\/Kaltrina-Selimi-nepushim-Kotor-mali-i-zi.jpg\" width=\"508\" height=\"360\" \/><\/a>Kaltrina Selimi koh\u00ebt e fundit ka sjell\u00eb edhe nj\u00eb k\u00ebng\u00eb tjet\u00ebr p\u00ebr adhuruesit e saj. E titulluar \u201c\u201cPik\u00eb n\u00eb jet\u00eb\u201d\u201d, k\u00ebnga ka filluar t\u00eb p\u00eblqehet. Edhe pse ajo po vazhdon t\u00eb punoj\u00eb n\u00eb projekte t\u00eb reja, pushimet nuk i ka l\u00ebn\u00eb anash. Vendi i saj i preferuar aktualisht mbetet Kotori!.<\/p>\n<p>Kaltrina nuk e \u00e7mend publikun vetem me sensualitetin e saj, por edhe me kenge, klipe e projekte muzikore shume interesante.<\/p>\n<p>Kaltrina Selimi, p\u00ebrve\u00e7 q\u00eb ka lansuar k\u00ebng\u00ebn e saj t\u00eb re me grupin rep\u00a0\u201d Etnon\u201d, k\u00ebshtu q\u00eb Kaltrina i ka l\u00ebn\u00eb vetes hap\u00ebsir\u00eb p\u00ebr t\u2019u relaksuar n\u00eb gjirin e bukur dhe romantik t\u00eb Kotorit. Kaltrin\u00ebs i p\u00eblqejn\u00eb qytetet e thjeshta, kjo ishte arsyeja q\u00eb ajo n\u00eb krahasim me Dubain apo Ulqinin, ka zgjedhur Kotorin p\u00ebr t\u00eb kaluar pushimet.<\/p>\n<p>Lajme nga Ulqini ju sjell ekskluzivisht klipin m\u00eb t\u00eb ri t\u00eb rep grupit Etnon, n\u00eb bashk\u00ebpunim me k\u00ebng\u00ebtaren Kaltrina Selimi.<\/p>\n<p>\u201cPik\u00eb n\u00eb jet\u00eb\u201d titullohet ky bashk\u00ebpunim p\u00ebr t\u00eb cilin \u00ebsht\u00eb punuar me p\u00ebrkushtim q\u00eb nj\u00eb koh\u00eb t\u00eb gjat\u00eb.<\/p>\n<p>K\u00ebnga \u00ebsht\u00eb punuar nga Black Fish Entertainment nd\u00ebrkaq p\u00ebr dukjen e Kaltrina Selimit n\u00eb klip \u00ebsht\u00eb p\u00ebrkujdesur kreatorja Dona Matoshi.\/Lajme nga Ulqini\/<br \/>\n<iframe loading=\"lazy\" src=\"\/\/www.youtube.com\/embed\/ka_QZAFexiY\" height=\"360\" width=\"508\" allowfullscreen=\"\" frameborder=\"0\"><\/iframe><\/p>\n","protected":false},"excerpt":{"rendered":"<p>Kaltrina Selimi koh\u00ebt e fundit ka sjell\u00eb edhe nj\u00eb k\u00ebng\u00eb tjet\u00ebr p\u00ebr adhuruesit e saj. E titulluar \u201c\u201cPik\u00eb n\u00eb jet\u00eb\u201d\u201d, k\u00ebnga ka filluar t\u00eb p\u00eblqehet. Edhe pse ajo po vazhdon t\u00eb punoj\u00eb n\u00eb projekte t\u00eb reja, pushimet nuk i ka l\u00ebn\u00eb anash. Vendi i saj i preferuar aktualisht mbetet Kotori!. Kaltrina nuk e \u00e7mend publikun [&hellip;]<\/p>\n","protected":false},"author":1,"featured_media":0,"comment_status":"closed","ping_status":"closed","sticky":false,"template":"","format":"standard","meta":{"spay_email":"","jetpack_publicize_message":"","jetpack_is_tweetstorm":false,"jetpack_publicize_feature_enabled":true},"categories":[1],"tags":[],"jetpack_publicize_connections":[],"yoast_head":"<!-- This site is optimized with the Yoast SEO plugin v19.1 - https:\/\/yoast.com\/wordpress\/plugins\/seo\/ -->\n<title>Kaltrina Selimi pushon ne gjirin e Kotorit - Video - Lajme nga Ulqini<\/title>\n<meta name=\"description\" content=\"Kaltrina Selimi koh\u00ebt e fundit ka sjell\u00eb edhe nj\u00eb k\u00ebng\u00eb tjet\u00ebr p\u00ebr adhuruesit e saj. E titulluar \u201c\u201cPik\u00eb n\u00eb jet\u00eb\u201d\u201d, k\u00ebnga ka filluar t\u00eb p\u00eblqehet. Edhe pse\" \/>\n<meta name=\"robots\" content=\"index, follow, max-snippet:-1, max-image-preview:large, max-video-preview:-1\" \/>\n<link rel=\"canonical\" href=\"https:\/\/www.visit-ulcinj.com\/blog\/2013\/07\/23\/kaltrina-selimi-pushon-ne-gjirin-e-kotorit-video\/\" \/>\n<meta property=\"og:locale\" content=\"en_US\" \/>\n<meta property=\"og:type\" content=\"article\" \/>\n<meta property=\"og:title\" content=\"Kaltrina Selimi pushon ne gjirin e Kotorit - Video - Lajme nga Ulqini\" \/>\n<meta property=\"og:description\" content=\"Kaltrina Selimi koh\u00ebt e fundit ka sjell\u00eb edhe nj\u00eb k\u00ebng\u00eb tjet\u00ebr p\u00ebr adhuruesit e saj. E titulluar \u201c\u201cPik\u00eb n\u00eb jet\u00eb\u201d\u201d, k\u00ebnga ka filluar t\u00eb p\u00eblqehet. Edhe pse\" \/>\n<meta property=\"og:url\" content=\"https:\/\/www.visit-ulcinj.com\/blog\/2013\/07\/23\/kaltrina-selimi-pushon-ne-gjirin-e-kotorit-video\/\" \/>\n<meta property=\"og:site_name\" content=\"Lajme nga Ulqini\" \/>\n<meta property=\"article:published_time\" content=\"2013-07-23T16:59:09+00:00\" \/>\n<meta property=\"article:modified_time\" content=\"2013-07-23T17:03:18+00:00\" \/>\n<meta property=\"og:image\" content=\"http:\/\/www.visit-ulcinj.com\/blog\/wp-content\/uploads\/2013\/07\/Kaltrina-Selimi-nepushim-Kotor-mali-i-zi.jpg\" \/>\n<meta name=\"twitter:label1\" content=\"Written by\" \/>\n\t<meta name=\"twitter:data1\" content=\"ulqini\" \/>\n\t<meta name=\"twitter:label2\" content=\"Est. reading time\" \/>\n\t<meta name=\"twitter:data2\" content=\"1 minute\" \/>\n<script type=\"application\/ld+json\" class=\"yoast-schema-graph\">{\"@context\":\"https:\/\/schema.org\",\"@graph\":[{\"@type\":\"WebSite\",\"@id\":\"https:\/\/www.visit-ulcinj.com\/blog\/#website\",\"url\":\"https:\/\/www.visit-ulcinj.com\/blog\/\",\"name\":\"Lajme nga Ulqini\",\"description\":\"Lajme,Vijesti,Ulqini,Ulqin,Crna Gora,Mali i Zi\",\"potentialAction\":[{\"@type\":\"SearchAction\",\"target\":{\"@type\":\"EntryPoint\",\"urlTemplate\":\"https:\/\/www.visit-ulcinj.com\/blog\/?s={search_term_string}\"},\"query-input\":\"required name=search_term_string\"}],\"inLanguage\":\"en-US\"},{\"@type\":\"ImageObject\",\"inLanguage\":\"en-US\",\"@id\":\"https:\/\/www.visit-ulcinj.com\/blog\/2013\/07\/23\/kaltrina-selimi-pushon-ne-gjirin-e-kotorit-video\/#primaryimage\",\"url\":\"https:\/\/www.visit-ulcinj.com\/blog\/wp-content\/uploads\/2013\/07\/Kaltrina-Selimi-nepushim-Kotor-mali-i-zi.jpg\",\"contentUrl\":\"https:\/\/www.visit-ulcinj.com\/blog\/wp-content\/uploads\/2013\/07\/Kaltrina-Selimi-nepushim-Kotor-mali-i-zi.jpg\",\"width\":720,\"height\":480},{\"@type\":\"WebPage\",\"@id\":\"https:\/\/www.visit-ulcinj.com\/blog\/2013\/07\/23\/kaltrina-selimi-pushon-ne-gjirin-e-kotorit-video\/#webpage\",\"url\":\"https:\/\/www.visit-ulcinj.com\/blog\/2013\/07\/23\/kaltrina-selimi-pushon-ne-gjirin-e-kotorit-video\/\",\"name\":\"Kaltrina Selimi pushon ne gjirin e Kotorit - Video - Lajme nga Ulqini\",\"isPartOf\":{\"@id\":\"https:\/\/www.visit-ulcinj.com\/blog\/#website\"},\"primaryImageOfPage\":{\"@id\":\"https:\/\/www.visit-ulcinj.com\/blog\/2013\/07\/23\/kaltrina-selimi-pushon-ne-gjirin-e-kotorit-video\/#primaryimage\"},\"datePublished\":\"2013-07-23T16:59:09+00:00\",\"dateModified\":\"2013-07-23T17:03:18+00:00\",\"author\":{\"@id\":\"https:\/\/www.visit-ulcinj.com\/blog\/#\/schema\/person\/dcab619c614d3038751c63bc2aadc06d\"},\"description\":\"Kaltrina Selimi koh\u00ebt e fundit ka sjell\u00eb edhe nj\u00eb k\u00ebng\u00eb tjet\u00ebr p\u00ebr adhuruesit e saj. E titulluar \u201c\u201cPik\u00eb n\u00eb jet\u00eb\u201d\u201d, k\u00ebnga ka filluar t\u00eb p\u00eblqehet. Edhe pse\",\"breadcrumb\":{\"@id\":\"https:\/\/www.visit-ulcinj.com\/blog\/2013\/07\/23\/kaltrina-selimi-pushon-ne-gjirin-e-kotorit-video\/#breadcrumb\"},\"inLanguage\":\"en-US\",\"potentialAction\":[{\"@type\":\"ReadAction\",\"target\":[\"https:\/\/www.visit-ulcinj.com\/blog\/2013\/07\/23\/kaltrina-selimi-pushon-ne-gjirin-e-kotorit-video\/\"]}]},{\"@type\":\"BreadcrumbList\",\"@id\":\"https:\/\/www.visit-ulcinj.com\/blog\/2013\/07\/23\/kaltrina-selimi-pushon-ne-gjirin-e-kotorit-video\/#breadcrumb\",\"itemListElement\":[{\"@type\":\"ListItem\",\"position\":1,\"name\":\"Kaltrina Selimi pushon ne gjirin e Kotorit &#8211; Video\"}]},{\"@type\":\"Person\",\"@id\":\"https:\/\/www.visit-ulcinj.com\/blog\/#\/schema\/person\/dcab619c614d3038751c63bc2aadc06d\",\"name\":\"ulqini\",\"sameAs\":[\"http:\/\/www.visit-ulcinj.com\"],\"url\":\"https:\/\/www.visit-ulcinj.com\/blog\/author\/admin\/\"}]}<\/script>\n<!-- \/ Yoast SEO plugin. -->","yoast_head_json":{"title":"Kaltrina Selimi pushon ne gjirin e Kotorit - Video - Lajme nga Ulqini","description":"Kaltrina Selimi koh\u00ebt e fundit ka sjell\u00eb edhe nj\u00eb k\u00ebng\u00eb tjet\u00ebr p\u00ebr adhuruesit e saj. E titulluar \u201c\u201cPik\u00eb n\u00eb jet\u00eb\u201d\u201d, k\u00ebnga ka filluar t\u00eb p\u00eblqehet. Edhe pse","robots":{"index":"index","follow":"follow","max-snippet":"max-snippet:-1","max-image-preview":"max-image-preview:large","max-video-preview":"max-video-preview:-1"},"canonical":"https:\/\/www.visit-ulcinj.com\/blog\/2013\/07\/23\/kaltrina-selimi-pushon-ne-gjirin-e-kotorit-video\/","og_locale":"en_US","og_type":"article","og_title":"Kaltrina Selimi pushon ne gjirin e Kotorit - Video - Lajme nga Ulqini","og_description":"Kaltrina Selimi koh\u00ebt e fundit ka sjell\u00eb edhe nj\u00eb k\u00ebng\u00eb tjet\u00ebr p\u00ebr adhuruesit e saj. E titulluar \u201c\u201cPik\u00eb n\u00eb jet\u00eb\u201d\u201d, k\u00ebnga ka filluar t\u00eb p\u00eblqehet. Edhe pse","og_url":"https:\/\/www.visit-ulcinj.com\/blog\/2013\/07\/23\/kaltrina-selimi-pushon-ne-gjirin-e-kotorit-video\/","og_site_name":"Lajme nga Ulqini","article_published_time":"2013-07-23T16:59:09+00:00","article_modified_time":"2013-07-23T17:03:18+00:00","og_image":[{"url":"http:\/\/www.visit-ulcinj.com\/blog\/wp-content\/uploads\/2013\/07\/Kaltrina-Selimi-nepushim-Kotor-mali-i-zi.jpg"}],"twitter_misc":{"Written by":"ulqini","Est. reading time":"1 minute"},"schema":{"@context":"https:\/\/schema.org","@graph":[{"@type":"WebSite","@id":"https:\/\/www.visit-ulcinj.com\/blog\/#website","url":"https:\/\/www.visit-ulcinj.com\/blog\/","name":"Lajme nga Ulqini","description":"Lajme,Vijesti,Ulqini,Ulqin,Crna Gora,Mali i Zi","potentialAction":[{"@type":"SearchAction","target":{"@type":"EntryPoint","urlTemplate":"https:\/\/www.visit-ulcinj.com\/blog\/?s={search_term_string}"},"query-input":"required name=search_term_string"}],"inLanguage":"en-US"},{"@type":"ImageObject","inLanguage":"en-US","@id":"https:\/\/www.visit-ulcinj.com\/blog\/2013\/07\/23\/kaltrina-selimi-pushon-ne-gjirin-e-kotorit-video\/#primaryimage","url":"https:\/\/www.visit-ulcinj.com\/blog\/wp-content\/uploads\/2013\/07\/Kaltrina-Selimi-nepushim-Kotor-mali-i-zi.jpg","contentUrl":"https:\/\/www.visit-ulcinj.com\/blog\/wp-content\/uploads\/2013\/07\/Kaltrina-Selimi-nepushim-Kotor-mali-i-zi.jpg","width":720,"height":480},{"@type":"WebPage","@id":"https:\/\/www.visit-ulcinj.com\/blog\/2013\/07\/23\/kaltrina-selimi-pushon-ne-gjirin-e-kotorit-video\/#webpage","url":"https:\/\/www.visit-ulcinj.com\/blog\/2013\/07\/23\/kaltrina-selimi-pushon-ne-gjirin-e-kotorit-video\/","name":"Kaltrina Selimi pushon ne gjirin e Kotorit - Video - Lajme nga Ulqini","isPartOf":{"@id":"https:\/\/www.visit-ulcinj.com\/blog\/#website"},"primaryImageOfPage":{"@id":"https:\/\/www.visit-ulcinj.com\/blog\/2013\/07\/23\/kaltrina-selimi-pushon-ne-gjirin-e-kotorit-video\/#primaryimage"},"datePublished":"2013-07-23T16:59:09+00:00","dateModified":"2013-07-23T17:03:18+00:00","author":{"@id":"https:\/\/www.visit-ulcinj.com\/blog\/#\/schema\/person\/dcab619c614d3038751c63bc2aadc06d"},"description":"Kaltrina Selimi koh\u00ebt e fundit ka sjell\u00eb edhe nj\u00eb k\u00ebng\u00eb tjet\u00ebr p\u00ebr adhuruesit e saj. E titulluar \u201c\u201cPik\u00eb n\u00eb jet\u00eb\u201d\u201d, k\u00ebnga ka filluar t\u00eb p\u00eblqehet. Edhe pse","breadcrumb":{"@id":"https:\/\/www.visit-ulcinj.com\/blog\/2013\/07\/23\/kaltrina-selimi-pushon-ne-gjirin-e-kotorit-video\/#breadcrumb"},"inLanguage":"en-US","potentialAction":[{"@type":"ReadAction","target":["https:\/\/www.visit-ulcinj.com\/blog\/2013\/07\/23\/kaltrina-selimi-pushon-ne-gjirin-e-kotorit-video\/"]}]},{"@type":"BreadcrumbList","@id":"https:\/\/www.visit-ulcinj.com\/blog\/2013\/07\/23\/kaltrina-selimi-pushon-ne-gjirin-e-kotorit-video\/#breadcrumb","itemListElement":[{"@type":"ListItem","position":1,"name":"Kaltrina Selimi pushon ne gjirin e Kotorit &#8211; Video"}]},{"@type":"Person","@id":"https:\/\/www.visit-ulcinj.com\/blog\/#\/schema\/person\/dcab619c614d3038751c63bc2aadc06d","name":"ulqini","sameAs":["http:\/\/www.visit-ulcinj.com"],"url":"https:\/\/www.visit-ulcinj.com\/blog\/author\/admin\/"}]}},"jetpack_featured_media_url":"","jetpack_sharing_enabled":true,"jetpack_shortlink":"https:\/\/wp.me\/pe6lTn-j8U","_links":{"self":[{"href":"https:\/\/www.visit-ulcinj.com\/blog\/wp-json\/wp\/v2\/posts\/73588"}],"collection":[{"href":"https:\/\/www.visit-ulcinj.com\/blog\/wp-json\/wp\/v2\/posts"}],"about":[{"href":"https:\/\/www.visit-ulcinj.com\/blog\/wp-json\/wp\/v2\/types\/post"}],"author":[{"embeddable":true,"href":"https:\/\/www.visit-ulcinj.com\/blog\/wp-json\/wp\/v2\/users\/1"}],"replies":[{"embeddable":true,"href":"https:\/\/www.visit-ulcinj.com\/blog\/wp-json\/wp\/v2\/comments?post=73588"}],"version-history":[{"count":5,"href":"https:\/\/www.visit-ulcinj.com\/blog\/wp-json\/wp\/v2\/posts\/73588\/revisions"}],"predecessor-version":[{"id":73594,"href":"https:\/\/www.visit-ulcinj.com\/blog\/wp-json\/wp\/v2\/posts\/73588\/revisions\/73594"}],"wp:attachment":[{"href":"https:\/\/www.visit-ulcinj.com\/blog\/wp-json\/wp\/v2\/media?parent=73588"}],"wp:term":[{"taxonomy":"category","embeddable":true,"href":"https:\/\/www.visit-ulcinj.com\/blog\/wp-json\/wp\/v2\/categories?post=73588"},{"taxonomy":"post_tag","embeddable":true,"href":"https:\/\/www.visit-ulcinj.com\/blog\/wp-json\/wp\/v2\/tags?post=73588"}],"curies":[{"name":"wp","href":"https:\/\/api.w.org\/{rel}","templated":true}]}}