{"id":73599,"date":"2013-07-23T19:28:00","date_gmt":"2013-07-23T18:28:00","guid":{"rendered":"http:\/\/www.visit-ulcinj.com\/blog\/?p=73599"},"modified":"2013-07-26T04:49:06","modified_gmt":"2013-07-26T03:49:06","slug":"moda-e-fustanve-te-nuseve-per-vitin-2013-ne-ulqin-foto","status":"publish","type":"post","link":"https:\/\/www.visit-ulcinj.com\/blog\/2013\/07\/23\/moda-e-fustanve-te-nuseve-per-vitin-2013-ne-ulqin-foto\/","title":{"rendered":"Moda e fustanve t\u00eb nuseve p\u00ebr vitin 2013 n\u00eb Ulqin + Foto"},"content":{"rendered":"<p><a href=\"http:\/\/www.visit-ulcinj.com\/blog\/wp-content\/uploads\/2013\/07\/Edina-InStyle-Moda-e-fustanave-Ulqin-Ulcinj.jpg\"><img loading=\"lazy\" class=\"alignleft  wp-image-73600\" alt=\"Edina InStyle - Moda e fustanave-Ulqin-Ulcinj\" src=\"http:\/\/www.visit-ulcinj.com\/blog\/wp-content\/uploads\/2013\/07\/Edina-InStyle-Moda-e-fustanave-Ulqin-Ulcinj.jpg\" width=\"508\" height=\"360\" \/><\/a><br \/>\n<a href=\"https:\/\/www.facebook.com\/photo.php?fbid=10151770962991101&amp;set=a.10151606087981101.1073741832.703206100&amp;type=1&amp;theater\" target=\"_blank\"><strong>Koleksioni luksoz i fustaneve t\u00eb nuseve nga Edina InStyle Ulqin<\/strong><\/a><\/p>\n<p>Ali Zhygjeli ka marr\u00eb p\u00ebrsip\u00ebr misionin <em>e<\/em> v\u00ebshtir\u00eb p\u00ebr t&#8217;iu p\u00ebrkushtuar femr\u00ebs me foto bere keto gjat\u00eb ketyre diteve ne rruget e Ulqinit, n\u00eb kala dhe pjeset tjera t\u00eb qytetit n\u00eb role <em>t\u00eb<\/em> ndryshme <em>t\u00eb<\/em> jet\u00ebs s\u00eb saj. Nj\u00eb stil i p\u00ebrshtatsh\u00ebm p\u00ebr dit\u00ebn e martes\u00ebs p\u00ebr t\u00eb gjitha ato vajza q\u00eb duan t\u00eb realizojn\u00eb \u00ebndrr\u00ebn e tyre, q\u00eb duan t\u00eb\u00a0 ndihen si princeza t\u00eb v\u00ebrteta.\u00a0 Nj\u00eb koleksion ku \u00e7do fem\u00ebr mund t\u00eb gjej\u00eb fustanin e p\u00ebrsosur\u00a0 dhe stlin e vet.<\/p>\n<p>Fustane elegant\u00eb edhe madh\u00ebshtor\u00eb nj\u00ebkoh\u00ebsisht me bisht t\u00eb gjat\u00eb p\u00ebr nj\u00eb pamje mbret\u00ebrore nga <strong><a id=\"js_1\" href=\"https:\/\/www.facebook.com\/edina.instyle\" data-hovercard=\"\/ajax\/hovercard\/user.php?id=100002932718368\">Edina InStyle Facebook<\/a><\/strong> nga Ulqini.<\/p>\n<p>N\u00ebse jeni ne k\u00ebrkim te nj\u00eb fustani nusesh te rafinuar, elegant dhe shume fem\u00ebror, dhe do te dashuroheni me k\u00ebto koleksione! <strong><a id=\"js_1\" href=\"https:\/\/www.facebook.com\/edina.instyle\" data-hovercard=\"\/ajax\/hovercard\/user.php?id=100002932718368\">Edina InStyle Facebook<\/a><\/strong> prezanton nj\u00eb linje p\u00ebr fustanet e nuseve te Ulqinit dhe gjitha nuseve nga Mali i Zi dhe nga Ballkani.\/Lajme nga Ulqini\/<\/p>\n<p data-ft=\"{&quot;tn&quot;:&quot;C&quot;}\"><strong><a href=\"https:\/\/www.facebook.com\/ali.zigeli\" target=\"_blank\">Ali Zhygjeli Facebook<\/a><\/strong><\/p>\n\n<p><iframe loading=\"lazy\" src=\"\/\/www.youtube.com\/embed\/eiJI8FSd_co\" height=\"360\" width=\"508\" allowfullscreen=\"\" frameborder=\"0\"><\/iframe><\/p>\n","protected":false},"excerpt":{"rendered":"<p>Koleksioni luksoz i fustaneve t\u00eb nuseve nga Edina InStyle Ulqin Ali Zhygjeli ka marr\u00eb p\u00ebrsip\u00ebr misionin e v\u00ebshtir\u00eb p\u00ebr t&#8217;iu p\u00ebrkushtuar femr\u00ebs me foto bere keto gjat\u00eb ketyre diteve ne rruget e Ulqinit, n\u00eb kala dhe pjeset tjera t\u00eb qytetit n\u00eb role t\u00eb ndryshme t\u00eb jet\u00ebs s\u00eb saj. Nj\u00eb stil i p\u00ebrshtatsh\u00ebm p\u00ebr dit\u00ebn e [&hellip;]<\/p>\n","protected":false},"author":1,"featured_media":0,"comment_status":"closed","ping_status":"closed","sticky":false,"template":"","format":"standard","meta":{"spay_email":"","jetpack_publicize_message":"","jetpack_is_tweetstorm":false,"jetpack_publicize_feature_enabled":true},"categories":[15],"tags":[],"jetpack_publicize_connections":[],"yoast_head":"<!-- This site is optimized with the Yoast SEO plugin v19.1 - https:\/\/yoast.com\/wordpress\/plugins\/seo\/ -->\n<title>Moda e fustanve t\u00eb nuseve p\u00ebr vitin 2013 n\u00eb Ulqin + Foto - Lajme nga Ulqini<\/title>\n<meta name=\"description\" content=\"Koleksioni luksoz i fustaneve t\u00eb nuseve nga Edina InStyle Ulqin Ali Zhygjeli ka marr\u00eb p\u00ebrsip\u00ebr misionin e v\u00ebshtir\u00eb p\u00ebr t&#039;iu p\u00ebrkushtuar femr\u00ebs me foto\" \/>\n<meta name=\"robots\" content=\"index, follow, max-snippet:-1, max-image-preview:large, max-video-preview:-1\" \/>\n<link rel=\"canonical\" href=\"https:\/\/www.visit-ulcinj.com\/blog\/2013\/07\/23\/moda-e-fustanve-te-nuseve-per-vitin-2013-ne-ulqin-foto\/\" \/>\n<meta property=\"og:locale\" content=\"en_US\" \/>\n<meta property=\"og:type\" content=\"article\" \/>\n<meta property=\"og:title\" content=\"Moda e fustanve t\u00eb nuseve p\u00ebr vitin 2013 n\u00eb Ulqin + Foto - Lajme nga Ulqini\" \/>\n<meta property=\"og:description\" content=\"Koleksioni luksoz i fustaneve t\u00eb nuseve nga Edina InStyle Ulqin Ali Zhygjeli ka marr\u00eb p\u00ebrsip\u00ebr misionin e v\u00ebshtir\u00eb p\u00ebr t&#039;iu p\u00ebrkushtuar femr\u00ebs me foto\" \/>\n<meta property=\"og:url\" content=\"https:\/\/www.visit-ulcinj.com\/blog\/2013\/07\/23\/moda-e-fustanve-te-nuseve-per-vitin-2013-ne-ulqin-foto\/\" \/>\n<meta property=\"og:site_name\" content=\"Lajme nga Ulqini\" \/>\n<meta property=\"article:published_time\" content=\"2013-07-23T18:28:00+00:00\" \/>\n<meta property=\"article:modified_time\" content=\"2013-07-26T03:49:06+00:00\" \/>\n<meta property=\"og:image\" content=\"https:\/\/www.visit-ulcinj.com\/blog\/wp-content\/uploads\/2013\/07\/Edina-InStyle-Moda-e-fustanave-Ulqin-Ulcinj-1-150x150.jpg\" \/>\n<meta name=\"twitter:label1\" content=\"Written by\" \/>\n\t<meta name=\"twitter:data1\" content=\"ulqini\" \/>\n\t<meta name=\"twitter:label2\" content=\"Est. reading time\" \/>\n\t<meta name=\"twitter:data2\" content=\"1 minute\" \/>\n<script type=\"application\/ld+json\" class=\"yoast-schema-graph\">{\"@context\":\"https:\/\/schema.org\",\"@graph\":[{\"@type\":\"WebSite\",\"@id\":\"https:\/\/www.visit-ulcinj.com\/blog\/#website\",\"url\":\"https:\/\/www.visit-ulcinj.com\/blog\/\",\"name\":\"Lajme nga Ulqini\",\"description\":\"Lajme,Vijesti,Ulqini,Ulqin,Crna Gora,Mali i Zi\",\"potentialAction\":[{\"@type\":\"SearchAction\",\"target\":{\"@type\":\"EntryPoint\",\"urlTemplate\":\"https:\/\/www.visit-ulcinj.com\/blog\/?s={search_term_string}\"},\"query-input\":\"required name=search_term_string\"}],\"inLanguage\":\"en-US\"},{\"@type\":\"ImageObject\",\"inLanguage\":\"en-US\",\"@id\":\"https:\/\/www.visit-ulcinj.com\/blog\/2013\/07\/23\/moda-e-fustanve-te-nuseve-per-vitin-2013-ne-ulqin-foto\/#primaryimage\",\"url\":\"http:\/\/www.visit-ulcinj.com\/blog\/wp-content\/uploads\/2013\/07\/Edina-InStyle-Moda-e-fustanave-Ulqin-Ulcinj.jpg\",\"contentUrl\":\"http:\/\/www.visit-ulcinj.com\/blog\/wp-content\/uploads\/2013\/07\/Edina-InStyle-Moda-e-fustanave-Ulqin-Ulcinj.jpg\"},{\"@type\":\"WebPage\",\"@id\":\"https:\/\/www.visit-ulcinj.com\/blog\/2013\/07\/23\/moda-e-fustanve-te-nuseve-per-vitin-2013-ne-ulqin-foto\/#webpage\",\"url\":\"https:\/\/www.visit-ulcinj.com\/blog\/2013\/07\/23\/moda-e-fustanve-te-nuseve-per-vitin-2013-ne-ulqin-foto\/\",\"name\":\"Moda e fustanve t\u00eb nuseve p\u00ebr vitin 2013 n\u00eb Ulqin + Foto - Lajme nga Ulqini\",\"isPartOf\":{\"@id\":\"https:\/\/www.visit-ulcinj.com\/blog\/#website\"},\"primaryImageOfPage\":{\"@id\":\"https:\/\/www.visit-ulcinj.com\/blog\/2013\/07\/23\/moda-e-fustanve-te-nuseve-per-vitin-2013-ne-ulqin-foto\/#primaryimage\"},\"datePublished\":\"2013-07-23T18:28:00+00:00\",\"dateModified\":\"2013-07-26T03:49:06+00:00\",\"author\":{\"@id\":\"https:\/\/www.visit-ulcinj.com\/blog\/#\/schema\/person\/dcab619c614d3038751c63bc2aadc06d\"},\"description\":\"Koleksioni luksoz i fustaneve t\u00eb nuseve nga Edina InStyle Ulqin Ali Zhygjeli ka marr\u00eb p\u00ebrsip\u00ebr misionin e v\u00ebshtir\u00eb p\u00ebr t'iu p\u00ebrkushtuar femr\u00ebs me foto\",\"breadcrumb\":{\"@id\":\"https:\/\/www.visit-ulcinj.com\/blog\/2013\/07\/23\/moda-e-fustanve-te-nuseve-per-vitin-2013-ne-ulqin-foto\/#breadcrumb\"},\"inLanguage\":\"en-US\",\"potentialAction\":[{\"@type\":\"ReadAction\",\"target\":[\"https:\/\/www.visit-ulcinj.com\/blog\/2013\/07\/23\/moda-e-fustanve-te-nuseve-per-vitin-2013-ne-ulqin-foto\/\"]}]},{\"@type\":\"BreadcrumbList\",\"@id\":\"https:\/\/www.visit-ulcinj.com\/blog\/2013\/07\/23\/moda-e-fustanve-te-nuseve-per-vitin-2013-ne-ulqin-foto\/#breadcrumb\",\"itemListElement\":[{\"@type\":\"ListItem\",\"position\":1,\"name\":\"Moda e fustanve t\u00eb nuseve p\u00ebr vitin 2013 n\u00eb Ulqin + Foto\"}]},{\"@type\":\"Person\",\"@id\":\"https:\/\/www.visit-ulcinj.com\/blog\/#\/schema\/person\/dcab619c614d3038751c63bc2aadc06d\",\"name\":\"ulqini\",\"sameAs\":[\"http:\/\/www.visit-ulcinj.com\"],\"url\":\"https:\/\/www.visit-ulcinj.com\/blog\/author\/admin\/\"}]}<\/script>\n<!-- \/ Yoast SEO plugin. -->","yoast_head_json":{"title":"Moda e fustanve t\u00eb nuseve p\u00ebr vitin 2013 n\u00eb Ulqin + Foto - Lajme nga Ulqini","description":"Koleksioni luksoz i fustaneve t\u00eb nuseve nga Edina InStyle Ulqin Ali Zhygjeli ka marr\u00eb p\u00ebrsip\u00ebr misionin e v\u00ebshtir\u00eb p\u00ebr t'iu p\u00ebrkushtuar femr\u00ebs me foto","robots":{"index":"index","follow":"follow","max-snippet":"max-snippet:-1","max-image-preview":"max-image-preview:large","max-video-preview":"max-video-preview:-1"},"canonical":"https:\/\/www.visit-ulcinj.com\/blog\/2013\/07\/23\/moda-e-fustanve-te-nuseve-per-vitin-2013-ne-ulqin-foto\/","og_locale":"en_US","og_type":"article","og_title":"Moda e fustanve t\u00eb nuseve p\u00ebr vitin 2013 n\u00eb Ulqin + Foto - Lajme nga Ulqini","og_description":"Koleksioni luksoz i fustaneve t\u00eb nuseve nga Edina InStyle Ulqin Ali Zhygjeli ka marr\u00eb p\u00ebrsip\u00ebr misionin e v\u00ebshtir\u00eb p\u00ebr t'iu p\u00ebrkushtuar femr\u00ebs me foto","og_url":"https:\/\/www.visit-ulcinj.com\/blog\/2013\/07\/23\/moda-e-fustanve-te-nuseve-per-vitin-2013-ne-ulqin-foto\/","og_site_name":"Lajme nga Ulqini","article_published_time":"2013-07-23T18:28:00+00:00","article_modified_time":"2013-07-26T03:49:06+00:00","og_image":[{"url":"https:\/\/www.visit-ulcinj.com\/blog\/wp-content\/uploads\/2013\/07\/Edina-InStyle-Moda-e-fustanave-Ulqin-Ulcinj-1-150x150.jpg"}],"twitter_misc":{"Written by":"ulqini","Est. reading time":"1 minute"},"schema":{"@context":"https:\/\/schema.org","@graph":[{"@type":"WebSite","@id":"https:\/\/www.visit-ulcinj.com\/blog\/#website","url":"https:\/\/www.visit-ulcinj.com\/blog\/","name":"Lajme nga Ulqini","description":"Lajme,Vijesti,Ulqini,Ulqin,Crna Gora,Mali i Zi","potentialAction":[{"@type":"SearchAction","target":{"@type":"EntryPoint","urlTemplate":"https:\/\/www.visit-ulcinj.com\/blog\/?s={search_term_string}"},"query-input":"required name=search_term_string"}],"inLanguage":"en-US"},{"@type":"ImageObject","inLanguage":"en-US","@id":"https:\/\/www.visit-ulcinj.com\/blog\/2013\/07\/23\/moda-e-fustanve-te-nuseve-per-vitin-2013-ne-ulqin-foto\/#primaryimage","url":"http:\/\/www.visit-ulcinj.com\/blog\/wp-content\/uploads\/2013\/07\/Edina-InStyle-Moda-e-fustanave-Ulqin-Ulcinj.jpg","contentUrl":"http:\/\/www.visit-ulcinj.com\/blog\/wp-content\/uploads\/2013\/07\/Edina-InStyle-Moda-e-fustanave-Ulqin-Ulcinj.jpg"},{"@type":"WebPage","@id":"https:\/\/www.visit-ulcinj.com\/blog\/2013\/07\/23\/moda-e-fustanve-te-nuseve-per-vitin-2013-ne-ulqin-foto\/#webpage","url":"https:\/\/www.visit-ulcinj.com\/blog\/2013\/07\/23\/moda-e-fustanve-te-nuseve-per-vitin-2013-ne-ulqin-foto\/","name":"Moda e fustanve t\u00eb nuseve p\u00ebr vitin 2013 n\u00eb Ulqin + Foto - Lajme nga Ulqini","isPartOf":{"@id":"https:\/\/www.visit-ulcinj.com\/blog\/#website"},"primaryImageOfPage":{"@id":"https:\/\/www.visit-ulcinj.com\/blog\/2013\/07\/23\/moda-e-fustanve-te-nuseve-per-vitin-2013-ne-ulqin-foto\/#primaryimage"},"datePublished":"2013-07-23T18:28:00+00:00","dateModified":"2013-07-26T03:49:06+00:00","author":{"@id":"https:\/\/www.visit-ulcinj.com\/blog\/#\/schema\/person\/dcab619c614d3038751c63bc2aadc06d"},"description":"Koleksioni luksoz i fustaneve t\u00eb nuseve nga Edina InStyle Ulqin Ali Zhygjeli ka marr\u00eb p\u00ebrsip\u00ebr misionin e v\u00ebshtir\u00eb p\u00ebr t'iu p\u00ebrkushtuar femr\u00ebs me foto","breadcrumb":{"@id":"https:\/\/www.visit-ulcinj.com\/blog\/2013\/07\/23\/moda-e-fustanve-te-nuseve-per-vitin-2013-ne-ulqin-foto\/#breadcrumb"},"inLanguage":"en-US","potentialAction":[{"@type":"ReadAction","target":["https:\/\/www.visit-ulcinj.com\/blog\/2013\/07\/23\/moda-e-fustanve-te-nuseve-per-vitin-2013-ne-ulqin-foto\/"]}]},{"@type":"BreadcrumbList","@id":"https:\/\/www.visit-ulcinj.com\/blog\/2013\/07\/23\/moda-e-fustanve-te-nuseve-per-vitin-2013-ne-ulqin-foto\/#breadcrumb","itemListElement":[{"@type":"ListItem","position":1,"name":"Moda e fustanve t\u00eb nuseve p\u00ebr vitin 2013 n\u00eb Ulqin + Foto"}]},{"@type":"Person","@id":"https:\/\/www.visit-ulcinj.com\/blog\/#\/schema\/person\/dcab619c614d3038751c63bc2aadc06d","name":"ulqini","sameAs":["http:\/\/www.visit-ulcinj.com"],"url":"https:\/\/www.visit-ulcinj.com\/blog\/author\/admin\/"}]}},"jetpack_featured_media_url":"","jetpack_sharing_enabled":true,"jetpack_shortlink":"https:\/\/wp.me\/pe6lTn-j95","_links":{"self":[{"href":"https:\/\/www.visit-ulcinj.com\/blog\/wp-json\/wp\/v2\/posts\/73599"}],"collection":[{"href":"https:\/\/www.visit-ulcinj.com\/blog\/wp-json\/wp\/v2\/posts"}],"about":[{"href":"https:\/\/www.visit-ulcinj.com\/blog\/wp-json\/wp\/v2\/types\/post"}],"author":[{"embeddable":true,"href":"https:\/\/www.visit-ulcinj.com\/blog\/wp-json\/wp\/v2\/users\/1"}],"replies":[{"embeddable":true,"href":"https:\/\/www.visit-ulcinj.com\/blog\/wp-json\/wp\/v2\/comments?post=73599"}],"version-history":[{"count":6,"href":"https:\/\/www.visit-ulcinj.com\/blog\/wp-json\/wp\/v2\/posts\/73599\/revisions"}],"predecessor-version":[{"id":73728,"href":"https:\/\/www.visit-ulcinj.com\/blog\/wp-json\/wp\/v2\/posts\/73599\/revisions\/73728"}],"wp:attachment":[{"href":"https:\/\/www.visit-ulcinj.com\/blog\/wp-json\/wp\/v2\/media?parent=73599"}],"wp:term":[{"taxonomy":"category","embeddable":true,"href":"https:\/\/www.visit-ulcinj.com\/blog\/wp-json\/wp\/v2\/categories?post=73599"},{"taxonomy":"post_tag","embeddable":true,"href":"https:\/\/www.visit-ulcinj.com\/blog\/wp-json\/wp\/v2\/tags?post=73599"}],"curies":[{"name":"wp","href":"https:\/\/api.w.org\/{rel}","templated":true}]}}