{"id":7361,"date":"2008-12-16T21:09:59","date_gmt":"2008-12-16T20:09:59","guid":{"rendered":"http:\/\/www.visit-ulcinj.com\/blog\/?p=7361"},"modified":"2008-12-16T21:21:17","modified_gmt":"2008-12-16T20:21:17","slug":"zbulohen-te-dashurit-e-vajzave-te-presidentit-topi","status":"publish","type":"post","link":"https:\/\/www.visit-ulcinj.com\/blog\/2008\/12\/16\/zbulohen-te-dashurit-e-vajzave-te-presidentit-topi\/","title":{"rendered":"Zbulohen t\u00eb dashurit e vajzave t\u00eb presidentit Topi"},"content":{"rendered":"<p><a href=\"http:\/\/www.visit-ulcinj.com\/blog\/wp-content\/uploads\/2008\/12\/nada-dhe-etida-topi.jpg\"><img loading=\"lazy\" class=\"alignleft size-medium wp-image-7362\" title=\"nada-dhe-etida-topi\" src=\"http:\/\/www.visit-ulcinj.com\/blog\/wp-content\/uploads\/2008\/12\/nada-dhe-etida-topi-300x189.jpg\" alt=\"\" width=\"300\" height=\"189\" \/><\/a>T\u00eb jesh f\u00ebmija i njeriut m\u00eb t\u00eb r\u00ebnd\u00ebsish\u00ebm t\u00eb nj\u00eb vendi, do t\u00eb thot\u00eb t\u00eb jesh me fat. \u00cbsht\u00eb nj\u00eb nga ato raste fatlume q\u00eb t\u00eb kujton p\u00ebrrallat me princ\u00ebr t\u00eb kalt\u00ebr ku personazhet jetojn\u00eb t\u00eb lumtur p\u00ebrgjithnj\u00eb. Nd\u00ebrkoh\u00eb vajzat e presidentit Topi, ishin n\u00eb mosh\u00ebn e adoleshenc\u00ebs kur i jati u zgjodh president i vendit. Natyrisht ishin n\u00eb mosh\u00ebn e duhur p\u00ebr t\u00eb kuptuar se n\u00eb \u00e7far\u00eb realiteti t\u00eb ri duhej ta p\u00ebrshtasnin jet\u00ebn e tyre e cila deri dje ishte si ajo e \u00e7do bashk\u00ebmoshatari t\u00eb kryeqytetit. Megjithat\u00eb duket se dy vajzat e presidentit, Nada dhe Etida, nj\u00ebra 23 vje\u00e7 dhe tjetra 17 vje\u00e7, nuk kan\u00eb dashur t\u00eb humbasin rrjedh\u00ebn normale t\u00eb jet\u00ebs s\u00eb tyre. Ato kan\u00eb vijuar me impenjimet normale duke frekuentuar t\u00eb nj\u00ebjtat shkolla, t\u00eb nj\u00ebjtit miq, pa\u00e7ka se t\u00eb gjith\u00eb tani i shihnin ndryshe. Madje vajzat shihen shpesh n\u00eb rrug\u00ebt e kryeqytetit duke sh\u00ebtitur n\u00eb k\u00ebmb\u00eb me miqt\u00eb e tyre.<\/p>\n<p>Nd\u00ebrkoh\u00eb ato vijojn\u00eb t\u00eb ndjekin jet\u00ebn e nat\u00ebs, nj\u00eb pasion shum\u00eb i zakonsh\u00ebm ky p\u00ebr mosh\u00ebn e tyre. Por edhe aktivitetet e ndryshme jan\u00eb pasioni i vajzave, madje shpesh i gjen edhe n\u00eb rradh\u00eb t\u00eb par\u00eb n\u00eb krah t\u00eb prind\u00ebrve t\u00eb tyre. K\u00ebsaj here vajzat jan\u00eb par\u00eb n\u00eb nat\u00ebn finale t\u00eb festivalit \u201cK\u00ebnga Magjike\u201d pa prind\u00ebrit e tyre. Motrat ishin ulur larg nj\u00ebra tjetr\u00ebs dhe q\u00eb t\u00eb dyja ishin t\u00eb shoq\u00ebruara nga dy djem shum\u00eb simpatik\u00eb. Sipas informacioneve t\u00eb miqve t\u00eb tyre, djemt\u00eb jan\u00eb t\u00eb dashurit e vajzave prej disa koh\u00ebsh. Vajza e vog\u00ebl Etida ka koh\u00eb q\u00eb shoq\u00ebrohet me djalin e nj\u00eb sip\u00ebrmarr\u00ebsi shum\u00eb t\u00eb njohur n\u00eb Tiran\u00eb, Luan Bregasit, i cili ka qen\u00eb edhe kryetar i dhom\u00ebs s\u00eb tregtis\u00eb p\u00ebr disa koh\u00eb. Nd\u00ebrsa vajza e madhe Nada, shoq\u00ebrohet me djalin e Gon Papulit edhe ky nj\u00eb biznesmen e njohur si dhe president i p\u00ebrfaq\u00ebsis\u00eb s\u00eb Volsvagenit n\u00eb Shqip\u00ebri. <a href=\"http:\/\/www.visit-ulcinj.com\/blog\/wp-content\/uploads\/2008\/12\/nada-dhe-etida-topi.jpg\"><img loading=\"lazy\" class=\"size-medium wp-image-7362 alignright\" title=\"nada-dhe-etida-topi\" src=\"http:\/\/www.visit-ulcinj.com\/blog\/wp-content\/uploads\/2008\/12\/nada-dhe-etida-topi-300x189.jpg\" alt=\"\" width=\"300\" height=\"189\" \/><\/a><br \/>\nT\u00eb dyja vajzat thuhet se kan\u00eb qen\u00eb t\u00eb dashuruara me djemt\u00eb e lartp\u00ebrmendur, kur babai i tyre nuk ishte b\u00ebr\u00eb akoma president. N\u00eb fillim, kur prozhektor\u00ebt u kthyen nga familja presidenciale p\u00ebr t\u00eb m\u00ebsuar \u00e7do detaj nga jeta e tyre, Topi dhe e shoqja ishin shum\u00eb t\u00eb vendosur q\u00eb t\u00eb krijonin nj\u00eb barrier\u00eb mes vajzave t\u00eb tyre dhe medias.<\/p>\n<p>Mir\u00ebpo kurioziteti p\u00ebr t\u00eb m\u00ebsuar m\u00eb shum\u00eb, \u00ebsht\u00eb i pashmangsh\u00ebm. Nd\u00ebrkoh\u00eb vajzat kan\u00eb vijuar lidhjet e tyre, jan\u00eb par\u00eb t\u00eb kapur dor\u00eb p\u00ebr dore n\u00eb publik dhe nj\u00eb jav\u00eb m\u00eb par\u00eb kan\u00eb vendosur q\u00eb t\u00eb dalin haptazi pa e vrar\u00eb mendjen p\u00ebr fjal\u00ebt. Fundja ato jan\u00eb vajza t\u00eb reja dhe kan\u00eb t\u00eb drejt\u00eb t\u00eb dashurojn\u00eb faqe bot\u00ebs. Ky ka qen\u00eb nj\u00eb tjet\u00ebr realitet q\u00eb ato nuk ka ndryshuar edhe pse tashm\u00eb jetojn\u00eb n\u00eb nj\u00eb familje presidenciale, duke mos pranuar asnj\u00eb lloj privimi p\u00ebr hir t\u00eb statusit t\u00eb ve\u00e7ant\u00eb q\u00eb g\u00ebzon tashm\u00eb familja e tyre.<\/p>\n<p><strong>PanoramaPlus<\/strong><\/p>\n<!--YouTube Error: bad URL entered-->\n","protected":false},"excerpt":{"rendered":"<p>T\u00eb jesh f\u00ebmija i njeriut m\u00eb t\u00eb r\u00ebnd\u00ebsish\u00ebm t\u00eb nj\u00eb vendi, do t\u00eb thot\u00eb t\u00eb jesh me fat. \u00cbsht\u00eb nj\u00eb nga ato raste fatlume q\u00eb t\u00eb kujton p\u00ebrrallat me princ\u00ebr t\u00eb kalt\u00ebr ku personazhet jetojn\u00eb t\u00eb lumtur p\u00ebrgjithnj\u00eb. Nd\u00ebrkoh\u00eb vajzat e presidentit Topi, ishin n\u00eb mosh\u00ebn e adoleshenc\u00ebs kur i jati u zgjodh president i [&hellip;]<\/p>\n","protected":false},"author":1,"featured_media":0,"comment_status":"open","ping_status":"closed","sticky":false,"template":"","format":"standard","meta":{"spay_email":"","jetpack_publicize_message":"","jetpack_is_tweetstorm":false,"jetpack_publicize_feature_enabled":true},"categories":[1],"tags":[2416,5271,50],"jetpack_publicize_connections":[],"yoast_head":"<!-- This site is optimized with the Yoast SEO plugin v19.1 - https:\/\/yoast.com\/wordpress\/plugins\/seo\/ -->\n<title>Zbulohen t\u00eb dashurit e vajzave t\u00eb presidentit Topi - Lajme nga Ulqini<\/title>\n<meta name=\"description\" content=\"T\u00eb jesh f\u00ebmija i njeriut m\u00eb t\u00eb r\u00ebnd\u00ebsish\u00ebm t\u00eb nj\u00eb vendi, do t\u00eb thot\u00eb t\u00eb jesh me fat. \u00cbsht\u00eb nj\u00eb nga ato raste fatlume q\u00eb t\u00eb kujton p\u00ebrrallat me princ\u00ebr t\u00eb\" \/>\n<meta name=\"robots\" content=\"index, follow, max-snippet:-1, max-image-preview:large, max-video-preview:-1\" \/>\n<link rel=\"canonical\" href=\"https:\/\/www.visit-ulcinj.com\/blog\/2008\/12\/16\/zbulohen-te-dashurit-e-vajzave-te-presidentit-topi\/\" \/>\n<meta property=\"og:locale\" content=\"en_US\" \/>\n<meta property=\"og:type\" content=\"article\" \/>\n<meta property=\"og:title\" content=\"Zbulohen t\u00eb dashurit e vajzave t\u00eb presidentit Topi - Lajme nga Ulqini\" \/>\n<meta property=\"og:description\" content=\"T\u00eb jesh f\u00ebmija i njeriut m\u00eb t\u00eb r\u00ebnd\u00ebsish\u00ebm t\u00eb nj\u00eb vendi, do t\u00eb thot\u00eb t\u00eb jesh me fat. \u00cbsht\u00eb nj\u00eb nga ato raste fatlume q\u00eb t\u00eb kujton p\u00ebrrallat me princ\u00ebr t\u00eb\" \/>\n<meta property=\"og:url\" content=\"https:\/\/www.visit-ulcinj.com\/blog\/2008\/12\/16\/zbulohen-te-dashurit-e-vajzave-te-presidentit-topi\/\" \/>\n<meta property=\"og:site_name\" content=\"Lajme nga Ulqini\" \/>\n<meta property=\"article:published_time\" content=\"2008-12-16T20:09:59+00:00\" \/>\n<meta property=\"article:modified_time\" content=\"2008-12-16T20:21:17+00:00\" \/>\n<meta property=\"og:image\" content=\"http:\/\/www.visit-ulcinj.com\/blog\/wp-content\/uploads\/2008\/12\/nada-dhe-etida-topi-300x189.jpg\" \/>\n<meta name=\"twitter:label1\" content=\"Written by\" \/>\n\t<meta name=\"twitter:data1\" content=\"ulqini\" \/>\n\t<meta name=\"twitter:label2\" content=\"Est. reading time\" \/>\n\t<meta name=\"twitter:data2\" content=\"3 minutes\" \/>\n<script type=\"application\/ld+json\" class=\"yoast-schema-graph\">{\"@context\":\"https:\/\/schema.org\",\"@graph\":[{\"@type\":\"WebSite\",\"@id\":\"https:\/\/www.visit-ulcinj.com\/blog\/#website\",\"url\":\"https:\/\/www.visit-ulcinj.com\/blog\/\",\"name\":\"Lajme nga Ulqini\",\"description\":\"Lajme,Vijesti,Ulqini,Ulqin,Crna Gora,Mali i Zi\",\"potentialAction\":[{\"@type\":\"SearchAction\",\"target\":{\"@type\":\"EntryPoint\",\"urlTemplate\":\"https:\/\/www.visit-ulcinj.com\/blog\/?s={search_term_string}\"},\"query-input\":\"required name=search_term_string\"}],\"inLanguage\":\"en-US\"},{\"@type\":\"ImageObject\",\"inLanguage\":\"en-US\",\"@id\":\"https:\/\/www.visit-ulcinj.com\/blog\/2008\/12\/16\/zbulohen-te-dashurit-e-vajzave-te-presidentit-topi\/#primaryimage\",\"url\":\"http:\/\/www.visit-ulcinj.com\/blog\/wp-content\/uploads\/2008\/12\/nada-dhe-etida-topi-300x189.jpg\",\"contentUrl\":\"http:\/\/www.visit-ulcinj.com\/blog\/wp-content\/uploads\/2008\/12\/nada-dhe-etida-topi-300x189.jpg\"},{\"@type\":\"WebPage\",\"@id\":\"https:\/\/www.visit-ulcinj.com\/blog\/2008\/12\/16\/zbulohen-te-dashurit-e-vajzave-te-presidentit-topi\/#webpage\",\"url\":\"https:\/\/www.visit-ulcinj.com\/blog\/2008\/12\/16\/zbulohen-te-dashurit-e-vajzave-te-presidentit-topi\/\",\"name\":\"Zbulohen t\u00eb dashurit e vajzave t\u00eb presidentit Topi - Lajme nga Ulqini\",\"isPartOf\":{\"@id\":\"https:\/\/www.visit-ulcinj.com\/blog\/#website\"},\"primaryImageOfPage\":{\"@id\":\"https:\/\/www.visit-ulcinj.com\/blog\/2008\/12\/16\/zbulohen-te-dashurit-e-vajzave-te-presidentit-topi\/#primaryimage\"},\"datePublished\":\"2008-12-16T20:09:59+00:00\",\"dateModified\":\"2008-12-16T20:21:17+00:00\",\"author\":{\"@id\":\"https:\/\/www.visit-ulcinj.com\/blog\/#\/schema\/person\/dcab619c614d3038751c63bc2aadc06d\"},\"description\":\"T\u00eb jesh f\u00ebmija i njeriut m\u00eb t\u00eb r\u00ebnd\u00ebsish\u00ebm t\u00eb nj\u00eb vendi, do t\u00eb thot\u00eb t\u00eb jesh me fat. \u00cbsht\u00eb nj\u00eb nga ato raste fatlume q\u00eb t\u00eb kujton p\u00ebrrallat me princ\u00ebr t\u00eb\",\"breadcrumb\":{\"@id\":\"https:\/\/www.visit-ulcinj.com\/blog\/2008\/12\/16\/zbulohen-te-dashurit-e-vajzave-te-presidentit-topi\/#breadcrumb\"},\"inLanguage\":\"en-US\",\"potentialAction\":[{\"@type\":\"ReadAction\",\"target\":[\"https:\/\/www.visit-ulcinj.com\/blog\/2008\/12\/16\/zbulohen-te-dashurit-e-vajzave-te-presidentit-topi\/\"]}]},{\"@type\":\"BreadcrumbList\",\"@id\":\"https:\/\/www.visit-ulcinj.com\/blog\/2008\/12\/16\/zbulohen-te-dashurit-e-vajzave-te-presidentit-topi\/#breadcrumb\",\"itemListElement\":[{\"@type\":\"ListItem\",\"position\":1,\"name\":\"Zbulohen t\u00eb dashurit e vajzave t\u00eb presidentit Topi\"}]},{\"@type\":\"Person\",\"@id\":\"https:\/\/www.visit-ulcinj.com\/blog\/#\/schema\/person\/dcab619c614d3038751c63bc2aadc06d\",\"name\":\"ulqini\",\"sameAs\":[\"http:\/\/www.visit-ulcinj.com\"],\"url\":\"https:\/\/www.visit-ulcinj.com\/blog\/author\/admin\/\"}]}<\/script>\n<!-- \/ Yoast SEO plugin. -->","yoast_head_json":{"title":"Zbulohen t\u00eb dashurit e vajzave t\u00eb presidentit Topi - Lajme nga Ulqini","description":"T\u00eb jesh f\u00ebmija i njeriut m\u00eb t\u00eb r\u00ebnd\u00ebsish\u00ebm t\u00eb nj\u00eb vendi, do t\u00eb thot\u00eb t\u00eb jesh me fat. \u00cbsht\u00eb nj\u00eb nga ato raste fatlume q\u00eb t\u00eb kujton p\u00ebrrallat me princ\u00ebr t\u00eb","robots":{"index":"index","follow":"follow","max-snippet":"max-snippet:-1","max-image-preview":"max-image-preview:large","max-video-preview":"max-video-preview:-1"},"canonical":"https:\/\/www.visit-ulcinj.com\/blog\/2008\/12\/16\/zbulohen-te-dashurit-e-vajzave-te-presidentit-topi\/","og_locale":"en_US","og_type":"article","og_title":"Zbulohen t\u00eb dashurit e vajzave t\u00eb presidentit Topi - Lajme nga Ulqini","og_description":"T\u00eb jesh f\u00ebmija i njeriut m\u00eb t\u00eb r\u00ebnd\u00ebsish\u00ebm t\u00eb nj\u00eb vendi, do t\u00eb thot\u00eb t\u00eb jesh me fat. \u00cbsht\u00eb nj\u00eb nga ato raste fatlume q\u00eb t\u00eb kujton p\u00ebrrallat me princ\u00ebr t\u00eb","og_url":"https:\/\/www.visit-ulcinj.com\/blog\/2008\/12\/16\/zbulohen-te-dashurit-e-vajzave-te-presidentit-topi\/","og_site_name":"Lajme nga Ulqini","article_published_time":"2008-12-16T20:09:59+00:00","article_modified_time":"2008-12-16T20:21:17+00:00","og_image":[{"url":"http:\/\/www.visit-ulcinj.com\/blog\/wp-content\/uploads\/2008\/12\/nada-dhe-etida-topi-300x189.jpg"}],"twitter_misc":{"Written by":"ulqini","Est. reading time":"3 minutes"},"schema":{"@context":"https:\/\/schema.org","@graph":[{"@type":"WebSite","@id":"https:\/\/www.visit-ulcinj.com\/blog\/#website","url":"https:\/\/www.visit-ulcinj.com\/blog\/","name":"Lajme nga Ulqini","description":"Lajme,Vijesti,Ulqini,Ulqin,Crna Gora,Mali i Zi","potentialAction":[{"@type":"SearchAction","target":{"@type":"EntryPoint","urlTemplate":"https:\/\/www.visit-ulcinj.com\/blog\/?s={search_term_string}"},"query-input":"required name=search_term_string"}],"inLanguage":"en-US"},{"@type":"ImageObject","inLanguage":"en-US","@id":"https:\/\/www.visit-ulcinj.com\/blog\/2008\/12\/16\/zbulohen-te-dashurit-e-vajzave-te-presidentit-topi\/#primaryimage","url":"http:\/\/www.visit-ulcinj.com\/blog\/wp-content\/uploads\/2008\/12\/nada-dhe-etida-topi-300x189.jpg","contentUrl":"http:\/\/www.visit-ulcinj.com\/blog\/wp-content\/uploads\/2008\/12\/nada-dhe-etida-topi-300x189.jpg"},{"@type":"WebPage","@id":"https:\/\/www.visit-ulcinj.com\/blog\/2008\/12\/16\/zbulohen-te-dashurit-e-vajzave-te-presidentit-topi\/#webpage","url":"https:\/\/www.visit-ulcinj.com\/blog\/2008\/12\/16\/zbulohen-te-dashurit-e-vajzave-te-presidentit-topi\/","name":"Zbulohen t\u00eb dashurit e vajzave t\u00eb presidentit Topi - Lajme nga Ulqini","isPartOf":{"@id":"https:\/\/www.visit-ulcinj.com\/blog\/#website"},"primaryImageOfPage":{"@id":"https:\/\/www.visit-ulcinj.com\/blog\/2008\/12\/16\/zbulohen-te-dashurit-e-vajzave-te-presidentit-topi\/#primaryimage"},"datePublished":"2008-12-16T20:09:59+00:00","dateModified":"2008-12-16T20:21:17+00:00","author":{"@id":"https:\/\/www.visit-ulcinj.com\/blog\/#\/schema\/person\/dcab619c614d3038751c63bc2aadc06d"},"description":"T\u00eb jesh f\u00ebmija i njeriut m\u00eb t\u00eb r\u00ebnd\u00ebsish\u00ebm t\u00eb nj\u00eb vendi, do t\u00eb thot\u00eb t\u00eb jesh me fat. \u00cbsht\u00eb nj\u00eb nga ato raste fatlume q\u00eb t\u00eb kujton p\u00ebrrallat me princ\u00ebr t\u00eb","breadcrumb":{"@id":"https:\/\/www.visit-ulcinj.com\/blog\/2008\/12\/16\/zbulohen-te-dashurit-e-vajzave-te-presidentit-topi\/#breadcrumb"},"inLanguage":"en-US","potentialAction":[{"@type":"ReadAction","target":["https:\/\/www.visit-ulcinj.com\/blog\/2008\/12\/16\/zbulohen-te-dashurit-e-vajzave-te-presidentit-topi\/"]}]},{"@type":"BreadcrumbList","@id":"https:\/\/www.visit-ulcinj.com\/blog\/2008\/12\/16\/zbulohen-te-dashurit-e-vajzave-te-presidentit-topi\/#breadcrumb","itemListElement":[{"@type":"ListItem","position":1,"name":"Zbulohen t\u00eb dashurit e vajzave t\u00eb presidentit Topi"}]},{"@type":"Person","@id":"https:\/\/www.visit-ulcinj.com\/blog\/#\/schema\/person\/dcab619c614d3038751c63bc2aadc06d","name":"ulqini","sameAs":["http:\/\/www.visit-ulcinj.com"],"url":"https:\/\/www.visit-ulcinj.com\/blog\/author\/admin\/"}]}},"jetpack_featured_media_url":"","jetpack_sharing_enabled":true,"jetpack_shortlink":"https:\/\/wp.me\/pe6lTn-1UJ","_links":{"self":[{"href":"https:\/\/www.visit-ulcinj.com\/blog\/wp-json\/wp\/v2\/posts\/7361"}],"collection":[{"href":"https:\/\/www.visit-ulcinj.com\/blog\/wp-json\/wp\/v2\/posts"}],"about":[{"href":"https:\/\/www.visit-ulcinj.com\/blog\/wp-json\/wp\/v2\/types\/post"}],"author":[{"embeddable":true,"href":"https:\/\/www.visit-ulcinj.com\/blog\/wp-json\/wp\/v2\/users\/1"}],"replies":[{"embeddable":true,"href":"https:\/\/www.visit-ulcinj.com\/blog\/wp-json\/wp\/v2\/comments?post=7361"}],"version-history":[{"count":0,"href":"https:\/\/www.visit-ulcinj.com\/blog\/wp-json\/wp\/v2\/posts\/7361\/revisions"}],"wp:attachment":[{"href":"https:\/\/www.visit-ulcinj.com\/blog\/wp-json\/wp\/v2\/media?parent=7361"}],"wp:term":[{"taxonomy":"category","embeddable":true,"href":"https:\/\/www.visit-ulcinj.com\/blog\/wp-json\/wp\/v2\/categories?post=7361"},{"taxonomy":"post_tag","embeddable":true,"href":"https:\/\/www.visit-ulcinj.com\/blog\/wp-json\/wp\/v2\/tags?post=7361"}],"curies":[{"name":"wp","href":"https:\/\/api.w.org\/{rel}","templated":true}]}}