{"id":73612,"date":"2013-07-23T19:47:49","date_gmt":"2013-07-23T18:47:49","guid":{"rendered":"http:\/\/www.visit-ulcinj.com\/blog\/?p=73612"},"modified":"2013-07-23T19:48:14","modified_gmt":"2013-07-23T18:48:14","slug":"noizy-koncert-ne-belveder-te-ulqinit","status":"publish","type":"post","link":"https:\/\/www.visit-ulcinj.com\/blog\/2013\/07\/23\/noizy-koncert-ne-belveder-te-ulqinit\/","title":{"rendered":"Noizy koncert n\u00eb Belveder t\u00eb Ulqinit"},"content":{"rendered":"<p><a href=\"http:\/\/www.visit-ulcinj.com\/blog\/wp-content\/uploads\/2013\/07\/Noizy-ne-koncert-ne-Ulqin.png\"><img loading=\"lazy\" class=\"alignleft  wp-image-73613\" alt=\"Noizy ne koncert ne Ulqin\" src=\"http:\/\/www.visit-ulcinj.com\/blog\/wp-content\/uploads\/2013\/07\/Noizy-ne-koncert-ne-Ulqin.png\" width=\"508\" height=\"355\" \/><\/a>Reperi i njohur shqip\u00ebtar do t\u00eb mbaj\u00eb nj\u00eb koncert me an\u00ebtar\u00ebt e grupit OTR me n\u00eb krye Noizy-n n\u00eb terac\u00ebn Belveder Club t\u00eb Ulqinit. Reperi i njohur, ve\u00e7 k\u00ebng\u00ebve dhe hiteve t\u00eb tij, ka performuar edhe k\u00ebng\u00ebn e fundit q\u00eb do ta interpretoje nes\u00ebr n\u00eb Ulqin.<\/p>\n<p>&nbsp;<\/p>\n<p>Reperi nga shqip\u00ebria p\u00ebr adhuruesit e tij do ti dhuroj nj\u00eb atmosfer\u00eb mjaft t\u00eb bukur. Ai tha n\u00eb faqen e tij\u00eb t\u00eb Facebookut q\u00eb fansat e tij\u00eb do ti \u2018\u00e7mendi\u2019 me performansen time.\/Lajme nga Ulqini\/<\/p>\n<p>&nbsp;<\/p>\n<p><iframe loading=\"lazy\" src=\"\/\/www.youtube.com\/embed\/WLqOdkXYNII\" height=\"360\" width=\"508\" allowfullscreen=\"\" frameborder=\"0\"><\/iframe><\/p>\n","protected":false},"excerpt":{"rendered":"<p>Reperi i njohur shqip\u00ebtar do t\u00eb mbaj\u00eb nj\u00eb koncert me an\u00ebtar\u00ebt e grupit OTR me n\u00eb krye Noizy-n n\u00eb terac\u00ebn Belveder Club t\u00eb Ulqinit. Reperi i njohur, ve\u00e7 k\u00ebng\u00ebve dhe hiteve t\u00eb tij, ka performuar edhe k\u00ebng\u00ebn e fundit q\u00eb do ta interpretoje nes\u00ebr n\u00eb Ulqin. &nbsp; Reperi nga shqip\u00ebria p\u00ebr adhuruesit e tij do [&hellip;]<\/p>\n","protected":false},"author":1,"featured_media":0,"comment_status":"closed","ping_status":"closed","sticky":false,"template":"","format":"standard","meta":{"spay_email":"","jetpack_publicize_message":"","jetpack_is_tweetstorm":false,"jetpack_publicize_feature_enabled":true},"categories":[1],"tags":[],"jetpack_publicize_connections":[],"yoast_head":"<!-- This site is optimized with the Yoast SEO plugin v19.1 - https:\/\/yoast.com\/wordpress\/plugins\/seo\/ -->\n<title>Noizy koncert n\u00eb Belveder t\u00eb Ulqinit - Lajme nga Ulqini<\/title>\n<meta name=\"description\" content=\"Reperi i njohur shqip\u00ebtar do t\u00eb mbaj\u00eb nj\u00eb koncert me an\u00ebtar\u00ebt e grupit OTR me n\u00eb krye Noizy-n n\u00eb terac\u00ebn Belveder Club t\u00eb Ulqinit. Reperi i njohur, ve\u00e7\" \/>\n<meta name=\"robots\" content=\"index, follow, max-snippet:-1, max-image-preview:large, max-video-preview:-1\" \/>\n<link rel=\"canonical\" href=\"https:\/\/www.visit-ulcinj.com\/blog\/2013\/07\/23\/noizy-koncert-ne-belveder-te-ulqinit\/\" \/>\n<meta property=\"og:locale\" content=\"en_US\" \/>\n<meta property=\"og:type\" content=\"article\" \/>\n<meta property=\"og:title\" content=\"Noizy koncert n\u00eb Belveder t\u00eb Ulqinit - Lajme nga Ulqini\" \/>\n<meta property=\"og:description\" content=\"Reperi i njohur shqip\u00ebtar do t\u00eb mbaj\u00eb nj\u00eb koncert me an\u00ebtar\u00ebt e grupit OTR me n\u00eb krye Noizy-n n\u00eb terac\u00ebn Belveder Club t\u00eb Ulqinit. Reperi i njohur, ve\u00e7\" \/>\n<meta property=\"og:url\" content=\"https:\/\/www.visit-ulcinj.com\/blog\/2013\/07\/23\/noizy-koncert-ne-belveder-te-ulqinit\/\" \/>\n<meta property=\"og:site_name\" content=\"Lajme nga Ulqini\" \/>\n<meta property=\"article:published_time\" content=\"2013-07-23T18:47:49+00:00\" \/>\n<meta property=\"article:modified_time\" content=\"2013-07-23T18:48:14+00:00\" \/>\n<meta property=\"og:image\" content=\"http:\/\/www.visit-ulcinj.com\/blog\/wp-content\/uploads\/2013\/07\/Noizy-ne-koncert-ne-Ulqin.png\" \/>\n<meta name=\"twitter:label1\" content=\"Written by\" \/>\n\t<meta name=\"twitter:data1\" content=\"ulqini\" \/>\n<script type=\"application\/ld+json\" class=\"yoast-schema-graph\">{\"@context\":\"https:\/\/schema.org\",\"@graph\":[{\"@type\":\"WebSite\",\"@id\":\"https:\/\/www.visit-ulcinj.com\/blog\/#website\",\"url\":\"https:\/\/www.visit-ulcinj.com\/blog\/\",\"name\":\"Lajme nga Ulqini\",\"description\":\"Lajme,Vijesti,Ulqini,Ulqin,Crna Gora,Mali i Zi\",\"potentialAction\":[{\"@type\":\"SearchAction\",\"target\":{\"@type\":\"EntryPoint\",\"urlTemplate\":\"https:\/\/www.visit-ulcinj.com\/blog\/?s={search_term_string}\"},\"query-input\":\"required name=search_term_string\"}],\"inLanguage\":\"en-US\"},{\"@type\":\"ImageObject\",\"inLanguage\":\"en-US\",\"@id\":\"https:\/\/www.visit-ulcinj.com\/blog\/2013\/07\/23\/noizy-koncert-ne-belveder-te-ulqinit\/#primaryimage\",\"url\":\"http:\/\/www.visit-ulcinj.com\/blog\/wp-content\/uploads\/2013\/07\/Noizy-ne-koncert-ne-Ulqin.png\",\"contentUrl\":\"http:\/\/www.visit-ulcinj.com\/blog\/wp-content\/uploads\/2013\/07\/Noizy-ne-koncert-ne-Ulqin.png\"},{\"@type\":\"WebPage\",\"@id\":\"https:\/\/www.visit-ulcinj.com\/blog\/2013\/07\/23\/noizy-koncert-ne-belveder-te-ulqinit\/#webpage\",\"url\":\"https:\/\/www.visit-ulcinj.com\/blog\/2013\/07\/23\/noizy-koncert-ne-belveder-te-ulqinit\/\",\"name\":\"Noizy koncert n\u00eb Belveder t\u00eb Ulqinit - Lajme nga Ulqini\",\"isPartOf\":{\"@id\":\"https:\/\/www.visit-ulcinj.com\/blog\/#website\"},\"primaryImageOfPage\":{\"@id\":\"https:\/\/www.visit-ulcinj.com\/blog\/2013\/07\/23\/noizy-koncert-ne-belveder-te-ulqinit\/#primaryimage\"},\"datePublished\":\"2013-07-23T18:47:49+00:00\",\"dateModified\":\"2013-07-23T18:48:14+00:00\",\"author\":{\"@id\":\"https:\/\/www.visit-ulcinj.com\/blog\/#\/schema\/person\/dcab619c614d3038751c63bc2aadc06d\"},\"description\":\"Reperi i njohur shqip\u00ebtar do t\u00eb mbaj\u00eb nj\u00eb koncert me an\u00ebtar\u00ebt e grupit OTR me n\u00eb krye Noizy-n n\u00eb terac\u00ebn Belveder Club t\u00eb Ulqinit. Reperi i njohur, ve\u00e7\",\"breadcrumb\":{\"@id\":\"https:\/\/www.visit-ulcinj.com\/blog\/2013\/07\/23\/noizy-koncert-ne-belveder-te-ulqinit\/#breadcrumb\"},\"inLanguage\":\"en-US\",\"potentialAction\":[{\"@type\":\"ReadAction\",\"target\":[\"https:\/\/www.visit-ulcinj.com\/blog\/2013\/07\/23\/noizy-koncert-ne-belveder-te-ulqinit\/\"]}]},{\"@type\":\"BreadcrumbList\",\"@id\":\"https:\/\/www.visit-ulcinj.com\/blog\/2013\/07\/23\/noizy-koncert-ne-belveder-te-ulqinit\/#breadcrumb\",\"itemListElement\":[{\"@type\":\"ListItem\",\"position\":1,\"name\":\"Noizy koncert n\u00eb Belveder t\u00eb Ulqinit\"}]},{\"@type\":\"Person\",\"@id\":\"https:\/\/www.visit-ulcinj.com\/blog\/#\/schema\/person\/dcab619c614d3038751c63bc2aadc06d\",\"name\":\"ulqini\",\"sameAs\":[\"http:\/\/www.visit-ulcinj.com\"],\"url\":\"https:\/\/www.visit-ulcinj.com\/blog\/author\/admin\/\"}]}<\/script>\n<!-- \/ Yoast SEO plugin. -->","yoast_head_json":{"title":"Noizy koncert n\u00eb Belveder t\u00eb Ulqinit - Lajme nga Ulqini","description":"Reperi i njohur shqip\u00ebtar do t\u00eb mbaj\u00eb nj\u00eb koncert me an\u00ebtar\u00ebt e grupit OTR me n\u00eb krye Noizy-n n\u00eb terac\u00ebn Belveder Club t\u00eb Ulqinit. Reperi i njohur, ve\u00e7","robots":{"index":"index","follow":"follow","max-snippet":"max-snippet:-1","max-image-preview":"max-image-preview:large","max-video-preview":"max-video-preview:-1"},"canonical":"https:\/\/www.visit-ulcinj.com\/blog\/2013\/07\/23\/noizy-koncert-ne-belveder-te-ulqinit\/","og_locale":"en_US","og_type":"article","og_title":"Noizy koncert n\u00eb Belveder t\u00eb Ulqinit - Lajme nga Ulqini","og_description":"Reperi i njohur shqip\u00ebtar do t\u00eb mbaj\u00eb nj\u00eb koncert me an\u00ebtar\u00ebt e grupit OTR me n\u00eb krye Noizy-n n\u00eb terac\u00ebn Belveder Club t\u00eb Ulqinit. Reperi i njohur, ve\u00e7","og_url":"https:\/\/www.visit-ulcinj.com\/blog\/2013\/07\/23\/noizy-koncert-ne-belveder-te-ulqinit\/","og_site_name":"Lajme nga Ulqini","article_published_time":"2013-07-23T18:47:49+00:00","article_modified_time":"2013-07-23T18:48:14+00:00","og_image":[{"url":"http:\/\/www.visit-ulcinj.com\/blog\/wp-content\/uploads\/2013\/07\/Noizy-ne-koncert-ne-Ulqin.png"}],"twitter_misc":{"Written by":"ulqini"},"schema":{"@context":"https:\/\/schema.org","@graph":[{"@type":"WebSite","@id":"https:\/\/www.visit-ulcinj.com\/blog\/#website","url":"https:\/\/www.visit-ulcinj.com\/blog\/","name":"Lajme nga Ulqini","description":"Lajme,Vijesti,Ulqini,Ulqin,Crna Gora,Mali i Zi","potentialAction":[{"@type":"SearchAction","target":{"@type":"EntryPoint","urlTemplate":"https:\/\/www.visit-ulcinj.com\/blog\/?s={search_term_string}"},"query-input":"required name=search_term_string"}],"inLanguage":"en-US"},{"@type":"ImageObject","inLanguage":"en-US","@id":"https:\/\/www.visit-ulcinj.com\/blog\/2013\/07\/23\/noizy-koncert-ne-belveder-te-ulqinit\/#primaryimage","url":"http:\/\/www.visit-ulcinj.com\/blog\/wp-content\/uploads\/2013\/07\/Noizy-ne-koncert-ne-Ulqin.png","contentUrl":"http:\/\/www.visit-ulcinj.com\/blog\/wp-content\/uploads\/2013\/07\/Noizy-ne-koncert-ne-Ulqin.png"},{"@type":"WebPage","@id":"https:\/\/www.visit-ulcinj.com\/blog\/2013\/07\/23\/noizy-koncert-ne-belveder-te-ulqinit\/#webpage","url":"https:\/\/www.visit-ulcinj.com\/blog\/2013\/07\/23\/noizy-koncert-ne-belveder-te-ulqinit\/","name":"Noizy koncert n\u00eb Belveder t\u00eb Ulqinit - Lajme nga Ulqini","isPartOf":{"@id":"https:\/\/www.visit-ulcinj.com\/blog\/#website"},"primaryImageOfPage":{"@id":"https:\/\/www.visit-ulcinj.com\/blog\/2013\/07\/23\/noizy-koncert-ne-belveder-te-ulqinit\/#primaryimage"},"datePublished":"2013-07-23T18:47:49+00:00","dateModified":"2013-07-23T18:48:14+00:00","author":{"@id":"https:\/\/www.visit-ulcinj.com\/blog\/#\/schema\/person\/dcab619c614d3038751c63bc2aadc06d"},"description":"Reperi i njohur shqip\u00ebtar do t\u00eb mbaj\u00eb nj\u00eb koncert me an\u00ebtar\u00ebt e grupit OTR me n\u00eb krye Noizy-n n\u00eb terac\u00ebn Belveder Club t\u00eb Ulqinit. Reperi i njohur, ve\u00e7","breadcrumb":{"@id":"https:\/\/www.visit-ulcinj.com\/blog\/2013\/07\/23\/noizy-koncert-ne-belveder-te-ulqinit\/#breadcrumb"},"inLanguage":"en-US","potentialAction":[{"@type":"ReadAction","target":["https:\/\/www.visit-ulcinj.com\/blog\/2013\/07\/23\/noizy-koncert-ne-belveder-te-ulqinit\/"]}]},{"@type":"BreadcrumbList","@id":"https:\/\/www.visit-ulcinj.com\/blog\/2013\/07\/23\/noizy-koncert-ne-belveder-te-ulqinit\/#breadcrumb","itemListElement":[{"@type":"ListItem","position":1,"name":"Noizy koncert n\u00eb Belveder t\u00eb Ulqinit"}]},{"@type":"Person","@id":"https:\/\/www.visit-ulcinj.com\/blog\/#\/schema\/person\/dcab619c614d3038751c63bc2aadc06d","name":"ulqini","sameAs":["http:\/\/www.visit-ulcinj.com"],"url":"https:\/\/www.visit-ulcinj.com\/blog\/author\/admin\/"}]}},"jetpack_featured_media_url":"","jetpack_sharing_enabled":true,"jetpack_shortlink":"https:\/\/wp.me\/pe6lTn-j9i","_links":{"self":[{"href":"https:\/\/www.visit-ulcinj.com\/blog\/wp-json\/wp\/v2\/posts\/73612"}],"collection":[{"href":"https:\/\/www.visit-ulcinj.com\/blog\/wp-json\/wp\/v2\/posts"}],"about":[{"href":"https:\/\/www.visit-ulcinj.com\/blog\/wp-json\/wp\/v2\/types\/post"}],"author":[{"embeddable":true,"href":"https:\/\/www.visit-ulcinj.com\/blog\/wp-json\/wp\/v2\/users\/1"}],"replies":[{"embeddable":true,"href":"https:\/\/www.visit-ulcinj.com\/blog\/wp-json\/wp\/v2\/comments?post=73612"}],"version-history":[{"count":2,"href":"https:\/\/www.visit-ulcinj.com\/blog\/wp-json\/wp\/v2\/posts\/73612\/revisions"}],"predecessor-version":[{"id":73615,"href":"https:\/\/www.visit-ulcinj.com\/blog\/wp-json\/wp\/v2\/posts\/73612\/revisions\/73615"}],"wp:attachment":[{"href":"https:\/\/www.visit-ulcinj.com\/blog\/wp-json\/wp\/v2\/media?parent=73612"}],"wp:term":[{"taxonomy":"category","embeddable":true,"href":"https:\/\/www.visit-ulcinj.com\/blog\/wp-json\/wp\/v2\/categories?post=73612"},{"taxonomy":"post_tag","embeddable":true,"href":"https:\/\/www.visit-ulcinj.com\/blog\/wp-json\/wp\/v2\/tags?post=73612"}],"curies":[{"name":"wp","href":"https:\/\/api.w.org\/{rel}","templated":true}]}}