{"id":73617,"date":"2013-07-23T20:14:47","date_gmt":"2013-07-23T19:14:47","guid":{"rendered":"http:\/\/www.visit-ulcinj.com\/blog\/?p=73617"},"modified":"2013-07-23T20:14:47","modified_gmt":"2013-07-23T19:14:47","slug":"udheheqesit-e-pd-se-leshuan-takimin-te-cungu","status":"publish","type":"post","link":"https:\/\/www.visit-ulcinj.com\/blog\/2013\/07\/23\/udheheqesit-e-pd-se-leshuan-takimin-te-cungu\/","title":{"rendered":"Udh\u00ebheq\u00ebsit e PD-s\u00eb l\u00ebshuan takimin te Cungu"},"content":{"rendered":"<p><a href=\"http:\/\/www.visit-ulcinj.com\/blog\/wp-content\/uploads\/2013\/07\/Gjoni-Mustafa-Gjeka.jpg\"><img loading=\"lazy\" class=\"alignleft  wp-image-73618\" alt=\"Gjoni-Mustafa-Gjeka\" src=\"http:\/\/www.visit-ulcinj.com\/blog\/wp-content\/uploads\/2013\/07\/Gjoni-Mustafa-Gjeka.jpg\" width=\"508\" height=\"360\" \/><\/a>Kryetari i komun\u00ebs s\u00eb Ulqinit Nazif Cungu ka organizuar t\u00eb mart\u00ebn nj\u00eb takim konsultativ me t\u00eb gjith\u00eb subjektet politike q\u00eb jan\u00eb t\u00eb p\u00ebrfaq\u00ebsuara n\u00eb Kuvendin e Ulqinit p\u00ebr t\u00eb diskutuar lidhur me punen e qeverisjes lokale n\u00eb komun\u00ebn e Ulqinit. N\u00eb k\u00ebt\u00eb takim ishin t\u00eb pranishem p\u00ebrfaq\u00ebsues t\u00eb Partis\u00eb Demokratike, Unionit Demokratik t\u00eb Shqiptar\u00ebve, Partis\u00eb Demokratike Socialiste, L\u00ebvizjes Perspektiva, Partis\u00eb Social Demokrate, Partis\u00eb s\u00eb Prosperitetit Demokratik si dhe p\u00ebrfaq\u00ebsuesi i Partis\u00eb Popullore Socialiste.<\/p>\n<p>Kryetari Cungu u shpreh se qellimi i k\u00ebtij\u00eb takimi \u00ebsht\u00eb p\u00ebr t\u00eb diskutuar lidhur me normalizimin e pun\u00ebs s\u00eb Kuvendin Komunal t\u00eb Ulqinit, q\u00eb do t\u00eb ndikoj n\u00eb fuqizimin e veprimtaris\u00eb dhe funksionimit t\u00eb organeve t\u00eb qeverisjes lokale n\u00eb komunen ton\u00eb. Komuna e Ulqinit gjendet para disa akteve shum\u00eb t\u00eb r\u00ebnd\u00ebsishme p\u00ebr sanimin e gjendjes s\u00eb saj aktuale financiare si\u00e7 \u00ebsht\u00eb plani i sanimit, sigurimi i mjeteve kreditore, rebalansi i buxhetit e t\u00eb tjer\u00eb, mirpo gjendet edhe para disa aktiviteteve intenzive p\u00ebr pregaditjen e investimeve kapitale n\u00eb rrafshin infrastrukturor si\u00e7 \u00ebsht\u00eb sigurimi i mjeteve nga KFW banka p\u00ebr nd\u00ebrtimin e sistemit t\u00eb uj\u00ebsjellsit dhe kanalizimit me vler\u00eb mbi 20milion euro e k\u00ebshtu me rradh\u00eb, aktivitete k\u00ebto pa t\u00eb cilat Komuna e Ulqinit nuk mund t\u00eb siguroj nj\u00eb zhvillim dhe prosperitet t\u00eb qendrueshem.\u00a0 Nisur nga ky fakt, n\u00eb interes t\u00eb qytetit dhe qytetar\u00ebve tan\u00eb, shpresoj q\u00eb nga ky takim t\u00eb dalim me nj\u00eb qendrim t\u00eb p\u00ebrbashk\u00ebt n\u00eb mb\u00ebshtetjen konsensuale t\u00eb k\u00ebtyre aktiviteve duke hapur k\u00ebshtu nj\u00eb perspektiv\u00eb t\u00eb re p\u00ebr qytetin ton\u00eb u shpreh z. Cungu.<\/p>\n<p>Kryetari i Partis\u00eb Demokratike z.Fatmir Gjeka p\u00ebrshendeti nj\u00eb iniciativ\u00eb t\u00eb till\u00eb por n\u00eb k\u00ebto momente nuk shprehi gadishmerin\u00eb e tij\u00eb p\u00ebr t\u00eb diskutuar lidhur me k\u00ebto \u00e7\u00ebshtje dhe bashk\u00eb me Kretarin e Kuvendit z. Milazim Mustafa dhe N\u00ebnkryetarin e Komun\u00ebs z.Met Gjoni u larguan nga takimi.<\/p>\n<p>T\u00eb pranishmit t\u00eb tjer\u00eb n\u00eb k\u00ebt\u00eb takim u shprehen t\u00eb gatshem p\u00ebr t\u00eb marr\u00eb pj\u00ebs\u00eb n\u00eb \u00e7do kuvend, qoft ai edhe i jashtzakonshem, duke deklaruar k\u00ebshtu se ata do t\u00eb mb\u00ebshtesin t\u00eb gjitha propozimet e parashtruara t\u00eb cilat do t\u00eb ndikojn\u00eb n\u00eb sanimin e gjendjes aktuale si dhe vendimet t\u00eb tjera t\u00eb cilat do t\u00eb hapin nj\u00eb rrug\u00eb t\u00eb re n\u00eb zhvillimin e qytetit t\u00eb Ulqinit.<\/p>\n<p><strong>Burimi: Ul-Info<\/strong><\/p>\n","protected":false},"excerpt":{"rendered":"<p>Kryetari i komun\u00ebs s\u00eb Ulqinit Nazif Cungu ka organizuar t\u00eb mart\u00ebn nj\u00eb takim konsultativ me t\u00eb gjith\u00eb subjektet politike q\u00eb jan\u00eb t\u00eb p\u00ebrfaq\u00ebsuara n\u00eb Kuvendin e Ulqinit p\u00ebr t\u00eb diskutuar lidhur me punen e qeverisjes lokale n\u00eb komun\u00ebn e Ulqinit. N\u00eb k\u00ebt\u00eb takim ishin t\u00eb pranishem p\u00ebrfaq\u00ebsues t\u00eb Partis\u00eb Demokratike, Unionit Demokratik t\u00eb Shqiptar\u00ebve, Partis\u00eb [&hellip;]<\/p>\n","protected":false},"author":1,"featured_media":0,"comment_status":"closed","ping_status":"closed","sticky":false,"template":"","format":"standard","meta":{"spay_email":"","jetpack_publicize_message":"","jetpack_is_tweetstorm":false,"jetpack_publicize_feature_enabled":true},"categories":[6950],"tags":[],"jetpack_publicize_connections":[],"yoast_head":"<!-- This site is optimized with the Yoast SEO plugin v19.1 - https:\/\/yoast.com\/wordpress\/plugins\/seo\/ -->\n<title>Udh\u00ebheq\u00ebsit e PD-s\u00eb l\u00ebshuan takimin te Cungu - Lajme nga Ulqini<\/title>\n<meta name=\"description\" content=\"Kryetari i komun\u00ebs s\u00eb Ulqinit Nazif Cungu ka organizuar t\u00eb mart\u00ebn nj\u00eb takim konsultativ me t\u00eb gjith\u00eb subjektet politike q\u00eb jan\u00eb t\u00eb p\u00ebrfaq\u00ebsuara n\u00eb\" \/>\n<meta name=\"robots\" content=\"index, follow, max-snippet:-1, max-image-preview:large, max-video-preview:-1\" \/>\n<link rel=\"canonical\" href=\"https:\/\/www.visit-ulcinj.com\/blog\/2013\/07\/23\/udheheqesit-e-pd-se-leshuan-takimin-te-cungu\/\" \/>\n<meta property=\"og:locale\" content=\"en_US\" \/>\n<meta property=\"og:type\" content=\"article\" \/>\n<meta property=\"og:title\" content=\"Udh\u00ebheq\u00ebsit e PD-s\u00eb l\u00ebshuan takimin te Cungu - Lajme nga Ulqini\" \/>\n<meta property=\"og:description\" content=\"Kryetari i komun\u00ebs s\u00eb Ulqinit Nazif Cungu ka organizuar t\u00eb mart\u00ebn nj\u00eb takim konsultativ me t\u00eb gjith\u00eb subjektet politike q\u00eb jan\u00eb t\u00eb p\u00ebrfaq\u00ebsuara n\u00eb\" \/>\n<meta property=\"og:url\" content=\"https:\/\/www.visit-ulcinj.com\/blog\/2013\/07\/23\/udheheqesit-e-pd-se-leshuan-takimin-te-cungu\/\" \/>\n<meta property=\"og:site_name\" content=\"Lajme nga Ulqini\" \/>\n<meta property=\"article:published_time\" content=\"2013-07-23T19:14:47+00:00\" \/>\n<meta property=\"og:image\" content=\"http:\/\/www.visit-ulcinj.com\/blog\/wp-content\/uploads\/2013\/07\/Gjoni-Mustafa-Gjeka.jpg\" \/>\n<meta name=\"twitter:label1\" content=\"Written by\" \/>\n\t<meta name=\"twitter:data1\" content=\"ulqini\" \/>\n\t<meta name=\"twitter:label2\" content=\"Est. reading time\" \/>\n\t<meta name=\"twitter:data2\" content=\"2 minutes\" \/>\n<script type=\"application\/ld+json\" class=\"yoast-schema-graph\">{\"@context\":\"https:\/\/schema.org\",\"@graph\":[{\"@type\":\"WebSite\",\"@id\":\"https:\/\/www.visit-ulcinj.com\/blog\/#website\",\"url\":\"https:\/\/www.visit-ulcinj.com\/blog\/\",\"name\":\"Lajme nga Ulqini\",\"description\":\"Lajme,Vijesti,Ulqini,Ulqin,Crna Gora,Mali i Zi\",\"potentialAction\":[{\"@type\":\"SearchAction\",\"target\":{\"@type\":\"EntryPoint\",\"urlTemplate\":\"https:\/\/www.visit-ulcinj.com\/blog\/?s={search_term_string}\"},\"query-input\":\"required name=search_term_string\"}],\"inLanguage\":\"en-US\"},{\"@type\":\"ImageObject\",\"inLanguage\":\"en-US\",\"@id\":\"https:\/\/www.visit-ulcinj.com\/blog\/2013\/07\/23\/udheheqesit-e-pd-se-leshuan-takimin-te-cungu\/#primaryimage\",\"url\":\"https:\/\/www.visit-ulcinj.com\/blog\/wp-content\/uploads\/2013\/07\/Gjoni-Mustafa-Gjeka.jpg\",\"contentUrl\":\"https:\/\/www.visit-ulcinj.com\/blog\/wp-content\/uploads\/2013\/07\/Gjoni-Mustafa-Gjeka.jpg\",\"width\":960,\"height\":658},{\"@type\":\"WebPage\",\"@id\":\"https:\/\/www.visit-ulcinj.com\/blog\/2013\/07\/23\/udheheqesit-e-pd-se-leshuan-takimin-te-cungu\/#webpage\",\"url\":\"https:\/\/www.visit-ulcinj.com\/blog\/2013\/07\/23\/udheheqesit-e-pd-se-leshuan-takimin-te-cungu\/\",\"name\":\"Udh\u00ebheq\u00ebsit e PD-s\u00eb l\u00ebshuan takimin te Cungu - Lajme nga Ulqini\",\"isPartOf\":{\"@id\":\"https:\/\/www.visit-ulcinj.com\/blog\/#website\"},\"primaryImageOfPage\":{\"@id\":\"https:\/\/www.visit-ulcinj.com\/blog\/2013\/07\/23\/udheheqesit-e-pd-se-leshuan-takimin-te-cungu\/#primaryimage\"},\"datePublished\":\"2013-07-23T19:14:47+00:00\",\"dateModified\":\"2013-07-23T19:14:47+00:00\",\"author\":{\"@id\":\"https:\/\/www.visit-ulcinj.com\/blog\/#\/schema\/person\/dcab619c614d3038751c63bc2aadc06d\"},\"description\":\"Kryetari i komun\u00ebs s\u00eb Ulqinit Nazif Cungu ka organizuar t\u00eb mart\u00ebn nj\u00eb takim konsultativ me t\u00eb gjith\u00eb subjektet politike q\u00eb jan\u00eb t\u00eb p\u00ebrfaq\u00ebsuara n\u00eb\",\"breadcrumb\":{\"@id\":\"https:\/\/www.visit-ulcinj.com\/blog\/2013\/07\/23\/udheheqesit-e-pd-se-leshuan-takimin-te-cungu\/#breadcrumb\"},\"inLanguage\":\"en-US\",\"potentialAction\":[{\"@type\":\"ReadAction\",\"target\":[\"https:\/\/www.visit-ulcinj.com\/blog\/2013\/07\/23\/udheheqesit-e-pd-se-leshuan-takimin-te-cungu\/\"]}]},{\"@type\":\"BreadcrumbList\",\"@id\":\"https:\/\/www.visit-ulcinj.com\/blog\/2013\/07\/23\/udheheqesit-e-pd-se-leshuan-takimin-te-cungu\/#breadcrumb\",\"itemListElement\":[{\"@type\":\"ListItem\",\"position\":1,\"name\":\"Udh\u00ebheq\u00ebsit e PD-s\u00eb l\u00ebshuan takimin te Cungu\"}]},{\"@type\":\"Person\",\"@id\":\"https:\/\/www.visit-ulcinj.com\/blog\/#\/schema\/person\/dcab619c614d3038751c63bc2aadc06d\",\"name\":\"ulqini\",\"sameAs\":[\"http:\/\/www.visit-ulcinj.com\"],\"url\":\"https:\/\/www.visit-ulcinj.com\/blog\/author\/admin\/\"}]}<\/script>\n<!-- \/ Yoast SEO plugin. -->","yoast_head_json":{"title":"Udh\u00ebheq\u00ebsit e PD-s\u00eb l\u00ebshuan takimin te Cungu - Lajme nga Ulqini","description":"Kryetari i komun\u00ebs s\u00eb Ulqinit Nazif Cungu ka organizuar t\u00eb mart\u00ebn nj\u00eb takim konsultativ me t\u00eb gjith\u00eb subjektet politike q\u00eb jan\u00eb t\u00eb p\u00ebrfaq\u00ebsuara n\u00eb","robots":{"index":"index","follow":"follow","max-snippet":"max-snippet:-1","max-image-preview":"max-image-preview:large","max-video-preview":"max-video-preview:-1"},"canonical":"https:\/\/www.visit-ulcinj.com\/blog\/2013\/07\/23\/udheheqesit-e-pd-se-leshuan-takimin-te-cungu\/","og_locale":"en_US","og_type":"article","og_title":"Udh\u00ebheq\u00ebsit e PD-s\u00eb l\u00ebshuan takimin te Cungu - Lajme nga Ulqini","og_description":"Kryetari i komun\u00ebs s\u00eb Ulqinit Nazif Cungu ka organizuar t\u00eb mart\u00ebn nj\u00eb takim konsultativ me t\u00eb gjith\u00eb subjektet politike q\u00eb jan\u00eb t\u00eb p\u00ebrfaq\u00ebsuara n\u00eb","og_url":"https:\/\/www.visit-ulcinj.com\/blog\/2013\/07\/23\/udheheqesit-e-pd-se-leshuan-takimin-te-cungu\/","og_site_name":"Lajme nga Ulqini","article_published_time":"2013-07-23T19:14:47+00:00","og_image":[{"url":"http:\/\/www.visit-ulcinj.com\/blog\/wp-content\/uploads\/2013\/07\/Gjoni-Mustafa-Gjeka.jpg"}],"twitter_misc":{"Written by":"ulqini","Est. reading time":"2 minutes"},"schema":{"@context":"https:\/\/schema.org","@graph":[{"@type":"WebSite","@id":"https:\/\/www.visit-ulcinj.com\/blog\/#website","url":"https:\/\/www.visit-ulcinj.com\/blog\/","name":"Lajme nga Ulqini","description":"Lajme,Vijesti,Ulqini,Ulqin,Crna Gora,Mali i Zi","potentialAction":[{"@type":"SearchAction","target":{"@type":"EntryPoint","urlTemplate":"https:\/\/www.visit-ulcinj.com\/blog\/?s={search_term_string}"},"query-input":"required name=search_term_string"}],"inLanguage":"en-US"},{"@type":"ImageObject","inLanguage":"en-US","@id":"https:\/\/www.visit-ulcinj.com\/blog\/2013\/07\/23\/udheheqesit-e-pd-se-leshuan-takimin-te-cungu\/#primaryimage","url":"https:\/\/www.visit-ulcinj.com\/blog\/wp-content\/uploads\/2013\/07\/Gjoni-Mustafa-Gjeka.jpg","contentUrl":"https:\/\/www.visit-ulcinj.com\/blog\/wp-content\/uploads\/2013\/07\/Gjoni-Mustafa-Gjeka.jpg","width":960,"height":658},{"@type":"WebPage","@id":"https:\/\/www.visit-ulcinj.com\/blog\/2013\/07\/23\/udheheqesit-e-pd-se-leshuan-takimin-te-cungu\/#webpage","url":"https:\/\/www.visit-ulcinj.com\/blog\/2013\/07\/23\/udheheqesit-e-pd-se-leshuan-takimin-te-cungu\/","name":"Udh\u00ebheq\u00ebsit e PD-s\u00eb l\u00ebshuan takimin te Cungu - Lajme nga Ulqini","isPartOf":{"@id":"https:\/\/www.visit-ulcinj.com\/blog\/#website"},"primaryImageOfPage":{"@id":"https:\/\/www.visit-ulcinj.com\/blog\/2013\/07\/23\/udheheqesit-e-pd-se-leshuan-takimin-te-cungu\/#primaryimage"},"datePublished":"2013-07-23T19:14:47+00:00","dateModified":"2013-07-23T19:14:47+00:00","author":{"@id":"https:\/\/www.visit-ulcinj.com\/blog\/#\/schema\/person\/dcab619c614d3038751c63bc2aadc06d"},"description":"Kryetari i komun\u00ebs s\u00eb Ulqinit Nazif Cungu ka organizuar t\u00eb mart\u00ebn nj\u00eb takim konsultativ me t\u00eb gjith\u00eb subjektet politike q\u00eb jan\u00eb t\u00eb p\u00ebrfaq\u00ebsuara n\u00eb","breadcrumb":{"@id":"https:\/\/www.visit-ulcinj.com\/blog\/2013\/07\/23\/udheheqesit-e-pd-se-leshuan-takimin-te-cungu\/#breadcrumb"},"inLanguage":"en-US","potentialAction":[{"@type":"ReadAction","target":["https:\/\/www.visit-ulcinj.com\/blog\/2013\/07\/23\/udheheqesit-e-pd-se-leshuan-takimin-te-cungu\/"]}]},{"@type":"BreadcrumbList","@id":"https:\/\/www.visit-ulcinj.com\/blog\/2013\/07\/23\/udheheqesit-e-pd-se-leshuan-takimin-te-cungu\/#breadcrumb","itemListElement":[{"@type":"ListItem","position":1,"name":"Udh\u00ebheq\u00ebsit e PD-s\u00eb l\u00ebshuan takimin te Cungu"}]},{"@type":"Person","@id":"https:\/\/www.visit-ulcinj.com\/blog\/#\/schema\/person\/dcab619c614d3038751c63bc2aadc06d","name":"ulqini","sameAs":["http:\/\/www.visit-ulcinj.com"],"url":"https:\/\/www.visit-ulcinj.com\/blog\/author\/admin\/"}]}},"jetpack_featured_media_url":"","jetpack_sharing_enabled":true,"jetpack_shortlink":"https:\/\/wp.me\/pe6lTn-j9n","_links":{"self":[{"href":"https:\/\/www.visit-ulcinj.com\/blog\/wp-json\/wp\/v2\/posts\/73617"}],"collection":[{"href":"https:\/\/www.visit-ulcinj.com\/blog\/wp-json\/wp\/v2\/posts"}],"about":[{"href":"https:\/\/www.visit-ulcinj.com\/blog\/wp-json\/wp\/v2\/types\/post"}],"author":[{"embeddable":true,"href":"https:\/\/www.visit-ulcinj.com\/blog\/wp-json\/wp\/v2\/users\/1"}],"replies":[{"embeddable":true,"href":"https:\/\/www.visit-ulcinj.com\/blog\/wp-json\/wp\/v2\/comments?post=73617"}],"version-history":[{"count":1,"href":"https:\/\/www.visit-ulcinj.com\/blog\/wp-json\/wp\/v2\/posts\/73617\/revisions"}],"predecessor-version":[{"id":73619,"href":"https:\/\/www.visit-ulcinj.com\/blog\/wp-json\/wp\/v2\/posts\/73617\/revisions\/73619"}],"wp:attachment":[{"href":"https:\/\/www.visit-ulcinj.com\/blog\/wp-json\/wp\/v2\/media?parent=73617"}],"wp:term":[{"taxonomy":"category","embeddable":true,"href":"https:\/\/www.visit-ulcinj.com\/blog\/wp-json\/wp\/v2\/categories?post=73617"},{"taxonomy":"post_tag","embeddable":true,"href":"https:\/\/www.visit-ulcinj.com\/blog\/wp-json\/wp\/v2\/tags?post=73617"}],"curies":[{"name":"wp","href":"https:\/\/api.w.org\/{rel}","templated":true}]}}