{"id":73620,"date":"2013-07-23T22:18:15","date_gmt":"2013-07-23T21:18:15","guid":{"rendered":"http:\/\/www.visit-ulcinj.com\/blog\/?p=73620"},"modified":"2013-07-23T22:18:15","modified_gmt":"2013-07-23T21:18:15","slug":"sulejmani-forca-ne-postuje-koalicioni-sporazum","status":"publish","type":"post","link":"https:\/\/www.visit-ulcinj.com\/blog\/2013\/07\/23\/sulejmani-forca-ne-postuje-koalicioni-sporazum\/","title":{"rendered":"Sulejmani: Forca ne po\u0161tuje koalicioni sporazum"},"content":{"rendered":"<p><a href=\"http:\/\/www.visit-ulcinj.com\/blog\/wp-content\/uploads\/2013\/07\/Haxhi-Sulejmani.jpg\"><img loading=\"lazy\" class=\"alignleft  wp-image-73621\" alt=\"Haxhi-Sulejmani\" src=\"http:\/\/www.visit-ulcinj.com\/blog\/wp-content\/uploads\/2013\/07\/Haxhi-Sulejmani.jpg\" width=\"350\" height=\"290\" srcset=\"https:\/\/www.visit-ulcinj.com\/blog\/wp-content\/uploads\/2013\/07\/Haxhi-Sulejmani.jpg 431w, https:\/\/www.visit-ulcinj.com\/blog\/wp-content\/uploads\/2013\/07\/Haxhi-Sulejmani-300x248.jpg 300w\" sizes=\"(max-width: 350px) 100vw, 350px\" \/><\/a>ULCINj &#8211; Generalni sekretar Demokratske partije Had\u017ei Sulejmani izjavio je da u odnosima me\u0111u koalicionim partijama u op\u0161tini Ulcinj postoji zahla\u0111enje jer \u010dlanica koalicije Nova demokratska snaga Forca ne po\u0161tuje koalicioni sporazum.<br \/>\n&#8211; Tri subjekta DP, SDP i Gra\u0111anska alijansa \u201ePerspektiva\u201d ka\u017eu da se on ne po\u0161tuje, Forca misli suprotno. Dakle , tri \u010dlanice smatraju smatraju da situacija nije dobra, a jedna tvrdi suprotno &#8211; pojasnio je Sulejmani u izjavi Radio Ulcinju.<br \/>\nPrema njegovim rije\u010dima, koalicioni sporazum predvi\u0111a da se njegovi potpisnici sastaju dva puta mjese\u010dno, ali to nije ispo\u0161tovano. On smatra da i pored toga postoji mogu\u0107nost opstanka vladaju\u0107eg saveza.<br \/>\n&#8211; To ipak ne zavisi od nas. U Forci moraju znati da ih je neko doveo do vlasti u op\u0161tini &#8211; poru\u010dio je zvani\u010dnik DP isti\u010du\u0107i da neki ljudi kada stignu do vrha, zaborave narod. Sulejmani je ocijenio da je ekonomskom situacijom u op\u0161tini razo\u010daravaju\u0107a.<br \/>\n-Nije dobro. Uzeli smo jedan, pa drugi kredit, smanjili plate, sada potpisali sanacioni plan &#8211; rekao je on.<br \/>\nPodsjetimo, u najju\u017enijoj op\u0161tini se sve \u010de\u0161\u0107e govori o mogu\u0107nosti vanrednih lokalnih izbora na jesen, jer su odnosi me\u0111u partijama na vlasti do te mjere poreme\u0107eni da u lokalnom parlamentu ne postoji saglasnost oko najva\u017enijih pitanja. Koalicioni partneri najavili su da ne\u0107e podr\u017eati izvje\u0161taj o radu predsjednika op\u0161tine, koji je prva slede\u0107a ta\u010dka nedavno prekinute sjednice Skup\u0161tine op\u0161tine. Zasad nema dogovora ni kada \u0107e se lokalani parlament nastaviti zasjedanje s po\u010detka jula.<\/p>\n<p><strong>M.K.<\/strong><br \/>\n<strong>Izvor: DAN<\/strong><\/p>\n","protected":false},"excerpt":{"rendered":"<p>ULCINj &#8211; Generalni sekretar Demokratske partije Had\u017ei Sulejmani izjavio je da u odnosima me\u0111u koalicionim partijama u op\u0161tini Ulcinj postoji zahla\u0111enje jer \u010dlanica koalicije Nova demokratska snaga Forca ne po\u0161tuje koalicioni sporazum. &#8211; Tri subjekta DP, SDP i Gra\u0111anska alijansa \u201ePerspektiva\u201d ka\u017eu da se on ne po\u0161tuje, Forca misli suprotno. Dakle , tri \u010dlanice smatraju [&hellip;]<\/p>\n","protected":false},"author":1,"featured_media":0,"comment_status":"closed","ping_status":"closed","sticky":false,"template":"","format":"standard","meta":{"spay_email":"","jetpack_publicize_message":"","jetpack_is_tweetstorm":false,"jetpack_publicize_feature_enabled":true},"categories":[8337],"tags":[],"jetpack_publicize_connections":[],"yoast_head":"<!-- This site is optimized with the Yoast SEO plugin v19.1 - https:\/\/yoast.com\/wordpress\/plugins\/seo\/ -->\n<title>Sulejmani: Forca ne po\u0161tuje koalicioni sporazum - Lajme nga Ulqini<\/title>\n<meta name=\"description\" content=\"ULCINj - Generalni sekretar Demokratske partije Had\u017ei Sulejmani izjavio je da u odnosima me\u0111u koalicionim partijama u op\u0161tini Ulcinj postoji zahla\u0111enje\" \/>\n<meta name=\"robots\" content=\"index, follow, max-snippet:-1, max-image-preview:large, max-video-preview:-1\" \/>\n<link rel=\"canonical\" href=\"https:\/\/www.visit-ulcinj.com\/blog\/2013\/07\/23\/sulejmani-forca-ne-postuje-koalicioni-sporazum\/\" \/>\n<meta property=\"og:locale\" content=\"en_US\" \/>\n<meta property=\"og:type\" content=\"article\" \/>\n<meta property=\"og:title\" content=\"Sulejmani: Forca ne po\u0161tuje koalicioni sporazum - Lajme nga Ulqini\" \/>\n<meta property=\"og:description\" content=\"ULCINj - Generalni sekretar Demokratske partije Had\u017ei Sulejmani izjavio je da u odnosima me\u0111u koalicionim partijama u op\u0161tini Ulcinj postoji zahla\u0111enje\" \/>\n<meta property=\"og:url\" content=\"https:\/\/www.visit-ulcinj.com\/blog\/2013\/07\/23\/sulejmani-forca-ne-postuje-koalicioni-sporazum\/\" \/>\n<meta property=\"og:site_name\" content=\"Lajme nga Ulqini\" \/>\n<meta property=\"article:published_time\" content=\"2013-07-23T21:18:15+00:00\" \/>\n<meta property=\"og:image\" content=\"http:\/\/www.visit-ulcinj.com\/blog\/wp-content\/uploads\/2013\/07\/Haxhi-Sulejmani.jpg\" \/>\n<meta name=\"twitter:label1\" content=\"Written by\" \/>\n\t<meta name=\"twitter:data1\" content=\"ulqini\" \/>\n\t<meta name=\"twitter:label2\" content=\"Est. reading time\" \/>\n\t<meta name=\"twitter:data2\" content=\"1 minute\" \/>\n<script type=\"application\/ld+json\" class=\"yoast-schema-graph\">{\"@context\":\"https:\/\/schema.org\",\"@graph\":[{\"@type\":\"WebSite\",\"@id\":\"https:\/\/www.visit-ulcinj.com\/blog\/#website\",\"url\":\"https:\/\/www.visit-ulcinj.com\/blog\/\",\"name\":\"Lajme nga Ulqini\",\"description\":\"Lajme,Vijesti,Ulqini,Ulqin,Crna Gora,Mali i Zi\",\"potentialAction\":[{\"@type\":\"SearchAction\",\"target\":{\"@type\":\"EntryPoint\",\"urlTemplate\":\"https:\/\/www.visit-ulcinj.com\/blog\/?s={search_term_string}\"},\"query-input\":\"required name=search_term_string\"}],\"inLanguage\":\"en-US\"},{\"@type\":\"ImageObject\",\"inLanguage\":\"en-US\",\"@id\":\"https:\/\/www.visit-ulcinj.com\/blog\/2013\/07\/23\/sulejmani-forca-ne-postuje-koalicioni-sporazum\/#primaryimage\",\"url\":\"https:\/\/www.visit-ulcinj.com\/blog\/wp-content\/uploads\/2013\/07\/Haxhi-Sulejmani.jpg\",\"contentUrl\":\"https:\/\/www.visit-ulcinj.com\/blog\/wp-content\/uploads\/2013\/07\/Haxhi-Sulejmani.jpg\",\"width\":431,\"height\":357},{\"@type\":\"WebPage\",\"@id\":\"https:\/\/www.visit-ulcinj.com\/blog\/2013\/07\/23\/sulejmani-forca-ne-postuje-koalicioni-sporazum\/#webpage\",\"url\":\"https:\/\/www.visit-ulcinj.com\/blog\/2013\/07\/23\/sulejmani-forca-ne-postuje-koalicioni-sporazum\/\",\"name\":\"Sulejmani: Forca ne po\u0161tuje koalicioni sporazum - Lajme nga Ulqini\",\"isPartOf\":{\"@id\":\"https:\/\/www.visit-ulcinj.com\/blog\/#website\"},\"primaryImageOfPage\":{\"@id\":\"https:\/\/www.visit-ulcinj.com\/blog\/2013\/07\/23\/sulejmani-forca-ne-postuje-koalicioni-sporazum\/#primaryimage\"},\"datePublished\":\"2013-07-23T21:18:15+00:00\",\"dateModified\":\"2013-07-23T21:18:15+00:00\",\"author\":{\"@id\":\"https:\/\/www.visit-ulcinj.com\/blog\/#\/schema\/person\/dcab619c614d3038751c63bc2aadc06d\"},\"description\":\"ULCINj - Generalni sekretar Demokratske partije Had\u017ei Sulejmani izjavio je da u odnosima me\u0111u koalicionim partijama u op\u0161tini Ulcinj postoji zahla\u0111enje\",\"breadcrumb\":{\"@id\":\"https:\/\/www.visit-ulcinj.com\/blog\/2013\/07\/23\/sulejmani-forca-ne-postuje-koalicioni-sporazum\/#breadcrumb\"},\"inLanguage\":\"en-US\",\"potentialAction\":[{\"@type\":\"ReadAction\",\"target\":[\"https:\/\/www.visit-ulcinj.com\/blog\/2013\/07\/23\/sulejmani-forca-ne-postuje-koalicioni-sporazum\/\"]}]},{\"@type\":\"BreadcrumbList\",\"@id\":\"https:\/\/www.visit-ulcinj.com\/blog\/2013\/07\/23\/sulejmani-forca-ne-postuje-koalicioni-sporazum\/#breadcrumb\",\"itemListElement\":[{\"@type\":\"ListItem\",\"position\":1,\"name\":\"Sulejmani: Forca ne po\u0161tuje koalicioni sporazum\"}]},{\"@type\":\"Person\",\"@id\":\"https:\/\/www.visit-ulcinj.com\/blog\/#\/schema\/person\/dcab619c614d3038751c63bc2aadc06d\",\"name\":\"ulqini\",\"sameAs\":[\"http:\/\/www.visit-ulcinj.com\"],\"url\":\"https:\/\/www.visit-ulcinj.com\/blog\/author\/admin\/\"}]}<\/script>\n<!-- \/ Yoast SEO plugin. -->","yoast_head_json":{"title":"Sulejmani: Forca ne po\u0161tuje koalicioni sporazum - Lajme nga Ulqini","description":"ULCINj - Generalni sekretar Demokratske partije Had\u017ei Sulejmani izjavio je da u odnosima me\u0111u koalicionim partijama u op\u0161tini Ulcinj postoji zahla\u0111enje","robots":{"index":"index","follow":"follow","max-snippet":"max-snippet:-1","max-image-preview":"max-image-preview:large","max-video-preview":"max-video-preview:-1"},"canonical":"https:\/\/www.visit-ulcinj.com\/blog\/2013\/07\/23\/sulejmani-forca-ne-postuje-koalicioni-sporazum\/","og_locale":"en_US","og_type":"article","og_title":"Sulejmani: Forca ne po\u0161tuje koalicioni sporazum - Lajme nga Ulqini","og_description":"ULCINj - Generalni sekretar Demokratske partije Had\u017ei Sulejmani izjavio je da u odnosima me\u0111u koalicionim partijama u op\u0161tini Ulcinj postoji zahla\u0111enje","og_url":"https:\/\/www.visit-ulcinj.com\/blog\/2013\/07\/23\/sulejmani-forca-ne-postuje-koalicioni-sporazum\/","og_site_name":"Lajme nga Ulqini","article_published_time":"2013-07-23T21:18:15+00:00","og_image":[{"url":"http:\/\/www.visit-ulcinj.com\/blog\/wp-content\/uploads\/2013\/07\/Haxhi-Sulejmani.jpg"}],"twitter_misc":{"Written by":"ulqini","Est. reading time":"1 minute"},"schema":{"@context":"https:\/\/schema.org","@graph":[{"@type":"WebSite","@id":"https:\/\/www.visit-ulcinj.com\/blog\/#website","url":"https:\/\/www.visit-ulcinj.com\/blog\/","name":"Lajme nga Ulqini","description":"Lajme,Vijesti,Ulqini,Ulqin,Crna Gora,Mali i Zi","potentialAction":[{"@type":"SearchAction","target":{"@type":"EntryPoint","urlTemplate":"https:\/\/www.visit-ulcinj.com\/blog\/?s={search_term_string}"},"query-input":"required name=search_term_string"}],"inLanguage":"en-US"},{"@type":"ImageObject","inLanguage":"en-US","@id":"https:\/\/www.visit-ulcinj.com\/blog\/2013\/07\/23\/sulejmani-forca-ne-postuje-koalicioni-sporazum\/#primaryimage","url":"https:\/\/www.visit-ulcinj.com\/blog\/wp-content\/uploads\/2013\/07\/Haxhi-Sulejmani.jpg","contentUrl":"https:\/\/www.visit-ulcinj.com\/blog\/wp-content\/uploads\/2013\/07\/Haxhi-Sulejmani.jpg","width":431,"height":357},{"@type":"WebPage","@id":"https:\/\/www.visit-ulcinj.com\/blog\/2013\/07\/23\/sulejmani-forca-ne-postuje-koalicioni-sporazum\/#webpage","url":"https:\/\/www.visit-ulcinj.com\/blog\/2013\/07\/23\/sulejmani-forca-ne-postuje-koalicioni-sporazum\/","name":"Sulejmani: Forca ne po\u0161tuje koalicioni sporazum - Lajme nga Ulqini","isPartOf":{"@id":"https:\/\/www.visit-ulcinj.com\/blog\/#website"},"primaryImageOfPage":{"@id":"https:\/\/www.visit-ulcinj.com\/blog\/2013\/07\/23\/sulejmani-forca-ne-postuje-koalicioni-sporazum\/#primaryimage"},"datePublished":"2013-07-23T21:18:15+00:00","dateModified":"2013-07-23T21:18:15+00:00","author":{"@id":"https:\/\/www.visit-ulcinj.com\/blog\/#\/schema\/person\/dcab619c614d3038751c63bc2aadc06d"},"description":"ULCINj - Generalni sekretar Demokratske partije Had\u017ei Sulejmani izjavio je da u odnosima me\u0111u koalicionim partijama u op\u0161tini Ulcinj postoji zahla\u0111enje","breadcrumb":{"@id":"https:\/\/www.visit-ulcinj.com\/blog\/2013\/07\/23\/sulejmani-forca-ne-postuje-koalicioni-sporazum\/#breadcrumb"},"inLanguage":"en-US","potentialAction":[{"@type":"ReadAction","target":["https:\/\/www.visit-ulcinj.com\/blog\/2013\/07\/23\/sulejmani-forca-ne-postuje-koalicioni-sporazum\/"]}]},{"@type":"BreadcrumbList","@id":"https:\/\/www.visit-ulcinj.com\/blog\/2013\/07\/23\/sulejmani-forca-ne-postuje-koalicioni-sporazum\/#breadcrumb","itemListElement":[{"@type":"ListItem","position":1,"name":"Sulejmani: Forca ne po\u0161tuje koalicioni sporazum"}]},{"@type":"Person","@id":"https:\/\/www.visit-ulcinj.com\/blog\/#\/schema\/person\/dcab619c614d3038751c63bc2aadc06d","name":"ulqini","sameAs":["http:\/\/www.visit-ulcinj.com"],"url":"https:\/\/www.visit-ulcinj.com\/blog\/author\/admin\/"}]}},"jetpack_featured_media_url":"","jetpack_sharing_enabled":true,"jetpack_shortlink":"https:\/\/wp.me\/pe6lTn-j9q","_links":{"self":[{"href":"https:\/\/www.visit-ulcinj.com\/blog\/wp-json\/wp\/v2\/posts\/73620"}],"collection":[{"href":"https:\/\/www.visit-ulcinj.com\/blog\/wp-json\/wp\/v2\/posts"}],"about":[{"href":"https:\/\/www.visit-ulcinj.com\/blog\/wp-json\/wp\/v2\/types\/post"}],"author":[{"embeddable":true,"href":"https:\/\/www.visit-ulcinj.com\/blog\/wp-json\/wp\/v2\/users\/1"}],"replies":[{"embeddable":true,"href":"https:\/\/www.visit-ulcinj.com\/blog\/wp-json\/wp\/v2\/comments?post=73620"}],"version-history":[{"count":1,"href":"https:\/\/www.visit-ulcinj.com\/blog\/wp-json\/wp\/v2\/posts\/73620\/revisions"}],"predecessor-version":[{"id":73622,"href":"https:\/\/www.visit-ulcinj.com\/blog\/wp-json\/wp\/v2\/posts\/73620\/revisions\/73622"}],"wp:attachment":[{"href":"https:\/\/www.visit-ulcinj.com\/blog\/wp-json\/wp\/v2\/media?parent=73620"}],"wp:term":[{"taxonomy":"category","embeddable":true,"href":"https:\/\/www.visit-ulcinj.com\/blog\/wp-json\/wp\/v2\/categories?post=73620"},{"taxonomy":"post_tag","embeddable":true,"href":"https:\/\/www.visit-ulcinj.com\/blog\/wp-json\/wp\/v2\/tags?post=73620"}],"curies":[{"name":"wp","href":"https:\/\/api.w.org\/{rel}","templated":true}]}}