{"id":73627,"date":"2013-07-24T07:27:39","date_gmt":"2013-07-24T06:27:39","guid":{"rendered":"http:\/\/www.visit-ulcinj.com\/blog\/?p=73627"},"modified":"2013-07-24T07:28:57","modified_gmt":"2013-07-24T06:28:57","slug":"pasina-kuca-u-rusevinama-u-samom-srcu-grada-ulcinja","status":"publish","type":"post","link":"https:\/\/www.visit-ulcinj.com\/blog\/2013\/07\/24\/pasina-kuca-u-rusevinama-u-samom-srcu-grada-ulcinja\/","title":{"rendered":"&#8220;Pa\u0161ina ku\u0107a&#8221;, u ru\u0161evinama u samom srcu grada Ulcinja"},"content":{"rendered":"<p><a href=\"http:\/\/www.visit-ulcinj.com\/blog\/wp-content\/uploads\/2013\/07\/Pashina-kuca-Ulcinj.jpg\"><img loading=\"lazy\" class=\"alignleft  wp-image-73628\" alt=\"Pashina-kuca-Ulcinj\" src=\"http:\/\/www.visit-ulcinj.com\/blog\/wp-content\/uploads\/2013\/07\/Pashina-kuca-Ulcinj.jpg\" width=\"508\" height=\"360\" \/><\/a>Nekad, &#8220;Pa\u0161ina ku\u0107a&#8221;, u ru\u0161evinama u samom srcu grada. Jeste da je te\u0161ko vjerovati da se ovo de\u00e7ava u 21. vijeku,i to, podno zidina Starog grada ispod Meretriza, ali je kod nas u Ulcinju sve mogu\u0107e. Tako da se neki od nas i ne \u010dude, ovakvom odnosu, \u0161ire dru\u0161tvene zajednice, posebno ovih na\u0161ih ovdje, jo\u0161 iz vremena&#8221; tranzicuje&#8221; , pa i ranije. Nekad je bila proogla\u0161ena spomenikom I Kategorije, dakle, za\u0161ti\u0107ena posebnim zakonom&#8221; Zakonom za\u0161ti\u0107ena&#8221;. Da ironija bude jo\u0161 ve\u0107a, u njoj je desetak porodica imalo besplatan smje\u0161taj sve do momenta kada ju je zemljotres na\u010deo, a ljudska ruka,nakon napu\u0161tanja kona\u010dno dokraj\u010dila. Danas je ostala samo konstukcja, ili bolje re\u010deno nazire se njen nekada\u0161nji izgled i sjaj.<\/p>\n<p>Tragovi ru\u010dno ra\u0111enog i rezbarenog krova su jo\u0161 uvijek vidni na zidovima, dok tavanice i ostali djelovi propadaju ili su propali i nestali u ru\u0161evinama. Dodu\u0161e, nije skroz napu\u0161tena. Danas u njoj ima, ali nekih drugih stanovnika, kojima u 21. vijeku zaista i nije mjesto tu. Podsje\u0107am da se neposredno do nje nalazi i osnovna \u0161kola, i vjerovatno jedan od najnaseljenijih dijelova grada. Me\u0111utim, za \u017ealjenje je, da oni koji danas \u017eive u njenoj okolini su o\u010digledno postali inertni i ne primje\u0107uju ovaj neobi\u010dan &#8221; kom\u0161iluk&#8221;. Mogu\u0107e je da se neko i trudi, da da signal kompetentnim organima Lokalne uprave, da se mora ne\u0161to hitno preduzeti, kako bi se ova, danas ve\u0107 ru\u0161evina uklonila i renovirala.<\/p>\n<p>Nije lijepo zaboravljati da je ova velelepna ku\u0107a bila i zadu\u017ebina, a kasnije je bila progla\u0161ena i spomenikom na\u0161e kulture. Neznam. Ja sam i ranije pisao i molio kompetentne organe i ovih i ranijih sastava, da se kona\u010dno mora ne\u0161to preduzeti. Izgovor da nema sredstava, je uglavnom bio odgovor ili jo\u0161 gore, \u0107utanje. Zadnji je \u010das, da se ne\u0161to preduzme i da se ova ku\u0107a renovira i restaurira. Bez obzira na moje apele, a vjerujem da i jo\u0161 poneko od kom\u0161ija to isto radi, jo\u0161 uvijek se uglavnom \u0107uti. Vjerujem, da kada bi se kojim slu\u010dajem i sam Pa\u0161a reinkarnirao, ne bi mogao sakriti razo\u010darenje i tugu.<\/p>\n<p>Uskoro \u0107e biti 300 godina od izgradnje ku\u0107e i prate\u0107ih objekata u njenoj neposrednoj blizini. Ostavio je ku\u0107u, \u010desmu, d\u017eamiju i hamame u amanet, gradu u kojem je proveo svoj \u017eivot. Jedino, jo\u0161 uvijek stoji d\u017eamija, koja je renovirana i koju \u010duva i o kojoj se brine Islamska vjerska zajednica. Hamam je jo\u0161 uvijek neaktivan, dok je \u010desma nestala od ruku polupismenih komunista, dok velelepna Pa\u0161ina ku\u0107a, \u010deka neka normalnija vremena, i neke druge ljude&#8230;<br \/>\n<a href=\"https:\/\/www.facebook.com\/photo.php?fbid=10201623869862774&amp;set=a.1089990814204.2015521.1359492972&amp;type=1&amp;theater\" target=\"_blank\"><strong>Ismet Karamanaga Facebook<\/strong><\/a><\/p>\n","protected":false},"excerpt":{"rendered":"<p>Nekad, &#8220;Pa\u0161ina ku\u0107a&#8221;, u ru\u0161evinama u samom srcu grada. Jeste da je te\u0161ko vjerovati da se ovo de\u00e7ava u 21. vijeku,i to, podno zidina Starog grada ispod Meretriza, ali je kod nas u Ulcinju sve mogu\u0107e. Tako da se neki od nas i ne \u010dude, ovakvom odnosu, \u0161ire dru\u0161tvene zajednice, posebno ovih na\u0161ih ovdje, jo\u0161 [&hellip;]<\/p>\n","protected":false},"author":1,"featured_media":0,"comment_status":"closed","ping_status":"closed","sticky":false,"template":"","format":"standard","meta":{"spay_email":"","jetpack_publicize_message":"","jetpack_is_tweetstorm":false,"jetpack_publicize_feature_enabled":true},"categories":[6950],"tags":[],"jetpack_publicize_connections":[],"yoast_head":"<!-- This site is optimized with the Yoast SEO plugin v19.1 - https:\/\/yoast.com\/wordpress\/plugins\/seo\/ -->\n<title>&quot;Pa\u0161ina ku\u0107a&quot;, u ru\u0161evinama u samom srcu grada Ulcinja - Lajme nga Ulqini<\/title>\n<meta name=\"description\" content=\"Nekad, &quot;Pa\u0161ina ku\u0107a&quot;, u ru\u0161evinama u samom srcu grada. Jeste da je te\u0161ko vjerovati da se ovo de\u00e7ava u 21. vijeku,i to, podno zidina Starog grada ispod\" \/>\n<meta name=\"robots\" content=\"index, follow, max-snippet:-1, max-image-preview:large, max-video-preview:-1\" \/>\n<link rel=\"canonical\" href=\"https:\/\/www.visit-ulcinj.com\/blog\/2013\/07\/24\/pasina-kuca-u-rusevinama-u-samom-srcu-grada-ulcinja\/\" \/>\n<meta property=\"og:locale\" content=\"en_US\" \/>\n<meta property=\"og:type\" content=\"article\" \/>\n<meta property=\"og:title\" content=\"&quot;Pa\u0161ina ku\u0107a&quot;, u ru\u0161evinama u samom srcu grada Ulcinja - Lajme nga Ulqini\" \/>\n<meta property=\"og:description\" content=\"Nekad, &quot;Pa\u0161ina ku\u0107a&quot;, u ru\u0161evinama u samom srcu grada. Jeste da je te\u0161ko vjerovati da se ovo de\u00e7ava u 21. vijeku,i to, podno zidina Starog grada ispod\" \/>\n<meta property=\"og:url\" content=\"https:\/\/www.visit-ulcinj.com\/blog\/2013\/07\/24\/pasina-kuca-u-rusevinama-u-samom-srcu-grada-ulcinja\/\" \/>\n<meta property=\"og:site_name\" content=\"Lajme nga Ulqini\" \/>\n<meta property=\"article:published_time\" content=\"2013-07-24T06:27:39+00:00\" \/>\n<meta property=\"article:modified_time\" content=\"2013-07-24T06:28:57+00:00\" \/>\n<meta property=\"og:image\" content=\"http:\/\/www.visit-ulcinj.com\/blog\/wp-content\/uploads\/2013\/07\/Pashina-kuca-Ulcinj.jpg\" \/>\n<meta name=\"twitter:label1\" content=\"Written by\" \/>\n\t<meta name=\"twitter:data1\" content=\"ulqini\" \/>\n\t<meta name=\"twitter:label2\" content=\"Est. reading time\" \/>\n\t<meta name=\"twitter:data2\" content=\"2 minutes\" \/>\n<script type=\"application\/ld+json\" class=\"yoast-schema-graph\">{\"@context\":\"https:\/\/schema.org\",\"@graph\":[{\"@type\":\"WebSite\",\"@id\":\"https:\/\/www.visit-ulcinj.com\/blog\/#website\",\"url\":\"https:\/\/www.visit-ulcinj.com\/blog\/\",\"name\":\"Lajme nga Ulqini\",\"description\":\"Lajme,Vijesti,Ulqini,Ulqin,Crna Gora,Mali i Zi\",\"potentialAction\":[{\"@type\":\"SearchAction\",\"target\":{\"@type\":\"EntryPoint\",\"urlTemplate\":\"https:\/\/www.visit-ulcinj.com\/blog\/?s={search_term_string}\"},\"query-input\":\"required name=search_term_string\"}],\"inLanguage\":\"en-US\"},{\"@type\":\"ImageObject\",\"inLanguage\":\"en-US\",\"@id\":\"https:\/\/www.visit-ulcinj.com\/blog\/2013\/07\/24\/pasina-kuca-u-rusevinama-u-samom-srcu-grada-ulcinja\/#primaryimage\",\"url\":\"https:\/\/www.visit-ulcinj.com\/blog\/wp-content\/uploads\/2013\/07\/Pashina-kuca-Ulcinj.jpg\",\"contentUrl\":\"https:\/\/www.visit-ulcinj.com\/blog\/wp-content\/uploads\/2013\/07\/Pashina-kuca-Ulcinj.jpg\",\"width\":960,\"height\":720},{\"@type\":\"WebPage\",\"@id\":\"https:\/\/www.visit-ulcinj.com\/blog\/2013\/07\/24\/pasina-kuca-u-rusevinama-u-samom-srcu-grada-ulcinja\/#webpage\",\"url\":\"https:\/\/www.visit-ulcinj.com\/blog\/2013\/07\/24\/pasina-kuca-u-rusevinama-u-samom-srcu-grada-ulcinja\/\",\"name\":\"\\\"Pa\u0161ina ku\u0107a\\\", u ru\u0161evinama u samom srcu grada Ulcinja - Lajme nga Ulqini\",\"isPartOf\":{\"@id\":\"https:\/\/www.visit-ulcinj.com\/blog\/#website\"},\"primaryImageOfPage\":{\"@id\":\"https:\/\/www.visit-ulcinj.com\/blog\/2013\/07\/24\/pasina-kuca-u-rusevinama-u-samom-srcu-grada-ulcinja\/#primaryimage\"},\"datePublished\":\"2013-07-24T06:27:39+00:00\",\"dateModified\":\"2013-07-24T06:28:57+00:00\",\"author\":{\"@id\":\"https:\/\/www.visit-ulcinj.com\/blog\/#\/schema\/person\/dcab619c614d3038751c63bc2aadc06d\"},\"description\":\"Nekad, \\\"Pa\u0161ina ku\u0107a\\\", u ru\u0161evinama u samom srcu grada. Jeste da je te\u0161ko vjerovati da se ovo de\u00e7ava u 21. vijeku,i to, podno zidina Starog grada ispod\",\"breadcrumb\":{\"@id\":\"https:\/\/www.visit-ulcinj.com\/blog\/2013\/07\/24\/pasina-kuca-u-rusevinama-u-samom-srcu-grada-ulcinja\/#breadcrumb\"},\"inLanguage\":\"en-US\",\"potentialAction\":[{\"@type\":\"ReadAction\",\"target\":[\"https:\/\/www.visit-ulcinj.com\/blog\/2013\/07\/24\/pasina-kuca-u-rusevinama-u-samom-srcu-grada-ulcinja\/\"]}]},{\"@type\":\"BreadcrumbList\",\"@id\":\"https:\/\/www.visit-ulcinj.com\/blog\/2013\/07\/24\/pasina-kuca-u-rusevinama-u-samom-srcu-grada-ulcinja\/#breadcrumb\",\"itemListElement\":[{\"@type\":\"ListItem\",\"position\":1,\"name\":\"&#8220;Pa\u0161ina ku\u0107a&#8221;, u ru\u0161evinama u samom srcu grada Ulcinja\"}]},{\"@type\":\"Person\",\"@id\":\"https:\/\/www.visit-ulcinj.com\/blog\/#\/schema\/person\/dcab619c614d3038751c63bc2aadc06d\",\"name\":\"ulqini\",\"sameAs\":[\"http:\/\/www.visit-ulcinj.com\"],\"url\":\"https:\/\/www.visit-ulcinj.com\/blog\/author\/admin\/\"}]}<\/script>\n<!-- \/ Yoast SEO plugin. -->","yoast_head_json":{"title":"\"Pa\u0161ina ku\u0107a\", u ru\u0161evinama u samom srcu grada Ulcinja - Lajme nga Ulqini","description":"Nekad, \"Pa\u0161ina ku\u0107a\", u ru\u0161evinama u samom srcu grada. Jeste da je te\u0161ko vjerovati da se ovo de\u00e7ava u 21. vijeku,i to, podno zidina Starog grada ispod","robots":{"index":"index","follow":"follow","max-snippet":"max-snippet:-1","max-image-preview":"max-image-preview:large","max-video-preview":"max-video-preview:-1"},"canonical":"https:\/\/www.visit-ulcinj.com\/blog\/2013\/07\/24\/pasina-kuca-u-rusevinama-u-samom-srcu-grada-ulcinja\/","og_locale":"en_US","og_type":"article","og_title":"\"Pa\u0161ina ku\u0107a\", u ru\u0161evinama u samom srcu grada Ulcinja - Lajme nga Ulqini","og_description":"Nekad, \"Pa\u0161ina ku\u0107a\", u ru\u0161evinama u samom srcu grada. Jeste da je te\u0161ko vjerovati da se ovo de\u00e7ava u 21. vijeku,i to, podno zidina Starog grada ispod","og_url":"https:\/\/www.visit-ulcinj.com\/blog\/2013\/07\/24\/pasina-kuca-u-rusevinama-u-samom-srcu-grada-ulcinja\/","og_site_name":"Lajme nga Ulqini","article_published_time":"2013-07-24T06:27:39+00:00","article_modified_time":"2013-07-24T06:28:57+00:00","og_image":[{"url":"http:\/\/www.visit-ulcinj.com\/blog\/wp-content\/uploads\/2013\/07\/Pashina-kuca-Ulcinj.jpg"}],"twitter_misc":{"Written by":"ulqini","Est. reading time":"2 minutes"},"schema":{"@context":"https:\/\/schema.org","@graph":[{"@type":"WebSite","@id":"https:\/\/www.visit-ulcinj.com\/blog\/#website","url":"https:\/\/www.visit-ulcinj.com\/blog\/","name":"Lajme nga Ulqini","description":"Lajme,Vijesti,Ulqini,Ulqin,Crna Gora,Mali i Zi","potentialAction":[{"@type":"SearchAction","target":{"@type":"EntryPoint","urlTemplate":"https:\/\/www.visit-ulcinj.com\/blog\/?s={search_term_string}"},"query-input":"required name=search_term_string"}],"inLanguage":"en-US"},{"@type":"ImageObject","inLanguage":"en-US","@id":"https:\/\/www.visit-ulcinj.com\/blog\/2013\/07\/24\/pasina-kuca-u-rusevinama-u-samom-srcu-grada-ulcinja\/#primaryimage","url":"https:\/\/www.visit-ulcinj.com\/blog\/wp-content\/uploads\/2013\/07\/Pashina-kuca-Ulcinj.jpg","contentUrl":"https:\/\/www.visit-ulcinj.com\/blog\/wp-content\/uploads\/2013\/07\/Pashina-kuca-Ulcinj.jpg","width":960,"height":720},{"@type":"WebPage","@id":"https:\/\/www.visit-ulcinj.com\/blog\/2013\/07\/24\/pasina-kuca-u-rusevinama-u-samom-srcu-grada-ulcinja\/#webpage","url":"https:\/\/www.visit-ulcinj.com\/blog\/2013\/07\/24\/pasina-kuca-u-rusevinama-u-samom-srcu-grada-ulcinja\/","name":"\"Pa\u0161ina ku\u0107a\", u ru\u0161evinama u samom srcu grada Ulcinja - Lajme nga Ulqini","isPartOf":{"@id":"https:\/\/www.visit-ulcinj.com\/blog\/#website"},"primaryImageOfPage":{"@id":"https:\/\/www.visit-ulcinj.com\/blog\/2013\/07\/24\/pasina-kuca-u-rusevinama-u-samom-srcu-grada-ulcinja\/#primaryimage"},"datePublished":"2013-07-24T06:27:39+00:00","dateModified":"2013-07-24T06:28:57+00:00","author":{"@id":"https:\/\/www.visit-ulcinj.com\/blog\/#\/schema\/person\/dcab619c614d3038751c63bc2aadc06d"},"description":"Nekad, \"Pa\u0161ina ku\u0107a\", u ru\u0161evinama u samom srcu grada. Jeste da je te\u0161ko vjerovati da se ovo de\u00e7ava u 21. vijeku,i to, podno zidina Starog grada ispod","breadcrumb":{"@id":"https:\/\/www.visit-ulcinj.com\/blog\/2013\/07\/24\/pasina-kuca-u-rusevinama-u-samom-srcu-grada-ulcinja\/#breadcrumb"},"inLanguage":"en-US","potentialAction":[{"@type":"ReadAction","target":["https:\/\/www.visit-ulcinj.com\/blog\/2013\/07\/24\/pasina-kuca-u-rusevinama-u-samom-srcu-grada-ulcinja\/"]}]},{"@type":"BreadcrumbList","@id":"https:\/\/www.visit-ulcinj.com\/blog\/2013\/07\/24\/pasina-kuca-u-rusevinama-u-samom-srcu-grada-ulcinja\/#breadcrumb","itemListElement":[{"@type":"ListItem","position":1,"name":"&#8220;Pa\u0161ina ku\u0107a&#8221;, u ru\u0161evinama u samom srcu grada Ulcinja"}]},{"@type":"Person","@id":"https:\/\/www.visit-ulcinj.com\/blog\/#\/schema\/person\/dcab619c614d3038751c63bc2aadc06d","name":"ulqini","sameAs":["http:\/\/www.visit-ulcinj.com"],"url":"https:\/\/www.visit-ulcinj.com\/blog\/author\/admin\/"}]}},"jetpack_featured_media_url":"","jetpack_sharing_enabled":true,"jetpack_shortlink":"https:\/\/wp.me\/pe6lTn-j9x","_links":{"self":[{"href":"https:\/\/www.visit-ulcinj.com\/blog\/wp-json\/wp\/v2\/posts\/73627"}],"collection":[{"href":"https:\/\/www.visit-ulcinj.com\/blog\/wp-json\/wp\/v2\/posts"}],"about":[{"href":"https:\/\/www.visit-ulcinj.com\/blog\/wp-json\/wp\/v2\/types\/post"}],"author":[{"embeddable":true,"href":"https:\/\/www.visit-ulcinj.com\/blog\/wp-json\/wp\/v2\/users\/1"}],"replies":[{"embeddable":true,"href":"https:\/\/www.visit-ulcinj.com\/blog\/wp-json\/wp\/v2\/comments?post=73627"}],"version-history":[{"count":2,"href":"https:\/\/www.visit-ulcinj.com\/blog\/wp-json\/wp\/v2\/posts\/73627\/revisions"}],"predecessor-version":[{"id":73630,"href":"https:\/\/www.visit-ulcinj.com\/blog\/wp-json\/wp\/v2\/posts\/73627\/revisions\/73630"}],"wp:attachment":[{"href":"https:\/\/www.visit-ulcinj.com\/blog\/wp-json\/wp\/v2\/media?parent=73627"}],"wp:term":[{"taxonomy":"category","embeddable":true,"href":"https:\/\/www.visit-ulcinj.com\/blog\/wp-json\/wp\/v2\/categories?post=73627"},{"taxonomy":"post_tag","embeddable":true,"href":"https:\/\/www.visit-ulcinj.com\/blog\/wp-json\/wp\/v2\/tags?post=73627"}],"curies":[{"name":"wp","href":"https:\/\/api.w.org\/{rel}","templated":true}]}}