{"id":73635,"date":"2013-07-24T15:26:21","date_gmt":"2013-07-24T14:26:21","guid":{"rendered":"http:\/\/www.visit-ulcinj.com\/blog\/?p=73635"},"modified":"2013-07-24T21:14:35","modified_gmt":"2013-07-24T20:14:35","slug":"forca-telegram-urimi-per-z-lulzim-bashen","status":"publish","type":"post","link":"https:\/\/www.visit-ulcinj.com\/blog\/2013\/07\/24\/forca-telegram-urimi-per-z-lulzim-bashen\/","title":{"rendered":"Forca: Telegram urimi per z. Lulzim Bashen"},"content":{"rendered":"<p style=\"text-align: right;\">\u00a0\u00a0\u00a0\u00a0\u00a0<a href=\"http:\/\/www.visit-ulcinj.com\/blog\/wp-content\/uploads\/2013\/07\/Basha-pret-kreun-e-Komun\u00ebs-s\u00eb-Ulqinit-z.Nasif-Cungu.3.jpg\"><img loading=\"lazy\" class=\"alignleft  wp-image-73636\" alt=\"Basha-pret-kreun-e-Komun\u00ebs-s\u00eb-Ulqinit-z.Nasif-Cungu.3\" src=\"http:\/\/www.visit-ulcinj.com\/blog\/wp-content\/uploads\/2013\/07\/Basha-pret-kreun-e-Komun\u00ebs-s\u00eb-Ulqinit-z.Nasif-Cungu.3.jpg\" width=\"508\" height=\"360\" \/><\/a><\/p>\n<p style=\"text-align: right;\">Nr.51\/13<\/p>\n<p>PARTIA DEMOKRATIKE E SHQIPERIS\u00cb<\/p>\n<p>Kryetar z.Lulzim Basha<\/p>\n<p>I nderuari zot\u00ebri Basha,<\/p>\n<p>Kam nder dhe k\u00ebnaq\u00ebsi q\u00eb n\u00eb em\u00ebr t\u00eb partis\u00eb Forca e Re Domokratike dhe n\u00eb emrin tim personal t\u2019ju shpreh urimet m\u00eb t\u00eb sinqerta p\u00ebr zgjedhjen tuaj n\u00eb krye t\u00eb Partis\u00eb Demokratike t\u00eb Shqip\u00ebris\u00eb.<\/p>\n<p>Partia Demokratike me procesin e zgjedhjes s\u00eb kryetarit\u00a0 me parimin \u201cNje an\u00ebtar, nj\u00eb vot\u00eb\u201d, tregoi nje proces\u00a0 transparent, civilizues dhe demokratik, kurse p\u00ebrzgjedhja Juaj p\u00ebr kryetar d\u00ebshmon nj\u00eb p\u00ebrkrahjke t\u00eb madhe nga an\u00ebtar\u00ebt e PD-s\u00eb ndaj pun\u00ebs, kontributit dhe suksesit tuaj t\u00eb deritash\u00ebm n\u00eb Partin\u00eb Demokrtaike.<\/p>\n<p>Posti i kryetarit do t\u00eb ket\u00eb edhe p\u00ebrgjegj\u00ebsi shtes\u00eb p\u00ebr t\u00eb udh\u00ebhequr dhe filluar nj\u00eb kapitull t\u00eb ri brenda Partis\u00eb Demokratike, p\u00ebr ta \u00e7uar at\u00eb drejt fitoreve t\u00eb reja dhe p\u00ebr t\u00eb vazhduar zhvillimin e m\u00ebtejm\u00eb t\u00eb Shqip\u00ebris\u00eb drejt integrimeve europiane.<\/p>\n<p>Prandaj, ju p\u00ebrg\u00ebzoj p\u00ebr fitore, ju uroj suksese dhe pun\u00eb t\u00eb mbar\u00eb duke shpresuar se bashk\u00ebpunimi nd\u00ebrpartiak n\u00eb mes t\u00eb PD-s\u00eb dhe FORC\u00cbS edhe n\u00eb t\u00eb ardhmen do t\u00eb vazhdoj\u00eb t\u00eb avancohet n\u00eb nivel edhe m\u00eb t\u00eb lart\u00eb p\u00ebr t\u00eb mir\u00ebn e t\u00eb gjith\u00eb shqiptar\u00ebve.<\/p>\n<p>&nbsp;<\/p>\n<p>Me respekt,<\/p>\n<p>Kryetar i Forc\u00ebs s\u00eb Re Demokratike<\/p>\n<p>Nazif Cungu<\/p>\n","protected":false},"excerpt":{"rendered":"<p>\u00a0\u00a0\u00a0\u00a0\u00a0 Nr.51\/13 PARTIA DEMOKRATIKE E SHQIPERIS\u00cb Kryetar z.Lulzim Basha I nderuari zot\u00ebri Basha, Kam nder dhe k\u00ebnaq\u00ebsi q\u00eb n\u00eb em\u00ebr t\u00eb partis\u00eb Forca e Re Domokratike dhe n\u00eb emrin tim personal t\u2019ju shpreh urimet m\u00eb t\u00eb sinqerta p\u00ebr zgjedhjen tuaj n\u00eb krye t\u00eb Partis\u00eb Demokratike t\u00eb Shqip\u00ebris\u00eb. Partia Demokratike me procesin e zgjedhjes s\u00eb kryetarit\u00a0 [&hellip;]<\/p>\n","protected":false},"author":1,"featured_media":0,"comment_status":"closed","ping_status":"closed","sticky":false,"template":"","format":"standard","meta":{"spay_email":"","jetpack_publicize_message":"","jetpack_is_tweetstorm":false,"jetpack_publicize_feature_enabled":true},"categories":[14],"tags":[],"jetpack_publicize_connections":[],"yoast_head":"<!-- This site is optimized with the Yoast SEO plugin v19.1 - https:\/\/yoast.com\/wordpress\/plugins\/seo\/ -->\n<title>Forca: Telegram urimi per z. Lulzim Bashen - Lajme nga Ulqini<\/title>\n<meta name=\"description\" content=\"\u00a0\u00a0\u00a0\u00a0\u00a0 Nr.51\/13 PARTIA DEMOKRATIKE E SHQIPERIS\u00cb Kryetar z.Lulzim Basha I nderuari zot\u00ebri Basha, Kam nder dhe k\u00ebnaq\u00ebsi q\u00eb n\u00eb em\u00ebr t\u00eb partis\u00eb Forca e Re\" \/>\n<meta name=\"robots\" content=\"index, follow, max-snippet:-1, max-image-preview:large, max-video-preview:-1\" \/>\n<link rel=\"canonical\" href=\"https:\/\/www.visit-ulcinj.com\/blog\/2013\/07\/24\/forca-telegram-urimi-per-z-lulzim-bashen\/\" \/>\n<meta property=\"og:locale\" content=\"en_US\" \/>\n<meta property=\"og:type\" content=\"article\" \/>\n<meta property=\"og:title\" content=\"Forca: Telegram urimi per z. Lulzim Bashen - Lajme nga Ulqini\" \/>\n<meta property=\"og:description\" content=\"\u00a0\u00a0\u00a0\u00a0\u00a0 Nr.51\/13 PARTIA DEMOKRATIKE E SHQIPERIS\u00cb Kryetar z.Lulzim Basha I nderuari zot\u00ebri Basha, Kam nder dhe k\u00ebnaq\u00ebsi q\u00eb n\u00eb em\u00ebr t\u00eb partis\u00eb Forca e Re\" \/>\n<meta property=\"og:url\" content=\"https:\/\/www.visit-ulcinj.com\/blog\/2013\/07\/24\/forca-telegram-urimi-per-z-lulzim-bashen\/\" \/>\n<meta property=\"og:site_name\" content=\"Lajme nga Ulqini\" \/>\n<meta property=\"article:published_time\" content=\"2013-07-24T14:26:21+00:00\" \/>\n<meta property=\"article:modified_time\" content=\"2013-07-24T20:14:35+00:00\" \/>\n<meta name=\"twitter:label1\" content=\"Written by\" \/>\n\t<meta name=\"twitter:data1\" content=\"ulqini\" \/>\n\t<meta name=\"twitter:label2\" content=\"Est. reading time\" \/>\n\t<meta name=\"twitter:data2\" content=\"1 minute\" \/>\n<script type=\"application\/ld+json\" class=\"yoast-schema-graph\">{\"@context\":\"https:\/\/schema.org\",\"@graph\":[{\"@type\":\"WebSite\",\"@id\":\"https:\/\/www.visit-ulcinj.com\/blog\/#website\",\"url\":\"https:\/\/www.visit-ulcinj.com\/blog\/\",\"name\":\"Lajme nga Ulqini\",\"description\":\"Lajme,Vijesti,Ulqini,Ulqin,Crna Gora,Mali i Zi\",\"potentialAction\":[{\"@type\":\"SearchAction\",\"target\":{\"@type\":\"EntryPoint\",\"urlTemplate\":\"https:\/\/www.visit-ulcinj.com\/blog\/?s={search_term_string}\"},\"query-input\":\"required name=search_term_string\"}],\"inLanguage\":\"en-US\"},{\"@type\":\"WebPage\",\"@id\":\"https:\/\/www.visit-ulcinj.com\/blog\/2013\/07\/24\/forca-telegram-urimi-per-z-lulzim-bashen\/#webpage\",\"url\":\"https:\/\/www.visit-ulcinj.com\/blog\/2013\/07\/24\/forca-telegram-urimi-per-z-lulzim-bashen\/\",\"name\":\"Forca: Telegram urimi per z. Lulzim Bashen - Lajme nga Ulqini\",\"isPartOf\":{\"@id\":\"https:\/\/www.visit-ulcinj.com\/blog\/#website\"},\"datePublished\":\"2013-07-24T14:26:21+00:00\",\"dateModified\":\"2013-07-24T20:14:35+00:00\",\"author\":{\"@id\":\"https:\/\/www.visit-ulcinj.com\/blog\/#\/schema\/person\/dcab619c614d3038751c63bc2aadc06d\"},\"description\":\"\u00a0\u00a0\u00a0\u00a0\u00a0 Nr.51\/13 PARTIA DEMOKRATIKE E SHQIPERIS\u00cb Kryetar z.Lulzim Basha I nderuari zot\u00ebri Basha, Kam nder dhe k\u00ebnaq\u00ebsi q\u00eb n\u00eb em\u00ebr t\u00eb partis\u00eb Forca e Re\",\"breadcrumb\":{\"@id\":\"https:\/\/www.visit-ulcinj.com\/blog\/2013\/07\/24\/forca-telegram-urimi-per-z-lulzim-bashen\/#breadcrumb\"},\"inLanguage\":\"en-US\",\"potentialAction\":[{\"@type\":\"ReadAction\",\"target\":[\"https:\/\/www.visit-ulcinj.com\/blog\/2013\/07\/24\/forca-telegram-urimi-per-z-lulzim-bashen\/\"]}]},{\"@type\":\"BreadcrumbList\",\"@id\":\"https:\/\/www.visit-ulcinj.com\/blog\/2013\/07\/24\/forca-telegram-urimi-per-z-lulzim-bashen\/#breadcrumb\",\"itemListElement\":[{\"@type\":\"ListItem\",\"position\":1,\"name\":\"Forca: Telegram urimi per z. Lulzim Bashen\"}]},{\"@type\":\"Person\",\"@id\":\"https:\/\/www.visit-ulcinj.com\/blog\/#\/schema\/person\/dcab619c614d3038751c63bc2aadc06d\",\"name\":\"ulqini\",\"sameAs\":[\"http:\/\/www.visit-ulcinj.com\"],\"url\":\"https:\/\/www.visit-ulcinj.com\/blog\/author\/admin\/\"}]}<\/script>\n<!-- \/ Yoast SEO plugin. -->","yoast_head_json":{"title":"Forca: Telegram urimi per z. Lulzim Bashen - Lajme nga Ulqini","description":"\u00a0\u00a0\u00a0\u00a0\u00a0 Nr.51\/13 PARTIA DEMOKRATIKE E SHQIPERIS\u00cb Kryetar z.Lulzim Basha I nderuari zot\u00ebri Basha, Kam nder dhe k\u00ebnaq\u00ebsi q\u00eb n\u00eb em\u00ebr t\u00eb partis\u00eb Forca e Re","robots":{"index":"index","follow":"follow","max-snippet":"max-snippet:-1","max-image-preview":"max-image-preview:large","max-video-preview":"max-video-preview:-1"},"canonical":"https:\/\/www.visit-ulcinj.com\/blog\/2013\/07\/24\/forca-telegram-urimi-per-z-lulzim-bashen\/","og_locale":"en_US","og_type":"article","og_title":"Forca: Telegram urimi per z. Lulzim Bashen - Lajme nga Ulqini","og_description":"\u00a0\u00a0\u00a0\u00a0\u00a0 Nr.51\/13 PARTIA DEMOKRATIKE E SHQIPERIS\u00cb Kryetar z.Lulzim Basha I nderuari zot\u00ebri Basha, Kam nder dhe k\u00ebnaq\u00ebsi q\u00eb n\u00eb em\u00ebr t\u00eb partis\u00eb Forca e Re","og_url":"https:\/\/www.visit-ulcinj.com\/blog\/2013\/07\/24\/forca-telegram-urimi-per-z-lulzim-bashen\/","og_site_name":"Lajme nga Ulqini","article_published_time":"2013-07-24T14:26:21+00:00","article_modified_time":"2013-07-24T20:14:35+00:00","twitter_misc":{"Written by":"ulqini","Est. reading time":"1 minute"},"schema":{"@context":"https:\/\/schema.org","@graph":[{"@type":"WebSite","@id":"https:\/\/www.visit-ulcinj.com\/blog\/#website","url":"https:\/\/www.visit-ulcinj.com\/blog\/","name":"Lajme nga Ulqini","description":"Lajme,Vijesti,Ulqini,Ulqin,Crna Gora,Mali i Zi","potentialAction":[{"@type":"SearchAction","target":{"@type":"EntryPoint","urlTemplate":"https:\/\/www.visit-ulcinj.com\/blog\/?s={search_term_string}"},"query-input":"required name=search_term_string"}],"inLanguage":"en-US"},{"@type":"WebPage","@id":"https:\/\/www.visit-ulcinj.com\/blog\/2013\/07\/24\/forca-telegram-urimi-per-z-lulzim-bashen\/#webpage","url":"https:\/\/www.visit-ulcinj.com\/blog\/2013\/07\/24\/forca-telegram-urimi-per-z-lulzim-bashen\/","name":"Forca: Telegram urimi per z. Lulzim Bashen - Lajme nga Ulqini","isPartOf":{"@id":"https:\/\/www.visit-ulcinj.com\/blog\/#website"},"datePublished":"2013-07-24T14:26:21+00:00","dateModified":"2013-07-24T20:14:35+00:00","author":{"@id":"https:\/\/www.visit-ulcinj.com\/blog\/#\/schema\/person\/dcab619c614d3038751c63bc2aadc06d"},"description":"\u00a0\u00a0\u00a0\u00a0\u00a0 Nr.51\/13 PARTIA DEMOKRATIKE E SHQIPERIS\u00cb Kryetar z.Lulzim Basha I nderuari zot\u00ebri Basha, Kam nder dhe k\u00ebnaq\u00ebsi q\u00eb n\u00eb em\u00ebr t\u00eb partis\u00eb Forca e Re","breadcrumb":{"@id":"https:\/\/www.visit-ulcinj.com\/blog\/2013\/07\/24\/forca-telegram-urimi-per-z-lulzim-bashen\/#breadcrumb"},"inLanguage":"en-US","potentialAction":[{"@type":"ReadAction","target":["https:\/\/www.visit-ulcinj.com\/blog\/2013\/07\/24\/forca-telegram-urimi-per-z-lulzim-bashen\/"]}]},{"@type":"BreadcrumbList","@id":"https:\/\/www.visit-ulcinj.com\/blog\/2013\/07\/24\/forca-telegram-urimi-per-z-lulzim-bashen\/#breadcrumb","itemListElement":[{"@type":"ListItem","position":1,"name":"Forca: Telegram urimi per z. Lulzim Bashen"}]},{"@type":"Person","@id":"https:\/\/www.visit-ulcinj.com\/blog\/#\/schema\/person\/dcab619c614d3038751c63bc2aadc06d","name":"ulqini","sameAs":["http:\/\/www.visit-ulcinj.com"],"url":"https:\/\/www.visit-ulcinj.com\/blog\/author\/admin\/"}]}},"jetpack_featured_media_url":"","jetpack_sharing_enabled":true,"jetpack_shortlink":"https:\/\/wp.me\/pe6lTn-j9F","_links":{"self":[{"href":"https:\/\/www.visit-ulcinj.com\/blog\/wp-json\/wp\/v2\/posts\/73635"}],"collection":[{"href":"https:\/\/www.visit-ulcinj.com\/blog\/wp-json\/wp\/v2\/posts"}],"about":[{"href":"https:\/\/www.visit-ulcinj.com\/blog\/wp-json\/wp\/v2\/types\/post"}],"author":[{"embeddable":true,"href":"https:\/\/www.visit-ulcinj.com\/blog\/wp-json\/wp\/v2\/users\/1"}],"replies":[{"embeddable":true,"href":"https:\/\/www.visit-ulcinj.com\/blog\/wp-json\/wp\/v2\/comments?post=73635"}],"version-history":[{"count":4,"href":"https:\/\/www.visit-ulcinj.com\/blog\/wp-json\/wp\/v2\/posts\/73635\/revisions"}],"predecessor-version":[{"id":73642,"href":"https:\/\/www.visit-ulcinj.com\/blog\/wp-json\/wp\/v2\/posts\/73635\/revisions\/73642"}],"wp:attachment":[{"href":"https:\/\/www.visit-ulcinj.com\/blog\/wp-json\/wp\/v2\/media?parent=73635"}],"wp:term":[{"taxonomy":"category","embeddable":true,"href":"https:\/\/www.visit-ulcinj.com\/blog\/wp-json\/wp\/v2\/categories?post=73635"},{"taxonomy":"post_tag","embeddable":true,"href":"https:\/\/www.visit-ulcinj.com\/blog\/wp-json\/wp\/v2\/tags?post=73635"}],"curies":[{"name":"wp","href":"https:\/\/api.w.org\/{rel}","templated":true}]}}