{"id":73644,"date":"2013-07-24T21:21:39","date_gmt":"2013-07-24T20:21:39","guid":{"rendered":"http:\/\/www.visit-ulcinj.com\/blog\/?p=73644"},"modified":"2013-07-24T21:21:56","modified_gmt":"2013-07-24T20:21:56","slug":"dani-kube-na-plazi-mohito","status":"publish","type":"post","link":"https:\/\/www.visit-ulcinj.com\/blog\/2013\/07\/24\/dani-kube-na-plazi-mohito\/","title":{"rendered":"Dani Kube\u201c na pla\u017ei Mohito"},"content":{"rendered":"<p><strong><a href=\"http:\/\/www.visit-ulcinj.com\/blog\/wp-content\/uploads\/2013\/07\/Plaza-Mojito-Ulcinj-Dani-kube.jpg\"><img loading=\"lazy\" class=\"alignleft  wp-image-73645\" alt=\"Plaza Mojito-Ulcinj-Dani-kube\" src=\"http:\/\/www.visit-ulcinj.com\/blog\/wp-content\/uploads\/2013\/07\/Plaza-Mojito-Ulcinj-Dani-kube.jpg\" width=\"508\" height=\"360\" \/><\/a>ULCINJ \u2013 Kubanska muzika, \u0161kola salse, kokteli i takmi\u010denje u plesu \u2013 bi\u0107e dio manifestacije kojom \u0107e na pla\u017ei Mohito 26. i 27. jula, u saradnji sa Ambasadom Kube u Beogradu, biti obilje\u017een kubanski dr\u017eavni praznik 26. jul \u2013 Dan nacionalne pobune.<\/strong><\/p>\n<p>Specijalni gost bi\u0107e plesna \u0161kola \u201eHavana Belgrado\u201c, prvak svijeta 2010. godine. Svi zainteresovani mo\u0107i \u0107e da dobiju besplatnu malu \u0161kolu salse, nakon \u010dega \u0107e za njih biti organizovano i takmi\u010denje u plesu.<\/p>\n<p>&#8211; Uz uobi\u010dajeno dobru atmosferu na ovoj pla\u017ei, tokom ova dva dana gosti \u0107e imati priliku da po promotivnim cijenama degustiraju kubanske koktele \u2013 rekla je Pobjedi organizatorka doga\u0111aja Vera Androvi\u0107.<\/p>\n<p>&nbsp;<\/p>\n<p><strong>A.\u017d.<br \/>\nIzvor: Pobjeda<br \/>\n<\/strong><\/p>\n","protected":false},"excerpt":{"rendered":"<p>ULCINJ \u2013 Kubanska muzika, \u0161kola salse, kokteli i takmi\u010denje u plesu \u2013 bi\u0107e dio manifestacije kojom \u0107e na pla\u017ei Mohito 26. i 27. jula, u saradnji sa Ambasadom Kube u Beogradu, biti obilje\u017een kubanski dr\u017eavni praznik 26. jul \u2013 Dan nacionalne pobune. Specijalni gost bi\u0107e plesna \u0161kola \u201eHavana Belgrado\u201c, prvak svijeta 2010. godine. Svi zainteresovani [&hellip;]<\/p>\n","protected":false},"author":1,"featured_media":0,"comment_status":"closed","ping_status":"closed","sticky":false,"template":"","format":"standard","meta":{"spay_email":"","jetpack_publicize_message":"","jetpack_is_tweetstorm":false,"jetpack_publicize_feature_enabled":true},"categories":[8337],"tags":[],"jetpack_publicize_connections":[],"yoast_head":"<!-- This site is optimized with the Yoast SEO plugin v19.1 - https:\/\/yoast.com\/wordpress\/plugins\/seo\/ -->\n<title>Dani Kube\u201c na pla\u017ei Mohito - Lajme nga Ulqini<\/title>\n<meta name=\"description\" content=\"ULCINJ \u2013 Kubanska muzika, \u0161kola salse, kokteli i takmi\u010denje u plesu \u2013 bi\u0107e dio manifestacije kojom \u0107e na pla\u017ei Mohito 26. i 27. jula, u saradnji sa\" \/>\n<meta name=\"robots\" content=\"index, follow, max-snippet:-1, max-image-preview:large, max-video-preview:-1\" \/>\n<link rel=\"canonical\" href=\"https:\/\/www.visit-ulcinj.com\/blog\/2013\/07\/24\/dani-kube-na-plazi-mohito\/\" \/>\n<meta property=\"og:locale\" content=\"en_US\" \/>\n<meta property=\"og:type\" content=\"article\" \/>\n<meta property=\"og:title\" content=\"Dani Kube\u201c na pla\u017ei Mohito - Lajme nga Ulqini\" \/>\n<meta property=\"og:description\" content=\"ULCINJ \u2013 Kubanska muzika, \u0161kola salse, kokteli i takmi\u010denje u plesu \u2013 bi\u0107e dio manifestacije kojom \u0107e na pla\u017ei Mohito 26. i 27. jula, u saradnji sa\" \/>\n<meta property=\"og:url\" content=\"https:\/\/www.visit-ulcinj.com\/blog\/2013\/07\/24\/dani-kube-na-plazi-mohito\/\" \/>\n<meta property=\"og:site_name\" content=\"Lajme nga Ulqini\" \/>\n<meta property=\"article:published_time\" content=\"2013-07-24T20:21:39+00:00\" \/>\n<meta property=\"article:modified_time\" content=\"2013-07-24T20:21:56+00:00\" \/>\n<meta property=\"og:image\" content=\"http:\/\/www.visit-ulcinj.com\/blog\/wp-content\/uploads\/2013\/07\/Plaza-Mojito-Ulcinj-Dani-kube.jpg\" \/>\n<meta name=\"twitter:label1\" content=\"Written by\" \/>\n\t<meta name=\"twitter:data1\" content=\"ulqini\" \/>\n\t<meta name=\"twitter:label2\" content=\"Est. reading time\" \/>\n\t<meta name=\"twitter:data2\" content=\"1 minute\" \/>\n<script type=\"application\/ld+json\" class=\"yoast-schema-graph\">{\"@context\":\"https:\/\/schema.org\",\"@graph\":[{\"@type\":\"WebSite\",\"@id\":\"https:\/\/www.visit-ulcinj.com\/blog\/#website\",\"url\":\"https:\/\/www.visit-ulcinj.com\/blog\/\",\"name\":\"Lajme nga Ulqini\",\"description\":\"Lajme,Vijesti,Ulqini,Ulqin,Crna Gora,Mali i Zi\",\"potentialAction\":[{\"@type\":\"SearchAction\",\"target\":{\"@type\":\"EntryPoint\",\"urlTemplate\":\"https:\/\/www.visit-ulcinj.com\/blog\/?s={search_term_string}\"},\"query-input\":\"required name=search_term_string\"}],\"inLanguage\":\"en-US\"},{\"@type\":\"ImageObject\",\"inLanguage\":\"en-US\",\"@id\":\"https:\/\/www.visit-ulcinj.com\/blog\/2013\/07\/24\/dani-kube-na-plazi-mohito\/#primaryimage\",\"url\":\"https:\/\/www.visit-ulcinj.com\/blog\/wp-content\/uploads\/2013\/07\/Plaza-Mojito-Ulcinj-Dani-kube.jpg\",\"contentUrl\":\"https:\/\/www.visit-ulcinj.com\/blog\/wp-content\/uploads\/2013\/07\/Plaza-Mojito-Ulcinj-Dani-kube.jpg\",\"width\":659,\"height\":523},{\"@type\":\"WebPage\",\"@id\":\"https:\/\/www.visit-ulcinj.com\/blog\/2013\/07\/24\/dani-kube-na-plazi-mohito\/#webpage\",\"url\":\"https:\/\/www.visit-ulcinj.com\/blog\/2013\/07\/24\/dani-kube-na-plazi-mohito\/\",\"name\":\"Dani Kube\u201c na pla\u017ei Mohito - Lajme nga Ulqini\",\"isPartOf\":{\"@id\":\"https:\/\/www.visit-ulcinj.com\/blog\/#website\"},\"primaryImageOfPage\":{\"@id\":\"https:\/\/www.visit-ulcinj.com\/blog\/2013\/07\/24\/dani-kube-na-plazi-mohito\/#primaryimage\"},\"datePublished\":\"2013-07-24T20:21:39+00:00\",\"dateModified\":\"2013-07-24T20:21:56+00:00\",\"author\":{\"@id\":\"https:\/\/www.visit-ulcinj.com\/blog\/#\/schema\/person\/dcab619c614d3038751c63bc2aadc06d\"},\"description\":\"ULCINJ \u2013 Kubanska muzika, \u0161kola salse, kokteli i takmi\u010denje u plesu \u2013 bi\u0107e dio manifestacije kojom \u0107e na pla\u017ei Mohito 26. i 27. jula, u saradnji sa\",\"breadcrumb\":{\"@id\":\"https:\/\/www.visit-ulcinj.com\/blog\/2013\/07\/24\/dani-kube-na-plazi-mohito\/#breadcrumb\"},\"inLanguage\":\"en-US\",\"potentialAction\":[{\"@type\":\"ReadAction\",\"target\":[\"https:\/\/www.visit-ulcinj.com\/blog\/2013\/07\/24\/dani-kube-na-plazi-mohito\/\"]}]},{\"@type\":\"BreadcrumbList\",\"@id\":\"https:\/\/www.visit-ulcinj.com\/blog\/2013\/07\/24\/dani-kube-na-plazi-mohito\/#breadcrumb\",\"itemListElement\":[{\"@type\":\"ListItem\",\"position\":1,\"name\":\"Dani Kube\u201c na pla\u017ei Mohito\"}]},{\"@type\":\"Person\",\"@id\":\"https:\/\/www.visit-ulcinj.com\/blog\/#\/schema\/person\/dcab619c614d3038751c63bc2aadc06d\",\"name\":\"ulqini\",\"sameAs\":[\"http:\/\/www.visit-ulcinj.com\"],\"url\":\"https:\/\/www.visit-ulcinj.com\/blog\/author\/admin\/\"}]}<\/script>\n<!-- \/ Yoast SEO plugin. -->","yoast_head_json":{"title":"Dani Kube\u201c na pla\u017ei Mohito - Lajme nga Ulqini","description":"ULCINJ \u2013 Kubanska muzika, \u0161kola salse, kokteli i takmi\u010denje u plesu \u2013 bi\u0107e dio manifestacije kojom \u0107e na pla\u017ei Mohito 26. i 27. jula, u saradnji sa","robots":{"index":"index","follow":"follow","max-snippet":"max-snippet:-1","max-image-preview":"max-image-preview:large","max-video-preview":"max-video-preview:-1"},"canonical":"https:\/\/www.visit-ulcinj.com\/blog\/2013\/07\/24\/dani-kube-na-plazi-mohito\/","og_locale":"en_US","og_type":"article","og_title":"Dani Kube\u201c na pla\u017ei Mohito - Lajme nga Ulqini","og_description":"ULCINJ \u2013 Kubanska muzika, \u0161kola salse, kokteli i takmi\u010denje u plesu \u2013 bi\u0107e dio manifestacije kojom \u0107e na pla\u017ei Mohito 26. i 27. jula, u saradnji sa","og_url":"https:\/\/www.visit-ulcinj.com\/blog\/2013\/07\/24\/dani-kube-na-plazi-mohito\/","og_site_name":"Lajme nga Ulqini","article_published_time":"2013-07-24T20:21:39+00:00","article_modified_time":"2013-07-24T20:21:56+00:00","og_image":[{"url":"http:\/\/www.visit-ulcinj.com\/blog\/wp-content\/uploads\/2013\/07\/Plaza-Mojito-Ulcinj-Dani-kube.jpg"}],"twitter_misc":{"Written by":"ulqini","Est. reading time":"1 minute"},"schema":{"@context":"https:\/\/schema.org","@graph":[{"@type":"WebSite","@id":"https:\/\/www.visit-ulcinj.com\/blog\/#website","url":"https:\/\/www.visit-ulcinj.com\/blog\/","name":"Lajme nga Ulqini","description":"Lajme,Vijesti,Ulqini,Ulqin,Crna Gora,Mali i Zi","potentialAction":[{"@type":"SearchAction","target":{"@type":"EntryPoint","urlTemplate":"https:\/\/www.visit-ulcinj.com\/blog\/?s={search_term_string}"},"query-input":"required name=search_term_string"}],"inLanguage":"en-US"},{"@type":"ImageObject","inLanguage":"en-US","@id":"https:\/\/www.visit-ulcinj.com\/blog\/2013\/07\/24\/dani-kube-na-plazi-mohito\/#primaryimage","url":"https:\/\/www.visit-ulcinj.com\/blog\/wp-content\/uploads\/2013\/07\/Plaza-Mojito-Ulcinj-Dani-kube.jpg","contentUrl":"https:\/\/www.visit-ulcinj.com\/blog\/wp-content\/uploads\/2013\/07\/Plaza-Mojito-Ulcinj-Dani-kube.jpg","width":659,"height":523},{"@type":"WebPage","@id":"https:\/\/www.visit-ulcinj.com\/blog\/2013\/07\/24\/dani-kube-na-plazi-mohito\/#webpage","url":"https:\/\/www.visit-ulcinj.com\/blog\/2013\/07\/24\/dani-kube-na-plazi-mohito\/","name":"Dani Kube\u201c na pla\u017ei Mohito - Lajme nga Ulqini","isPartOf":{"@id":"https:\/\/www.visit-ulcinj.com\/blog\/#website"},"primaryImageOfPage":{"@id":"https:\/\/www.visit-ulcinj.com\/blog\/2013\/07\/24\/dani-kube-na-plazi-mohito\/#primaryimage"},"datePublished":"2013-07-24T20:21:39+00:00","dateModified":"2013-07-24T20:21:56+00:00","author":{"@id":"https:\/\/www.visit-ulcinj.com\/blog\/#\/schema\/person\/dcab619c614d3038751c63bc2aadc06d"},"description":"ULCINJ \u2013 Kubanska muzika, \u0161kola salse, kokteli i takmi\u010denje u plesu \u2013 bi\u0107e dio manifestacije kojom \u0107e na pla\u017ei Mohito 26. i 27. jula, u saradnji sa","breadcrumb":{"@id":"https:\/\/www.visit-ulcinj.com\/blog\/2013\/07\/24\/dani-kube-na-plazi-mohito\/#breadcrumb"},"inLanguage":"en-US","potentialAction":[{"@type":"ReadAction","target":["https:\/\/www.visit-ulcinj.com\/blog\/2013\/07\/24\/dani-kube-na-plazi-mohito\/"]}]},{"@type":"BreadcrumbList","@id":"https:\/\/www.visit-ulcinj.com\/blog\/2013\/07\/24\/dani-kube-na-plazi-mohito\/#breadcrumb","itemListElement":[{"@type":"ListItem","position":1,"name":"Dani Kube\u201c na pla\u017ei Mohito"}]},{"@type":"Person","@id":"https:\/\/www.visit-ulcinj.com\/blog\/#\/schema\/person\/dcab619c614d3038751c63bc2aadc06d","name":"ulqini","sameAs":["http:\/\/www.visit-ulcinj.com"],"url":"https:\/\/www.visit-ulcinj.com\/blog\/author\/admin\/"}]}},"jetpack_featured_media_url":"","jetpack_sharing_enabled":true,"jetpack_shortlink":"https:\/\/wp.me\/pe6lTn-j9O","_links":{"self":[{"href":"https:\/\/www.visit-ulcinj.com\/blog\/wp-json\/wp\/v2\/posts\/73644"}],"collection":[{"href":"https:\/\/www.visit-ulcinj.com\/blog\/wp-json\/wp\/v2\/posts"}],"about":[{"href":"https:\/\/www.visit-ulcinj.com\/blog\/wp-json\/wp\/v2\/types\/post"}],"author":[{"embeddable":true,"href":"https:\/\/www.visit-ulcinj.com\/blog\/wp-json\/wp\/v2\/users\/1"}],"replies":[{"embeddable":true,"href":"https:\/\/www.visit-ulcinj.com\/blog\/wp-json\/wp\/v2\/comments?post=73644"}],"version-history":[{"count":2,"href":"https:\/\/www.visit-ulcinj.com\/blog\/wp-json\/wp\/v2\/posts\/73644\/revisions"}],"predecessor-version":[{"id":73647,"href":"https:\/\/www.visit-ulcinj.com\/blog\/wp-json\/wp\/v2\/posts\/73644\/revisions\/73647"}],"wp:attachment":[{"href":"https:\/\/www.visit-ulcinj.com\/blog\/wp-json\/wp\/v2\/media?parent=73644"}],"wp:term":[{"taxonomy":"category","embeddable":true,"href":"https:\/\/www.visit-ulcinj.com\/blog\/wp-json\/wp\/v2\/categories?post=73644"},{"taxonomy":"post_tag","embeddable":true,"href":"https:\/\/www.visit-ulcinj.com\/blog\/wp-json\/wp\/v2\/tags?post=73644"}],"curies":[{"name":"wp","href":"https:\/\/api.w.org\/{rel}","templated":true}]}}