{"id":73652,"date":"2013-07-24T21:43:47","date_gmt":"2013-07-24T20:43:47","guid":{"rendered":"http:\/\/www.visit-ulcinj.com\/blog\/?p=73652"},"modified":"2013-07-24T21:44:06","modified_gmt":"2013-07-24T20:44:06","slug":"crna-gora-ove-godine-ocekuje-vise-od-100-000-turista-iz-bih","status":"publish","type":"post","link":"https:\/\/www.visit-ulcinj.com\/blog\/2013\/07\/24\/crna-gora-ove-godine-ocekuje-vise-od-100-000-turista-iz-bih\/","title":{"rendered":"Crna Gora ove godine o\u010dekuje vi\u0161e od 100.000 turista iz BiH"},"content":{"rendered":"<div id=\"sc_content_okvirSREDINA_TOPTX4\"><a href=\"http:\/\/www.visit-ulcinj.com\/blog\/wp-content\/uploads\/2013\/07\/Copacabana-Beach-Ulcinj_Montenegro-_Velika-Plaza.1.jpg\"><img loading=\"lazy\" class=\"alignleft  wp-image-73653\" alt=\"Copacabana-Beach-Ulcinj_Montenegro-_Velika-Plaza.1\" src=\"http:\/\/www.visit-ulcinj.com\/blog\/wp-content\/uploads\/2013\/07\/Copacabana-Beach-Ulcinj_Montenegro-_Velika-Plaza.1.jpg\" width=\"508\" height=\"360\" \/><\/a>PODGORICA &#8211; Nakon \u0161to je Hrvatska 1. jula postala punopravna \u010dlanica Evropske unije, gra\u0111ani Bosne i Hercegovine vi\u0161e ne mogu ulaziti u tu dr\u017eavu sa li\u010dnom kartom. Ovo je, ispostavit \u0107e se, uveliko utjecalo na manjak broja turista iz na\u0161e zemlje na obalama Jadranskog mora.<\/div>\n<div id=\"sc_content_okvirSREDINA_TOPTXOS\">\n<div id=\"sc_content_okvirSREDINA_TOPTX5\">\n<p>No, mnogobrojni turisti iz BiH, koji su godinama ljetovali u Hrvatskoj, ove godine \u0107e i\u0107i u Crnu Goru, za koju im jo\u0161 uvijek ne treba biometrijski paso\u0161.<\/p>\n<p>&#8220;Koliko smo uvjereni da administrativne prepreke na grani\u010dnim prijelazima ne doprinose rastu turisti\u010dkog prometa, u ovo vrijeme otvorenih granica i globalizacije, toliko vjerujemo da to nije jedini razlog zbog \u010dega gra\u0111ani BiH u sve ve\u0107em broju dolaze u Crnu Goru. Li\u010dna karta kao dokument koji je dovoljan za ulazak u na\u0161u zemlju svakako predstavlja komfor prilikom planiranja odmora&#8221;, kazali su za Klix.ba u Nacionalnoj turisti\u010dkoj organizaciji Crne Gore.<\/p>\n<p>Tvrde, Crnogorci imaju posebne simpatije prema Bosancima i Hercegovcima i upravo u ovoj \u010dinjenici mo\u017eemo tra\u017eiti razlog zbog kojeg sve vi\u0161e bh. gra\u0111ana putuje na crnogorsko primorje.<\/p>\n<p>&#8220;Procjenjujemo da \u0107e tr\u017ei\u0161ta susjednih zemalja i ove godine u\u010destvovati u ukupnom turisti\u010dkom prometu Crne Gore sa oko 40 posto. Turisti iz BiH su na drugom mjestu, odmah nakon gostiju iz Srbije. Na\u0161a pretpostavka da \u0107e gra\u0111ani BiH ove godine odabrati sigurnu, provjerenu destinaciju, koja nudi kvalitetan proizvod za prikladnu cijenu, se za sada pokazala kao ta\u010dna. O\u010dekujemo da u 2013. godine vi\u0161e od 100.000 gra\u0111ana BiH odmara u na\u0161oj zemlji, \u0161to je rast od nekih 10-ak procenata&#8221;, dodaju.<\/p>\n<p>Prema zvani\u010dnim podacima kojima raspola\u017ee Nacionalna turisti\u010dka organizacija Crne Gore, gra\u0111ani BiH su u toj zemlji proteklog ljeta u prosjeku boravili sedam dana.<\/p>\n<p>&#8220;Budva, Herceg Novi, Bar i Kotor su i dalje omiljene destinacije. Ulcinj je posljednih godina sve popularniji. Sve vi\u0161e turista kombinuje nekoliko dana odmora na svje\u017eem planinskom zraku Durmitora i Bjelasice sa odmorom na crnogorskom primorju. Vinske ture oko Skadarskog jezera su sve posje\u0107enije&#8221;, kazali su nam u Turisti\u010dkoj zajednici Crne Gore.<\/p>\n<p>Dodaju da ne postoji obaveza posjedovanja 100 eura po danu.<\/p>\n<p>&#8220;Va\u017ee\u0107a li\u010dna karta vam je dovoljna. Naravno, policija ima pravo da zatra\u017ei dodatne dokaze, ukoliko im se neka osoba ili grupa osoba u\u010dini sumnjivim, odnosno procijene da njihov boravak u Crnoj Gori nema turisti\u010dku svrhu. Naravno, to je sve u cilju sigurnosti svih nas i na\u0161ih gostiju. Tokom ljetne turisti\u010dke sezone primjenjuje se ubrzana kontrola i pove\u0107an je broj pripadnika grani\u010dne policije, \u010dime nastojimo minimalizovati vrijeme \u010dekanja na granici. Ipak, tokom \u0161pica sezone povremeno dolazi do formiranja kolona, pa se putnicima savjetuje da ponesu dovoljno te\u010dnosti i da sebe, a naro\u010dito djecu, adekvatno za\u0161tite od sunca&#8221;, poru\u010duju iz Turisti\u010dke organizacije Crne Gore.<\/p>\n<\/div>\n<div><\/div>\n<div><\/div>\n<div><strong>Izvor: SEEbiz \/ Klix.ba<\/strong><\/div>\n<\/div>\n","protected":false},"excerpt":{"rendered":"<p>PODGORICA &#8211; Nakon \u0161to je Hrvatska 1. jula postala punopravna \u010dlanica Evropske unije, gra\u0111ani Bosne i Hercegovine vi\u0161e ne mogu ulaziti u tu dr\u017eavu sa li\u010dnom kartom. Ovo je, ispostavit \u0107e se, uveliko utjecalo na manjak broja turista iz na\u0161e zemlje na obalama Jadranskog mora. No, mnogobrojni turisti iz BiH, koji su godinama ljetovali u [&hellip;]<\/p>\n","protected":false},"author":1,"featured_media":0,"comment_status":"closed","ping_status":"closed","sticky":false,"template":"","format":"standard","meta":{"spay_email":"","jetpack_publicize_message":"","jetpack_is_tweetstorm":false,"jetpack_publicize_feature_enabled":true},"categories":[8337],"tags":[],"jetpack_publicize_connections":[],"yoast_head":"<!-- This site is optimized with the Yoast SEO plugin v19.1 - https:\/\/yoast.com\/wordpress\/plugins\/seo\/ -->\n<title>Crna Gora ove godine o\u010dekuje vi\u0161e od 100.000 turista iz BiH - Lajme nga Ulqini<\/title>\n<meta name=\"description\" content=\"PODGORICA - Nakon \u0161to je Hrvatska 1. jula postala punopravna \u010dlanica Evropske unije, gra\u0111ani Bosne i Hercegovine vi\u0161e ne mogu ulaziti u tu dr\u017eavu sa\" \/>\n<meta name=\"robots\" content=\"index, follow, max-snippet:-1, max-image-preview:large, max-video-preview:-1\" \/>\n<link rel=\"canonical\" href=\"https:\/\/www.visit-ulcinj.com\/blog\/2013\/07\/24\/crna-gora-ove-godine-ocekuje-vise-od-100-000-turista-iz-bih\/\" \/>\n<meta property=\"og:locale\" content=\"en_US\" \/>\n<meta property=\"og:type\" content=\"article\" \/>\n<meta property=\"og:title\" content=\"Crna Gora ove godine o\u010dekuje vi\u0161e od 100.000 turista iz BiH - Lajme nga Ulqini\" \/>\n<meta property=\"og:description\" content=\"PODGORICA - Nakon \u0161to je Hrvatska 1. jula postala punopravna \u010dlanica Evropske unije, gra\u0111ani Bosne i Hercegovine vi\u0161e ne mogu ulaziti u tu dr\u017eavu sa\" \/>\n<meta property=\"og:url\" content=\"https:\/\/www.visit-ulcinj.com\/blog\/2013\/07\/24\/crna-gora-ove-godine-ocekuje-vise-od-100-000-turista-iz-bih\/\" \/>\n<meta property=\"og:site_name\" content=\"Lajme nga Ulqini\" \/>\n<meta property=\"article:published_time\" content=\"2013-07-24T20:43:47+00:00\" \/>\n<meta property=\"article:modified_time\" content=\"2013-07-24T20:44:06+00:00\" \/>\n<meta property=\"og:image\" content=\"http:\/\/www.visit-ulcinj.com\/blog\/wp-content\/uploads\/2013\/07\/Copacabana-Beach-Ulcinj_Montenegro-_Velika-Plaza.1.jpg\" \/>\n<meta name=\"twitter:label1\" content=\"Written by\" \/>\n\t<meta name=\"twitter:data1\" content=\"ulqini\" \/>\n\t<meta name=\"twitter:label2\" content=\"Est. reading time\" \/>\n\t<meta name=\"twitter:data2\" content=\"2 minutes\" \/>\n<script type=\"application\/ld+json\" class=\"yoast-schema-graph\">{\"@context\":\"https:\/\/schema.org\",\"@graph\":[{\"@type\":\"WebSite\",\"@id\":\"https:\/\/www.visit-ulcinj.com\/blog\/#website\",\"url\":\"https:\/\/www.visit-ulcinj.com\/blog\/\",\"name\":\"Lajme nga Ulqini\",\"description\":\"Lajme,Vijesti,Ulqini,Ulqin,Crna Gora,Mali i Zi\",\"potentialAction\":[{\"@type\":\"SearchAction\",\"target\":{\"@type\":\"EntryPoint\",\"urlTemplate\":\"https:\/\/www.visit-ulcinj.com\/blog\/?s={search_term_string}\"},\"query-input\":\"required name=search_term_string\"}],\"inLanguage\":\"en-US\"},{\"@type\":\"ImageObject\",\"inLanguage\":\"en-US\",\"@id\":\"https:\/\/www.visit-ulcinj.com\/blog\/2013\/07\/24\/crna-gora-ove-godine-ocekuje-vise-od-100-000-turista-iz-bih\/#primaryimage\",\"url\":\"https:\/\/www.visit-ulcinj.com\/blog\/wp-content\/uploads\/2013\/07\/Copacabana-Beach-Ulcinj_Montenegro-_Velika-Plaza.1.jpg\",\"contentUrl\":\"https:\/\/www.visit-ulcinj.com\/blog\/wp-content\/uploads\/2013\/07\/Copacabana-Beach-Ulcinj_Montenegro-_Velika-Plaza.1.jpg\",\"width\":720,\"height\":480},{\"@type\":\"WebPage\",\"@id\":\"https:\/\/www.visit-ulcinj.com\/blog\/2013\/07\/24\/crna-gora-ove-godine-ocekuje-vise-od-100-000-turista-iz-bih\/#webpage\",\"url\":\"https:\/\/www.visit-ulcinj.com\/blog\/2013\/07\/24\/crna-gora-ove-godine-ocekuje-vise-od-100-000-turista-iz-bih\/\",\"name\":\"Crna Gora ove godine o\u010dekuje vi\u0161e od 100.000 turista iz BiH - Lajme nga Ulqini\",\"isPartOf\":{\"@id\":\"https:\/\/www.visit-ulcinj.com\/blog\/#website\"},\"primaryImageOfPage\":{\"@id\":\"https:\/\/www.visit-ulcinj.com\/blog\/2013\/07\/24\/crna-gora-ove-godine-ocekuje-vise-od-100-000-turista-iz-bih\/#primaryimage\"},\"datePublished\":\"2013-07-24T20:43:47+00:00\",\"dateModified\":\"2013-07-24T20:44:06+00:00\",\"author\":{\"@id\":\"https:\/\/www.visit-ulcinj.com\/blog\/#\/schema\/person\/dcab619c614d3038751c63bc2aadc06d\"},\"description\":\"PODGORICA - Nakon \u0161to je Hrvatska 1. jula postala punopravna \u010dlanica Evropske unije, gra\u0111ani Bosne i Hercegovine vi\u0161e ne mogu ulaziti u tu dr\u017eavu sa\",\"breadcrumb\":{\"@id\":\"https:\/\/www.visit-ulcinj.com\/blog\/2013\/07\/24\/crna-gora-ove-godine-ocekuje-vise-od-100-000-turista-iz-bih\/#breadcrumb\"},\"inLanguage\":\"en-US\",\"potentialAction\":[{\"@type\":\"ReadAction\",\"target\":[\"https:\/\/www.visit-ulcinj.com\/blog\/2013\/07\/24\/crna-gora-ove-godine-ocekuje-vise-od-100-000-turista-iz-bih\/\"]}]},{\"@type\":\"BreadcrumbList\",\"@id\":\"https:\/\/www.visit-ulcinj.com\/blog\/2013\/07\/24\/crna-gora-ove-godine-ocekuje-vise-od-100-000-turista-iz-bih\/#breadcrumb\",\"itemListElement\":[{\"@type\":\"ListItem\",\"position\":1,\"name\":\"Crna Gora ove godine o\u010dekuje vi\u0161e od 100.000 turista iz BiH\"}]},{\"@type\":\"Person\",\"@id\":\"https:\/\/www.visit-ulcinj.com\/blog\/#\/schema\/person\/dcab619c614d3038751c63bc2aadc06d\",\"name\":\"ulqini\",\"sameAs\":[\"http:\/\/www.visit-ulcinj.com\"],\"url\":\"https:\/\/www.visit-ulcinj.com\/blog\/author\/admin\/\"}]}<\/script>\n<!-- \/ Yoast SEO plugin. -->","yoast_head_json":{"title":"Crna Gora ove godine o\u010dekuje vi\u0161e od 100.000 turista iz BiH - Lajme nga Ulqini","description":"PODGORICA - Nakon \u0161to je Hrvatska 1. jula postala punopravna \u010dlanica Evropske unije, gra\u0111ani Bosne i Hercegovine vi\u0161e ne mogu ulaziti u tu dr\u017eavu sa","robots":{"index":"index","follow":"follow","max-snippet":"max-snippet:-1","max-image-preview":"max-image-preview:large","max-video-preview":"max-video-preview:-1"},"canonical":"https:\/\/www.visit-ulcinj.com\/blog\/2013\/07\/24\/crna-gora-ove-godine-ocekuje-vise-od-100-000-turista-iz-bih\/","og_locale":"en_US","og_type":"article","og_title":"Crna Gora ove godine o\u010dekuje vi\u0161e od 100.000 turista iz BiH - Lajme nga Ulqini","og_description":"PODGORICA - Nakon \u0161to je Hrvatska 1. jula postala punopravna \u010dlanica Evropske unije, gra\u0111ani Bosne i Hercegovine vi\u0161e ne mogu ulaziti u tu dr\u017eavu sa","og_url":"https:\/\/www.visit-ulcinj.com\/blog\/2013\/07\/24\/crna-gora-ove-godine-ocekuje-vise-od-100-000-turista-iz-bih\/","og_site_name":"Lajme nga Ulqini","article_published_time":"2013-07-24T20:43:47+00:00","article_modified_time":"2013-07-24T20:44:06+00:00","og_image":[{"url":"http:\/\/www.visit-ulcinj.com\/blog\/wp-content\/uploads\/2013\/07\/Copacabana-Beach-Ulcinj_Montenegro-_Velika-Plaza.1.jpg"}],"twitter_misc":{"Written by":"ulqini","Est. reading time":"2 minutes"},"schema":{"@context":"https:\/\/schema.org","@graph":[{"@type":"WebSite","@id":"https:\/\/www.visit-ulcinj.com\/blog\/#website","url":"https:\/\/www.visit-ulcinj.com\/blog\/","name":"Lajme nga Ulqini","description":"Lajme,Vijesti,Ulqini,Ulqin,Crna Gora,Mali i Zi","potentialAction":[{"@type":"SearchAction","target":{"@type":"EntryPoint","urlTemplate":"https:\/\/www.visit-ulcinj.com\/blog\/?s={search_term_string}"},"query-input":"required name=search_term_string"}],"inLanguage":"en-US"},{"@type":"ImageObject","inLanguage":"en-US","@id":"https:\/\/www.visit-ulcinj.com\/blog\/2013\/07\/24\/crna-gora-ove-godine-ocekuje-vise-od-100-000-turista-iz-bih\/#primaryimage","url":"https:\/\/www.visit-ulcinj.com\/blog\/wp-content\/uploads\/2013\/07\/Copacabana-Beach-Ulcinj_Montenegro-_Velika-Plaza.1.jpg","contentUrl":"https:\/\/www.visit-ulcinj.com\/blog\/wp-content\/uploads\/2013\/07\/Copacabana-Beach-Ulcinj_Montenegro-_Velika-Plaza.1.jpg","width":720,"height":480},{"@type":"WebPage","@id":"https:\/\/www.visit-ulcinj.com\/blog\/2013\/07\/24\/crna-gora-ove-godine-ocekuje-vise-od-100-000-turista-iz-bih\/#webpage","url":"https:\/\/www.visit-ulcinj.com\/blog\/2013\/07\/24\/crna-gora-ove-godine-ocekuje-vise-od-100-000-turista-iz-bih\/","name":"Crna Gora ove godine o\u010dekuje vi\u0161e od 100.000 turista iz BiH - Lajme nga Ulqini","isPartOf":{"@id":"https:\/\/www.visit-ulcinj.com\/blog\/#website"},"primaryImageOfPage":{"@id":"https:\/\/www.visit-ulcinj.com\/blog\/2013\/07\/24\/crna-gora-ove-godine-ocekuje-vise-od-100-000-turista-iz-bih\/#primaryimage"},"datePublished":"2013-07-24T20:43:47+00:00","dateModified":"2013-07-24T20:44:06+00:00","author":{"@id":"https:\/\/www.visit-ulcinj.com\/blog\/#\/schema\/person\/dcab619c614d3038751c63bc2aadc06d"},"description":"PODGORICA - Nakon \u0161to je Hrvatska 1. jula postala punopravna \u010dlanica Evropske unije, gra\u0111ani Bosne i Hercegovine vi\u0161e ne mogu ulaziti u tu dr\u017eavu sa","breadcrumb":{"@id":"https:\/\/www.visit-ulcinj.com\/blog\/2013\/07\/24\/crna-gora-ove-godine-ocekuje-vise-od-100-000-turista-iz-bih\/#breadcrumb"},"inLanguage":"en-US","potentialAction":[{"@type":"ReadAction","target":["https:\/\/www.visit-ulcinj.com\/blog\/2013\/07\/24\/crna-gora-ove-godine-ocekuje-vise-od-100-000-turista-iz-bih\/"]}]},{"@type":"BreadcrumbList","@id":"https:\/\/www.visit-ulcinj.com\/blog\/2013\/07\/24\/crna-gora-ove-godine-ocekuje-vise-od-100-000-turista-iz-bih\/#breadcrumb","itemListElement":[{"@type":"ListItem","position":1,"name":"Crna Gora ove godine o\u010dekuje vi\u0161e od 100.000 turista iz BiH"}]},{"@type":"Person","@id":"https:\/\/www.visit-ulcinj.com\/blog\/#\/schema\/person\/dcab619c614d3038751c63bc2aadc06d","name":"ulqini","sameAs":["http:\/\/www.visit-ulcinj.com"],"url":"https:\/\/www.visit-ulcinj.com\/blog\/author\/admin\/"}]}},"jetpack_featured_media_url":"","jetpack_sharing_enabled":true,"jetpack_shortlink":"https:\/\/wp.me\/pe6lTn-j9W","_links":{"self":[{"href":"https:\/\/www.visit-ulcinj.com\/blog\/wp-json\/wp\/v2\/posts\/73652"}],"collection":[{"href":"https:\/\/www.visit-ulcinj.com\/blog\/wp-json\/wp\/v2\/posts"}],"about":[{"href":"https:\/\/www.visit-ulcinj.com\/blog\/wp-json\/wp\/v2\/types\/post"}],"author":[{"embeddable":true,"href":"https:\/\/www.visit-ulcinj.com\/blog\/wp-json\/wp\/v2\/users\/1"}],"replies":[{"embeddable":true,"href":"https:\/\/www.visit-ulcinj.com\/blog\/wp-json\/wp\/v2\/comments?post=73652"}],"version-history":[{"count":2,"href":"https:\/\/www.visit-ulcinj.com\/blog\/wp-json\/wp\/v2\/posts\/73652\/revisions"}],"predecessor-version":[{"id":73655,"href":"https:\/\/www.visit-ulcinj.com\/blog\/wp-json\/wp\/v2\/posts\/73652\/revisions\/73655"}],"wp:attachment":[{"href":"https:\/\/www.visit-ulcinj.com\/blog\/wp-json\/wp\/v2\/media?parent=73652"}],"wp:term":[{"taxonomy":"category","embeddable":true,"href":"https:\/\/www.visit-ulcinj.com\/blog\/wp-json\/wp\/v2\/categories?post=73652"},{"taxonomy":"post_tag","embeddable":true,"href":"https:\/\/www.visit-ulcinj.com\/blog\/wp-json\/wp\/v2\/tags?post=73652"}],"curies":[{"name":"wp","href":"https:\/\/api.w.org\/{rel}","templated":true}]}}