{"id":73667,"date":"2013-07-24T22:27:41","date_gmt":"2013-07-24T21:27:41","guid":{"rendered":"http:\/\/www.visit-ulcinj.com\/blog\/?p=73667"},"modified":"2013-07-24T22:28:02","modified_gmt":"2013-07-24T21:28:02","slug":"tahiri-te-drejtat-e-shqiptareve-larg-standarteve-europiane","status":"publish","type":"post","link":"https:\/\/www.visit-ulcinj.com\/blog\/2013\/07\/24\/tahiri-te-drejtat-e-shqiptareve-larg-standarteve-europiane\/","title":{"rendered":"Tahiri: T\u00eb drejtat e shqiptar\u00ebve larg standarteve europiane"},"content":{"rendered":"<p><a href=\"http:\/\/www.visit-ulcinj.com\/blog\/wp-content\/uploads\/2013\/07\/Tahir-Tahiri.jpg\"><img loading=\"lazy\" class=\"alignleft  wp-image-73668\" alt=\"Tahir-Tahiri\" src=\"http:\/\/www.visit-ulcinj.com\/blog\/wp-content\/uploads\/2013\/07\/Tahir-Tahiri.jpg\" width=\"350\" height=\"250\" \/><\/a>N\u00eb koh\u00ebn kur Mali i Zi po b\u00ebn p\u00ebrgatitjet p\u00ebr an\u00ebtar\u00ebsim t\u00eb plot\u00eb n\u00eb Bashkimin Evropian, organizatat joqeveritare dhe subjekte t\u00eb ndryshme politike k\u00ebrkojn\u00eb q\u00eb n\u00eb k\u00ebt\u00eb faz\u00eb t\u2019i kushtohet nj\u00eb v\u00ebmendje e ve\u00e7ant\u00eb lirive dhe t\u00eb drejtave t\u00eb pakicave. Ata vler\u00ebsojn\u00eb se gjat\u00eb hapjes s\u00eb kapitujve p\u00ebr bisedime me BE-n\u00eb\u00a0 duhet t\u00eb hapet edhe \u00e7\u00ebshtja e pozit\u00ebs s\u00eb pakicave n\u00eb Mal t\u00eb Zi.<\/p>\n<p>Kryetari aktual i K\u00ebshillit Nacional t\u00eb Shqiptar\u00ebve Tahir Tahiri mendon se t\u00eb drejtat e shqiptar\u00ebve n\u00eb Mal t\u00eb Zi jan\u00eb larg standardeve europiane. Tahiri tha se k\u00ebto t\u00eb drejta jan\u00eb larg nga ajo se \u00e7far\u00eb i \u00ebsht\u00eb\u00a0 premtuar shqiptar\u00ebve. &#8221;Ne mendojm\u00eb se sa i p\u00ebrket t\u00eb drejtave t\u00eb pakicave n\u00eb Malin e Zi dhe konkretisht t\u00eb t\u00eb drejtave t\u00eb\u00a0 shqiptar\u00ebve jan\u00eb larg asaj se \u00e7ka pretendon Mali i Zi dhe \u00e7far\u00eb ata kan\u00eb premtuar p\u00ebr shqiptar\u00ebt por edhe p\u00ebr pakicat tjera&#8221; deklaroi Tahiri p\u00ebr VOA. Tahiri poashtu mendon se Mali i Zi akoma nuk i ka plot\u00ebsuar standardet p\u00ebr fillimin e bisedimeve p\u00ebr tu an\u00ebtar\u00ebsuar n\u00eb BE.<\/p>\n<p><strong>TVCG<\/strong><\/p>\n","protected":false},"excerpt":{"rendered":"<p>N\u00eb koh\u00ebn kur Mali i Zi po b\u00ebn p\u00ebrgatitjet p\u00ebr an\u00ebtar\u00ebsim t\u00eb plot\u00eb n\u00eb Bashkimin Evropian, organizatat joqeveritare dhe subjekte t\u00eb ndryshme politike k\u00ebrkojn\u00eb q\u00eb n\u00eb k\u00ebt\u00eb faz\u00eb t\u2019i kushtohet nj\u00eb v\u00ebmendje e ve\u00e7ant\u00eb lirive dhe t\u00eb drejtave t\u00eb pakicave. Ata vler\u00ebsojn\u00eb se gjat\u00eb hapjes s\u00eb kapitujve p\u00ebr bisedime me BE-n\u00eb\u00a0 duhet t\u00eb hapet edhe [&hellip;]<\/p>\n","protected":false},"author":1,"featured_media":0,"comment_status":"closed","ping_status":"closed","sticky":false,"template":"","format":"standard","meta":{"spay_email":"","jetpack_publicize_message":"","jetpack_is_tweetstorm":false,"jetpack_publicize_feature_enabled":true},"categories":[13],"tags":[],"jetpack_publicize_connections":[],"yoast_head":"<!-- This site is optimized with the Yoast SEO plugin v19.1 - https:\/\/yoast.com\/wordpress\/plugins\/seo\/ -->\n<title>Tahiri: T\u00eb drejtat e shqiptar\u00ebve larg standarteve europiane - Lajme nga Ulqini<\/title>\n<meta name=\"description\" content=\"N\u00eb koh\u00ebn kur Mali i Zi po b\u00ebn p\u00ebrgatitjet p\u00ebr an\u00ebtar\u00ebsim t\u00eb plot\u00eb n\u00eb Bashkimin Evropian, organizatat joqeveritare dhe subjekte t\u00eb ndryshme politike\" \/>\n<meta name=\"robots\" content=\"index, follow, max-snippet:-1, max-image-preview:large, max-video-preview:-1\" \/>\n<link rel=\"canonical\" href=\"https:\/\/www.visit-ulcinj.com\/blog\/2013\/07\/24\/tahiri-te-drejtat-e-shqiptareve-larg-standarteve-europiane\/\" \/>\n<meta property=\"og:locale\" content=\"en_US\" \/>\n<meta property=\"og:type\" content=\"article\" \/>\n<meta property=\"og:title\" content=\"Tahiri: T\u00eb drejtat e shqiptar\u00ebve larg standarteve europiane - Lajme nga Ulqini\" \/>\n<meta property=\"og:description\" content=\"N\u00eb koh\u00ebn kur Mali i Zi po b\u00ebn p\u00ebrgatitjet p\u00ebr an\u00ebtar\u00ebsim t\u00eb plot\u00eb n\u00eb Bashkimin Evropian, organizatat joqeveritare dhe subjekte t\u00eb ndryshme politike\" \/>\n<meta property=\"og:url\" content=\"https:\/\/www.visit-ulcinj.com\/blog\/2013\/07\/24\/tahiri-te-drejtat-e-shqiptareve-larg-standarteve-europiane\/\" \/>\n<meta property=\"og:site_name\" content=\"Lajme nga Ulqini\" \/>\n<meta property=\"article:published_time\" content=\"2013-07-24T21:27:41+00:00\" \/>\n<meta property=\"article:modified_time\" content=\"2013-07-24T21:28:02+00:00\" \/>\n<meta property=\"og:image\" content=\"http:\/\/www.visit-ulcinj.com\/blog\/wp-content\/uploads\/2013\/07\/Tahir-Tahiri.jpg\" \/>\n<meta name=\"twitter:label1\" content=\"Written by\" \/>\n\t<meta name=\"twitter:data1\" content=\"ulqini\" \/>\n\t<meta name=\"twitter:label2\" content=\"Est. reading time\" \/>\n\t<meta name=\"twitter:data2\" content=\"1 minute\" \/>\n<script type=\"application\/ld+json\" class=\"yoast-schema-graph\">{\"@context\":\"https:\/\/schema.org\",\"@graph\":[{\"@type\":\"WebSite\",\"@id\":\"https:\/\/www.visit-ulcinj.com\/blog\/#website\",\"url\":\"https:\/\/www.visit-ulcinj.com\/blog\/\",\"name\":\"Lajme nga Ulqini\",\"description\":\"Lajme,Vijesti,Ulqini,Ulqin,Crna Gora,Mali i Zi\",\"potentialAction\":[{\"@type\":\"SearchAction\",\"target\":{\"@type\":\"EntryPoint\",\"urlTemplate\":\"https:\/\/www.visit-ulcinj.com\/blog\/?s={search_term_string}\"},\"query-input\":\"required name=search_term_string\"}],\"inLanguage\":\"en-US\"},{\"@type\":\"ImageObject\",\"inLanguage\":\"en-US\",\"@id\":\"https:\/\/www.visit-ulcinj.com\/blog\/2013\/07\/24\/tahiri-te-drejtat-e-shqiptareve-larg-standarteve-europiane\/#primaryimage\",\"url\":\"https:\/\/www.visit-ulcinj.com\/blog\/wp-content\/uploads\/2013\/07\/Tahir-Tahiri.jpg\",\"contentUrl\":\"https:\/\/www.visit-ulcinj.com\/blog\/wp-content\/uploads\/2013\/07\/Tahir-Tahiri.jpg\",\"width\":446,\"height\":312},{\"@type\":\"WebPage\",\"@id\":\"https:\/\/www.visit-ulcinj.com\/blog\/2013\/07\/24\/tahiri-te-drejtat-e-shqiptareve-larg-standarteve-europiane\/#webpage\",\"url\":\"https:\/\/www.visit-ulcinj.com\/blog\/2013\/07\/24\/tahiri-te-drejtat-e-shqiptareve-larg-standarteve-europiane\/\",\"name\":\"Tahiri: T\u00eb drejtat e shqiptar\u00ebve larg standarteve europiane - Lajme nga Ulqini\",\"isPartOf\":{\"@id\":\"https:\/\/www.visit-ulcinj.com\/blog\/#website\"},\"primaryImageOfPage\":{\"@id\":\"https:\/\/www.visit-ulcinj.com\/blog\/2013\/07\/24\/tahiri-te-drejtat-e-shqiptareve-larg-standarteve-europiane\/#primaryimage\"},\"datePublished\":\"2013-07-24T21:27:41+00:00\",\"dateModified\":\"2013-07-24T21:28:02+00:00\",\"author\":{\"@id\":\"https:\/\/www.visit-ulcinj.com\/blog\/#\/schema\/person\/dcab619c614d3038751c63bc2aadc06d\"},\"description\":\"N\u00eb koh\u00ebn kur Mali i Zi po b\u00ebn p\u00ebrgatitjet p\u00ebr an\u00ebtar\u00ebsim t\u00eb plot\u00eb n\u00eb Bashkimin Evropian, organizatat joqeveritare dhe subjekte t\u00eb ndryshme politike\",\"breadcrumb\":{\"@id\":\"https:\/\/www.visit-ulcinj.com\/blog\/2013\/07\/24\/tahiri-te-drejtat-e-shqiptareve-larg-standarteve-europiane\/#breadcrumb\"},\"inLanguage\":\"en-US\",\"potentialAction\":[{\"@type\":\"ReadAction\",\"target\":[\"https:\/\/www.visit-ulcinj.com\/blog\/2013\/07\/24\/tahiri-te-drejtat-e-shqiptareve-larg-standarteve-europiane\/\"]}]},{\"@type\":\"BreadcrumbList\",\"@id\":\"https:\/\/www.visit-ulcinj.com\/blog\/2013\/07\/24\/tahiri-te-drejtat-e-shqiptareve-larg-standarteve-europiane\/#breadcrumb\",\"itemListElement\":[{\"@type\":\"ListItem\",\"position\":1,\"name\":\"Tahiri: T\u00eb drejtat e shqiptar\u00ebve larg standarteve europiane\"}]},{\"@type\":\"Person\",\"@id\":\"https:\/\/www.visit-ulcinj.com\/blog\/#\/schema\/person\/dcab619c614d3038751c63bc2aadc06d\",\"name\":\"ulqini\",\"sameAs\":[\"http:\/\/www.visit-ulcinj.com\"],\"url\":\"https:\/\/www.visit-ulcinj.com\/blog\/author\/admin\/\"}]}<\/script>\n<!-- \/ Yoast SEO plugin. -->","yoast_head_json":{"title":"Tahiri: T\u00eb drejtat e shqiptar\u00ebve larg standarteve europiane - Lajme nga Ulqini","description":"N\u00eb koh\u00ebn kur Mali i Zi po b\u00ebn p\u00ebrgatitjet p\u00ebr an\u00ebtar\u00ebsim t\u00eb plot\u00eb n\u00eb Bashkimin Evropian, organizatat joqeveritare dhe subjekte t\u00eb ndryshme politike","robots":{"index":"index","follow":"follow","max-snippet":"max-snippet:-1","max-image-preview":"max-image-preview:large","max-video-preview":"max-video-preview:-1"},"canonical":"https:\/\/www.visit-ulcinj.com\/blog\/2013\/07\/24\/tahiri-te-drejtat-e-shqiptareve-larg-standarteve-europiane\/","og_locale":"en_US","og_type":"article","og_title":"Tahiri: T\u00eb drejtat e shqiptar\u00ebve larg standarteve europiane - Lajme nga Ulqini","og_description":"N\u00eb koh\u00ebn kur Mali i Zi po b\u00ebn p\u00ebrgatitjet p\u00ebr an\u00ebtar\u00ebsim t\u00eb plot\u00eb n\u00eb Bashkimin Evropian, organizatat joqeveritare dhe subjekte t\u00eb ndryshme politike","og_url":"https:\/\/www.visit-ulcinj.com\/blog\/2013\/07\/24\/tahiri-te-drejtat-e-shqiptareve-larg-standarteve-europiane\/","og_site_name":"Lajme nga Ulqini","article_published_time":"2013-07-24T21:27:41+00:00","article_modified_time":"2013-07-24T21:28:02+00:00","og_image":[{"url":"http:\/\/www.visit-ulcinj.com\/blog\/wp-content\/uploads\/2013\/07\/Tahir-Tahiri.jpg"}],"twitter_misc":{"Written by":"ulqini","Est. reading time":"1 minute"},"schema":{"@context":"https:\/\/schema.org","@graph":[{"@type":"WebSite","@id":"https:\/\/www.visit-ulcinj.com\/blog\/#website","url":"https:\/\/www.visit-ulcinj.com\/blog\/","name":"Lajme nga Ulqini","description":"Lajme,Vijesti,Ulqini,Ulqin,Crna Gora,Mali i Zi","potentialAction":[{"@type":"SearchAction","target":{"@type":"EntryPoint","urlTemplate":"https:\/\/www.visit-ulcinj.com\/blog\/?s={search_term_string}"},"query-input":"required name=search_term_string"}],"inLanguage":"en-US"},{"@type":"ImageObject","inLanguage":"en-US","@id":"https:\/\/www.visit-ulcinj.com\/blog\/2013\/07\/24\/tahiri-te-drejtat-e-shqiptareve-larg-standarteve-europiane\/#primaryimage","url":"https:\/\/www.visit-ulcinj.com\/blog\/wp-content\/uploads\/2013\/07\/Tahir-Tahiri.jpg","contentUrl":"https:\/\/www.visit-ulcinj.com\/blog\/wp-content\/uploads\/2013\/07\/Tahir-Tahiri.jpg","width":446,"height":312},{"@type":"WebPage","@id":"https:\/\/www.visit-ulcinj.com\/blog\/2013\/07\/24\/tahiri-te-drejtat-e-shqiptareve-larg-standarteve-europiane\/#webpage","url":"https:\/\/www.visit-ulcinj.com\/blog\/2013\/07\/24\/tahiri-te-drejtat-e-shqiptareve-larg-standarteve-europiane\/","name":"Tahiri: T\u00eb drejtat e shqiptar\u00ebve larg standarteve europiane - Lajme nga Ulqini","isPartOf":{"@id":"https:\/\/www.visit-ulcinj.com\/blog\/#website"},"primaryImageOfPage":{"@id":"https:\/\/www.visit-ulcinj.com\/blog\/2013\/07\/24\/tahiri-te-drejtat-e-shqiptareve-larg-standarteve-europiane\/#primaryimage"},"datePublished":"2013-07-24T21:27:41+00:00","dateModified":"2013-07-24T21:28:02+00:00","author":{"@id":"https:\/\/www.visit-ulcinj.com\/blog\/#\/schema\/person\/dcab619c614d3038751c63bc2aadc06d"},"description":"N\u00eb koh\u00ebn kur Mali i Zi po b\u00ebn p\u00ebrgatitjet p\u00ebr an\u00ebtar\u00ebsim t\u00eb plot\u00eb n\u00eb Bashkimin Evropian, organizatat joqeveritare dhe subjekte t\u00eb ndryshme politike","breadcrumb":{"@id":"https:\/\/www.visit-ulcinj.com\/blog\/2013\/07\/24\/tahiri-te-drejtat-e-shqiptareve-larg-standarteve-europiane\/#breadcrumb"},"inLanguage":"en-US","potentialAction":[{"@type":"ReadAction","target":["https:\/\/www.visit-ulcinj.com\/blog\/2013\/07\/24\/tahiri-te-drejtat-e-shqiptareve-larg-standarteve-europiane\/"]}]},{"@type":"BreadcrumbList","@id":"https:\/\/www.visit-ulcinj.com\/blog\/2013\/07\/24\/tahiri-te-drejtat-e-shqiptareve-larg-standarteve-europiane\/#breadcrumb","itemListElement":[{"@type":"ListItem","position":1,"name":"Tahiri: T\u00eb drejtat e shqiptar\u00ebve larg standarteve europiane"}]},{"@type":"Person","@id":"https:\/\/www.visit-ulcinj.com\/blog\/#\/schema\/person\/dcab619c614d3038751c63bc2aadc06d","name":"ulqini","sameAs":["http:\/\/www.visit-ulcinj.com"],"url":"https:\/\/www.visit-ulcinj.com\/blog\/author\/admin\/"}]}},"jetpack_featured_media_url":"","jetpack_sharing_enabled":true,"jetpack_shortlink":"https:\/\/wp.me\/pe6lTn-jab","_links":{"self":[{"href":"https:\/\/www.visit-ulcinj.com\/blog\/wp-json\/wp\/v2\/posts\/73667"}],"collection":[{"href":"https:\/\/www.visit-ulcinj.com\/blog\/wp-json\/wp\/v2\/posts"}],"about":[{"href":"https:\/\/www.visit-ulcinj.com\/blog\/wp-json\/wp\/v2\/types\/post"}],"author":[{"embeddable":true,"href":"https:\/\/www.visit-ulcinj.com\/blog\/wp-json\/wp\/v2\/users\/1"}],"replies":[{"embeddable":true,"href":"https:\/\/www.visit-ulcinj.com\/blog\/wp-json\/wp\/v2\/comments?post=73667"}],"version-history":[{"count":2,"href":"https:\/\/www.visit-ulcinj.com\/blog\/wp-json\/wp\/v2\/posts\/73667\/revisions"}],"predecessor-version":[{"id":73670,"href":"https:\/\/www.visit-ulcinj.com\/blog\/wp-json\/wp\/v2\/posts\/73667\/revisions\/73670"}],"wp:attachment":[{"href":"https:\/\/www.visit-ulcinj.com\/blog\/wp-json\/wp\/v2\/media?parent=73667"}],"wp:term":[{"taxonomy":"category","embeddable":true,"href":"https:\/\/www.visit-ulcinj.com\/blog\/wp-json\/wp\/v2\/categories?post=73667"},{"taxonomy":"post_tag","embeddable":true,"href":"https:\/\/www.visit-ulcinj.com\/blog\/wp-json\/wp\/v2\/tags?post=73667"}],"curies":[{"name":"wp","href":"https:\/\/api.w.org\/{rel}","templated":true}]}}