{"id":7369,"date":"2008-12-16T21:35:54","date_gmt":"2008-12-16T20:35:54","guid":{"rendered":"http:\/\/www.visit-ulcinj.com\/blog\/?p=7369"},"modified":"2008-12-16T21:37:19","modified_gmt":"2008-12-16T20:37:19","slug":"kushtrim-boin-ne-rrezik","status":"publish","type":"post","link":"https:\/\/www.visit-ulcinj.com\/blog\/2008\/12\/16\/kushtrim-boin-ne-rrezik\/","title":{"rendered":"Kushtrim, T V  BoiN n\u00eb rrezik"},"content":{"rendered":"<p><a href=\"http:\/\/www.visit-ulcinj.com\/blog\/wp-content\/uploads\/2008\/12\/tvboin.jpg\"><img loading=\"lazy\" class=\"alignleft size-medium wp-image-7370\" title=\"tvboin\" src=\"http:\/\/www.visit-ulcinj.com\/blog\/wp-content\/uploads\/2008\/12\/tvboin-300x124.jpg\" alt=\"\" width=\"401\" height=\"166\" srcset=\"https:\/\/www.visit-ulcinj.com\/blog\/wp-content\/uploads\/2008\/12\/tvboin-300x124.jpg 300w, https:\/\/www.visit-ulcinj.com\/blog\/wp-content\/uploads\/2008\/12\/tvboin.jpg 318w\" sizes=\"(max-width: 401px) 100vw, 401px\" \/><\/a>N\u00eb emisionin me po k\u00ebt\u00eb titull t\u00eb transmetuar n\u00eb televizionin Boin t\u00eb diel\u00ebn n\u00eb or\u00ebn 20:00. Mal\u00ebsia dhe opinioni i gjer\u00eb i shqiptarve n\u00eb Mal t\u00eb Zi p\u00ebrfundimisht kuptoi dyshimin q\u00eb shikuesit kishin q\u00eb kur p\u00ebr her\u00eb t\u00eb par\u00eb pan\u00eb reklam\u00ebn p\u00ebr k\u00ebt\u00eb emision. Q\u00eb nga dita e par\u00eb kur n\u00eb valet e tv Boin u transmetua reklama, n\u00eb k\u00ebt\u00eb medium nuk ndaleshin telefonatat duke pyetur se p\u00ebr \u00e7far\u00eb \u00ebsht\u00eb Boini n\u00eb rrezik dhe pse ky medium mund t\u00eb shuhet.<br \/>\nStresi psikologjik, dhe dysihmet e tjera se p\u00ebr \u00e7far\u00eb burimi i pashterrsh\u00ebm informativ i shqiptar\u00ebve n\u00eb Mal t\u00eb Zi \u00ebsht\u00eb n\u00eb rrezik, i b\u00ebri\u00a0 shikuesit e k\u00ebtij televizioni q\u00eb at\u00eb nat\u00eb t\u00eb thejn\u00eb t\u00eb gjitha parashikimet p\u00ebr shikueshmerin\u00eb e k\u00ebtij emisioni dhe t\u00eb harrojn\u00eb se ekzistojn\u00eb kanale t\u00eb tjera televizive. E kush thoshte se Boini nuk shikohet?<br \/>\nPik\u00ebrisht nj\u00eb jav\u00eb mbas dit\u00eblindjes s\u00eb 7, Boinin e kaploi nj\u00eb kriz\u00eb e madhe q\u00eb gjith\u00ebkohes v\u00ebn n\u00eb pyetje mbylljen p\u00ebrfundimtare t\u00eb k\u00ebtij Mediumi. Mir\u00ebpo p\u00ebr fat t\u00eb mir\u00eb iniciativa e disa t\u00eb rinj\u00ebve Mal\u00ebsor p\u00ebr t\u00eb krijuar nj\u00eb k\u00ebshill emergjent p\u00ebr shpetimin e televizionit Boin sjelli shenjat e reja t\u00eb jet\u00ebs, e q\u00eb nj\u00eb heri n\u00ebp\u00ebrmes emisionit Kushtrim, Boini n\u00eb rrezik tentoi vetem t\u00eb ngrisin vet\u00ebdijen e Mal\u00ebsis\u00eb q\u00eb k\u00ebt\u00eb institucion, k\u00ebt\u00eb z\u00eb dhe k\u00ebt\u00eb fuqi mediatike mos t\u00eb lejojn\u00eb t\u00eb shuhet.<br \/>\nAt\u00eb nat\u00eb disa nga an\u00ebtar\u00ebt e k\u00ebshillit emergjent p\u00ebr shpetimin e televizionit Boin shpalos\u00ebn kriz\u00ebn finansjare qe ka kapluar k\u00ebt\u00eb institucion. M\u00eb shum\u00eb se 10.000eu t\u00eb papaguara korporates energjetike t\u00eb Malit t\u00eb Zi p\u00ebr rryme dhe 6.000eu shpenzime p\u00ebr q\u00ebndren e radio difuzionit. Gjithashtu k\u00ebt\u00eb nat\u00eb u shpalos\u00ebn edhe strategjit\u00eb dhe hapat q\u00eb duhen t\u00eb nderrmerren t\u00eb shpetohet boini dhe t\u00eb rritet niveli i kualitetit t\u00eb emisioneve t\u00eb tij.<\/p>\n<p>Q\u00eb nga \u00e7asti kur filloi pjesa e dyt\u00eb e emisionit, telefonatat me shikuesit, telefoni nuk ndali deri n\u00eb mbylljen e emisionit. Edhepse emisioni ishte parashikuar te zgjas vetem 1 or\u00eb e gjysem, ai tejkaloi orarin prej m\u00eb shum\u00eb se 2 or\u00eb e gjys\u00ebm. N\u00ebp\u00ebrmes k\u00ebtyre telefonatave Mal\u00ebsin\u00eb e vendos\u00ebn n\u00eb sprov\u00eb k\u00ebta t\u00eb rinj, mir\u00ebpo ajo edhe nj\u00eb her\u00eb tregoi zemergjersin\u00eb e saj, dhe vet\u00ebm at\u00eb nat\u00eb nga afaristet dhe shikuesit e tjer\u00eb t\u00eb k\u00ebtij mediumi i mbledhen af\u00ebr 7.000 euro.<br \/>\nAt\u00ebher\u00eb e kuptuam t\u00eb gjith\u00eb se \u00e7ka \u00ebsht\u00eb Tv Boin p\u00ebr mal\u00ebsin\u00eb, u bindem edhe nj\u00eb her\u00eb se nuk jemi duke k\u00ebrkuar determiniz\u00ebm teknologjik, se shikuesit e boinit duan t\u00eb ecin drejt zhvillimit, e jo t\u00eb kthehen mrapa n\u00eb periudhat kur n\u00eb shtepit\u00eb tona shikoheshin vetem kanalet sllave dhe f\u00ebmij\u00ebt tan\u00eb nuk kishin ku t\u00eb degjonin nj\u00eb k\u00ebng\u00eb n\u00eb shqip.<br \/>\nPik\u00ebrisht mbr\u00ebm\u00eb kuptuam se zemergj\u00ebrsia dhe bujaria e pronarit t\u00eb k\u00ebtij televizioni ka q\u00ebn\u00eb gjithmon\u00eb aq e madhe, sa q\u00eb e gjith\u00eb Mal\u00ebsia e kuptoi se nj\u00eb personi me vepra kaq t\u00eb m\u00ebdha si Tom\u00eb Bojaj, nuk mund ti kthejm\u00eb kurr\u00eb at\u00eb q\u00eb ai arriti t\u00eb jap\u00eb p\u00ebr Mal\u00ebsin\u00eb n\u00ebp\u00ebrmes k\u00ebtij mediumi.<br \/>\nLe t\u00eb jet\u00eb ky pishtari i par\u00eb q\u00eb ndezi edhe nj\u00eb her\u00eb flak\u00ebn e shpres\u00ebs, dhe rrug\u00ebn e re t\u00eb mbijetes\u00ebs s\u00eb k\u00ebtij mediumi prestigjoz t\u00eb shqiptar\u00ebve n\u00eb Mal t\u00eb zi. E dhasht zoti q\u00eb ky burim i drit\u00ebs ky pishtar mediatik mos t\u00eb shuhet p\u00ebr Mal\u00ebsin\u00eb dhe p\u00ebr shqiptar\u00ebt e Malit t\u00eb Zi, duke shpresuar nj\u00ebheri se s\u00eb shpejti n\u00eb krye t\u00eb saj do rikthehet Themeluesi dhe ideatori i pashterrshem i tij, pronari Tom\u00eb Bojaj.<\/p>\n<p><strong>Numrat e xhirollogarive p\u00ebr mbledhjen e mjeteve financiare p\u00ebr ndihm\u00ebn e Televizionit BOIN.<\/strong><\/p>\n<p><strong>Shtetet e bashkuara t\u00eb Amerik\u00ebs:<\/strong><\/p>\n<p><strong>NLB Montenegro bank<br \/>\n&#8211; xhiro llogaria: 00-305-0010519.0<br \/>\n&#8211; swift code: MNBAMEPG<br \/>\nUNITED STATES CITIBANK N.A<br \/>\nNEW YORK<\/strong><\/p>\n<p><strong>EVROP\u00cb:<\/strong><\/p>\n<p><strong>NLB Montenegro bank<br \/>\n&#8211; xhiro llogaria: 00-305-0010519.0<br \/>\n&#8211; swift code: MNBAMEPG<br \/>\nGermany<br \/>\nCOMMERZBANK AG FRANKFURT<\/strong><\/p>\n<p><strong>Ju faleminderit p\u00ebr kontributin tuaj!<\/strong><\/p>\n<!--YouTube Error: bad URL entered-->\n","protected":false},"excerpt":{"rendered":"<p>N\u00eb emisionin me po k\u00ebt\u00eb titull t\u00eb transmetuar n\u00eb televizionin Boin t\u00eb diel\u00ebn n\u00eb or\u00ebn 20:00. Mal\u00ebsia dhe opinioni i gjer\u00eb i shqiptarve n\u00eb Mal t\u00eb Zi p\u00ebrfundimisht kuptoi dyshimin q\u00eb shikuesit kishin q\u00eb kur p\u00ebr her\u00eb t\u00eb par\u00eb pan\u00eb reklam\u00ebn p\u00ebr k\u00ebt\u00eb emision. Q\u00eb nga dita e par\u00eb kur n\u00eb valet e tv Boin [&hellip;]<\/p>\n","protected":false},"author":1,"featured_media":0,"comment_status":"open","ping_status":"closed","sticky":false,"template":"","format":"standard","meta":{"spay_email":"","jetpack_publicize_message":"","jetpack_is_tweetstorm":false,"jetpack_publicize_feature_enabled":true},"categories":[12],"tags":[95,4474,5273,201,5272,18],"jetpack_publicize_connections":[],"yoast_head":"<!-- This site is optimized with the Yoast SEO plugin v19.1 - https:\/\/yoast.com\/wordpress\/plugins\/seo\/ -->\n<title>Kushtrim, T V BoiN n\u00eb rrezik - Lajme nga Ulqini<\/title>\n<meta name=\"description\" content=\"N\u00eb emisionin me po k\u00ebt\u00eb titull t\u00eb transmetuar n\u00eb televizionin Boin t\u00eb diel\u00ebn n\u00eb or\u00ebn 20:00. Mal\u00ebsia dhe opinioni i gjer\u00eb i shqiptarve n\u00eb Mal t\u00eb Zi\" \/>\n<meta name=\"robots\" content=\"index, follow, max-snippet:-1, max-image-preview:large, max-video-preview:-1\" \/>\n<link rel=\"canonical\" href=\"https:\/\/www.visit-ulcinj.com\/blog\/2008\/12\/16\/kushtrim-boin-ne-rrezik\/\" \/>\n<meta property=\"og:locale\" content=\"en_US\" \/>\n<meta property=\"og:type\" content=\"article\" \/>\n<meta property=\"og:title\" content=\"Kushtrim, T V BoiN n\u00eb rrezik - Lajme nga Ulqini\" \/>\n<meta property=\"og:description\" content=\"N\u00eb emisionin me po k\u00ebt\u00eb titull t\u00eb transmetuar n\u00eb televizionin Boin t\u00eb diel\u00ebn n\u00eb or\u00ebn 20:00. Mal\u00ebsia dhe opinioni i gjer\u00eb i shqiptarve n\u00eb Mal t\u00eb Zi\" \/>\n<meta property=\"og:url\" content=\"https:\/\/www.visit-ulcinj.com\/blog\/2008\/12\/16\/kushtrim-boin-ne-rrezik\/\" \/>\n<meta property=\"og:site_name\" content=\"Lajme nga Ulqini\" \/>\n<meta property=\"article:published_time\" content=\"2008-12-16T20:35:54+00:00\" \/>\n<meta property=\"article:modified_time\" content=\"2008-12-16T20:37:19+00:00\" \/>\n<meta property=\"og:image\" content=\"http:\/\/www.visit-ulcinj.com\/blog\/wp-content\/uploads\/2008\/12\/tvboin-300x124.jpg\" \/>\n<meta name=\"twitter:label1\" content=\"Written by\" \/>\n\t<meta name=\"twitter:data1\" content=\"ulqini\" \/>\n\t<meta name=\"twitter:label2\" content=\"Est. reading time\" \/>\n\t<meta name=\"twitter:data2\" content=\"4 minutes\" \/>\n<script type=\"application\/ld+json\" class=\"yoast-schema-graph\">{\"@context\":\"https:\/\/schema.org\",\"@graph\":[{\"@type\":\"WebSite\",\"@id\":\"https:\/\/www.visit-ulcinj.com\/blog\/#website\",\"url\":\"https:\/\/www.visit-ulcinj.com\/blog\/\",\"name\":\"Lajme nga Ulqini\",\"description\":\"Lajme,Vijesti,Ulqini,Ulqin,Crna Gora,Mali i Zi\",\"potentialAction\":[{\"@type\":\"SearchAction\",\"target\":{\"@type\":\"EntryPoint\",\"urlTemplate\":\"https:\/\/www.visit-ulcinj.com\/blog\/?s={search_term_string}\"},\"query-input\":\"required name=search_term_string\"}],\"inLanguage\":\"en-US\"},{\"@type\":\"ImageObject\",\"inLanguage\":\"en-US\",\"@id\":\"https:\/\/www.visit-ulcinj.com\/blog\/2008\/12\/16\/kushtrim-boin-ne-rrezik\/#primaryimage\",\"url\":\"http:\/\/www.visit-ulcinj.com\/blog\/wp-content\/uploads\/2008\/12\/tvboin-300x124.jpg\",\"contentUrl\":\"http:\/\/www.visit-ulcinj.com\/blog\/wp-content\/uploads\/2008\/12\/tvboin-300x124.jpg\"},{\"@type\":\"WebPage\",\"@id\":\"https:\/\/www.visit-ulcinj.com\/blog\/2008\/12\/16\/kushtrim-boin-ne-rrezik\/#webpage\",\"url\":\"https:\/\/www.visit-ulcinj.com\/blog\/2008\/12\/16\/kushtrim-boin-ne-rrezik\/\",\"name\":\"Kushtrim, T V BoiN n\u00eb rrezik - Lajme nga Ulqini\",\"isPartOf\":{\"@id\":\"https:\/\/www.visit-ulcinj.com\/blog\/#website\"},\"primaryImageOfPage\":{\"@id\":\"https:\/\/www.visit-ulcinj.com\/blog\/2008\/12\/16\/kushtrim-boin-ne-rrezik\/#primaryimage\"},\"datePublished\":\"2008-12-16T20:35:54+00:00\",\"dateModified\":\"2008-12-16T20:37:19+00:00\",\"author\":{\"@id\":\"https:\/\/www.visit-ulcinj.com\/blog\/#\/schema\/person\/dcab619c614d3038751c63bc2aadc06d\"},\"description\":\"N\u00eb emisionin me po k\u00ebt\u00eb titull t\u00eb transmetuar n\u00eb televizionin Boin t\u00eb diel\u00ebn n\u00eb or\u00ebn 20:00. Mal\u00ebsia dhe opinioni i gjer\u00eb i shqiptarve n\u00eb Mal t\u00eb Zi\",\"breadcrumb\":{\"@id\":\"https:\/\/www.visit-ulcinj.com\/blog\/2008\/12\/16\/kushtrim-boin-ne-rrezik\/#breadcrumb\"},\"inLanguage\":\"en-US\",\"potentialAction\":[{\"@type\":\"ReadAction\",\"target\":[\"https:\/\/www.visit-ulcinj.com\/blog\/2008\/12\/16\/kushtrim-boin-ne-rrezik\/\"]}]},{\"@type\":\"BreadcrumbList\",\"@id\":\"https:\/\/www.visit-ulcinj.com\/blog\/2008\/12\/16\/kushtrim-boin-ne-rrezik\/#breadcrumb\",\"itemListElement\":[{\"@type\":\"ListItem\",\"position\":1,\"name\":\"Kushtrim, T V BoiN n\u00eb rrezik\"}]},{\"@type\":\"Person\",\"@id\":\"https:\/\/www.visit-ulcinj.com\/blog\/#\/schema\/person\/dcab619c614d3038751c63bc2aadc06d\",\"name\":\"ulqini\",\"sameAs\":[\"http:\/\/www.visit-ulcinj.com\"],\"url\":\"https:\/\/www.visit-ulcinj.com\/blog\/author\/admin\/\"}]}<\/script>\n<!-- \/ Yoast SEO plugin. -->","yoast_head_json":{"title":"Kushtrim, T V BoiN n\u00eb rrezik - Lajme nga Ulqini","description":"N\u00eb emisionin me po k\u00ebt\u00eb titull t\u00eb transmetuar n\u00eb televizionin Boin t\u00eb diel\u00ebn n\u00eb or\u00ebn 20:00. Mal\u00ebsia dhe opinioni i gjer\u00eb i shqiptarve n\u00eb Mal t\u00eb Zi","robots":{"index":"index","follow":"follow","max-snippet":"max-snippet:-1","max-image-preview":"max-image-preview:large","max-video-preview":"max-video-preview:-1"},"canonical":"https:\/\/www.visit-ulcinj.com\/blog\/2008\/12\/16\/kushtrim-boin-ne-rrezik\/","og_locale":"en_US","og_type":"article","og_title":"Kushtrim, T V BoiN n\u00eb rrezik - Lajme nga Ulqini","og_description":"N\u00eb emisionin me po k\u00ebt\u00eb titull t\u00eb transmetuar n\u00eb televizionin Boin t\u00eb diel\u00ebn n\u00eb or\u00ebn 20:00. Mal\u00ebsia dhe opinioni i gjer\u00eb i shqiptarve n\u00eb Mal t\u00eb Zi","og_url":"https:\/\/www.visit-ulcinj.com\/blog\/2008\/12\/16\/kushtrim-boin-ne-rrezik\/","og_site_name":"Lajme nga Ulqini","article_published_time":"2008-12-16T20:35:54+00:00","article_modified_time":"2008-12-16T20:37:19+00:00","og_image":[{"url":"http:\/\/www.visit-ulcinj.com\/blog\/wp-content\/uploads\/2008\/12\/tvboin-300x124.jpg"}],"twitter_misc":{"Written by":"ulqini","Est. reading time":"4 minutes"},"schema":{"@context":"https:\/\/schema.org","@graph":[{"@type":"WebSite","@id":"https:\/\/www.visit-ulcinj.com\/blog\/#website","url":"https:\/\/www.visit-ulcinj.com\/blog\/","name":"Lajme nga Ulqini","description":"Lajme,Vijesti,Ulqini,Ulqin,Crna Gora,Mali i Zi","potentialAction":[{"@type":"SearchAction","target":{"@type":"EntryPoint","urlTemplate":"https:\/\/www.visit-ulcinj.com\/blog\/?s={search_term_string}"},"query-input":"required name=search_term_string"}],"inLanguage":"en-US"},{"@type":"ImageObject","inLanguage":"en-US","@id":"https:\/\/www.visit-ulcinj.com\/blog\/2008\/12\/16\/kushtrim-boin-ne-rrezik\/#primaryimage","url":"http:\/\/www.visit-ulcinj.com\/blog\/wp-content\/uploads\/2008\/12\/tvboin-300x124.jpg","contentUrl":"http:\/\/www.visit-ulcinj.com\/blog\/wp-content\/uploads\/2008\/12\/tvboin-300x124.jpg"},{"@type":"WebPage","@id":"https:\/\/www.visit-ulcinj.com\/blog\/2008\/12\/16\/kushtrim-boin-ne-rrezik\/#webpage","url":"https:\/\/www.visit-ulcinj.com\/blog\/2008\/12\/16\/kushtrim-boin-ne-rrezik\/","name":"Kushtrim, T V BoiN n\u00eb rrezik - Lajme nga Ulqini","isPartOf":{"@id":"https:\/\/www.visit-ulcinj.com\/blog\/#website"},"primaryImageOfPage":{"@id":"https:\/\/www.visit-ulcinj.com\/blog\/2008\/12\/16\/kushtrim-boin-ne-rrezik\/#primaryimage"},"datePublished":"2008-12-16T20:35:54+00:00","dateModified":"2008-12-16T20:37:19+00:00","author":{"@id":"https:\/\/www.visit-ulcinj.com\/blog\/#\/schema\/person\/dcab619c614d3038751c63bc2aadc06d"},"description":"N\u00eb emisionin me po k\u00ebt\u00eb titull t\u00eb transmetuar n\u00eb televizionin Boin t\u00eb diel\u00ebn n\u00eb or\u00ebn 20:00. Mal\u00ebsia dhe opinioni i gjer\u00eb i shqiptarve n\u00eb Mal t\u00eb Zi","breadcrumb":{"@id":"https:\/\/www.visit-ulcinj.com\/blog\/2008\/12\/16\/kushtrim-boin-ne-rrezik\/#breadcrumb"},"inLanguage":"en-US","potentialAction":[{"@type":"ReadAction","target":["https:\/\/www.visit-ulcinj.com\/blog\/2008\/12\/16\/kushtrim-boin-ne-rrezik\/"]}]},{"@type":"BreadcrumbList","@id":"https:\/\/www.visit-ulcinj.com\/blog\/2008\/12\/16\/kushtrim-boin-ne-rrezik\/#breadcrumb","itemListElement":[{"@type":"ListItem","position":1,"name":"Kushtrim, T V BoiN n\u00eb rrezik"}]},{"@type":"Person","@id":"https:\/\/www.visit-ulcinj.com\/blog\/#\/schema\/person\/dcab619c614d3038751c63bc2aadc06d","name":"ulqini","sameAs":["http:\/\/www.visit-ulcinj.com"],"url":"https:\/\/www.visit-ulcinj.com\/blog\/author\/admin\/"}]}},"jetpack_featured_media_url":"","jetpack_sharing_enabled":true,"jetpack_shortlink":"https:\/\/wp.me\/pe6lTn-1UR","_links":{"self":[{"href":"https:\/\/www.visit-ulcinj.com\/blog\/wp-json\/wp\/v2\/posts\/7369"}],"collection":[{"href":"https:\/\/www.visit-ulcinj.com\/blog\/wp-json\/wp\/v2\/posts"}],"about":[{"href":"https:\/\/www.visit-ulcinj.com\/blog\/wp-json\/wp\/v2\/types\/post"}],"author":[{"embeddable":true,"href":"https:\/\/www.visit-ulcinj.com\/blog\/wp-json\/wp\/v2\/users\/1"}],"replies":[{"embeddable":true,"href":"https:\/\/www.visit-ulcinj.com\/blog\/wp-json\/wp\/v2\/comments?post=7369"}],"version-history":[{"count":0,"href":"https:\/\/www.visit-ulcinj.com\/blog\/wp-json\/wp\/v2\/posts\/7369\/revisions"}],"wp:attachment":[{"href":"https:\/\/www.visit-ulcinj.com\/blog\/wp-json\/wp\/v2\/media?parent=7369"}],"wp:term":[{"taxonomy":"category","embeddable":true,"href":"https:\/\/www.visit-ulcinj.com\/blog\/wp-json\/wp\/v2\/categories?post=7369"},{"taxonomy":"post_tag","embeddable":true,"href":"https:\/\/www.visit-ulcinj.com\/blog\/wp-json\/wp\/v2\/tags?post=7369"}],"curies":[{"name":"wp","href":"https:\/\/api.w.org\/{rel}","templated":true}]}}