{"id":73695,"date":"2013-07-25T06:02:05","date_gmt":"2013-07-25T05:02:05","guid":{"rendered":"http:\/\/www.visit-ulcinj.com\/blog\/?p=73695"},"modified":"2013-07-25T06:02:25","modified_gmt":"2013-07-25T05:02:25","slug":"uprilicen-iftar-za-600-vjernika-u-hotel-mediteran-ulcinj","status":"publish","type":"post","link":"https:\/\/www.visit-ulcinj.com\/blog\/2013\/07\/25\/uprilicen-iftar-za-600-vjernika-u-hotel-mediteran-ulcinj\/","title":{"rendered":"Uprili\u010den iftar za 600 vjernika u hotel Mediteran &#8211; Ulcinj"},"content":{"rendered":"<p><strong><a href=\"http:\/\/www.visit-ulcinj.com\/blog\/wp-content\/uploads\/2013\/07\/iftar-za-600-vjernika-u-hotel-Mediteran-Ulcinj.jpg\"><img loading=\"lazy\" class=\"alignleft  wp-image-73696\" alt=\"iftar za 600 vjernika u hotel Mediteran - Ulcinj\" src=\"http:\/\/www.visit-ulcinj.com\/blog\/wp-content\/uploads\/2013\/07\/iftar-za-600-vjernika-u-hotel-Mediteran-Ulcinj.jpg\" width=\"508\" height=\"360\" \/><\/a>Ulcinj &#8211; Sino\u0107 je u Ulcinju u organizaciji Me\u0161ihata Islamske zajednice\u00a0 u Crnoj Gori organizovan iftar za d\u017eematlije iz Ulcinja.<\/strong><\/p>\n<div>Sa prisustvom od 600 d\u017eematlija ovo je bio do sada jedan od najve\u0107ih iftara u ovom primorskom gradu.<\/div>\n<div>Donator iftara je grupa dobrotvora iz Istanbula koji \u0107e u ovom gradu izgraditi \u017eensku medresu , a u ime njih iftaru je prisustvovao gospodin Sayim Bahadir koji se zahvalio Allahu koji im je omogu\u0107io da ovdje u Ulcinju nakon sto godina budemo zajedno na iftaru. On je uputio zahvalu i reisu Islamske zajednice koji \u201cnas je zbli\u017eio i u dobru sastavio\u201d.<\/div>\n<div><a href=\"http:\/\/www.visit-ulcinj.com\/blog\/wp-content\/uploads\/2013\/07\/iftar-za-600-vjernika-u-hotel-Mediteran-Ulcinj.1.jpg\"><img loading=\"lazy\" class=\"alignleft  wp-image-73697\" alt=\"iftar za 600 vjernika u hotel Mediteran - Ulcinj.1\" src=\"http:\/\/www.visit-ulcinj.com\/blog\/wp-content\/uploads\/2013\/07\/iftar-za-600-vjernika-u-hotel-Mediteran-Ulcinj.1.jpg\" width=\"508\" height=\"360\" \/><\/a><\/div>\n<div>\n<div>Na iftaru se obratio i predsjednik ulcinjske Op\u0161tine gospodin Nazif Cungu koji se zahvalio reisu Fejzi\u0107u i gostima iz Istanbula na iftaru i po\u017eelio im ugodan boravak u Ulcinju.<\/div>\n<div><\/div>\n<div>\n<p>Ambasadir Republike Turske u Crnoj gori Mehmet Nijazi Tanilir se u som kratkom obra\u0107anju zahvalio na pozivu i d\u017eematu Ulcinja od sada \u010destitao nadolaze\u0107u \u00a0mubarek no\u0107 Lejletul-Kadr.<\/p>\n<\/div>\n<div>Reis Islamske zajednice u Crnoj gori Rifat ef. \u00a0Fejzi\u0107 je izme\u0111u istalog rekao: \u201cBiti donator \u00a0iftara u mjestu udaljenom 1000 km zna\u010di imati osjecaj istinskog bratstva i prijateljstva\u201d. On se zahvalio donatorima i svima koji su prisustvovali\u00a0iftaru.<\/div>\n<div>Na kraju kordinator islamske zajednice Turske Teufik Yucesoy je prou\u010dio dovu, \u010dime je i zavr\u0161eno jo\u0161 jedno prelijepo ramazansko dru\u017eenje.<\/div>\n<\/div>\n<div><strong>Izvor: Monteislam<\/strong><\/div>\n<div><a href=\"http:\/\/www.visit-ulcinj.com\/blog\/wp-content\/uploads\/2013\/07\/iftar-za-600-vjernika-u-hotel-Mediteran-Ulcinj.2.jpg\"><img loading=\"lazy\" class=\"alignleft  wp-image-73698\" alt=\"iftar za 600 vjernika u hotel Mediteran - Ulcinj.2\" src=\"http:\/\/www.visit-ulcinj.com\/blog\/wp-content\/uploads\/2013\/07\/iftar-za-600-vjernika-u-hotel-Mediteran-Ulcinj.2.jpg\" width=\"508\" height=\"360\" \/><\/a><\/div>\n<p><a href=\"http:\/\/www.visit-ulcinj.com\/blog\/wp-content\/uploads\/2013\/07\/iftar-za-600-vjernika-u-hotel-Mediteran-Ulcinj.3.jpg\"><img loading=\"lazy\" class=\"alignleft size-full wp-image-73699\" alt=\"iftar za 600 vjernika u hotel Mediteran - Ulcinj.3\" src=\"http:\/\/www.visit-ulcinj.com\/blog\/wp-content\/uploads\/2013\/07\/iftar-za-600-vjernika-u-hotel-Mediteran-Ulcinj.3.jpg\" width=\"508\" height=\"360\" \/><\/a><\/p>\n","protected":false},"excerpt":{"rendered":"<p>Ulcinj &#8211; Sino\u0107 je u Ulcinju u organizaciji Me\u0161ihata Islamske zajednice\u00a0 u Crnoj Gori organizovan iftar za d\u017eematlije iz Ulcinja. Sa prisustvom od 600 d\u017eematlija ovo je bio do sada jedan od najve\u0107ih iftara u ovom primorskom gradu. Donator iftara je grupa dobrotvora iz Istanbula koji \u0107e u ovom gradu izgraditi \u017eensku medresu , a [&hellip;]<\/p>\n","protected":false},"author":1,"featured_media":0,"comment_status":"closed","ping_status":"closed","sticky":false,"template":"","format":"standard","meta":{"spay_email":"","jetpack_publicize_message":"","jetpack_is_tweetstorm":false,"jetpack_publicize_feature_enabled":true},"categories":[8337],"tags":[],"jetpack_publicize_connections":[],"yoast_head":"<!-- This site is optimized with the Yoast SEO plugin v19.1 - https:\/\/yoast.com\/wordpress\/plugins\/seo\/ -->\n<title>Uprili\u010den iftar za 600 vjernika u hotel Mediteran - Ulcinj - Lajme nga Ulqini<\/title>\n<meta name=\"description\" content=\"Ulcinj - Sino\u0107 je u Ulcinju u organizaciji Me\u0161ihata Islamske zajednice\u00a0 u Crnoj Gori organizovan iftar za d\u017eematlije iz Ulcinja. Sa prisustvom od 600\" \/>\n<meta name=\"robots\" content=\"index, follow, max-snippet:-1, max-image-preview:large, max-video-preview:-1\" \/>\n<link rel=\"canonical\" href=\"https:\/\/www.visit-ulcinj.com\/blog\/2013\/07\/25\/uprilicen-iftar-za-600-vjernika-u-hotel-mediteran-ulcinj\/\" \/>\n<meta property=\"og:locale\" content=\"en_US\" \/>\n<meta property=\"og:type\" content=\"article\" \/>\n<meta property=\"og:title\" content=\"Uprili\u010den iftar za 600 vjernika u hotel Mediteran - Ulcinj - Lajme nga Ulqini\" \/>\n<meta property=\"og:description\" content=\"Ulcinj - Sino\u0107 je u Ulcinju u organizaciji Me\u0161ihata Islamske zajednice\u00a0 u Crnoj Gori organizovan iftar za d\u017eematlije iz Ulcinja. Sa prisustvom od 600\" \/>\n<meta property=\"og:url\" content=\"https:\/\/www.visit-ulcinj.com\/blog\/2013\/07\/25\/uprilicen-iftar-za-600-vjernika-u-hotel-mediteran-ulcinj\/\" \/>\n<meta property=\"og:site_name\" content=\"Lajme nga Ulqini\" \/>\n<meta property=\"article:published_time\" content=\"2013-07-25T05:02:05+00:00\" \/>\n<meta property=\"article:modified_time\" content=\"2013-07-25T05:02:25+00:00\" \/>\n<meta property=\"og:image\" content=\"http:\/\/www.visit-ulcinj.com\/blog\/wp-content\/uploads\/2013\/07\/iftar-za-600-vjernika-u-hotel-Mediteran-Ulcinj.jpg\" \/>\n<meta name=\"twitter:label1\" content=\"Written by\" \/>\n\t<meta name=\"twitter:data1\" content=\"ulqini\" \/>\n\t<meta name=\"twitter:label2\" content=\"Est. reading time\" \/>\n\t<meta name=\"twitter:data2\" content=\"1 minute\" \/>\n<script type=\"application\/ld+json\" class=\"yoast-schema-graph\">{\"@context\":\"https:\/\/schema.org\",\"@graph\":[{\"@type\":\"WebSite\",\"@id\":\"https:\/\/www.visit-ulcinj.com\/blog\/#website\",\"url\":\"https:\/\/www.visit-ulcinj.com\/blog\/\",\"name\":\"Lajme nga Ulqini\",\"description\":\"Lajme,Vijesti,Ulqini,Ulqin,Crna Gora,Mali i Zi\",\"potentialAction\":[{\"@type\":\"SearchAction\",\"target\":{\"@type\":\"EntryPoint\",\"urlTemplate\":\"https:\/\/www.visit-ulcinj.com\/blog\/?s={search_term_string}\"},\"query-input\":\"required name=search_term_string\"}],\"inLanguage\":\"en-US\"},{\"@type\":\"ImageObject\",\"inLanguage\":\"en-US\",\"@id\":\"https:\/\/www.visit-ulcinj.com\/blog\/2013\/07\/25\/uprilicen-iftar-za-600-vjernika-u-hotel-mediteran-ulcinj\/#primaryimage\",\"url\":\"https:\/\/www.visit-ulcinj.com\/blog\/wp-content\/uploads\/2013\/07\/iftar-za-600-vjernika-u-hotel-Mediteran-Ulcinj.jpg\",\"contentUrl\":\"https:\/\/www.visit-ulcinj.com\/blog\/wp-content\/uploads\/2013\/07\/iftar-za-600-vjernika-u-hotel-Mediteran-Ulcinj.jpg\",\"width\":800,\"height\":600},{\"@type\":\"WebPage\",\"@id\":\"https:\/\/www.visit-ulcinj.com\/blog\/2013\/07\/25\/uprilicen-iftar-za-600-vjernika-u-hotel-mediteran-ulcinj\/#webpage\",\"url\":\"https:\/\/www.visit-ulcinj.com\/blog\/2013\/07\/25\/uprilicen-iftar-za-600-vjernika-u-hotel-mediteran-ulcinj\/\",\"name\":\"Uprili\u010den iftar za 600 vjernika u hotel Mediteran - Ulcinj - Lajme nga Ulqini\",\"isPartOf\":{\"@id\":\"https:\/\/www.visit-ulcinj.com\/blog\/#website\"},\"primaryImageOfPage\":{\"@id\":\"https:\/\/www.visit-ulcinj.com\/blog\/2013\/07\/25\/uprilicen-iftar-za-600-vjernika-u-hotel-mediteran-ulcinj\/#primaryimage\"},\"datePublished\":\"2013-07-25T05:02:05+00:00\",\"dateModified\":\"2013-07-25T05:02:25+00:00\",\"author\":{\"@id\":\"https:\/\/www.visit-ulcinj.com\/blog\/#\/schema\/person\/dcab619c614d3038751c63bc2aadc06d\"},\"description\":\"Ulcinj - Sino\u0107 je u Ulcinju u organizaciji Me\u0161ihata Islamske zajednice\u00a0 u Crnoj Gori organizovan iftar za d\u017eematlije iz Ulcinja. Sa prisustvom od 600\",\"breadcrumb\":{\"@id\":\"https:\/\/www.visit-ulcinj.com\/blog\/2013\/07\/25\/uprilicen-iftar-za-600-vjernika-u-hotel-mediteran-ulcinj\/#breadcrumb\"},\"inLanguage\":\"en-US\",\"potentialAction\":[{\"@type\":\"ReadAction\",\"target\":[\"https:\/\/www.visit-ulcinj.com\/blog\/2013\/07\/25\/uprilicen-iftar-za-600-vjernika-u-hotel-mediteran-ulcinj\/\"]}]},{\"@type\":\"BreadcrumbList\",\"@id\":\"https:\/\/www.visit-ulcinj.com\/blog\/2013\/07\/25\/uprilicen-iftar-za-600-vjernika-u-hotel-mediteran-ulcinj\/#breadcrumb\",\"itemListElement\":[{\"@type\":\"ListItem\",\"position\":1,\"name\":\"Uprili\u010den iftar za 600 vjernika u hotel Mediteran &#8211; Ulcinj\"}]},{\"@type\":\"Person\",\"@id\":\"https:\/\/www.visit-ulcinj.com\/blog\/#\/schema\/person\/dcab619c614d3038751c63bc2aadc06d\",\"name\":\"ulqini\",\"sameAs\":[\"http:\/\/www.visit-ulcinj.com\"],\"url\":\"https:\/\/www.visit-ulcinj.com\/blog\/author\/admin\/\"}]}<\/script>\n<!-- \/ Yoast SEO plugin. -->","yoast_head_json":{"title":"Uprili\u010den iftar za 600 vjernika u hotel Mediteran - Ulcinj - Lajme nga Ulqini","description":"Ulcinj - Sino\u0107 je u Ulcinju u organizaciji Me\u0161ihata Islamske zajednice\u00a0 u Crnoj Gori organizovan iftar za d\u017eematlije iz Ulcinja. Sa prisustvom od 600","robots":{"index":"index","follow":"follow","max-snippet":"max-snippet:-1","max-image-preview":"max-image-preview:large","max-video-preview":"max-video-preview:-1"},"canonical":"https:\/\/www.visit-ulcinj.com\/blog\/2013\/07\/25\/uprilicen-iftar-za-600-vjernika-u-hotel-mediteran-ulcinj\/","og_locale":"en_US","og_type":"article","og_title":"Uprili\u010den iftar za 600 vjernika u hotel Mediteran - Ulcinj - Lajme nga Ulqini","og_description":"Ulcinj - Sino\u0107 je u Ulcinju u organizaciji Me\u0161ihata Islamske zajednice\u00a0 u Crnoj Gori organizovan iftar za d\u017eematlije iz Ulcinja. Sa prisustvom od 600","og_url":"https:\/\/www.visit-ulcinj.com\/blog\/2013\/07\/25\/uprilicen-iftar-za-600-vjernika-u-hotel-mediteran-ulcinj\/","og_site_name":"Lajme nga Ulqini","article_published_time":"2013-07-25T05:02:05+00:00","article_modified_time":"2013-07-25T05:02:25+00:00","og_image":[{"url":"http:\/\/www.visit-ulcinj.com\/blog\/wp-content\/uploads\/2013\/07\/iftar-za-600-vjernika-u-hotel-Mediteran-Ulcinj.jpg"}],"twitter_misc":{"Written by":"ulqini","Est. reading time":"1 minute"},"schema":{"@context":"https:\/\/schema.org","@graph":[{"@type":"WebSite","@id":"https:\/\/www.visit-ulcinj.com\/blog\/#website","url":"https:\/\/www.visit-ulcinj.com\/blog\/","name":"Lajme nga Ulqini","description":"Lajme,Vijesti,Ulqini,Ulqin,Crna Gora,Mali i Zi","potentialAction":[{"@type":"SearchAction","target":{"@type":"EntryPoint","urlTemplate":"https:\/\/www.visit-ulcinj.com\/blog\/?s={search_term_string}"},"query-input":"required name=search_term_string"}],"inLanguage":"en-US"},{"@type":"ImageObject","inLanguage":"en-US","@id":"https:\/\/www.visit-ulcinj.com\/blog\/2013\/07\/25\/uprilicen-iftar-za-600-vjernika-u-hotel-mediteran-ulcinj\/#primaryimage","url":"https:\/\/www.visit-ulcinj.com\/blog\/wp-content\/uploads\/2013\/07\/iftar-za-600-vjernika-u-hotel-Mediteran-Ulcinj.jpg","contentUrl":"https:\/\/www.visit-ulcinj.com\/blog\/wp-content\/uploads\/2013\/07\/iftar-za-600-vjernika-u-hotel-Mediteran-Ulcinj.jpg","width":800,"height":600},{"@type":"WebPage","@id":"https:\/\/www.visit-ulcinj.com\/blog\/2013\/07\/25\/uprilicen-iftar-za-600-vjernika-u-hotel-mediteran-ulcinj\/#webpage","url":"https:\/\/www.visit-ulcinj.com\/blog\/2013\/07\/25\/uprilicen-iftar-za-600-vjernika-u-hotel-mediteran-ulcinj\/","name":"Uprili\u010den iftar za 600 vjernika u hotel Mediteran - Ulcinj - Lajme nga Ulqini","isPartOf":{"@id":"https:\/\/www.visit-ulcinj.com\/blog\/#website"},"primaryImageOfPage":{"@id":"https:\/\/www.visit-ulcinj.com\/blog\/2013\/07\/25\/uprilicen-iftar-za-600-vjernika-u-hotel-mediteran-ulcinj\/#primaryimage"},"datePublished":"2013-07-25T05:02:05+00:00","dateModified":"2013-07-25T05:02:25+00:00","author":{"@id":"https:\/\/www.visit-ulcinj.com\/blog\/#\/schema\/person\/dcab619c614d3038751c63bc2aadc06d"},"description":"Ulcinj - Sino\u0107 je u Ulcinju u organizaciji Me\u0161ihata Islamske zajednice\u00a0 u Crnoj Gori organizovan iftar za d\u017eematlije iz Ulcinja. Sa prisustvom od 600","breadcrumb":{"@id":"https:\/\/www.visit-ulcinj.com\/blog\/2013\/07\/25\/uprilicen-iftar-za-600-vjernika-u-hotel-mediteran-ulcinj\/#breadcrumb"},"inLanguage":"en-US","potentialAction":[{"@type":"ReadAction","target":["https:\/\/www.visit-ulcinj.com\/blog\/2013\/07\/25\/uprilicen-iftar-za-600-vjernika-u-hotel-mediteran-ulcinj\/"]}]},{"@type":"BreadcrumbList","@id":"https:\/\/www.visit-ulcinj.com\/blog\/2013\/07\/25\/uprilicen-iftar-za-600-vjernika-u-hotel-mediteran-ulcinj\/#breadcrumb","itemListElement":[{"@type":"ListItem","position":1,"name":"Uprili\u010den iftar za 600 vjernika u hotel Mediteran &#8211; Ulcinj"}]},{"@type":"Person","@id":"https:\/\/www.visit-ulcinj.com\/blog\/#\/schema\/person\/dcab619c614d3038751c63bc2aadc06d","name":"ulqini","sameAs":["http:\/\/www.visit-ulcinj.com"],"url":"https:\/\/www.visit-ulcinj.com\/blog\/author\/admin\/"}]}},"jetpack_featured_media_url":"","jetpack_sharing_enabled":true,"jetpack_shortlink":"https:\/\/wp.me\/pe6lTn-jaD","_links":{"self":[{"href":"https:\/\/www.visit-ulcinj.com\/blog\/wp-json\/wp\/v2\/posts\/73695"}],"collection":[{"href":"https:\/\/www.visit-ulcinj.com\/blog\/wp-json\/wp\/v2\/posts"}],"about":[{"href":"https:\/\/www.visit-ulcinj.com\/blog\/wp-json\/wp\/v2\/types\/post"}],"author":[{"embeddable":true,"href":"https:\/\/www.visit-ulcinj.com\/blog\/wp-json\/wp\/v2\/users\/1"}],"replies":[{"embeddable":true,"href":"https:\/\/www.visit-ulcinj.com\/blog\/wp-json\/wp\/v2\/comments?post=73695"}],"version-history":[{"count":2,"href":"https:\/\/www.visit-ulcinj.com\/blog\/wp-json\/wp\/v2\/posts\/73695\/revisions"}],"predecessor-version":[{"id":73701,"href":"https:\/\/www.visit-ulcinj.com\/blog\/wp-json\/wp\/v2\/posts\/73695\/revisions\/73701"}],"wp:attachment":[{"href":"https:\/\/www.visit-ulcinj.com\/blog\/wp-json\/wp\/v2\/media?parent=73695"}],"wp:term":[{"taxonomy":"category","embeddable":true,"href":"https:\/\/www.visit-ulcinj.com\/blog\/wp-json\/wp\/v2\/categories?post=73695"},{"taxonomy":"post_tag","embeddable":true,"href":"https:\/\/www.visit-ulcinj.com\/blog\/wp-json\/wp\/v2\/tags?post=73695"}],"curies":[{"name":"wp","href":"https:\/\/api.w.org\/{rel}","templated":true}]}}