{"id":73702,"date":"2013-07-25T06:25:31","date_gmt":"2013-07-25T05:25:31","guid":{"rendered":"http:\/\/www.visit-ulcinj.com\/blog\/?p=73702"},"modified":"2013-07-25T06:27:02","modified_gmt":"2013-07-25T05:27:02","slug":"bashkesia-islame-shtron-iftar-per-600-besimtare-ne-hotel-mediteran","status":"publish","type":"post","link":"https:\/\/www.visit-ulcinj.com\/blog\/2013\/07\/25\/bashkesia-islame-shtron-iftar-per-600-besimtare-ne-hotel-mediteran\/","title":{"rendered":"Bashk\u00ebsia Islame shtron iftar per 600 besimtar\u00eb ne hotel Mediteran"},"content":{"rendered":"<p><a href=\"http:\/\/www.visit-ulcinj.com\/blog\/wp-content\/uploads\/2013\/07\/iftar-za-600-vjernika-u-hotel-Mediteran-Ulcinj.jpg\"><img loading=\"lazy\" class=\"alignleft  wp-image-73696\" alt=\"iftar za 600 vjernika u hotel Mediteran - Ulcinj\" src=\"http:\/\/www.visit-ulcinj.com\/blog\/wp-content\/uploads\/2013\/07\/iftar-za-600-vjernika-u-hotel-Mediteran-Ulcinj.jpg\" width=\"508\" height=\"360\" \/><\/a>Bashk\u00ebsia islame e Ulqinit organizuan mbr\u00ebm\u00eb nj\u00eb iftar p\u00ebr besimtar\u00ebt musliman\u00eb t\u00eb Ulqinit, pjes\u00eb kjo e festimeve t\u00eb p\u00ebrbashk\u00ebta n\u00eb muajin e Ramazanit q\u00eb u mbajt n\u00eb hotelin Mediteran t\u00eb Ulqinit, ku \u00ebsht\u00eb organizuar iftari me se 600 persona. Prej disa vitesh, organizata &#8220;Bajram Pasha&#8221; e Stambollit organizon Karvanin e Bereqetit, i cili udh\u00ebton n\u00ebp\u00ebr vendet e rajonit t\u00eb Ballkanit duke p\u00ebrcjell\u00eb mesazhin se &#8220;V\u00ebllaz\u00ebria nuk njeh Kufij&#8221;.<br \/>\n<a href=\"http:\/\/www.visit-ulcinj.com\/blog\/wp-content\/uploads\/2013\/07\/iftar-za-600-vjernika-u-hotel-Mediteran-Ulcinj.2.jpg\"><img loading=\"lazy\" class=\"alignleft  wp-image-73698\" alt=\"iftar za 600 vjernika u hotel Mediteran - Ulcinj.2\" src=\"http:\/\/www.visit-ulcinj.com\/blog\/wp-content\/uploads\/2013\/07\/iftar-za-600-vjernika-u-hotel-Mediteran-Ulcinj.2.jpg\" width=\"508\" height=\"360\" \/><\/a><\/p>\n<p>N\u00eb k\u00ebt\u00eb iftar mor\u00ebn pjes\u00eb kryetari i komun\u00ebs s\u00eb Ulqinit z.Nazif Cungu, reisi i Bashk\u00ebsis\u00eb islame t\u00eb Malit t\u00eb Zi Rifat ef. Fejziq, ambasadori i Republik\u00ebs s\u00eb Turqis\u00eb n\u00eb Mal t\u00eb Zi Mehmet Nijazi Tanilir, si dhe zyrtar\u00ebt m\u00eb t\u00eb lart\u00eb t\u00eb komun\u00ebs s\u00eb Ulqinit, politikan\u00ebt dhe personat publik nga Ulqini.<\/p>\n<p>Pas Ulqinit, Karvani i Bereqetit i Bashkis\u00eb &#8220;Bajram Pasha&#8221; te Stambollit do t\u00eb udh\u00ebdoj\u00eb drejt Kosov\u00ebs.<\/p>\n<p><a href=\"http:\/\/www.visit-ulcinj.com\/blog\/wp-content\/uploads\/2013\/07\/iftar-za-600-vjernika-u-hotel-Mediteran-Ulcinj.3.jpg\"><img loading=\"lazy\" class=\"alignleft  wp-image-73699\" alt=\"iftar za 600 vjernika u hotel Mediteran - Ulcinj.3\" src=\"http:\/\/www.visit-ulcinj.com\/blog\/wp-content\/uploads\/2013\/07\/iftar-za-600-vjernika-u-hotel-Mediteran-Ulcinj.3.jpg\" width=\"508\" height=\"360\" \/><\/a><\/p>\n","protected":false},"excerpt":{"rendered":"<p>Bashk\u00ebsia islame e Ulqinit organizuan mbr\u00ebm\u00eb nj\u00eb iftar p\u00ebr besimtar\u00ebt musliman\u00eb t\u00eb Ulqinit, pjes\u00eb kjo e festimeve t\u00eb p\u00ebrbashk\u00ebta n\u00eb muajin e Ramazanit q\u00eb u mbajt n\u00eb hotelin Mediteran t\u00eb Ulqinit, ku \u00ebsht\u00eb organizuar iftari me se 600 persona. Prej disa vitesh, organizata &#8220;Bajram Pasha&#8221; e Stambollit organizon Karvanin e Bereqetit, i cili udh\u00ebton n\u00ebp\u00ebr [&hellip;]<\/p>\n","protected":false},"author":1,"featured_media":0,"comment_status":"closed","ping_status":"closed","sticky":false,"template":"","format":"standard","meta":{"spay_email":"","jetpack_publicize_message":"","jetpack_is_tweetstorm":false,"jetpack_publicize_feature_enabled":true},"categories":[1],"tags":[],"jetpack_publicize_connections":[],"yoast_head":"<!-- This site is optimized with the Yoast SEO plugin v19.1 - https:\/\/yoast.com\/wordpress\/plugins\/seo\/ -->\n<title>Bashk\u00ebsia Islame shtron iftar per 600 besimtar\u00eb ne hotel Mediteran - Lajme nga Ulqini<\/title>\n<meta name=\"description\" content=\"Bashk\u00ebsia islame e Ulqinit organizuan mbr\u00ebm\u00eb nj\u00eb iftar p\u00ebr besimtar\u00ebt musliman\u00eb t\u00eb Ulqinit, pjes\u00eb kjo e festimeve t\u00eb p\u00ebrbashk\u00ebta n\u00eb muajin e Ramazanit q\u00eb\" \/>\n<meta name=\"robots\" content=\"index, follow, max-snippet:-1, max-image-preview:large, max-video-preview:-1\" \/>\n<link rel=\"canonical\" href=\"https:\/\/www.visit-ulcinj.com\/blog\/2013\/07\/25\/bashkesia-islame-shtron-iftar-per-600-besimtare-ne-hotel-mediteran\/\" \/>\n<meta property=\"og:locale\" content=\"en_US\" \/>\n<meta property=\"og:type\" content=\"article\" \/>\n<meta property=\"og:title\" content=\"Bashk\u00ebsia Islame shtron iftar per 600 besimtar\u00eb ne hotel Mediteran - Lajme nga Ulqini\" \/>\n<meta property=\"og:description\" content=\"Bashk\u00ebsia islame e Ulqinit organizuan mbr\u00ebm\u00eb nj\u00eb iftar p\u00ebr besimtar\u00ebt musliman\u00eb t\u00eb Ulqinit, pjes\u00eb kjo e festimeve t\u00eb p\u00ebrbashk\u00ebta n\u00eb muajin e Ramazanit q\u00eb\" \/>\n<meta property=\"og:url\" content=\"https:\/\/www.visit-ulcinj.com\/blog\/2013\/07\/25\/bashkesia-islame-shtron-iftar-per-600-besimtare-ne-hotel-mediteran\/\" \/>\n<meta property=\"og:site_name\" content=\"Lajme nga Ulqini\" \/>\n<meta property=\"article:published_time\" content=\"2013-07-25T05:25:31+00:00\" \/>\n<meta property=\"article:modified_time\" content=\"2013-07-25T05:27:02+00:00\" \/>\n<meta property=\"og:image\" content=\"http:\/\/www.visit-ulcinj.com\/blog\/wp-content\/uploads\/2013\/07\/iftar-za-600-vjernika-u-hotel-Mediteran-Ulcinj.jpg\" \/>\n<meta name=\"twitter:label1\" content=\"Written by\" \/>\n\t<meta name=\"twitter:data1\" content=\"ulqini\" \/>\n\t<meta name=\"twitter:label2\" content=\"Est. reading time\" \/>\n\t<meta name=\"twitter:data2\" content=\"1 minute\" \/>\n<script type=\"application\/ld+json\" class=\"yoast-schema-graph\">{\"@context\":\"https:\/\/schema.org\",\"@graph\":[{\"@type\":\"WebSite\",\"@id\":\"https:\/\/www.visit-ulcinj.com\/blog\/#website\",\"url\":\"https:\/\/www.visit-ulcinj.com\/blog\/\",\"name\":\"Lajme nga Ulqini\",\"description\":\"Lajme,Vijesti,Ulqini,Ulqin,Crna Gora,Mali i Zi\",\"potentialAction\":[{\"@type\":\"SearchAction\",\"target\":{\"@type\":\"EntryPoint\",\"urlTemplate\":\"https:\/\/www.visit-ulcinj.com\/blog\/?s={search_term_string}\"},\"query-input\":\"required name=search_term_string\"}],\"inLanguage\":\"en-US\"},{\"@type\":\"ImageObject\",\"inLanguage\":\"en-US\",\"@id\":\"https:\/\/www.visit-ulcinj.com\/blog\/2013\/07\/25\/bashkesia-islame-shtron-iftar-per-600-besimtare-ne-hotel-mediteran\/#primaryimage\",\"url\":\"https:\/\/www.visit-ulcinj.com\/blog\/wp-content\/uploads\/2013\/07\/iftar-za-600-vjernika-u-hotel-Mediteran-Ulcinj.jpg\",\"contentUrl\":\"https:\/\/www.visit-ulcinj.com\/blog\/wp-content\/uploads\/2013\/07\/iftar-za-600-vjernika-u-hotel-Mediteran-Ulcinj.jpg\",\"width\":800,\"height\":600},{\"@type\":\"WebPage\",\"@id\":\"https:\/\/www.visit-ulcinj.com\/blog\/2013\/07\/25\/bashkesia-islame-shtron-iftar-per-600-besimtare-ne-hotel-mediteran\/#webpage\",\"url\":\"https:\/\/www.visit-ulcinj.com\/blog\/2013\/07\/25\/bashkesia-islame-shtron-iftar-per-600-besimtare-ne-hotel-mediteran\/\",\"name\":\"Bashk\u00ebsia Islame shtron iftar per 600 besimtar\u00eb ne hotel Mediteran - Lajme nga Ulqini\",\"isPartOf\":{\"@id\":\"https:\/\/www.visit-ulcinj.com\/blog\/#website\"},\"primaryImageOfPage\":{\"@id\":\"https:\/\/www.visit-ulcinj.com\/blog\/2013\/07\/25\/bashkesia-islame-shtron-iftar-per-600-besimtare-ne-hotel-mediteran\/#primaryimage\"},\"datePublished\":\"2013-07-25T05:25:31+00:00\",\"dateModified\":\"2013-07-25T05:27:02+00:00\",\"author\":{\"@id\":\"https:\/\/www.visit-ulcinj.com\/blog\/#\/schema\/person\/dcab619c614d3038751c63bc2aadc06d\"},\"description\":\"Bashk\u00ebsia islame e Ulqinit organizuan mbr\u00ebm\u00eb nj\u00eb iftar p\u00ebr besimtar\u00ebt musliman\u00eb t\u00eb Ulqinit, pjes\u00eb kjo e festimeve t\u00eb p\u00ebrbashk\u00ebta n\u00eb muajin e Ramazanit q\u00eb\",\"breadcrumb\":{\"@id\":\"https:\/\/www.visit-ulcinj.com\/blog\/2013\/07\/25\/bashkesia-islame-shtron-iftar-per-600-besimtare-ne-hotel-mediteran\/#breadcrumb\"},\"inLanguage\":\"en-US\",\"potentialAction\":[{\"@type\":\"ReadAction\",\"target\":[\"https:\/\/www.visit-ulcinj.com\/blog\/2013\/07\/25\/bashkesia-islame-shtron-iftar-per-600-besimtare-ne-hotel-mediteran\/\"]}]},{\"@type\":\"BreadcrumbList\",\"@id\":\"https:\/\/www.visit-ulcinj.com\/blog\/2013\/07\/25\/bashkesia-islame-shtron-iftar-per-600-besimtare-ne-hotel-mediteran\/#breadcrumb\",\"itemListElement\":[{\"@type\":\"ListItem\",\"position\":1,\"name\":\"Bashk\u00ebsia Islame shtron iftar per 600 besimtar\u00eb ne hotel Mediteran\"}]},{\"@type\":\"Person\",\"@id\":\"https:\/\/www.visit-ulcinj.com\/blog\/#\/schema\/person\/dcab619c614d3038751c63bc2aadc06d\",\"name\":\"ulqini\",\"sameAs\":[\"http:\/\/www.visit-ulcinj.com\"],\"url\":\"https:\/\/www.visit-ulcinj.com\/blog\/author\/admin\/\"}]}<\/script>\n<!-- \/ Yoast SEO plugin. -->","yoast_head_json":{"title":"Bashk\u00ebsia Islame shtron iftar per 600 besimtar\u00eb ne hotel Mediteran - Lajme nga Ulqini","description":"Bashk\u00ebsia islame e Ulqinit organizuan mbr\u00ebm\u00eb nj\u00eb iftar p\u00ebr besimtar\u00ebt musliman\u00eb t\u00eb Ulqinit, pjes\u00eb kjo e festimeve t\u00eb p\u00ebrbashk\u00ebta n\u00eb muajin e Ramazanit q\u00eb","robots":{"index":"index","follow":"follow","max-snippet":"max-snippet:-1","max-image-preview":"max-image-preview:large","max-video-preview":"max-video-preview:-1"},"canonical":"https:\/\/www.visit-ulcinj.com\/blog\/2013\/07\/25\/bashkesia-islame-shtron-iftar-per-600-besimtare-ne-hotel-mediteran\/","og_locale":"en_US","og_type":"article","og_title":"Bashk\u00ebsia Islame shtron iftar per 600 besimtar\u00eb ne hotel Mediteran - Lajme nga Ulqini","og_description":"Bashk\u00ebsia islame e Ulqinit organizuan mbr\u00ebm\u00eb nj\u00eb iftar p\u00ebr besimtar\u00ebt musliman\u00eb t\u00eb Ulqinit, pjes\u00eb kjo e festimeve t\u00eb p\u00ebrbashk\u00ebta n\u00eb muajin e Ramazanit q\u00eb","og_url":"https:\/\/www.visit-ulcinj.com\/blog\/2013\/07\/25\/bashkesia-islame-shtron-iftar-per-600-besimtare-ne-hotel-mediteran\/","og_site_name":"Lajme nga Ulqini","article_published_time":"2013-07-25T05:25:31+00:00","article_modified_time":"2013-07-25T05:27:02+00:00","og_image":[{"url":"http:\/\/www.visit-ulcinj.com\/blog\/wp-content\/uploads\/2013\/07\/iftar-za-600-vjernika-u-hotel-Mediteran-Ulcinj.jpg"}],"twitter_misc":{"Written by":"ulqini","Est. reading time":"1 minute"},"schema":{"@context":"https:\/\/schema.org","@graph":[{"@type":"WebSite","@id":"https:\/\/www.visit-ulcinj.com\/blog\/#website","url":"https:\/\/www.visit-ulcinj.com\/blog\/","name":"Lajme nga Ulqini","description":"Lajme,Vijesti,Ulqini,Ulqin,Crna Gora,Mali i Zi","potentialAction":[{"@type":"SearchAction","target":{"@type":"EntryPoint","urlTemplate":"https:\/\/www.visit-ulcinj.com\/blog\/?s={search_term_string}"},"query-input":"required name=search_term_string"}],"inLanguage":"en-US"},{"@type":"ImageObject","inLanguage":"en-US","@id":"https:\/\/www.visit-ulcinj.com\/blog\/2013\/07\/25\/bashkesia-islame-shtron-iftar-per-600-besimtare-ne-hotel-mediteran\/#primaryimage","url":"https:\/\/www.visit-ulcinj.com\/blog\/wp-content\/uploads\/2013\/07\/iftar-za-600-vjernika-u-hotel-Mediteran-Ulcinj.jpg","contentUrl":"https:\/\/www.visit-ulcinj.com\/blog\/wp-content\/uploads\/2013\/07\/iftar-za-600-vjernika-u-hotel-Mediteran-Ulcinj.jpg","width":800,"height":600},{"@type":"WebPage","@id":"https:\/\/www.visit-ulcinj.com\/blog\/2013\/07\/25\/bashkesia-islame-shtron-iftar-per-600-besimtare-ne-hotel-mediteran\/#webpage","url":"https:\/\/www.visit-ulcinj.com\/blog\/2013\/07\/25\/bashkesia-islame-shtron-iftar-per-600-besimtare-ne-hotel-mediteran\/","name":"Bashk\u00ebsia Islame shtron iftar per 600 besimtar\u00eb ne hotel Mediteran - Lajme nga Ulqini","isPartOf":{"@id":"https:\/\/www.visit-ulcinj.com\/blog\/#website"},"primaryImageOfPage":{"@id":"https:\/\/www.visit-ulcinj.com\/blog\/2013\/07\/25\/bashkesia-islame-shtron-iftar-per-600-besimtare-ne-hotel-mediteran\/#primaryimage"},"datePublished":"2013-07-25T05:25:31+00:00","dateModified":"2013-07-25T05:27:02+00:00","author":{"@id":"https:\/\/www.visit-ulcinj.com\/blog\/#\/schema\/person\/dcab619c614d3038751c63bc2aadc06d"},"description":"Bashk\u00ebsia islame e Ulqinit organizuan mbr\u00ebm\u00eb nj\u00eb iftar p\u00ebr besimtar\u00ebt musliman\u00eb t\u00eb Ulqinit, pjes\u00eb kjo e festimeve t\u00eb p\u00ebrbashk\u00ebta n\u00eb muajin e Ramazanit q\u00eb","breadcrumb":{"@id":"https:\/\/www.visit-ulcinj.com\/blog\/2013\/07\/25\/bashkesia-islame-shtron-iftar-per-600-besimtare-ne-hotel-mediteran\/#breadcrumb"},"inLanguage":"en-US","potentialAction":[{"@type":"ReadAction","target":["https:\/\/www.visit-ulcinj.com\/blog\/2013\/07\/25\/bashkesia-islame-shtron-iftar-per-600-besimtare-ne-hotel-mediteran\/"]}]},{"@type":"BreadcrumbList","@id":"https:\/\/www.visit-ulcinj.com\/blog\/2013\/07\/25\/bashkesia-islame-shtron-iftar-per-600-besimtare-ne-hotel-mediteran\/#breadcrumb","itemListElement":[{"@type":"ListItem","position":1,"name":"Bashk\u00ebsia Islame shtron iftar per 600 besimtar\u00eb ne hotel Mediteran"}]},{"@type":"Person","@id":"https:\/\/www.visit-ulcinj.com\/blog\/#\/schema\/person\/dcab619c614d3038751c63bc2aadc06d","name":"ulqini","sameAs":["http:\/\/www.visit-ulcinj.com"],"url":"https:\/\/www.visit-ulcinj.com\/blog\/author\/admin\/"}]}},"jetpack_featured_media_url":"","jetpack_sharing_enabled":true,"jetpack_shortlink":"https:\/\/wp.me\/pe6lTn-jaK","_links":{"self":[{"href":"https:\/\/www.visit-ulcinj.com\/blog\/wp-json\/wp\/v2\/posts\/73702"}],"collection":[{"href":"https:\/\/www.visit-ulcinj.com\/blog\/wp-json\/wp\/v2\/posts"}],"about":[{"href":"https:\/\/www.visit-ulcinj.com\/blog\/wp-json\/wp\/v2\/types\/post"}],"author":[{"embeddable":true,"href":"https:\/\/www.visit-ulcinj.com\/blog\/wp-json\/wp\/v2\/users\/1"}],"replies":[{"embeddable":true,"href":"https:\/\/www.visit-ulcinj.com\/blog\/wp-json\/wp\/v2\/comments?post=73702"}],"version-history":[{"count":3,"href":"https:\/\/www.visit-ulcinj.com\/blog\/wp-json\/wp\/v2\/posts\/73702\/revisions"}],"predecessor-version":[{"id":73706,"href":"https:\/\/www.visit-ulcinj.com\/blog\/wp-json\/wp\/v2\/posts\/73702\/revisions\/73706"}],"wp:attachment":[{"href":"https:\/\/www.visit-ulcinj.com\/blog\/wp-json\/wp\/v2\/media?parent=73702"}],"wp:term":[{"taxonomy":"category","embeddable":true,"href":"https:\/\/www.visit-ulcinj.com\/blog\/wp-json\/wp\/v2\/categories?post=73702"},{"taxonomy":"post_tag","embeddable":true,"href":"https:\/\/www.visit-ulcinj.com\/blog\/wp-json\/wp\/v2\/tags?post=73702"}],"curies":[{"name":"wp","href":"https:\/\/api.w.org\/{rel}","templated":true}]}}