{"id":73707,"date":"2013-07-25T06:45:31","date_gmt":"2013-07-25T05:45:31","guid":{"rendered":"http:\/\/www.visit-ulcinj.com\/blog\/?p=73707"},"modified":"2013-07-25T06:45:51","modified_gmt":"2013-07-25T05:45:51","slug":"dhune-ne-paraden-e-homoseksualeve-ne-mal-te-zi-video","status":"publish","type":"post","link":"https:\/\/www.visit-ulcinj.com\/blog\/2013\/07\/25\/dhune-ne-paraden-e-homoseksualeve-ne-mal-te-zi-video\/","title":{"rendered":"Dhun\u00eb n\u00eb parad\u00ebn e homoseksual\u00ebve n\u00eb Mal t\u00eb Zi &#8211; Video"},"content":{"rendered":"<p><a href=\"http:\/\/www.visit-ulcinj.com\/blog\/wp-content\/uploads\/2013\/07\/parada-e-homoseksual\u00ebve-n\u00eb-Mal-t\u00eb-Zi.jpg\"><img loading=\"lazy\" class=\"alignleft  wp-image-73708\" alt=\"parada e homoseksual\u00ebve n\u00eb Mal t\u00eb Zi\" src=\"http:\/\/www.visit-ulcinj.com\/blog\/wp-content\/uploads\/2013\/07\/parada-e-homoseksual\u00ebve-n\u00eb-Mal-t\u00eb-Zi.jpg\" width=\"508\" height=\"360\" \/><\/a>Policia e Malit t\u00eb Zi \u00ebsht\u00eb p\u00ebrleshur me protestues, t\u00eb cil\u00ebt b\u00ebnin p\u00ebrpjekje q\u00eb t\u00eb ndalonin parad\u00ebn e par\u00eb t\u00eb homoseksual\u00ebve.<\/p>\n<p>Disa qindra protestues th\u00ebrrisnin \u201cVrisni homoseksual\u00ebt\u201d, gjuanin me gur\u00eb, shishe dhe objekte t\u00eb tjera n\u00eb drejtim t\u00eb policis\u00eb dhe dhjet\u00ebra aktivist\u00ebve q\u00eb po marshonin t\u00eb m\u00ebrkur\u00ebn n\u00eb p\u00ebrkrahje t\u00eb t\u00eb drejtave t\u00eb homoseksual\u00ebve n\u00eb qytetin bregdetar t\u00eb Budv\u00ebs.<\/p>\n<p>Policia ka th\u00ebn\u00eb se s\u00eb paku 10 protestues jan\u00eb arrestuar dhe disa marshues jan\u00eb l\u00ebnduar.<br \/>\n<a href=\"http:\/\/www.visit-ulcinj.com\/blog\/wp-content\/uploads\/2013\/07\/parada-e-homoseksual\u00ebve-n\u00eb-Mal-t\u00eb-Zi.1.jpg\"><img loading=\"lazy\" class=\"alignleft  wp-image-73709\" alt=\"parada e homoseksual\u00ebve n\u00eb Mal t\u00eb Zi.1\" src=\"http:\/\/www.visit-ulcinj.com\/blog\/wp-content\/uploads\/2013\/07\/parada-e-homoseksual\u00ebve-n\u00eb-Mal-t\u00eb-Zi.1.jpg\" width=\"508\" height=\"360\" \/><\/a><\/p>\n<p>Para marshit t\u00eb s\u00eb m\u00ebrkur\u00ebs, disa gazeta kan\u00eb publikuar shpallje p\u00ebrkujtimore tall\u00ebse t\u00eb disa aktivist\u00ebve pro-homoseksual\u00eb.<\/p>\n<p>P\u00ebrpjekjet e m\u00ebparshme p\u00ebr t\u00eb organizuar parada t\u00eb tilla n\u00eb shtetin konsverativ ballkanas kishin d\u00ebshtuar, p\u00ebr shkak t\u00eb k\u00ebrc\u00ebnimeve me dhun\u00eb.<\/p>\n<p>Mali i Zi, shteti me 600 mij\u00eb banor\u00eb, \u00ebsht\u00eb n\u00eb bisedime p\u00ebr t\u2019u b\u00ebr\u00eb pjes\u00eb e Bashkimit Evropian.<\/p>\n<p>&nbsp;<\/p>\n<p>Qeveria e Malit t\u00eb Zi ka b\u00ebr\u00eb thirrje p\u00ebr toleranc\u00eb. <strong>\/rel\/<\/strong><\/p>\n<p><iframe loading=\"lazy\" src=\"\/\/www.youtube.com\/embed\/Ez3wzIowSbk\" height=\"360\" width=\"508\" allowfullscreen=\"\" frameborder=\"0\"><\/iframe><\/p>\n","protected":false},"excerpt":{"rendered":"<p>Policia e Malit t\u00eb Zi \u00ebsht\u00eb p\u00ebrleshur me protestues, t\u00eb cil\u00ebt b\u00ebnin p\u00ebrpjekje q\u00eb t\u00eb ndalonin parad\u00ebn e par\u00eb t\u00eb homoseksual\u00ebve. Disa qindra protestues th\u00ebrrisnin \u201cVrisni homoseksual\u00ebt\u201d, gjuanin me gur\u00eb, shishe dhe objekte t\u00eb tjera n\u00eb drejtim t\u00eb policis\u00eb dhe dhjet\u00ebra aktivist\u00ebve q\u00eb po marshonin t\u00eb m\u00ebrkur\u00ebn n\u00eb p\u00ebrkrahje t\u00eb t\u00eb drejtave t\u00eb homoseksual\u00ebve n\u00eb [&hellip;]<\/p>\n","protected":false},"author":1,"featured_media":0,"comment_status":"closed","ping_status":"closed","sticky":false,"template":"","format":"standard","meta":{"spay_email":"","jetpack_publicize_message":"","jetpack_is_tweetstorm":false,"jetpack_publicize_feature_enabled":true},"categories":[6950],"tags":[],"jetpack_publicize_connections":[],"yoast_head":"<!-- This site is optimized with the Yoast SEO plugin v19.1 - https:\/\/yoast.com\/wordpress\/plugins\/seo\/ -->\n<title>Dhun\u00eb n\u00eb parad\u00ebn e homoseksual\u00ebve n\u00eb Mal t\u00eb Zi - Video - Lajme nga Ulqini<\/title>\n<meta name=\"description\" content=\"Policia e Malit t\u00eb Zi \u00ebsht\u00eb p\u00ebrleshur me protestues, t\u00eb cil\u00ebt b\u00ebnin p\u00ebrpjekje q\u00eb t\u00eb ndalonin parad\u00ebn e par\u00eb t\u00eb homoseksual\u00ebve. Disa qindra protestues\" \/>\n<meta name=\"robots\" content=\"index, follow, max-snippet:-1, max-image-preview:large, max-video-preview:-1\" \/>\n<link rel=\"canonical\" href=\"https:\/\/www.visit-ulcinj.com\/blog\/2013\/07\/25\/dhune-ne-paraden-e-homoseksualeve-ne-mal-te-zi-video\/\" \/>\n<meta property=\"og:locale\" content=\"en_US\" \/>\n<meta property=\"og:type\" content=\"article\" \/>\n<meta property=\"og:title\" content=\"Dhun\u00eb n\u00eb parad\u00ebn e homoseksual\u00ebve n\u00eb Mal t\u00eb Zi - Video - Lajme nga Ulqini\" \/>\n<meta property=\"og:description\" content=\"Policia e Malit t\u00eb Zi \u00ebsht\u00eb p\u00ebrleshur me protestues, t\u00eb cil\u00ebt b\u00ebnin p\u00ebrpjekje q\u00eb t\u00eb ndalonin parad\u00ebn e par\u00eb t\u00eb homoseksual\u00ebve. Disa qindra protestues\" \/>\n<meta property=\"og:url\" content=\"https:\/\/www.visit-ulcinj.com\/blog\/2013\/07\/25\/dhune-ne-paraden-e-homoseksualeve-ne-mal-te-zi-video\/\" \/>\n<meta property=\"og:site_name\" content=\"Lajme nga Ulqini\" \/>\n<meta property=\"article:published_time\" content=\"2013-07-25T05:45:31+00:00\" \/>\n<meta property=\"article:modified_time\" content=\"2013-07-25T05:45:51+00:00\" \/>\n<meta name=\"twitter:label1\" content=\"Written by\" \/>\n\t<meta name=\"twitter:data1\" content=\"ulqini\" \/>\n\t<meta name=\"twitter:label2\" content=\"Est. reading time\" \/>\n\t<meta name=\"twitter:data2\" content=\"1 minute\" \/>\n<script type=\"application\/ld+json\" class=\"yoast-schema-graph\">{\"@context\":\"https:\/\/schema.org\",\"@graph\":[{\"@type\":\"WebSite\",\"@id\":\"https:\/\/www.visit-ulcinj.com\/blog\/#website\",\"url\":\"https:\/\/www.visit-ulcinj.com\/blog\/\",\"name\":\"Lajme nga Ulqini\",\"description\":\"Lajme,Vijesti,Ulqini,Ulqin,Crna Gora,Mali i Zi\",\"potentialAction\":[{\"@type\":\"SearchAction\",\"target\":{\"@type\":\"EntryPoint\",\"urlTemplate\":\"https:\/\/www.visit-ulcinj.com\/blog\/?s={search_term_string}\"},\"query-input\":\"required name=search_term_string\"}],\"inLanguage\":\"en-US\"},{\"@type\":\"WebPage\",\"@id\":\"https:\/\/www.visit-ulcinj.com\/blog\/2013\/07\/25\/dhune-ne-paraden-e-homoseksualeve-ne-mal-te-zi-video\/#webpage\",\"url\":\"https:\/\/www.visit-ulcinj.com\/blog\/2013\/07\/25\/dhune-ne-paraden-e-homoseksualeve-ne-mal-te-zi-video\/\",\"name\":\"Dhun\u00eb n\u00eb parad\u00ebn e homoseksual\u00ebve n\u00eb Mal t\u00eb Zi - Video - Lajme nga Ulqini\",\"isPartOf\":{\"@id\":\"https:\/\/www.visit-ulcinj.com\/blog\/#website\"},\"datePublished\":\"2013-07-25T05:45:31+00:00\",\"dateModified\":\"2013-07-25T05:45:51+00:00\",\"author\":{\"@id\":\"https:\/\/www.visit-ulcinj.com\/blog\/#\/schema\/person\/dcab619c614d3038751c63bc2aadc06d\"},\"description\":\"Policia e Malit t\u00eb Zi \u00ebsht\u00eb p\u00ebrleshur me protestues, t\u00eb cil\u00ebt b\u00ebnin p\u00ebrpjekje q\u00eb t\u00eb ndalonin parad\u00ebn e par\u00eb t\u00eb homoseksual\u00ebve. Disa qindra protestues\",\"breadcrumb\":{\"@id\":\"https:\/\/www.visit-ulcinj.com\/blog\/2013\/07\/25\/dhune-ne-paraden-e-homoseksualeve-ne-mal-te-zi-video\/#breadcrumb\"},\"inLanguage\":\"en-US\",\"potentialAction\":[{\"@type\":\"ReadAction\",\"target\":[\"https:\/\/www.visit-ulcinj.com\/blog\/2013\/07\/25\/dhune-ne-paraden-e-homoseksualeve-ne-mal-te-zi-video\/\"]}]},{\"@type\":\"BreadcrumbList\",\"@id\":\"https:\/\/www.visit-ulcinj.com\/blog\/2013\/07\/25\/dhune-ne-paraden-e-homoseksualeve-ne-mal-te-zi-video\/#breadcrumb\",\"itemListElement\":[{\"@type\":\"ListItem\",\"position\":1,\"name\":\"Dhun\u00eb n\u00eb parad\u00ebn e homoseksual\u00ebve n\u00eb Mal t\u00eb Zi &#8211; Video\"}]},{\"@type\":\"Person\",\"@id\":\"https:\/\/www.visit-ulcinj.com\/blog\/#\/schema\/person\/dcab619c614d3038751c63bc2aadc06d\",\"name\":\"ulqini\",\"sameAs\":[\"http:\/\/www.visit-ulcinj.com\"],\"url\":\"https:\/\/www.visit-ulcinj.com\/blog\/author\/admin\/\"}]}<\/script>\n<!-- \/ Yoast SEO plugin. -->","yoast_head_json":{"title":"Dhun\u00eb n\u00eb parad\u00ebn e homoseksual\u00ebve n\u00eb Mal t\u00eb Zi - Video - Lajme nga Ulqini","description":"Policia e Malit t\u00eb Zi \u00ebsht\u00eb p\u00ebrleshur me protestues, t\u00eb cil\u00ebt b\u00ebnin p\u00ebrpjekje q\u00eb t\u00eb ndalonin parad\u00ebn e par\u00eb t\u00eb homoseksual\u00ebve. Disa qindra protestues","robots":{"index":"index","follow":"follow","max-snippet":"max-snippet:-1","max-image-preview":"max-image-preview:large","max-video-preview":"max-video-preview:-1"},"canonical":"https:\/\/www.visit-ulcinj.com\/blog\/2013\/07\/25\/dhune-ne-paraden-e-homoseksualeve-ne-mal-te-zi-video\/","og_locale":"en_US","og_type":"article","og_title":"Dhun\u00eb n\u00eb parad\u00ebn e homoseksual\u00ebve n\u00eb Mal t\u00eb Zi - Video - Lajme nga Ulqini","og_description":"Policia e Malit t\u00eb Zi \u00ebsht\u00eb p\u00ebrleshur me protestues, t\u00eb cil\u00ebt b\u00ebnin p\u00ebrpjekje q\u00eb t\u00eb ndalonin parad\u00ebn e par\u00eb t\u00eb homoseksual\u00ebve. Disa qindra protestues","og_url":"https:\/\/www.visit-ulcinj.com\/blog\/2013\/07\/25\/dhune-ne-paraden-e-homoseksualeve-ne-mal-te-zi-video\/","og_site_name":"Lajme nga Ulqini","article_published_time":"2013-07-25T05:45:31+00:00","article_modified_time":"2013-07-25T05:45:51+00:00","twitter_misc":{"Written by":"ulqini","Est. reading time":"1 minute"},"schema":{"@context":"https:\/\/schema.org","@graph":[{"@type":"WebSite","@id":"https:\/\/www.visit-ulcinj.com\/blog\/#website","url":"https:\/\/www.visit-ulcinj.com\/blog\/","name":"Lajme nga Ulqini","description":"Lajme,Vijesti,Ulqini,Ulqin,Crna Gora,Mali i Zi","potentialAction":[{"@type":"SearchAction","target":{"@type":"EntryPoint","urlTemplate":"https:\/\/www.visit-ulcinj.com\/blog\/?s={search_term_string}"},"query-input":"required name=search_term_string"}],"inLanguage":"en-US"},{"@type":"WebPage","@id":"https:\/\/www.visit-ulcinj.com\/blog\/2013\/07\/25\/dhune-ne-paraden-e-homoseksualeve-ne-mal-te-zi-video\/#webpage","url":"https:\/\/www.visit-ulcinj.com\/blog\/2013\/07\/25\/dhune-ne-paraden-e-homoseksualeve-ne-mal-te-zi-video\/","name":"Dhun\u00eb n\u00eb parad\u00ebn e homoseksual\u00ebve n\u00eb Mal t\u00eb Zi - Video - Lajme nga Ulqini","isPartOf":{"@id":"https:\/\/www.visit-ulcinj.com\/blog\/#website"},"datePublished":"2013-07-25T05:45:31+00:00","dateModified":"2013-07-25T05:45:51+00:00","author":{"@id":"https:\/\/www.visit-ulcinj.com\/blog\/#\/schema\/person\/dcab619c614d3038751c63bc2aadc06d"},"description":"Policia e Malit t\u00eb Zi \u00ebsht\u00eb p\u00ebrleshur me protestues, t\u00eb cil\u00ebt b\u00ebnin p\u00ebrpjekje q\u00eb t\u00eb ndalonin parad\u00ebn e par\u00eb t\u00eb homoseksual\u00ebve. Disa qindra protestues","breadcrumb":{"@id":"https:\/\/www.visit-ulcinj.com\/blog\/2013\/07\/25\/dhune-ne-paraden-e-homoseksualeve-ne-mal-te-zi-video\/#breadcrumb"},"inLanguage":"en-US","potentialAction":[{"@type":"ReadAction","target":["https:\/\/www.visit-ulcinj.com\/blog\/2013\/07\/25\/dhune-ne-paraden-e-homoseksualeve-ne-mal-te-zi-video\/"]}]},{"@type":"BreadcrumbList","@id":"https:\/\/www.visit-ulcinj.com\/blog\/2013\/07\/25\/dhune-ne-paraden-e-homoseksualeve-ne-mal-te-zi-video\/#breadcrumb","itemListElement":[{"@type":"ListItem","position":1,"name":"Dhun\u00eb n\u00eb parad\u00ebn e homoseksual\u00ebve n\u00eb Mal t\u00eb Zi &#8211; Video"}]},{"@type":"Person","@id":"https:\/\/www.visit-ulcinj.com\/blog\/#\/schema\/person\/dcab619c614d3038751c63bc2aadc06d","name":"ulqini","sameAs":["http:\/\/www.visit-ulcinj.com"],"url":"https:\/\/www.visit-ulcinj.com\/blog\/author\/admin\/"}]}},"jetpack_featured_media_url":"","jetpack_sharing_enabled":true,"jetpack_shortlink":"https:\/\/wp.me\/pe6lTn-jaP","_links":{"self":[{"href":"https:\/\/www.visit-ulcinj.com\/blog\/wp-json\/wp\/v2\/posts\/73707"}],"collection":[{"href":"https:\/\/www.visit-ulcinj.com\/blog\/wp-json\/wp\/v2\/posts"}],"about":[{"href":"https:\/\/www.visit-ulcinj.com\/blog\/wp-json\/wp\/v2\/types\/post"}],"author":[{"embeddable":true,"href":"https:\/\/www.visit-ulcinj.com\/blog\/wp-json\/wp\/v2\/users\/1"}],"replies":[{"embeddable":true,"href":"https:\/\/www.visit-ulcinj.com\/blog\/wp-json\/wp\/v2\/comments?post=73707"}],"version-history":[{"count":3,"href":"https:\/\/www.visit-ulcinj.com\/blog\/wp-json\/wp\/v2\/posts\/73707\/revisions"}],"predecessor-version":[{"id":73711,"href":"https:\/\/www.visit-ulcinj.com\/blog\/wp-json\/wp\/v2\/posts\/73707\/revisions\/73711"}],"wp:attachment":[{"href":"https:\/\/www.visit-ulcinj.com\/blog\/wp-json\/wp\/v2\/media?parent=73707"}],"wp:term":[{"taxonomy":"category","embeddable":true,"href":"https:\/\/www.visit-ulcinj.com\/blog\/wp-json\/wp\/v2\/categories?post=73707"},{"taxonomy":"post_tag","embeddable":true,"href":"https:\/\/www.visit-ulcinj.com\/blog\/wp-json\/wp\/v2\/tags?post=73707"}],"curies":[{"name":"wp","href":"https:\/\/api.w.org\/{rel}","templated":true}]}}