{"id":73713,"date":"2013-07-25T23:29:51","date_gmt":"2013-07-25T22:29:51","guid":{"rendered":"http:\/\/www.visit-ulcinj.com\/blog\/?p=73713"},"modified":"2013-07-26T17:24:02","modified_gmt":"2013-07-26T16:24:02","slug":"cungu-priti-ne-takim-ambasadorin-kinez-z-zhi-zhaulin","status":"publish","type":"post","link":"https:\/\/www.visit-ulcinj.com\/blog\/2013\/07\/25\/cungu-priti-ne-takim-ambasadorin-kinez-z-zhi-zhaulin\/","title":{"rendered":"Cungu priti n\u00eb takim ambasadorin kinez z.Zhi Zhaulin"},"content":{"rendered":"<p><a href=\"http:\/\/www.visit-ulcinj.com\/blog\/wp-content\/uploads\/2013\/07\/Nazif-Cungu-ambasadorin-kinez-z.-Zhi-Zhaulin.jpg\"><img loading=\"lazy\" class=\"alignleft  wp-image-73714\" alt=\"Nazif-Cungu- ambasadorin-kinez-z.-Zhi-Zhaulin\" src=\"http:\/\/www.visit-ulcinj.com\/blog\/wp-content\/uploads\/2013\/07\/Nazif-Cungu-ambasadorin-kinez-z.-Zhi-Zhaulin.jpg\" width=\"508\" height=\"360\" \/><\/a>Kryetari i komun\u00ebs s\u00eb Ulqinit z. Nazif Cungu prit sot n\u00eb takim ambasadorin e Republikes Popullore t\u00eb Kin\u00ebs z.Zhi Zhaulin dhe sekretarin e par\u00eb t\u00eb ambasad\u00ebs z. Zhang Dianbin. Q\u00ebllimi i k\u00ebtij takimi ishte p\u00ebr t\u00eb diskutuar lidhur me krijimin e nj\u00eb partneriteti t\u00eb p\u00ebrbashk\u00ebt n\u00eb mes t\u00eb Komun\u00ebs s\u00eb Ulqinit dhe qytetit Shizuishan qytet ky n\u00eb provincen Ningxia Hui. &#8220;Marr\u00ebdh\u00ebniet midis Malit t\u00eb Zi dhe Republik\u00ebs s\u00eb Kin\u00ebs jan\u00eb n\u00eb nj\u00eb nivel t\u00eb lart\u00eb dhe jan\u00eb t\u00eb bazuara n\u00eb bashk\u00ebpunimin e fushave t\u00eb ndryshme dhe krijimi i nj\u00eb partneriteti n\u00eb mes t\u00eb k\u00ebtyre qzteteve \u00ebsht\u00eb nj\u00eb tjet\u00ebr haptjeter n\u00eb p\u00ebrmir\u00ebsimin e marr\u00ebdh\u00ebnieve tona&#8221; tha z. Zhaolin.<\/p>\n<p><a href=\"http:\/\/www.visit-ulcinj.com\/blog\/wp-content\/uploads\/2013\/07\/Nazif-Cungu-ambasadorin-kinez-z.-Zhi-Zhaulin-1.jpg\"><img loading=\"lazy\" class=\"alignleft  wp-image-73715\" alt=\"Nazif-Cungu- ambasadorin-kinez-z.-Zhi-Zhaulin-1\" src=\"http:\/\/www.visit-ulcinj.com\/blog\/wp-content\/uploads\/2013\/07\/Nazif-Cungu-ambasadorin-kinez-z.-Zhi-Zhaulin-1.jpg\" width=\"508\" height=\"360\" \/><\/a><br \/>\nQyteti Shizuishan gjendet n\u00eb pjesen qendrore t\u00eb Kin\u00ebs, ka nj\u00eb popull\u00ebsi prej rreth 720 000 banor\u00eb. P\u00ebrkund\u00ebr q\u00eb \u00ebsht\u00eb qytet relativisht i ri \u00ebsht\u00eb qytet shum\u00eb i r\u00ebnd\u00ebsishem industrial. Aty zhvillohet industria e re e prodhimit t\u00eb energjis\u00eb diellore, industria motorike, agrokultura e t\u00eb tjer\u00eb.<br \/>\nKrijimi i nj\u00eb partneriteti t\u00eb ri n\u00eb mes t\u00eb k\u00ebtyre dy qyteteve do t\u00eb orientohej n\u00eb fusha t\u00eb ndryshme si n\u00eb ate t\u00eb tregtis\u00eb, energjetik\u00ebs, bujq\u00ebsis\u00eb, turizmit, mjedisit, kultur\u00ebs, sh\u00ebndetsis\u00eb, shkences dhe teknologjis\u00eb.<\/p>\n<p><a href=\"http:\/\/www.visit-ulcinj.com\/blog\/wp-content\/uploads\/2013\/07\/Nazif-Cungu-ambasadorin-kinez-z.-Zhi-Zhaulin-2.jpg\"><img loading=\"lazy\" class=\"alignleft  wp-image-73716\" alt=\"Nazif-Cungu- ambasadorin-kinez-z.-Zhi-Zhaulin-2\" src=\"http:\/\/www.visit-ulcinj.com\/blog\/wp-content\/uploads\/2013\/07\/Nazif-Cungu-ambasadorin-kinez-z.-Zhi-Zhaulin-2.jpg\" width=\"508\" height=\"360\" \/><\/a><br \/>\nN\u00eb takim kryetari Cungu b\u00ebri nj\u00eb prezantim t\u00eb qyteti t\u00eb Ulqinit, gjithashtu paraqiti para ambasadorit kinez t\u00eb gjitha projektet dhe mund\u00ebsit\u00eb e investimeve n\u00eb qytetin eUlqinit duke ftuar edhe investitor\u00ebt kinez t\u00eb shqyrtojn\u00eb mund\u00ebsin\u00eb p\u00ebr investime t\u00eb tilla.<\/p>\n<p><strong>Op\u0161tina Ulcinj \/ Komuna e Ulqinit<\/strong><br \/>\nTel: +382 30 412 050<br \/>\nFax: +382 30 412 413<br \/>\nAdresa: Bul. Skenderbeu bb, 85360 Ulcinj, MNE<\/p>\n<p>&nbsp;<\/p>\n","protected":false},"excerpt":{"rendered":"<p>Kryetari i komun\u00ebs s\u00eb Ulqinit z. Nazif Cungu prit sot n\u00eb takim ambasadorin e Republikes Popullore t\u00eb Kin\u00ebs z.Zhi Zhaulin dhe sekretarin e par\u00eb t\u00eb ambasad\u00ebs z. Zhang Dianbin. Q\u00ebllimi i k\u00ebtij takimi ishte p\u00ebr t\u00eb diskutuar lidhur me krijimin e nj\u00eb partneriteti t\u00eb p\u00ebrbashk\u00ebt n\u00eb mes t\u00eb Komun\u00ebs s\u00eb Ulqinit dhe qytetit Shizuishan qytet [&hellip;]<\/p>\n","protected":false},"author":1,"featured_media":0,"comment_status":"closed","ping_status":"closed","sticky":false,"template":"","format":"standard","meta":{"spay_email":"","jetpack_publicize_message":"","jetpack_is_tweetstorm":false,"jetpack_publicize_feature_enabled":true},"categories":[1,6],"tags":[],"jetpack_publicize_connections":[],"yoast_head":"<!-- This site is optimized with the Yoast SEO plugin v19.1 - https:\/\/yoast.com\/wordpress\/plugins\/seo\/ -->\n<title>Cungu priti n\u00eb takim ambasadorin kinez z.Zhi Zhaulin - Lajme nga Ulqini<\/title>\n<meta name=\"description\" content=\"Kryetari i komun\u00ebs s\u00eb Ulqinit z. Nazif Cungu prit sot n\u00eb takim ambasadorin e Republikes Popullore t\u00eb Kin\u00ebs z.Zhi Zhaulin dhe sekretarin e par\u00eb t\u00eb\" \/>\n<meta name=\"robots\" content=\"index, follow, max-snippet:-1, max-image-preview:large, max-video-preview:-1\" \/>\n<link rel=\"canonical\" href=\"https:\/\/www.visit-ulcinj.com\/blog\/2013\/07\/25\/cungu-priti-ne-takim-ambasadorin-kinez-z-zhi-zhaulin\/\" \/>\n<meta property=\"og:locale\" content=\"en_US\" \/>\n<meta property=\"og:type\" content=\"article\" \/>\n<meta property=\"og:title\" content=\"Cungu priti n\u00eb takim ambasadorin kinez z.Zhi Zhaulin - Lajme nga Ulqini\" \/>\n<meta property=\"og:description\" content=\"Kryetari i komun\u00ebs s\u00eb Ulqinit z. Nazif Cungu prit sot n\u00eb takim ambasadorin e Republikes Popullore t\u00eb Kin\u00ebs z.Zhi Zhaulin dhe sekretarin e par\u00eb t\u00eb\" \/>\n<meta property=\"og:url\" content=\"https:\/\/www.visit-ulcinj.com\/blog\/2013\/07\/25\/cungu-priti-ne-takim-ambasadorin-kinez-z-zhi-zhaulin\/\" \/>\n<meta property=\"og:site_name\" content=\"Lajme nga Ulqini\" \/>\n<meta property=\"article:published_time\" content=\"2013-07-25T22:29:51+00:00\" \/>\n<meta property=\"article:modified_time\" content=\"2013-07-26T16:24:02+00:00\" \/>\n<meta property=\"og:image\" content=\"http:\/\/www.visit-ulcinj.com\/blog\/wp-content\/uploads\/2013\/07\/Nazif-Cungu-ambasadorin-kinez-z.-Zhi-Zhaulin.jpg\" \/>\n<meta name=\"twitter:label1\" content=\"Written by\" \/>\n\t<meta name=\"twitter:data1\" content=\"ulqini\" \/>\n\t<meta name=\"twitter:label2\" content=\"Est. reading time\" \/>\n\t<meta name=\"twitter:data2\" content=\"1 minute\" \/>\n<script type=\"application\/ld+json\" class=\"yoast-schema-graph\">{\"@context\":\"https:\/\/schema.org\",\"@graph\":[{\"@type\":\"WebSite\",\"@id\":\"https:\/\/www.visit-ulcinj.com\/blog\/#website\",\"url\":\"https:\/\/www.visit-ulcinj.com\/blog\/\",\"name\":\"Lajme nga Ulqini\",\"description\":\"Lajme,Vijesti,Ulqini,Ulqin,Crna Gora,Mali i Zi\",\"potentialAction\":[{\"@type\":\"SearchAction\",\"target\":{\"@type\":\"EntryPoint\",\"urlTemplate\":\"https:\/\/www.visit-ulcinj.com\/blog\/?s={search_term_string}\"},\"query-input\":\"required name=search_term_string\"}],\"inLanguage\":\"en-US\"},{\"@type\":\"ImageObject\",\"inLanguage\":\"en-US\",\"@id\":\"https:\/\/www.visit-ulcinj.com\/blog\/2013\/07\/25\/cungu-priti-ne-takim-ambasadorin-kinez-z-zhi-zhaulin\/#primaryimage\",\"url\":\"https:\/\/www.visit-ulcinj.com\/blog\/wp-content\/uploads\/2013\/07\/Nazif-Cungu-ambasadorin-kinez-z.-Zhi-Zhaulin.jpg\",\"contentUrl\":\"https:\/\/www.visit-ulcinj.com\/blog\/wp-content\/uploads\/2013\/07\/Nazif-Cungu-ambasadorin-kinez-z.-Zhi-Zhaulin.jpg\",\"width\":768,\"height\":509},{\"@type\":\"WebPage\",\"@id\":\"https:\/\/www.visit-ulcinj.com\/blog\/2013\/07\/25\/cungu-priti-ne-takim-ambasadorin-kinez-z-zhi-zhaulin\/#webpage\",\"url\":\"https:\/\/www.visit-ulcinj.com\/blog\/2013\/07\/25\/cungu-priti-ne-takim-ambasadorin-kinez-z-zhi-zhaulin\/\",\"name\":\"Cungu priti n\u00eb takim ambasadorin kinez z.Zhi Zhaulin - Lajme nga Ulqini\",\"isPartOf\":{\"@id\":\"https:\/\/www.visit-ulcinj.com\/blog\/#website\"},\"primaryImageOfPage\":{\"@id\":\"https:\/\/www.visit-ulcinj.com\/blog\/2013\/07\/25\/cungu-priti-ne-takim-ambasadorin-kinez-z-zhi-zhaulin\/#primaryimage\"},\"datePublished\":\"2013-07-25T22:29:51+00:00\",\"dateModified\":\"2013-07-26T16:24:02+00:00\",\"author\":{\"@id\":\"https:\/\/www.visit-ulcinj.com\/blog\/#\/schema\/person\/dcab619c614d3038751c63bc2aadc06d\"},\"description\":\"Kryetari i komun\u00ebs s\u00eb Ulqinit z. Nazif Cungu prit sot n\u00eb takim ambasadorin e Republikes Popullore t\u00eb Kin\u00ebs z.Zhi Zhaulin dhe sekretarin e par\u00eb t\u00eb\",\"breadcrumb\":{\"@id\":\"https:\/\/www.visit-ulcinj.com\/blog\/2013\/07\/25\/cungu-priti-ne-takim-ambasadorin-kinez-z-zhi-zhaulin\/#breadcrumb\"},\"inLanguage\":\"en-US\",\"potentialAction\":[{\"@type\":\"ReadAction\",\"target\":[\"https:\/\/www.visit-ulcinj.com\/blog\/2013\/07\/25\/cungu-priti-ne-takim-ambasadorin-kinez-z-zhi-zhaulin\/\"]}]},{\"@type\":\"BreadcrumbList\",\"@id\":\"https:\/\/www.visit-ulcinj.com\/blog\/2013\/07\/25\/cungu-priti-ne-takim-ambasadorin-kinez-z-zhi-zhaulin\/#breadcrumb\",\"itemListElement\":[{\"@type\":\"ListItem\",\"position\":1,\"name\":\"Cungu priti n\u00eb takim ambasadorin kinez z.Zhi Zhaulin\"}]},{\"@type\":\"Person\",\"@id\":\"https:\/\/www.visit-ulcinj.com\/blog\/#\/schema\/person\/dcab619c614d3038751c63bc2aadc06d\",\"name\":\"ulqini\",\"sameAs\":[\"http:\/\/www.visit-ulcinj.com\"],\"url\":\"https:\/\/www.visit-ulcinj.com\/blog\/author\/admin\/\"}]}<\/script>\n<!-- \/ Yoast SEO plugin. -->","yoast_head_json":{"title":"Cungu priti n\u00eb takim ambasadorin kinez z.Zhi Zhaulin - Lajme nga Ulqini","description":"Kryetari i komun\u00ebs s\u00eb Ulqinit z. Nazif Cungu prit sot n\u00eb takim ambasadorin e Republikes Popullore t\u00eb Kin\u00ebs z.Zhi Zhaulin dhe sekretarin e par\u00eb t\u00eb","robots":{"index":"index","follow":"follow","max-snippet":"max-snippet:-1","max-image-preview":"max-image-preview:large","max-video-preview":"max-video-preview:-1"},"canonical":"https:\/\/www.visit-ulcinj.com\/blog\/2013\/07\/25\/cungu-priti-ne-takim-ambasadorin-kinez-z-zhi-zhaulin\/","og_locale":"en_US","og_type":"article","og_title":"Cungu priti n\u00eb takim ambasadorin kinez z.Zhi Zhaulin - Lajme nga Ulqini","og_description":"Kryetari i komun\u00ebs s\u00eb Ulqinit z. Nazif Cungu prit sot n\u00eb takim ambasadorin e Republikes Popullore t\u00eb Kin\u00ebs z.Zhi Zhaulin dhe sekretarin e par\u00eb t\u00eb","og_url":"https:\/\/www.visit-ulcinj.com\/blog\/2013\/07\/25\/cungu-priti-ne-takim-ambasadorin-kinez-z-zhi-zhaulin\/","og_site_name":"Lajme nga Ulqini","article_published_time":"2013-07-25T22:29:51+00:00","article_modified_time":"2013-07-26T16:24:02+00:00","og_image":[{"url":"http:\/\/www.visit-ulcinj.com\/blog\/wp-content\/uploads\/2013\/07\/Nazif-Cungu-ambasadorin-kinez-z.-Zhi-Zhaulin.jpg"}],"twitter_misc":{"Written by":"ulqini","Est. reading time":"1 minute"},"schema":{"@context":"https:\/\/schema.org","@graph":[{"@type":"WebSite","@id":"https:\/\/www.visit-ulcinj.com\/blog\/#website","url":"https:\/\/www.visit-ulcinj.com\/blog\/","name":"Lajme nga Ulqini","description":"Lajme,Vijesti,Ulqini,Ulqin,Crna Gora,Mali i Zi","potentialAction":[{"@type":"SearchAction","target":{"@type":"EntryPoint","urlTemplate":"https:\/\/www.visit-ulcinj.com\/blog\/?s={search_term_string}"},"query-input":"required name=search_term_string"}],"inLanguage":"en-US"},{"@type":"ImageObject","inLanguage":"en-US","@id":"https:\/\/www.visit-ulcinj.com\/blog\/2013\/07\/25\/cungu-priti-ne-takim-ambasadorin-kinez-z-zhi-zhaulin\/#primaryimage","url":"https:\/\/www.visit-ulcinj.com\/blog\/wp-content\/uploads\/2013\/07\/Nazif-Cungu-ambasadorin-kinez-z.-Zhi-Zhaulin.jpg","contentUrl":"https:\/\/www.visit-ulcinj.com\/blog\/wp-content\/uploads\/2013\/07\/Nazif-Cungu-ambasadorin-kinez-z.-Zhi-Zhaulin.jpg","width":768,"height":509},{"@type":"WebPage","@id":"https:\/\/www.visit-ulcinj.com\/blog\/2013\/07\/25\/cungu-priti-ne-takim-ambasadorin-kinez-z-zhi-zhaulin\/#webpage","url":"https:\/\/www.visit-ulcinj.com\/blog\/2013\/07\/25\/cungu-priti-ne-takim-ambasadorin-kinez-z-zhi-zhaulin\/","name":"Cungu priti n\u00eb takim ambasadorin kinez z.Zhi Zhaulin - Lajme nga Ulqini","isPartOf":{"@id":"https:\/\/www.visit-ulcinj.com\/blog\/#website"},"primaryImageOfPage":{"@id":"https:\/\/www.visit-ulcinj.com\/blog\/2013\/07\/25\/cungu-priti-ne-takim-ambasadorin-kinez-z-zhi-zhaulin\/#primaryimage"},"datePublished":"2013-07-25T22:29:51+00:00","dateModified":"2013-07-26T16:24:02+00:00","author":{"@id":"https:\/\/www.visit-ulcinj.com\/blog\/#\/schema\/person\/dcab619c614d3038751c63bc2aadc06d"},"description":"Kryetari i komun\u00ebs s\u00eb Ulqinit z. Nazif Cungu prit sot n\u00eb takim ambasadorin e Republikes Popullore t\u00eb Kin\u00ebs z.Zhi Zhaulin dhe sekretarin e par\u00eb t\u00eb","breadcrumb":{"@id":"https:\/\/www.visit-ulcinj.com\/blog\/2013\/07\/25\/cungu-priti-ne-takim-ambasadorin-kinez-z-zhi-zhaulin\/#breadcrumb"},"inLanguage":"en-US","potentialAction":[{"@type":"ReadAction","target":["https:\/\/www.visit-ulcinj.com\/blog\/2013\/07\/25\/cungu-priti-ne-takim-ambasadorin-kinez-z-zhi-zhaulin\/"]}]},{"@type":"BreadcrumbList","@id":"https:\/\/www.visit-ulcinj.com\/blog\/2013\/07\/25\/cungu-priti-ne-takim-ambasadorin-kinez-z-zhi-zhaulin\/#breadcrumb","itemListElement":[{"@type":"ListItem","position":1,"name":"Cungu priti n\u00eb takim ambasadorin kinez z.Zhi Zhaulin"}]},{"@type":"Person","@id":"https:\/\/www.visit-ulcinj.com\/blog\/#\/schema\/person\/dcab619c614d3038751c63bc2aadc06d","name":"ulqini","sameAs":["http:\/\/www.visit-ulcinj.com"],"url":"https:\/\/www.visit-ulcinj.com\/blog\/author\/admin\/"}]}},"jetpack_featured_media_url":"","jetpack_sharing_enabled":true,"jetpack_shortlink":"https:\/\/wp.me\/pe6lTn-jaV","_links":{"self":[{"href":"https:\/\/www.visit-ulcinj.com\/blog\/wp-json\/wp\/v2\/posts\/73713"}],"collection":[{"href":"https:\/\/www.visit-ulcinj.com\/blog\/wp-json\/wp\/v2\/posts"}],"about":[{"href":"https:\/\/www.visit-ulcinj.com\/blog\/wp-json\/wp\/v2\/types\/post"}],"author":[{"embeddable":true,"href":"https:\/\/www.visit-ulcinj.com\/blog\/wp-json\/wp\/v2\/users\/1"}],"replies":[{"embeddable":true,"href":"https:\/\/www.visit-ulcinj.com\/blog\/wp-json\/wp\/v2\/comments?post=73713"}],"version-history":[{"count":3,"href":"https:\/\/www.visit-ulcinj.com\/blog\/wp-json\/wp\/v2\/posts\/73713\/revisions"}],"predecessor-version":[{"id":73754,"href":"https:\/\/www.visit-ulcinj.com\/blog\/wp-json\/wp\/v2\/posts\/73713\/revisions\/73754"}],"wp:attachment":[{"href":"https:\/\/www.visit-ulcinj.com\/blog\/wp-json\/wp\/v2\/media?parent=73713"}],"wp:term":[{"taxonomy":"category","embeddable":true,"href":"https:\/\/www.visit-ulcinj.com\/blog\/wp-json\/wp\/v2\/categories?post=73713"},{"taxonomy":"post_tag","embeddable":true,"href":"https:\/\/www.visit-ulcinj.com\/blog\/wp-json\/wp\/v2\/tags?post=73713"}],"curies":[{"name":"wp","href":"https:\/\/api.w.org\/{rel}","templated":true}]}}