{"id":73722,"date":"2013-07-26T04:45:56","date_gmt":"2013-07-26T03:45:56","guid":{"rendered":"http:\/\/www.visit-ulcinj.com\/blog\/?p=73722"},"modified":"2013-07-26T04:46:25","modified_gmt":"2013-07-26T03:46:25","slug":"rovena-kesaj-vere-neper-koncerte-ne-ulqin","status":"publish","type":"post","link":"https:\/\/www.visit-ulcinj.com\/blog\/2013\/07\/26\/rovena-kesaj-vere-neper-koncerte-ne-ulqin\/","title":{"rendered":"Rovena k\u00ebsaj vere n\u00ebp\u00ebr koncerte n\u00eb Ulqin"},"content":{"rendered":"<p><a href=\"http:\/\/www.visit-ulcinj.com\/blog\/wp-content\/uploads\/2013\/07\/Rovena-Stefa.jpg\"><img loading=\"lazy\" class=\"alignleft  wp-image-73723\" alt=\"Rovena-Stefa\" src=\"http:\/\/www.visit-ulcinj.com\/blog\/wp-content\/uploads\/2013\/07\/Rovena-Stefa.jpg\" width=\"508\" height=\"360\" \/><\/a>Rovena Stefa n\u00eb rrjetin social Facebook \u00ebsht\u00eb shfaqur me disa fotografi mjaft\u00eb t\u00eb nxehta duke shfaqur edhe linjat e saj perfekte. Edhe k\u00ebt\u00eb vit k\u00ebng\u00ebtarja e njohur Rovena Stefa ka vendosur q\u00eb pushimet verore t\u2019i kaloj pa t\u00eb dashur.<br \/>\n<a href=\"http:\/\/www.visit-ulcinj.com\/blog\/wp-content\/uploads\/2013\/07\/Rovena-Stefa-sexy.jpg\"><img loading=\"lazy\" class=\"alignleft  wp-image-73724\" alt=\"Rovena-Stefa-sexy\" src=\"http:\/\/www.visit-ulcinj.com\/blog\/wp-content\/uploads\/2013\/07\/Rovena-Stefa-sexy.jpg\" width=\"508\" height=\"360\" \/><\/a><\/p>\n<p>Rovena ka th\u00ebn\u00eb p\u00ebr \u201cZ\u00ebri\u201d se pas kthimit nga pushimi paralajm\u00ebron projektet e radh\u00ebs. Ajo ka vendosur q\u00eb gjat\u00eb k\u00ebsaj sezone vere t\u00eb sjell\u00eb disa k\u00ebng\u00eb t\u00eb shoq\u00ebruara bashk\u00eb me videoklipe. \u201cNatyrisht q\u00eb do t\u00eb plasoj k\u00ebng\u00eb dhe klipe t\u00eb reja p\u00ebr k\u00ebt\u00eb sezon vere. Adhuruesit e mi do t\u00eb shohin shum\u00eb risi tek projektet e mia t\u00eb ardhshme t\u00eb cilat do t\u2019i zbuloj me koh\u00eb\u201d, shton ajo. Krahas projekteve, Rovena nuk rresht q\u00eb pasuri edhe angazhime t\u00eb shumta n\u00ebp\u00ebr koncerte e mbr\u00ebmje muzikore. Ajo gjat\u00eb t\u00ebr\u00eb k\u00ebsaj sezone vere do t\u00eb jet\u00eb e pranishme n\u00ebp\u00ebr koncerte t\u00eb shumta kryesisht n\u00ebp\u00ebr pishina dhe plazhe t\u00eb bregdetit shqiptare dhe t\u00eb atij t\u00eb Ulqinit.<\/p>\n<p><a href=\"http:\/\/www.visit-ulcinj.com\/blog\/wp-content\/uploads\/2013\/07\/Rovena-Stefa-sexy-1.jpg\"><img loading=\"lazy\" class=\"alignleft  wp-image-73725\" alt=\"Rovena-Stefa-sexy-1\" src=\"http:\/\/www.visit-ulcinj.com\/blog\/wp-content\/uploads\/2013\/07\/Rovena-Stefa-sexy-1.jpg\" width=\"508\" height=\"360\" \/><\/a><\/p>\n<p>\u201cSezoni i ver\u00ebs \u00ebsht\u00eb ajo q\u00eb na ofron k\u00ebnaq\u00ebsin\u00eb q\u00eb n\u00ebp\u00ebrmjet koncerteve dhe mbr\u00ebmjeve t\u00eb ndryshme muzikore t\u00eb jemi m\u00eb pran\u00eb adhuruesve. Un\u00eb deri n\u00eb fund t\u00eb sezonit do t\u00eb jem n\u00ebp\u00ebr k\u00ebto mbr\u00ebmje n\u00ebp\u00ebr pishina t\u00eb ndryshme dhe n\u00eb bregdetin shqiptar\u00eb dhe t\u00eb Ulqinit\u201d, thekson ajo. Rovi uron q\u00eb adhuruesit e saj e sidomos m\u00ebrgimtar\u00ebt shqiptar\u00eb t\u2019i kalojn\u00eb sa m\u00eb mir\u00eb dit\u00ebt e pushimit n\u00eb m\u00ebm\u00ebdheun e tyre.<\/p>\n<p><iframe loading=\"lazy\" src=\"\/\/www.youtube.com\/embed\/ZEdIwnl08ms\" height=\"360\" width=\"508\" allowfullscreen=\"\" frameborder=\"0\"><\/iframe><\/p>\n","protected":false},"excerpt":{"rendered":"<p>Rovena Stefa n\u00eb rrjetin social Facebook \u00ebsht\u00eb shfaqur me disa fotografi mjaft\u00eb t\u00eb nxehta duke shfaqur edhe linjat e saj perfekte. Edhe k\u00ebt\u00eb vit k\u00ebng\u00ebtarja e njohur Rovena Stefa ka vendosur q\u00eb pushimet verore t\u2019i kaloj pa t\u00eb dashur. Rovena ka th\u00ebn\u00eb p\u00ebr \u201cZ\u00ebri\u201d se pas kthimit nga pushimi paralajm\u00ebron projektet e radh\u00ebs. Ajo ka [&hellip;]<\/p>\n","protected":false},"author":1,"featured_media":0,"comment_status":"closed","ping_status":"closed","sticky":false,"template":"","format":"standard","meta":{"spay_email":"","jetpack_publicize_message":"","jetpack_is_tweetstorm":false,"jetpack_publicize_feature_enabled":true},"categories":[1],"tags":[],"jetpack_publicize_connections":[],"yoast_head":"<!-- This site is optimized with the Yoast SEO plugin v19.1 - https:\/\/yoast.com\/wordpress\/plugins\/seo\/ -->\n<title>Rovena k\u00ebsaj vere n\u00ebp\u00ebr koncerte n\u00eb Ulqin - Lajme nga Ulqini<\/title>\n<meta name=\"description\" content=\"Rovena Stefa n\u00eb rrjetin social Facebook \u00ebsht\u00eb shfaqur me disa fotografi mjaft\u00eb t\u00eb nxehta duke shfaqur edhe linjat e saj perfekte. Edhe k\u00ebt\u00eb vit k\u00ebng\u00ebtarja\" \/>\n<meta name=\"robots\" content=\"index, follow, max-snippet:-1, max-image-preview:large, max-video-preview:-1\" \/>\n<link rel=\"canonical\" href=\"https:\/\/www.visit-ulcinj.com\/blog\/2013\/07\/26\/rovena-kesaj-vere-neper-koncerte-ne-ulqin\/\" \/>\n<meta property=\"og:locale\" content=\"en_US\" \/>\n<meta property=\"og:type\" content=\"article\" \/>\n<meta property=\"og:title\" content=\"Rovena k\u00ebsaj vere n\u00ebp\u00ebr koncerte n\u00eb Ulqin - Lajme nga Ulqini\" \/>\n<meta property=\"og:description\" content=\"Rovena Stefa n\u00eb rrjetin social Facebook \u00ebsht\u00eb shfaqur me disa fotografi mjaft\u00eb t\u00eb nxehta duke shfaqur edhe linjat e saj perfekte. Edhe k\u00ebt\u00eb vit k\u00ebng\u00ebtarja\" \/>\n<meta property=\"og:url\" content=\"https:\/\/www.visit-ulcinj.com\/blog\/2013\/07\/26\/rovena-kesaj-vere-neper-koncerte-ne-ulqin\/\" \/>\n<meta property=\"og:site_name\" content=\"Lajme nga Ulqini\" \/>\n<meta property=\"article:published_time\" content=\"2013-07-26T03:45:56+00:00\" \/>\n<meta property=\"article:modified_time\" content=\"2013-07-26T03:46:25+00:00\" \/>\n<meta property=\"og:image\" content=\"http:\/\/www.visit-ulcinj.com\/blog\/wp-content\/uploads\/2013\/07\/Rovena-Stefa.jpg\" \/>\n<meta name=\"twitter:label1\" content=\"Written by\" \/>\n\t<meta name=\"twitter:data1\" content=\"ulqini\" \/>\n\t<meta name=\"twitter:label2\" content=\"Est. reading time\" \/>\n\t<meta name=\"twitter:data2\" content=\"1 minute\" \/>\n<script type=\"application\/ld+json\" class=\"yoast-schema-graph\">{\"@context\":\"https:\/\/schema.org\",\"@graph\":[{\"@type\":\"WebSite\",\"@id\":\"https:\/\/www.visit-ulcinj.com\/blog\/#website\",\"url\":\"https:\/\/www.visit-ulcinj.com\/blog\/\",\"name\":\"Lajme nga Ulqini\",\"description\":\"Lajme,Vijesti,Ulqini,Ulqin,Crna Gora,Mali i Zi\",\"potentialAction\":[{\"@type\":\"SearchAction\",\"target\":{\"@type\":\"EntryPoint\",\"urlTemplate\":\"https:\/\/www.visit-ulcinj.com\/blog\/?s={search_term_string}\"},\"query-input\":\"required name=search_term_string\"}],\"inLanguage\":\"en-US\"},{\"@type\":\"ImageObject\",\"inLanguage\":\"en-US\",\"@id\":\"https:\/\/www.visit-ulcinj.com\/blog\/2013\/07\/26\/rovena-kesaj-vere-neper-koncerte-ne-ulqin\/#primaryimage\",\"url\":\"http:\/\/www.visit-ulcinj.com\/blog\/wp-content\/uploads\/2013\/07\/Rovena-Stefa.jpg\",\"contentUrl\":\"http:\/\/www.visit-ulcinj.com\/blog\/wp-content\/uploads\/2013\/07\/Rovena-Stefa.jpg\"},{\"@type\":\"WebPage\",\"@id\":\"https:\/\/www.visit-ulcinj.com\/blog\/2013\/07\/26\/rovena-kesaj-vere-neper-koncerte-ne-ulqin\/#webpage\",\"url\":\"https:\/\/www.visit-ulcinj.com\/blog\/2013\/07\/26\/rovena-kesaj-vere-neper-koncerte-ne-ulqin\/\",\"name\":\"Rovena k\u00ebsaj vere n\u00ebp\u00ebr koncerte n\u00eb Ulqin - Lajme nga Ulqini\",\"isPartOf\":{\"@id\":\"https:\/\/www.visit-ulcinj.com\/blog\/#website\"},\"primaryImageOfPage\":{\"@id\":\"https:\/\/www.visit-ulcinj.com\/blog\/2013\/07\/26\/rovena-kesaj-vere-neper-koncerte-ne-ulqin\/#primaryimage\"},\"datePublished\":\"2013-07-26T03:45:56+00:00\",\"dateModified\":\"2013-07-26T03:46:25+00:00\",\"author\":{\"@id\":\"https:\/\/www.visit-ulcinj.com\/blog\/#\/schema\/person\/dcab619c614d3038751c63bc2aadc06d\"},\"description\":\"Rovena Stefa n\u00eb rrjetin social Facebook \u00ebsht\u00eb shfaqur me disa fotografi mjaft\u00eb t\u00eb nxehta duke shfaqur edhe linjat e saj perfekte. Edhe k\u00ebt\u00eb vit k\u00ebng\u00ebtarja\",\"breadcrumb\":{\"@id\":\"https:\/\/www.visit-ulcinj.com\/blog\/2013\/07\/26\/rovena-kesaj-vere-neper-koncerte-ne-ulqin\/#breadcrumb\"},\"inLanguage\":\"en-US\",\"potentialAction\":[{\"@type\":\"ReadAction\",\"target\":[\"https:\/\/www.visit-ulcinj.com\/blog\/2013\/07\/26\/rovena-kesaj-vere-neper-koncerte-ne-ulqin\/\"]}]},{\"@type\":\"BreadcrumbList\",\"@id\":\"https:\/\/www.visit-ulcinj.com\/blog\/2013\/07\/26\/rovena-kesaj-vere-neper-koncerte-ne-ulqin\/#breadcrumb\",\"itemListElement\":[{\"@type\":\"ListItem\",\"position\":1,\"name\":\"Rovena k\u00ebsaj vere n\u00ebp\u00ebr koncerte n\u00eb Ulqin\"}]},{\"@type\":\"Person\",\"@id\":\"https:\/\/www.visit-ulcinj.com\/blog\/#\/schema\/person\/dcab619c614d3038751c63bc2aadc06d\",\"name\":\"ulqini\",\"sameAs\":[\"http:\/\/www.visit-ulcinj.com\"],\"url\":\"https:\/\/www.visit-ulcinj.com\/blog\/author\/admin\/\"}]}<\/script>\n<!-- \/ Yoast SEO plugin. -->","yoast_head_json":{"title":"Rovena k\u00ebsaj vere n\u00ebp\u00ebr koncerte n\u00eb Ulqin - Lajme nga Ulqini","description":"Rovena Stefa n\u00eb rrjetin social Facebook \u00ebsht\u00eb shfaqur me disa fotografi mjaft\u00eb t\u00eb nxehta duke shfaqur edhe linjat e saj perfekte. Edhe k\u00ebt\u00eb vit k\u00ebng\u00ebtarja","robots":{"index":"index","follow":"follow","max-snippet":"max-snippet:-1","max-image-preview":"max-image-preview:large","max-video-preview":"max-video-preview:-1"},"canonical":"https:\/\/www.visit-ulcinj.com\/blog\/2013\/07\/26\/rovena-kesaj-vere-neper-koncerte-ne-ulqin\/","og_locale":"en_US","og_type":"article","og_title":"Rovena k\u00ebsaj vere n\u00ebp\u00ebr koncerte n\u00eb Ulqin - Lajme nga Ulqini","og_description":"Rovena Stefa n\u00eb rrjetin social Facebook \u00ebsht\u00eb shfaqur me disa fotografi mjaft\u00eb t\u00eb nxehta duke shfaqur edhe linjat e saj perfekte. Edhe k\u00ebt\u00eb vit k\u00ebng\u00ebtarja","og_url":"https:\/\/www.visit-ulcinj.com\/blog\/2013\/07\/26\/rovena-kesaj-vere-neper-koncerte-ne-ulqin\/","og_site_name":"Lajme nga Ulqini","article_published_time":"2013-07-26T03:45:56+00:00","article_modified_time":"2013-07-26T03:46:25+00:00","og_image":[{"url":"http:\/\/www.visit-ulcinj.com\/blog\/wp-content\/uploads\/2013\/07\/Rovena-Stefa.jpg"}],"twitter_misc":{"Written by":"ulqini","Est. reading time":"1 minute"},"schema":{"@context":"https:\/\/schema.org","@graph":[{"@type":"WebSite","@id":"https:\/\/www.visit-ulcinj.com\/blog\/#website","url":"https:\/\/www.visit-ulcinj.com\/blog\/","name":"Lajme nga Ulqini","description":"Lajme,Vijesti,Ulqini,Ulqin,Crna Gora,Mali i Zi","potentialAction":[{"@type":"SearchAction","target":{"@type":"EntryPoint","urlTemplate":"https:\/\/www.visit-ulcinj.com\/blog\/?s={search_term_string}"},"query-input":"required name=search_term_string"}],"inLanguage":"en-US"},{"@type":"ImageObject","inLanguage":"en-US","@id":"https:\/\/www.visit-ulcinj.com\/blog\/2013\/07\/26\/rovena-kesaj-vere-neper-koncerte-ne-ulqin\/#primaryimage","url":"http:\/\/www.visit-ulcinj.com\/blog\/wp-content\/uploads\/2013\/07\/Rovena-Stefa.jpg","contentUrl":"http:\/\/www.visit-ulcinj.com\/blog\/wp-content\/uploads\/2013\/07\/Rovena-Stefa.jpg"},{"@type":"WebPage","@id":"https:\/\/www.visit-ulcinj.com\/blog\/2013\/07\/26\/rovena-kesaj-vere-neper-koncerte-ne-ulqin\/#webpage","url":"https:\/\/www.visit-ulcinj.com\/blog\/2013\/07\/26\/rovena-kesaj-vere-neper-koncerte-ne-ulqin\/","name":"Rovena k\u00ebsaj vere n\u00ebp\u00ebr koncerte n\u00eb Ulqin - Lajme nga Ulqini","isPartOf":{"@id":"https:\/\/www.visit-ulcinj.com\/blog\/#website"},"primaryImageOfPage":{"@id":"https:\/\/www.visit-ulcinj.com\/blog\/2013\/07\/26\/rovena-kesaj-vere-neper-koncerte-ne-ulqin\/#primaryimage"},"datePublished":"2013-07-26T03:45:56+00:00","dateModified":"2013-07-26T03:46:25+00:00","author":{"@id":"https:\/\/www.visit-ulcinj.com\/blog\/#\/schema\/person\/dcab619c614d3038751c63bc2aadc06d"},"description":"Rovena Stefa n\u00eb rrjetin social Facebook \u00ebsht\u00eb shfaqur me disa fotografi mjaft\u00eb t\u00eb nxehta duke shfaqur edhe linjat e saj perfekte. Edhe k\u00ebt\u00eb vit k\u00ebng\u00ebtarja","breadcrumb":{"@id":"https:\/\/www.visit-ulcinj.com\/blog\/2013\/07\/26\/rovena-kesaj-vere-neper-koncerte-ne-ulqin\/#breadcrumb"},"inLanguage":"en-US","potentialAction":[{"@type":"ReadAction","target":["https:\/\/www.visit-ulcinj.com\/blog\/2013\/07\/26\/rovena-kesaj-vere-neper-koncerte-ne-ulqin\/"]}]},{"@type":"BreadcrumbList","@id":"https:\/\/www.visit-ulcinj.com\/blog\/2013\/07\/26\/rovena-kesaj-vere-neper-koncerte-ne-ulqin\/#breadcrumb","itemListElement":[{"@type":"ListItem","position":1,"name":"Rovena k\u00ebsaj vere n\u00ebp\u00ebr koncerte n\u00eb Ulqin"}]},{"@type":"Person","@id":"https:\/\/www.visit-ulcinj.com\/blog\/#\/schema\/person\/dcab619c614d3038751c63bc2aadc06d","name":"ulqini","sameAs":["http:\/\/www.visit-ulcinj.com"],"url":"https:\/\/www.visit-ulcinj.com\/blog\/author\/admin\/"}]}},"jetpack_featured_media_url":"","jetpack_sharing_enabled":true,"jetpack_shortlink":"https:\/\/wp.me\/pe6lTn-jb4","_links":{"self":[{"href":"https:\/\/www.visit-ulcinj.com\/blog\/wp-json\/wp\/v2\/posts\/73722"}],"collection":[{"href":"https:\/\/www.visit-ulcinj.com\/blog\/wp-json\/wp\/v2\/posts"}],"about":[{"href":"https:\/\/www.visit-ulcinj.com\/blog\/wp-json\/wp\/v2\/types\/post"}],"author":[{"embeddable":true,"href":"https:\/\/www.visit-ulcinj.com\/blog\/wp-json\/wp\/v2\/users\/1"}],"replies":[{"embeddable":true,"href":"https:\/\/www.visit-ulcinj.com\/blog\/wp-json\/wp\/v2\/comments?post=73722"}],"version-history":[{"count":2,"href":"https:\/\/www.visit-ulcinj.com\/blog\/wp-json\/wp\/v2\/posts\/73722\/revisions"}],"predecessor-version":[{"id":73727,"href":"https:\/\/www.visit-ulcinj.com\/blog\/wp-json\/wp\/v2\/posts\/73722\/revisions\/73727"}],"wp:attachment":[{"href":"https:\/\/www.visit-ulcinj.com\/blog\/wp-json\/wp\/v2\/media?parent=73722"}],"wp:term":[{"taxonomy":"category","embeddable":true,"href":"https:\/\/www.visit-ulcinj.com\/blog\/wp-json\/wp\/v2\/categories?post=73722"},{"taxonomy":"post_tag","embeddable":true,"href":"https:\/\/www.visit-ulcinj.com\/blog\/wp-json\/wp\/v2\/tags?post=73722"}],"curies":[{"name":"wp","href":"https:\/\/api.w.org\/{rel}","templated":true}]}}