{"id":7374,"date":"2008-12-17T17:21:37","date_gmt":"2008-12-17T16:21:37","guid":{"rendered":"http:\/\/www.visit-ulcinj.com\/blog\/?p=7374"},"modified":"2008-12-17T17:21:37","modified_gmt":"2008-12-17T16:21:37","slug":"oebs-vratio-televiziju-drzavi","status":"publish","type":"post","link":"https:\/\/www.visit-ulcinj.com\/blog\/2008\/12\/17\/oebs-vratio-televiziju-drzavi\/","title":{"rendered":"OEBS vratio televiziju dr\u017eavi"},"content":{"rendered":"<p><a href=\"http:\/\/www.visit-ulcinj.com\/blog\/wp-content\/uploads\/2008\/12\/radio-televizija-crne-gore.gif\"><img loading=\"lazy\" class=\"alignleft size-medium wp-image-7375\" title=\"radio-televizija-crne-gore\" src=\"http:\/\/www.visit-ulcinj.com\/blog\/wp-content\/uploads\/2008\/12\/radio-televizija-crne-gore.gif\" alt=\"\" width=\"236\" height=\"176\" \/><\/a><strong>U skup\u0161tini zavr\u0161ena rasprava o javnom servisu, ministar Mi?unovi? tvrdi:<\/strong><br \/>\nPodgorica \u2013 Novi zakon o javnim radio-difuznim centrima ne?e donijeti ni\u0161ta novo, jer Demokratska partija socijalista ne \u017eeli da prepusti kontrolu nad Radio televizijom Crne Gore (RTCG), ocijenili su ju?e opozicioni poslanici u Skup\u0161tini.<br \/>\nOni su tokom rasprave o tom predlogu zaklju?ili da budu?e finansiranje RTCG iz bud\u017eeta, ne korespondira sa konceptom javnog servisa i evropskim standardima, konstatuju?i da se ponovo \u201evra?a\u201c dr\u017eavna radio televizija.<br \/>\nMinistar kulture Branislav Mi?unovi? odgovorio je da je ideja o bud\u017eetskom finansiranju potekla od visokog zvani?nika OEBS-a Miklo\u0161a Hara\u0161tija i da su je oni ispo\u0161tovali.<br \/>\nPoslanik Narodne stranke Dragan \u0160o? tra\u017eio je od predlaga?a iz Vlade da ne budu licemjerni i priznaju da uspostavljanje javnog servisa nije uspjelo.<br \/>\nOn je konstatovao da rukovodsto RTCG nije uspjelo da rije\u0161i problem sa pretplatom, jer niko nije \u017eelio \u201eda kupi proizvod koji ta medijska ku?a nudi\u201c.<br \/>\n\u201eNa jednoj strani glumi se javni servis, a na drugoj se on finansira iz bud\u017eeta. Sve je bolje od licemjerja. Ovo je kompilacija bud\u017eetskog finansiranja i prividne nezavisnosti. Vratimo se na koncept dr\u017eavne televizije\u201c, rekao je \u0160o?.<br \/>\nOn je istakao da je posebno problemati?no \u0161to RTCG dobija ve?u suverenost ?ak i od parlamenta, jer, prema odredbama, \u201cnikome ne?e biti du\u017eni da pola\u017eu ra?une za finansijsko poslovanje\u201c.<br \/>\nU predlogu zakona se navodi da se RTCG, osim reklamama, finansira sa 1,20 odsto dr\u017eavnog bud\u017eeta.<br \/>\nPokret za promjene i Socijalisti?ka narodna partija zahtijevaju da RTCG ubudu?e prenosi sve sjednice parlamenta.<br \/>\n\u201eSada pada u vodu pri?a o nemanju sredstava za direktne prenose&#8230; Ako ve? dajemo 10 miliona eura iz bud\u017eeta, onda treba prenositi sve sjednice\u201c, rekao je Aleksandar Damjanovi? (SNP).<br \/>\nOn je kazao da dvije stranke, u tom kontekstu, tra\u017ee i da osniva? javnih servisa bude Skup\u0161tina, a ne dr\u017eava kako se navodi u predlogu.<br \/>\nDamjanovi? je dodao da jedan od amandmana, koji su nadle\u017eni odbori ve? odbili, govori o tome da parlament ubudu?e samo konstatuje volju predlaga?a, a ne da, kao do sada, glasa za sastav Savjeta RTCG.<br \/>\n\u201eAko kandidat nije bio po volji DPS-a, on do sada, uprkos podr\u0161ci, nije mogao ni da omiri\u0161e vrata televizije\u201c, objasnio je Damjanovi?.<br \/>\nSavjet RTCG ?e imati devet ?lanova, a bira?e ih i razrje\u0161avati Skup\u0161tina.<br \/>\nNa predlog poslanika SDP-a, iz predloga ?e najvjerovatnije biti izbrisana odredba kojom se predsjednik dr\u017eave ovla\u0161?uje da kandiduje listu za Savjet, ukoliko Skup\u0161tina to ne uspije.<br \/>\nNeboj\u0161a Medojevi? (PzP) je ocijenio da predlo\u017eeni tekst vra?a unazad stanje u toj oblasti i pojasnio za\u0161to DPS jo\u0161 ne \u017eeli da se odrekne RTCG: \u201cIdu?a godina je izborna, treba dobro sakriti finansijsku krizu i sve probleme sa kojima se suo?avamo od Pljevalja do Ulcinja\u201c.<br \/>\nPredrag Sekuli? (DPS) saop\u0161tio je da su u RTCG u posljednje ?etri godine napravljeni vidljivi pomaci. Odgovaraju?i na optu\u017ebe opozicije, on je rekao da finansiranje iz bud\u017eeta ne?e uticati na objektivno izvje\u0161tavanje tog medija.<br \/>\nSekuli? je rekao da niko ne treba da sumnja da je zakon uskla?en sa evropskim standardima.<br \/>\n\u201cNemojte misliti da bismo sebi dozvolili da ju?e podnesemo aplikaciju, a da danas predla\u017eemo zakon koji nije evropski&#8230; Ja bih volio da ste vi (opozicija) \u0161to vi\u0161e na Javnom servisu jer ?e te imati sve manje bira?a, to se jasno pokazalo do danas\u201c, rekao je on.<br \/>\nPoslanici bi o tom i o zakonima o kojima je ranije zavr\u0161ena rasparava trebalo da se izjasne danas.<br \/>\n<strong>Zeleno svjetlo za odlazak u Avganistan<\/strong><br \/>\nSkup\u0161tinski odbor za bezbjednost i odbranu preporu?io je ju?e parlamentu da usvoji odluku o upu?ivanju medinskog tima Vojske u ISAF misiju u Avganistanu.<br \/>\nU timu VCG koji bi trebalo da se anga\u017euje u bolnici na vojnom aerodromu u Kabulu bi?e ljekar i dva medicinska tehni?ara, a najavljeno je da ?e ta jedinica preuzeti du\u017enost u avgustu sljede?e godine.<br \/>\nZa tu odluku glasalo je \u0161est ?lanova Odbora iz vladaju?e koalicije, dok je predstavnik SNP-a bio uzdr\u017ean.<br \/>\nObrazla\u017eu?i predlog za slanje jedinice u NATO vo?enu operaciju u Avganistanu, ministar Boro Vu?ini? kazao je da je rije? o doprinosu Crne Gore \u201cizgradnji demokratskih institucija u Avganistanu\u201d.<br \/>\n\u201cU?estvovanje u jednoj ovakvoj misiji ?ini na\u0161u zemlju pouzdanim partnerom u ja?anju mira u svijetu\u201d, rekao je Vu?ini?, najavljuju?i odlazak crnogorskih medicinara za avgust sljede?e godine.<br \/>\nOn je kazao da su planirani tro\u0161kovi jedinice za dnevnice i plate za \u0161est mjeseci oko 45 000 eura.<br \/>\nZvani?nici Ministarstva odbrane su poru?ili da ?e prilikom upu?ivanja jedinica u misije voditi ra?una da crnogorski vojnici \u201cdobiju manje rizi?na mjesta\u201d.<a href=\"http:\/\/www.visit-ulcinj.com\/blog\/wp-content\/uploads\/2008\/12\/mehmet-bardhi1.jpg\"><img loading=\"lazy\" class=\"size-medium wp-image-7376 alignright\" title=\"Miodrag Ilickovic_Mehmet Bardhi\" src=\"http:\/\/www.visit-ulcinj.com\/blog\/wp-content\/uploads\/2008\/12\/mehmet-bardhi1.jpg\" alt=\"\" width=\"356\" height=\"258\" \/><\/a><br \/>\nPoslanika Mehmeta Bardhija zanimalo je kakve mjere je dr\u017eava poreduzela za osiguranja u?esnika u operaciji ISAF, ali i njihovih porodica u slu?aju ranjavanja ili gubitaka. Vu?ini? je kazao da ?e se u tom slu?aju postupiti \u201cu skladu sa zakonom\u201d.<br \/>\nAdmiral Samardi\u017e je pojasnio da ?e se na tenderu odabrati osiguravaju?a ku?a, kako bi se pokrilo osiguranje, ali da se zbog negativnih iskustava uz regiona, to se mora detaljno razraditi.<br \/>\nOdbor za odbranu i bezbjednost prihvatio je ju?e i inicijativu Odbora za ustavna pitanja i zakonodavstvo i Vlade da se zbog tehni?ke dorade Predlog zakona o parlamentarnom nadzoru u oblasti bezbjednosti i odbrane vrati u formu nacrta.<br \/>\n<strong>D.M.-D\u0161. T.<br \/>\nIzvor \/ Vijesti<\/strong><\/p>\n","protected":false},"excerpt":{"rendered":"<p>U skup\u0161tini zavr\u0161ena rasprava o javnom servisu, ministar Mi?unovi? tvrdi: Podgorica \u2013 Novi zakon o javnim radio-difuznim centrima ne?e donijeti ni\u0161ta novo, jer Demokratska partija socijalista ne \u017eeli da prepusti kontrolu nad Radio televizijom Crne Gore (RTCG), ocijenili su ju?e opozicioni poslanici u Skup\u0161tini. Oni su tokom rasprave o tom predlogu zaklju?ili da budu?e finansiranje [&hellip;]<\/p>\n","protected":false},"author":1,"featured_media":0,"comment_status":"open","ping_status":"closed","sticky":false,"template":"","format":"standard","meta":{"spay_email":"","jetpack_publicize_message":"","jetpack_is_tweetstorm":false,"jetpack_publicize_feature_enabled":true},"categories":[6],"tags":[347,5274,1521,3302,5275],"jetpack_publicize_connections":[],"yoast_head":"<!-- This site is optimized with the Yoast SEO plugin v19.1 - https:\/\/yoast.com\/wordpress\/plugins\/seo\/ -->\n<title>OEBS vratio televiziju dr\u017eavi - Lajme nga Ulqini<\/title>\n<meta name=\"description\" content=\"U skup\u0161tini zavr\u0161ena rasprava o javnom servisu, ministar Mi?unovi? tvrdi: Podgorica \u2013 Novi zakon o javnim radio-difuznim centrima ne?e donijeti ni\u0161ta\" \/>\n<meta name=\"robots\" content=\"index, follow, max-snippet:-1, max-image-preview:large, max-video-preview:-1\" \/>\n<link rel=\"canonical\" href=\"https:\/\/www.visit-ulcinj.com\/blog\/2008\/12\/17\/oebs-vratio-televiziju-drzavi\/\" \/>\n<meta property=\"og:locale\" content=\"en_US\" \/>\n<meta property=\"og:type\" content=\"article\" \/>\n<meta property=\"og:title\" content=\"OEBS vratio televiziju dr\u017eavi - Lajme nga Ulqini\" \/>\n<meta property=\"og:description\" content=\"U skup\u0161tini zavr\u0161ena rasprava o javnom servisu, ministar Mi?unovi? tvrdi: Podgorica \u2013 Novi zakon o javnim radio-difuznim centrima ne?e donijeti ni\u0161ta\" \/>\n<meta property=\"og:url\" content=\"https:\/\/www.visit-ulcinj.com\/blog\/2008\/12\/17\/oebs-vratio-televiziju-drzavi\/\" \/>\n<meta property=\"og:site_name\" content=\"Lajme nga Ulqini\" \/>\n<meta property=\"article:published_time\" content=\"2008-12-17T16:21:37+00:00\" \/>\n<meta property=\"og:image\" content=\"http:\/\/www.visit-ulcinj.com\/blog\/wp-content\/uploads\/2008\/12\/radio-televizija-crne-gore.gif\" \/>\n<meta name=\"twitter:label1\" content=\"Written by\" \/>\n\t<meta name=\"twitter:data1\" content=\"ulqini\" \/>\n\t<meta name=\"twitter:label2\" content=\"Est. reading time\" \/>\n\t<meta name=\"twitter:data2\" content=\"5 minutes\" \/>\n<script type=\"application\/ld+json\" class=\"yoast-schema-graph\">{\"@context\":\"https:\/\/schema.org\",\"@graph\":[{\"@type\":\"WebSite\",\"@id\":\"https:\/\/www.visit-ulcinj.com\/blog\/#website\",\"url\":\"https:\/\/www.visit-ulcinj.com\/blog\/\",\"name\":\"Lajme nga Ulqini\",\"description\":\"Lajme,Vijesti,Ulqini,Ulqin,Crna Gora,Mali i Zi\",\"potentialAction\":[{\"@type\":\"SearchAction\",\"target\":{\"@type\":\"EntryPoint\",\"urlTemplate\":\"https:\/\/www.visit-ulcinj.com\/blog\/?s={search_term_string}\"},\"query-input\":\"required name=search_term_string\"}],\"inLanguage\":\"en-US\"},{\"@type\":\"ImageObject\",\"inLanguage\":\"en-US\",\"@id\":\"https:\/\/www.visit-ulcinj.com\/blog\/2008\/12\/17\/oebs-vratio-televiziju-drzavi\/#primaryimage\",\"url\":\"http:\/\/www.visit-ulcinj.com\/blog\/wp-content\/uploads\/2008\/12\/radio-televizija-crne-gore.gif\",\"contentUrl\":\"http:\/\/www.visit-ulcinj.com\/blog\/wp-content\/uploads\/2008\/12\/radio-televizija-crne-gore.gif\"},{\"@type\":\"WebPage\",\"@id\":\"https:\/\/www.visit-ulcinj.com\/blog\/2008\/12\/17\/oebs-vratio-televiziju-drzavi\/#webpage\",\"url\":\"https:\/\/www.visit-ulcinj.com\/blog\/2008\/12\/17\/oebs-vratio-televiziju-drzavi\/\",\"name\":\"OEBS vratio televiziju dr\u017eavi - Lajme nga Ulqini\",\"isPartOf\":{\"@id\":\"https:\/\/www.visit-ulcinj.com\/blog\/#website\"},\"primaryImageOfPage\":{\"@id\":\"https:\/\/www.visit-ulcinj.com\/blog\/2008\/12\/17\/oebs-vratio-televiziju-drzavi\/#primaryimage\"},\"datePublished\":\"2008-12-17T16:21:37+00:00\",\"dateModified\":\"2008-12-17T16:21:37+00:00\",\"author\":{\"@id\":\"https:\/\/www.visit-ulcinj.com\/blog\/#\/schema\/person\/dcab619c614d3038751c63bc2aadc06d\"},\"description\":\"U skup\u0161tini zavr\u0161ena rasprava o javnom servisu, ministar Mi?unovi? tvrdi: Podgorica \u2013 Novi zakon o javnim radio-difuznim centrima ne?e donijeti ni\u0161ta\",\"breadcrumb\":{\"@id\":\"https:\/\/www.visit-ulcinj.com\/blog\/2008\/12\/17\/oebs-vratio-televiziju-drzavi\/#breadcrumb\"},\"inLanguage\":\"en-US\",\"potentialAction\":[{\"@type\":\"ReadAction\",\"target\":[\"https:\/\/www.visit-ulcinj.com\/blog\/2008\/12\/17\/oebs-vratio-televiziju-drzavi\/\"]}]},{\"@type\":\"BreadcrumbList\",\"@id\":\"https:\/\/www.visit-ulcinj.com\/blog\/2008\/12\/17\/oebs-vratio-televiziju-drzavi\/#breadcrumb\",\"itemListElement\":[{\"@type\":\"ListItem\",\"position\":1,\"name\":\"OEBS vratio televiziju dr\u017eavi\"}]},{\"@type\":\"Person\",\"@id\":\"https:\/\/www.visit-ulcinj.com\/blog\/#\/schema\/person\/dcab619c614d3038751c63bc2aadc06d\",\"name\":\"ulqini\",\"sameAs\":[\"http:\/\/www.visit-ulcinj.com\"],\"url\":\"https:\/\/www.visit-ulcinj.com\/blog\/author\/admin\/\"}]}<\/script>\n<!-- \/ Yoast SEO plugin. -->","yoast_head_json":{"title":"OEBS vratio televiziju dr\u017eavi - Lajme nga Ulqini","description":"U skup\u0161tini zavr\u0161ena rasprava o javnom servisu, ministar Mi?unovi? tvrdi: Podgorica \u2013 Novi zakon o javnim radio-difuznim centrima ne?e donijeti ni\u0161ta","robots":{"index":"index","follow":"follow","max-snippet":"max-snippet:-1","max-image-preview":"max-image-preview:large","max-video-preview":"max-video-preview:-1"},"canonical":"https:\/\/www.visit-ulcinj.com\/blog\/2008\/12\/17\/oebs-vratio-televiziju-drzavi\/","og_locale":"en_US","og_type":"article","og_title":"OEBS vratio televiziju dr\u017eavi - Lajme nga Ulqini","og_description":"U skup\u0161tini zavr\u0161ena rasprava o javnom servisu, ministar Mi?unovi? tvrdi: Podgorica \u2013 Novi zakon o javnim radio-difuznim centrima ne?e donijeti ni\u0161ta","og_url":"https:\/\/www.visit-ulcinj.com\/blog\/2008\/12\/17\/oebs-vratio-televiziju-drzavi\/","og_site_name":"Lajme nga Ulqini","article_published_time":"2008-12-17T16:21:37+00:00","og_image":[{"url":"http:\/\/www.visit-ulcinj.com\/blog\/wp-content\/uploads\/2008\/12\/radio-televizija-crne-gore.gif"}],"twitter_misc":{"Written by":"ulqini","Est. reading time":"5 minutes"},"schema":{"@context":"https:\/\/schema.org","@graph":[{"@type":"WebSite","@id":"https:\/\/www.visit-ulcinj.com\/blog\/#website","url":"https:\/\/www.visit-ulcinj.com\/blog\/","name":"Lajme nga Ulqini","description":"Lajme,Vijesti,Ulqini,Ulqin,Crna Gora,Mali i Zi","potentialAction":[{"@type":"SearchAction","target":{"@type":"EntryPoint","urlTemplate":"https:\/\/www.visit-ulcinj.com\/blog\/?s={search_term_string}"},"query-input":"required name=search_term_string"}],"inLanguage":"en-US"},{"@type":"ImageObject","inLanguage":"en-US","@id":"https:\/\/www.visit-ulcinj.com\/blog\/2008\/12\/17\/oebs-vratio-televiziju-drzavi\/#primaryimage","url":"http:\/\/www.visit-ulcinj.com\/blog\/wp-content\/uploads\/2008\/12\/radio-televizija-crne-gore.gif","contentUrl":"http:\/\/www.visit-ulcinj.com\/blog\/wp-content\/uploads\/2008\/12\/radio-televizija-crne-gore.gif"},{"@type":"WebPage","@id":"https:\/\/www.visit-ulcinj.com\/blog\/2008\/12\/17\/oebs-vratio-televiziju-drzavi\/#webpage","url":"https:\/\/www.visit-ulcinj.com\/blog\/2008\/12\/17\/oebs-vratio-televiziju-drzavi\/","name":"OEBS vratio televiziju dr\u017eavi - Lajme nga Ulqini","isPartOf":{"@id":"https:\/\/www.visit-ulcinj.com\/blog\/#website"},"primaryImageOfPage":{"@id":"https:\/\/www.visit-ulcinj.com\/blog\/2008\/12\/17\/oebs-vratio-televiziju-drzavi\/#primaryimage"},"datePublished":"2008-12-17T16:21:37+00:00","dateModified":"2008-12-17T16:21:37+00:00","author":{"@id":"https:\/\/www.visit-ulcinj.com\/blog\/#\/schema\/person\/dcab619c614d3038751c63bc2aadc06d"},"description":"U skup\u0161tini zavr\u0161ena rasprava o javnom servisu, ministar Mi?unovi? tvrdi: Podgorica \u2013 Novi zakon o javnim radio-difuznim centrima ne?e donijeti ni\u0161ta","breadcrumb":{"@id":"https:\/\/www.visit-ulcinj.com\/blog\/2008\/12\/17\/oebs-vratio-televiziju-drzavi\/#breadcrumb"},"inLanguage":"en-US","potentialAction":[{"@type":"ReadAction","target":["https:\/\/www.visit-ulcinj.com\/blog\/2008\/12\/17\/oebs-vratio-televiziju-drzavi\/"]}]},{"@type":"BreadcrumbList","@id":"https:\/\/www.visit-ulcinj.com\/blog\/2008\/12\/17\/oebs-vratio-televiziju-drzavi\/#breadcrumb","itemListElement":[{"@type":"ListItem","position":1,"name":"OEBS vratio televiziju dr\u017eavi"}]},{"@type":"Person","@id":"https:\/\/www.visit-ulcinj.com\/blog\/#\/schema\/person\/dcab619c614d3038751c63bc2aadc06d","name":"ulqini","sameAs":["http:\/\/www.visit-ulcinj.com"],"url":"https:\/\/www.visit-ulcinj.com\/blog\/author\/admin\/"}]}},"jetpack_featured_media_url":"","jetpack_sharing_enabled":true,"jetpack_shortlink":"https:\/\/wp.me\/pe6lTn-1UW","_links":{"self":[{"href":"https:\/\/www.visit-ulcinj.com\/blog\/wp-json\/wp\/v2\/posts\/7374"}],"collection":[{"href":"https:\/\/www.visit-ulcinj.com\/blog\/wp-json\/wp\/v2\/posts"}],"about":[{"href":"https:\/\/www.visit-ulcinj.com\/blog\/wp-json\/wp\/v2\/types\/post"}],"author":[{"embeddable":true,"href":"https:\/\/www.visit-ulcinj.com\/blog\/wp-json\/wp\/v2\/users\/1"}],"replies":[{"embeddable":true,"href":"https:\/\/www.visit-ulcinj.com\/blog\/wp-json\/wp\/v2\/comments?post=7374"}],"version-history":[{"count":0,"href":"https:\/\/www.visit-ulcinj.com\/blog\/wp-json\/wp\/v2\/posts\/7374\/revisions"}],"wp:attachment":[{"href":"https:\/\/www.visit-ulcinj.com\/blog\/wp-json\/wp\/v2\/media?parent=7374"}],"wp:term":[{"taxonomy":"category","embeddable":true,"href":"https:\/\/www.visit-ulcinj.com\/blog\/wp-json\/wp\/v2\/categories?post=7374"},{"taxonomy":"post_tag","embeddable":true,"href":"https:\/\/www.visit-ulcinj.com\/blog\/wp-json\/wp\/v2\/tags?post=7374"}],"curies":[{"name":"wp","href":"https:\/\/api.w.org\/{rel}","templated":true}]}}