{"id":73762,"date":"2013-07-26T21:54:32","date_gmt":"2013-07-26T20:54:32","guid":{"rendered":"http:\/\/www.visit-ulcinj.com\/blog\/?p=73762"},"modified":"2013-07-27T08:18:15","modified_gmt":"2013-07-27T07:18:15","slug":"ne-mal-te-zi-mbi-40-grade","status":"publish","type":"post","link":"https:\/\/www.visit-ulcinj.com\/blog\/2013\/07\/26\/ne-mal-te-zi-mbi-40-grade\/","title":{"rendered":"N\u00eb Mal t\u00eb Zi, mbi 40 grad\u00eb"},"content":{"rendered":"<p><a href=\"http:\/\/www.visit-ulcinj.com\/blog\/wp-content\/uploads\/2013\/07\/rriten-temperaturat-deri-40-grad-ne-Ulqin.1.jpg\"><img loading=\"lazy\" class=\"alignleft  wp-image-73763\" alt=\"rriten-temperaturat-deri-40-grad-ne-Ulqin.1\" src=\"http:\/\/www.visit-ulcinj.com\/blog\/wp-content\/uploads\/2013\/07\/rriten-temperaturat-deri-40-grad-ne-Ulqin.1.jpg\" width=\"300\" height=\"300\" \/><\/a>Mali i Zi \u00ebsht\u00eb p\u00ebrfshir\u00eb nga nj\u00eb val\u00eb e motit t\u00eb nxeht\u00eb. Enti Hidrometeorologjik i k\u00ebtij shteti ka sot paralajm\u00ebruar se, n\u00eb dy dit\u00ebt e ardhshme temperaturat maksimale do t\u00eb shkojn\u00eb n mbi 40 grad\u00eb Celsius.<\/p>\n<p>P\u00ebr sot n\u00eb Podgoric\u00eb parashihet t\u00eb mbret\u00ebroj\u00eb mot i nxeht\u00eb, me temperatur\u00eb deri n\u00eb 38 grad\u00eb, nd\u00ebrkoh\u00eb q\u00eb nes\u00ebr temperatura do t\u00eb jet\u00eb p\u00ebr nj\u00eb grad\u00eb m\u00eb e lart\u00eb.<\/p>\n<p>Deri m\u00eb tani, dita m\u00eb e nxeht\u00eb e regjistruar n\u00eb Mal t\u00eb Zi ishte ajo e 24 gushtit, 2007, kur, n\u00eb Podgoric\u00eb, zhiva n\u00eb termomet\u00ebr tregonte 44.2 grad\u00eb Celsius.<\/p>\n<p><strong>Gazeta Express<\/strong><\/p>\n<p><a href=\"http:\/\/www.visit-ulcinj.com\/blog\/wp-content\/uploads\/2013\/07\/nxehti-mbi-40-grad.jpg\"><img loading=\"lazy\" class=\"alignleft  wp-image-73764\" alt=\"nxehti mbi 40 grad\" src=\"http:\/\/www.visit-ulcinj.com\/blog\/wp-content\/uploads\/2013\/07\/nxehti-mbi-40-grad.jpg\" width=\"508\" height=\"360\" \/><\/a><\/p>\n<p><strong>N\u00eb Ulqin rriten temperaturat deri 39 grad<\/strong><\/p>\n<p>N\u00eb Ulqin moti duket se do t\u00eb favorizoj\u00eb t\u00eb gjith\u00eb ata q\u00eb kan\u00eb zgjedhur t\u00eb pushojn\u00eb pran\u00eb detit n\u00eb k\u00ebt\u00eb periudhe deri n\u00eb mbyllje t\u00eb muajit korrik thuhet ne linkun e RTCG.<\/p>\n<p>Pas nj\u00eb jave me mot jo shum\u00eb t\u00eb qendrueshem, meteorolog\u00ebt e entit meteorologjik t\u00eb Malit t\u00eb Zi \u00a0thon\u00eb se termometri ka regjistruar gjat\u00eb dit\u00ebs s\u00eb sotme temperatura maksimale deri ne 34 grad\u00eb celcius, por n\u00eb dit\u00ebt dhe \u00a0jav\u00ebn q\u00eb vjen temperaturat pritet t\u00eb arrijn\u00eb n\u00eb 37 \u2013 39 grad\u00eb celcius.<\/p>\n<p>Sipas meteorolog\u00ebve, ndon\u00ebse do t\u00eb na shoq\u00ebroj\u00eb nj\u00eb mot i kthjell\u00ebt her\u00eb pas here do t\u00eb ket\u00eb edhe kalime vran\u00ebsirash. Por sipas\u00a0 parashikimeve t\u00eb tyre, deri n\u00eb fund t\u00eb muajit qershor do t\u00eb kemi nj\u00eb mot t\u00eb mir\u00eb n\u00eb bregun e detit t\u00eb Ulqinit.<\/p>\n<p><strong>Lajme nga Ulqini<\/strong><\/p>\n","protected":false},"excerpt":{"rendered":"<p>Mali i Zi \u00ebsht\u00eb p\u00ebrfshir\u00eb nga nj\u00eb val\u00eb e motit t\u00eb nxeht\u00eb. Enti Hidrometeorologjik i k\u00ebtij shteti ka sot paralajm\u00ebruar se, n\u00eb dy dit\u00ebt e ardhshme temperaturat maksimale do t\u00eb shkojn\u00eb n mbi 40 grad\u00eb Celsius. P\u00ebr sot n\u00eb Podgoric\u00eb parashihet t\u00eb mbret\u00ebroj\u00eb mot i nxeht\u00eb, me temperatur\u00eb deri n\u00eb 38 grad\u00eb, nd\u00ebrkoh\u00eb q\u00eb nes\u00ebr [&hellip;]<\/p>\n","protected":false},"author":1,"featured_media":0,"comment_status":"closed","ping_status":"closed","sticky":false,"template":"","format":"standard","meta":{"spay_email":"","jetpack_publicize_message":"","jetpack_is_tweetstorm":false,"jetpack_publicize_feature_enabled":true},"categories":[1,6950],"tags":[],"jetpack_publicize_connections":[],"yoast_head":"<!-- This site is optimized with the Yoast SEO plugin v19.1 - https:\/\/yoast.com\/wordpress\/plugins\/seo\/ -->\n<title>N\u00eb Mal t\u00eb Zi, mbi 40 grad\u00eb - Lajme nga Ulqini<\/title>\n<meta name=\"description\" content=\"Mali i Zi \u00ebsht\u00eb p\u00ebrfshir\u00eb nga nj\u00eb val\u00eb e motit t\u00eb nxeht\u00eb. Enti Hidrometeorologjik i k\u00ebtij shteti ka sot paralajm\u00ebruar se, n\u00eb dy dit\u00ebt e ardhshme\" \/>\n<meta name=\"robots\" content=\"index, follow, max-snippet:-1, max-image-preview:large, max-video-preview:-1\" \/>\n<link rel=\"canonical\" href=\"https:\/\/www.visit-ulcinj.com\/blog\/2013\/07\/26\/ne-mal-te-zi-mbi-40-grade\/\" \/>\n<meta property=\"og:locale\" content=\"en_US\" \/>\n<meta property=\"og:type\" content=\"article\" \/>\n<meta property=\"og:title\" content=\"N\u00eb Mal t\u00eb Zi, mbi 40 grad\u00eb - Lajme nga Ulqini\" \/>\n<meta property=\"og:description\" content=\"Mali i Zi \u00ebsht\u00eb p\u00ebrfshir\u00eb nga nj\u00eb val\u00eb e motit t\u00eb nxeht\u00eb. Enti Hidrometeorologjik i k\u00ebtij shteti ka sot paralajm\u00ebruar se, n\u00eb dy dit\u00ebt e ardhshme\" \/>\n<meta property=\"og:url\" content=\"https:\/\/www.visit-ulcinj.com\/blog\/2013\/07\/26\/ne-mal-te-zi-mbi-40-grade\/\" \/>\n<meta property=\"og:site_name\" content=\"Lajme nga Ulqini\" \/>\n<meta property=\"article:published_time\" content=\"2013-07-26T20:54:32+00:00\" \/>\n<meta property=\"article:modified_time\" content=\"2013-07-27T07:18:15+00:00\" \/>\n<meta property=\"og:image\" content=\"http:\/\/www.visit-ulcinj.com\/blog\/wp-content\/uploads\/2013\/07\/rriten-temperaturat-deri-40-grad-ne-Ulqin.1.jpg\" \/>\n<meta name=\"twitter:label1\" content=\"Written by\" \/>\n\t<meta name=\"twitter:data1\" content=\"ulqini\" \/>\n\t<meta name=\"twitter:label2\" content=\"Est. reading time\" \/>\n\t<meta name=\"twitter:data2\" content=\"1 minute\" \/>\n<script type=\"application\/ld+json\" class=\"yoast-schema-graph\">{\"@context\":\"https:\/\/schema.org\",\"@graph\":[{\"@type\":\"WebSite\",\"@id\":\"https:\/\/www.visit-ulcinj.com\/blog\/#website\",\"url\":\"https:\/\/www.visit-ulcinj.com\/blog\/\",\"name\":\"Lajme nga Ulqini\",\"description\":\"Lajme,Vijesti,Ulqini,Ulqin,Crna Gora,Mali i Zi\",\"potentialAction\":[{\"@type\":\"SearchAction\",\"target\":{\"@type\":\"EntryPoint\",\"urlTemplate\":\"https:\/\/www.visit-ulcinj.com\/blog\/?s={search_term_string}\"},\"query-input\":\"required name=search_term_string\"}],\"inLanguage\":\"en-US\"},{\"@type\":\"ImageObject\",\"inLanguage\":\"en-US\",\"@id\":\"https:\/\/www.visit-ulcinj.com\/blog\/2013\/07\/26\/ne-mal-te-zi-mbi-40-grade\/#primaryimage\",\"url\":\"https:\/\/www.visit-ulcinj.com\/blog\/wp-content\/uploads\/2013\/07\/rriten-temperaturat-deri-40-grad-ne-Ulqin.1.jpg\",\"contentUrl\":\"https:\/\/www.visit-ulcinj.com\/blog\/wp-content\/uploads\/2013\/07\/rriten-temperaturat-deri-40-grad-ne-Ulqin.1.jpg\",\"width\":496,\"height\":453},{\"@type\":\"WebPage\",\"@id\":\"https:\/\/www.visit-ulcinj.com\/blog\/2013\/07\/26\/ne-mal-te-zi-mbi-40-grade\/#webpage\",\"url\":\"https:\/\/www.visit-ulcinj.com\/blog\/2013\/07\/26\/ne-mal-te-zi-mbi-40-grade\/\",\"name\":\"N\u00eb Mal t\u00eb Zi, mbi 40 grad\u00eb - Lajme nga Ulqini\",\"isPartOf\":{\"@id\":\"https:\/\/www.visit-ulcinj.com\/blog\/#website\"},\"primaryImageOfPage\":{\"@id\":\"https:\/\/www.visit-ulcinj.com\/blog\/2013\/07\/26\/ne-mal-te-zi-mbi-40-grade\/#primaryimage\"},\"datePublished\":\"2013-07-26T20:54:32+00:00\",\"dateModified\":\"2013-07-27T07:18:15+00:00\",\"author\":{\"@id\":\"https:\/\/www.visit-ulcinj.com\/blog\/#\/schema\/person\/dcab619c614d3038751c63bc2aadc06d\"},\"description\":\"Mali i Zi \u00ebsht\u00eb p\u00ebrfshir\u00eb nga nj\u00eb val\u00eb e motit t\u00eb nxeht\u00eb. Enti Hidrometeorologjik i k\u00ebtij shteti ka sot paralajm\u00ebruar se, n\u00eb dy dit\u00ebt e ardhshme\",\"breadcrumb\":{\"@id\":\"https:\/\/www.visit-ulcinj.com\/blog\/2013\/07\/26\/ne-mal-te-zi-mbi-40-grade\/#breadcrumb\"},\"inLanguage\":\"en-US\",\"potentialAction\":[{\"@type\":\"ReadAction\",\"target\":[\"https:\/\/www.visit-ulcinj.com\/blog\/2013\/07\/26\/ne-mal-te-zi-mbi-40-grade\/\"]}]},{\"@type\":\"BreadcrumbList\",\"@id\":\"https:\/\/www.visit-ulcinj.com\/blog\/2013\/07\/26\/ne-mal-te-zi-mbi-40-grade\/#breadcrumb\",\"itemListElement\":[{\"@type\":\"ListItem\",\"position\":1,\"name\":\"N\u00eb Mal t\u00eb Zi, mbi 40 grad\u00eb\"}]},{\"@type\":\"Person\",\"@id\":\"https:\/\/www.visit-ulcinj.com\/blog\/#\/schema\/person\/dcab619c614d3038751c63bc2aadc06d\",\"name\":\"ulqini\",\"sameAs\":[\"http:\/\/www.visit-ulcinj.com\"],\"url\":\"https:\/\/www.visit-ulcinj.com\/blog\/author\/admin\/\"}]}<\/script>\n<!-- \/ Yoast SEO plugin. -->","yoast_head_json":{"title":"N\u00eb Mal t\u00eb Zi, mbi 40 grad\u00eb - Lajme nga Ulqini","description":"Mali i Zi \u00ebsht\u00eb p\u00ebrfshir\u00eb nga nj\u00eb val\u00eb e motit t\u00eb nxeht\u00eb. Enti Hidrometeorologjik i k\u00ebtij shteti ka sot paralajm\u00ebruar se, n\u00eb dy dit\u00ebt e ardhshme","robots":{"index":"index","follow":"follow","max-snippet":"max-snippet:-1","max-image-preview":"max-image-preview:large","max-video-preview":"max-video-preview:-1"},"canonical":"https:\/\/www.visit-ulcinj.com\/blog\/2013\/07\/26\/ne-mal-te-zi-mbi-40-grade\/","og_locale":"en_US","og_type":"article","og_title":"N\u00eb Mal t\u00eb Zi, mbi 40 grad\u00eb - Lajme nga Ulqini","og_description":"Mali i Zi \u00ebsht\u00eb p\u00ebrfshir\u00eb nga nj\u00eb val\u00eb e motit t\u00eb nxeht\u00eb. Enti Hidrometeorologjik i k\u00ebtij shteti ka sot paralajm\u00ebruar se, n\u00eb dy dit\u00ebt e ardhshme","og_url":"https:\/\/www.visit-ulcinj.com\/blog\/2013\/07\/26\/ne-mal-te-zi-mbi-40-grade\/","og_site_name":"Lajme nga Ulqini","article_published_time":"2013-07-26T20:54:32+00:00","article_modified_time":"2013-07-27T07:18:15+00:00","og_image":[{"url":"http:\/\/www.visit-ulcinj.com\/blog\/wp-content\/uploads\/2013\/07\/rriten-temperaturat-deri-40-grad-ne-Ulqin.1.jpg"}],"twitter_misc":{"Written by":"ulqini","Est. reading time":"1 minute"},"schema":{"@context":"https:\/\/schema.org","@graph":[{"@type":"WebSite","@id":"https:\/\/www.visit-ulcinj.com\/blog\/#website","url":"https:\/\/www.visit-ulcinj.com\/blog\/","name":"Lajme nga Ulqini","description":"Lajme,Vijesti,Ulqini,Ulqin,Crna Gora,Mali i Zi","potentialAction":[{"@type":"SearchAction","target":{"@type":"EntryPoint","urlTemplate":"https:\/\/www.visit-ulcinj.com\/blog\/?s={search_term_string}"},"query-input":"required name=search_term_string"}],"inLanguage":"en-US"},{"@type":"ImageObject","inLanguage":"en-US","@id":"https:\/\/www.visit-ulcinj.com\/blog\/2013\/07\/26\/ne-mal-te-zi-mbi-40-grade\/#primaryimage","url":"https:\/\/www.visit-ulcinj.com\/blog\/wp-content\/uploads\/2013\/07\/rriten-temperaturat-deri-40-grad-ne-Ulqin.1.jpg","contentUrl":"https:\/\/www.visit-ulcinj.com\/blog\/wp-content\/uploads\/2013\/07\/rriten-temperaturat-deri-40-grad-ne-Ulqin.1.jpg","width":496,"height":453},{"@type":"WebPage","@id":"https:\/\/www.visit-ulcinj.com\/blog\/2013\/07\/26\/ne-mal-te-zi-mbi-40-grade\/#webpage","url":"https:\/\/www.visit-ulcinj.com\/blog\/2013\/07\/26\/ne-mal-te-zi-mbi-40-grade\/","name":"N\u00eb Mal t\u00eb Zi, mbi 40 grad\u00eb - Lajme nga Ulqini","isPartOf":{"@id":"https:\/\/www.visit-ulcinj.com\/blog\/#website"},"primaryImageOfPage":{"@id":"https:\/\/www.visit-ulcinj.com\/blog\/2013\/07\/26\/ne-mal-te-zi-mbi-40-grade\/#primaryimage"},"datePublished":"2013-07-26T20:54:32+00:00","dateModified":"2013-07-27T07:18:15+00:00","author":{"@id":"https:\/\/www.visit-ulcinj.com\/blog\/#\/schema\/person\/dcab619c614d3038751c63bc2aadc06d"},"description":"Mali i Zi \u00ebsht\u00eb p\u00ebrfshir\u00eb nga nj\u00eb val\u00eb e motit t\u00eb nxeht\u00eb. Enti Hidrometeorologjik i k\u00ebtij shteti ka sot paralajm\u00ebruar se, n\u00eb dy dit\u00ebt e ardhshme","breadcrumb":{"@id":"https:\/\/www.visit-ulcinj.com\/blog\/2013\/07\/26\/ne-mal-te-zi-mbi-40-grade\/#breadcrumb"},"inLanguage":"en-US","potentialAction":[{"@type":"ReadAction","target":["https:\/\/www.visit-ulcinj.com\/blog\/2013\/07\/26\/ne-mal-te-zi-mbi-40-grade\/"]}]},{"@type":"BreadcrumbList","@id":"https:\/\/www.visit-ulcinj.com\/blog\/2013\/07\/26\/ne-mal-te-zi-mbi-40-grade\/#breadcrumb","itemListElement":[{"@type":"ListItem","position":1,"name":"N\u00eb Mal t\u00eb Zi, mbi 40 grad\u00eb"}]},{"@type":"Person","@id":"https:\/\/www.visit-ulcinj.com\/blog\/#\/schema\/person\/dcab619c614d3038751c63bc2aadc06d","name":"ulqini","sameAs":["http:\/\/www.visit-ulcinj.com"],"url":"https:\/\/www.visit-ulcinj.com\/blog\/author\/admin\/"}]}},"jetpack_featured_media_url":"","jetpack_sharing_enabled":true,"jetpack_shortlink":"https:\/\/wp.me\/pe6lTn-jbI","_links":{"self":[{"href":"https:\/\/www.visit-ulcinj.com\/blog\/wp-json\/wp\/v2\/posts\/73762"}],"collection":[{"href":"https:\/\/www.visit-ulcinj.com\/blog\/wp-json\/wp\/v2\/posts"}],"about":[{"href":"https:\/\/www.visit-ulcinj.com\/blog\/wp-json\/wp\/v2\/types\/post"}],"author":[{"embeddable":true,"href":"https:\/\/www.visit-ulcinj.com\/blog\/wp-json\/wp\/v2\/users\/1"}],"replies":[{"embeddable":true,"href":"https:\/\/www.visit-ulcinj.com\/blog\/wp-json\/wp\/v2\/comments?post=73762"}],"version-history":[{"count":2,"href":"https:\/\/www.visit-ulcinj.com\/blog\/wp-json\/wp\/v2\/posts\/73762\/revisions"}],"predecessor-version":[{"id":73775,"href":"https:\/\/www.visit-ulcinj.com\/blog\/wp-json\/wp\/v2\/posts\/73762\/revisions\/73775"}],"wp:attachment":[{"href":"https:\/\/www.visit-ulcinj.com\/blog\/wp-json\/wp\/v2\/media?parent=73762"}],"wp:term":[{"taxonomy":"category","embeddable":true,"href":"https:\/\/www.visit-ulcinj.com\/blog\/wp-json\/wp\/v2\/categories?post=73762"},{"taxonomy":"post_tag","embeddable":true,"href":"https:\/\/www.visit-ulcinj.com\/blog\/wp-json\/wp\/v2\/tags?post=73762"}],"curies":[{"name":"wp","href":"https:\/\/api.w.org\/{rel}","templated":true}]}}