{"id":73768,"date":"2013-07-27T08:15:07","date_gmt":"2013-07-27T07:15:07","guid":{"rendered":"http:\/\/www.visit-ulcinj.com\/blog\/?p=73768"},"modified":"2013-07-28T16:52:27","modified_gmt":"2013-07-28T15:52:27","slug":"kapidan-ulqinak-avdo-nimanbegu","status":"publish","type":"post","link":"https:\/\/www.visit-ulcinj.com\/blog\/2013\/07\/27\/kapidan-ulqinak-avdo-nimanbegu\/","title":{"rendered":"&#8220;Kapidan Ulqinak&#8221; Avdo Nimanbegu"},"content":{"rendered":"<p>Avdo Nimanbegu, nj\u00eb nd\u00ebr kapidanat m\u00eb t\u00eb njohur n\u00eb qytetin e Ulqinit, ende edhe sot n\u00eb moshen 84 vje\u00e7are, p\u00ebr \u00e7do dit\u00eb del deri ke bedeni apo e shikon, dhe sijon detin dhe barkat t\u00eb cilak lundrojn\u00eb n\u00eb rrug\u00ebn e tyre deri te portat t\u00eb caktuara&#8230;N\u00eb sht\u00ebpin e tij n\u00eb Kala, m\u00eb par\u00eb e ka nd\u00ebrtu nj\u00eb vend, t\u00eb cilin e quan&#8221;komandni most&#8221; nga ku ai p\u00ebr \u00e7do dit\u00eb shikon horizontin, duke p\u00ebrsjell\u00eb barkat dhe anijet i m\u00ebdha oqeanike. N\u00eb shum\u00eb nga ato ai ka qen\u00eb kapidan &#8220;komandant&#8221;me nam.<br \/>\n<a href=\"http:\/\/www.visit-ulcinj.com\/blog\/wp-content\/uploads\/2013\/07\/Avdo-Nimanbegu-Kapidan-Ulqinak.jpg\"><img loading=\"lazy\" class=\"alignleft  wp-image-73769\" alt=\"Avdo-Nimanbegu-Kapidan-Ulqinak\" src=\"http:\/\/www.visit-ulcinj.com\/blog\/wp-content\/uploads\/2013\/07\/Avdo-Nimanbegu-Kapidan-Ulqinak.jpg\" width=\"508\" height=\"600\" \/><\/a><\/p>\n<p>Mbi 40 vite ka lundruar nep\u00ebr t\u00ebr detrat e Bot\u00ebs. Deti dhe &#8220;Tada &#8220;bashk\u00ebshortja Muradija, kan\u00eb qen\u00eb dashurit\u00eb m\u00eb t\u00eb m\u00ebdha n\u00eb jet\u00ebn e tij. V\u00ebshtir\u00eb t\u00eb imagjinosh nj\u00eb \u00e7ift i cili mbi 60 vite jeton n\u00eb nj\u00eb harmoni t\u00eb till. Ende edhe sot Avdo Nimanbegu kur do q\u00eb bisedon, dhe rri me &#8220;Tad\u00ebn&#8221; n\u00eb rrug\u00ebn pran der\u00ebs s\u00eb sht\u00ebpis\u00eb, bised\u00ebn e fillon me &#8220;naze&#8221; &#8220;Tad\u00ebs&#8221;. Kapidan Avdo Nimanbegu ka qen\u00eb gjithmon\u00eb i pash\u00ebm, nj\u00eb figur markante e Kalas\u00eb ton\u00eb. Gjithmon\u00eb i but\u00eb, si\u00e7 thot\u00eb populli yn\u00eb , nuk e kam degjuar kurr\u00eb se ndonj\u00eb her\u00eb e ka ngritur z\u00ebrin. Neve t\u00eb rinj\u00ebve nga Kalaja, na ka biseduar shpesh p\u00ebr det, dhe mbi det.<br \/>\n<a href=\"http:\/\/www.visit-ulcinj.com\/blog\/wp-content\/uploads\/2013\/07\/Avdo-Nimanbegu-Ismet-Karamanaga.jpg\"><img loading=\"lazy\" class=\"alignleft  wp-image-73770\" alt=\"Avdo-Nimanbegu-Ismet-Karamanaga\" src=\"http:\/\/www.visit-ulcinj.com\/blog\/wp-content\/uploads\/2013\/07\/Avdo-Nimanbegu-Ismet-Karamanaga.jpg\" width=\"508\" height=\"360\" \/><\/a><\/p>\n<p>Prandaj, gjithmon\u00eb kemi pasur respekt t\u00eb posa\u00e7\u00ebm ndaj ti. Ende edhe sot, flet qart dhe i kujtohet secila sequenc e jet\u00ebs, posa\u00e7\u00ebrisht nga lundrimet t\u00eb shumta. Edhe Avdoja ka p\u00ebrjetuar shum\u00eb gj\u00ebra t\u00eb v\u00ebshtira n\u00eb lundrime t\u00eb shumta. T\u00eb jesh kapidan \u00ebsht\u00eb p\u00ebrgjegj\u00ebsi e madhe, p\u00ebr njer\u00ebz, p\u00ebr bark\u00eb dhe p\u00ebr &#8220;kargo&#8221;. Prandaj, nuk kan\u00eb than\u00eb pa arsye detar\u00ebt \u00eb vjet\u00ebr thenijen &#8220;se deti \u00ebsht\u00eb buk\u00eb e gjak&#8221;, &#8221; Padishah n\u00eb vehte&#8221; m\u00eb supriza dhe dhe rreziqe t\u00eb cil\u00ebt kan\u00eb ndodhur gjithmon\u00eb. Por un\u00eb kam pas fat dhe i kam p\u00ebrballu t\u00eb gjitha. P\u00ebr t\u00eb fituar buk\u00ebn p\u00ebr f\u00ebmi, kam shkuar n\u00eb det\u00eb, dhe kurr\u00eb nuk e kisha ndruar profesionin. M\u00eb n\u00eb fund kam vazhduar edhe tradit\u00ebn t\u00eb familijes ton\u00eb, t\u00eb njohur detare nga Kalaja e Ulqinit.<\/p>\n<p>Ne, n\u00eb familie kemi pasur edhe barka t\u00eb m\u00ebdha n\u00eb pron\u00ebn ton\u00eb, k\u00ebshtu q\u00eb un\u00eb ve\u00e7 kam vazhduar nj\u00eb tradit\u00eb pa t\u00eb cil\u00ebn jeta e jon, nuk ka pasur kuptim. Shum\u00eb antar e Nimanbeg\u00ebve, nga familija dhe fisi i jon\u00eb, kan\u00eb lundruar m\u00eb barka t\u00eb ndryshme nep\u00ebr detra dhe oqeane, dhe t\u00eb gjith\u00eb ne kemi qen\u00eb dhe jemi krenar. T\u00eb gjith\u00eb ato nuk jetojn m\u00eb, kan\u00eb ndruar jet. Un\u00eb ende mbahem, qeshet Kapidan Avdo Nimanbegu, rri me t\u00eb rinj, p\u00ebr \u00e7do dit\u00eb i grah automobilit, &#8220;Tad\u00ebn&#8221; e kam mir\u00eb, jam i lumtur me f\u00ebmi. me nipa me mbesa.<br \/>\n<a href=\"http:\/\/www.visit-ulcinj.com\/blog\/wp-content\/uploads\/2013\/07\/Avdo-Nimanbegu.jpg\"><img loading=\"lazy\" class=\"alignleft  wp-image-73771\" alt=\"Avdo-Nimanbegu\" src=\"http:\/\/www.visit-ulcinj.com\/blog\/wp-content\/uploads\/2013\/07\/Avdo-Nimanbegu.jpg\" width=\"508\" height=\"360\" \/><\/a><\/p>\n<p>Prandaj, as nuk m\u00eb shkon nd\u00ebr mend,.. p\u00ebrkundrazi, kur kishim me m\u00eb leju prap kisha me shku me ba ndonj\u00eb &#8220;sefer&#8221; .. Mendoj se \u00ebsht\u00eb mir\u00eb q\u00eb figurat markante t\u00eb qytetit ton\u00eb, si\u00e7 \u00ebsht\u00eb kapidan Avdo Nimanbegu. mos ti qesim nga harresa, ti kujtohemi deri sa jan k\u00ebtu, mes nesh. M\u00eb duket se Avdos, por edhe shum\u00eb tjer\u00ebve ua kemi borxh.<\/p>\n<p><a href=\"https:\/\/www.facebook.com\/ismet.karamanaga?fref=ts\" target=\"_blank\"><strong>Ismet Karamanaga Facebook<\/strong><\/a><\/p>\n","protected":false},"excerpt":{"rendered":"<p>Avdo Nimanbegu, nj\u00eb nd\u00ebr kapidanat m\u00eb t\u00eb njohur n\u00eb qytetin e Ulqinit, ende edhe sot n\u00eb moshen 84 vje\u00e7are, p\u00ebr \u00e7do dit\u00eb del deri ke bedeni apo e shikon, dhe sijon detin dhe barkat t\u00eb cilak lundrojn\u00eb n\u00eb rrug\u00ebn e tyre deri te portat t\u00eb caktuara&#8230;N\u00eb sht\u00ebpin e tij n\u00eb Kala, m\u00eb par\u00eb e ka [&hellip;]<\/p>\n","protected":false},"author":1,"featured_media":0,"comment_status":"closed","ping_status":"closed","sticky":false,"template":"","format":"standard","meta":{"spay_email":"","jetpack_publicize_message":"","jetpack_is_tweetstorm":false,"jetpack_publicize_feature_enabled":true},"categories":[1,11],"tags":[],"jetpack_publicize_connections":[],"yoast_head":"<!-- This site is optimized with the Yoast SEO plugin v19.1 - https:\/\/yoast.com\/wordpress\/plugins\/seo\/ -->\n<title>&quot;Kapidan Ulqinak&quot; Avdo Nimanbegu - Lajme nga Ulqini<\/title>\n<meta name=\"description\" content=\"Avdo Nimanbegu, nj\u00eb nd\u00ebr kapidanat m\u00eb t\u00eb njohur n\u00eb qytetin e Ulqinit, ende edhe sot n\u00eb moshen 84 vje\u00e7are, p\u00ebr \u00e7do dit\u00eb del deri ke bedeni apo e shikon,\" \/>\n<meta name=\"robots\" content=\"index, follow, max-snippet:-1, max-image-preview:large, max-video-preview:-1\" \/>\n<link rel=\"canonical\" href=\"https:\/\/www.visit-ulcinj.com\/blog\/2013\/07\/27\/kapidan-ulqinak-avdo-nimanbegu\/\" \/>\n<meta property=\"og:locale\" content=\"en_US\" \/>\n<meta property=\"og:type\" content=\"article\" \/>\n<meta property=\"og:title\" content=\"&quot;Kapidan Ulqinak&quot; Avdo Nimanbegu - Lajme nga Ulqini\" \/>\n<meta property=\"og:description\" content=\"Avdo Nimanbegu, nj\u00eb nd\u00ebr kapidanat m\u00eb t\u00eb njohur n\u00eb qytetin e Ulqinit, ende edhe sot n\u00eb moshen 84 vje\u00e7are, p\u00ebr \u00e7do dit\u00eb del deri ke bedeni apo e shikon,\" \/>\n<meta property=\"og:url\" content=\"https:\/\/www.visit-ulcinj.com\/blog\/2013\/07\/27\/kapidan-ulqinak-avdo-nimanbegu\/\" \/>\n<meta property=\"og:site_name\" content=\"Lajme nga Ulqini\" \/>\n<meta property=\"article:published_time\" content=\"2013-07-27T07:15:07+00:00\" \/>\n<meta property=\"article:modified_time\" content=\"2013-07-28T15:52:27+00:00\" \/>\n<meta property=\"og:image\" content=\"http:\/\/www.visit-ulcinj.com\/blog\/wp-content\/uploads\/2013\/07\/Avdo-Nimanbegu-Kapidan-Ulqinak.jpg\" \/>\n<meta name=\"twitter:label1\" content=\"Written by\" \/>\n\t<meta name=\"twitter:data1\" content=\"ulqini\" \/>\n\t<meta name=\"twitter:label2\" content=\"Est. reading time\" \/>\n\t<meta name=\"twitter:data2\" content=\"3 minutes\" \/>\n<script type=\"application\/ld+json\" class=\"yoast-schema-graph\">{\"@context\":\"https:\/\/schema.org\",\"@graph\":[{\"@type\":\"WebSite\",\"@id\":\"https:\/\/www.visit-ulcinj.com\/blog\/#website\",\"url\":\"https:\/\/www.visit-ulcinj.com\/blog\/\",\"name\":\"Lajme nga Ulqini\",\"description\":\"Lajme,Vijesti,Ulqini,Ulqin,Crna Gora,Mali i Zi\",\"potentialAction\":[{\"@type\":\"SearchAction\",\"target\":{\"@type\":\"EntryPoint\",\"urlTemplate\":\"https:\/\/www.visit-ulcinj.com\/blog\/?s={search_term_string}\"},\"query-input\":\"required name=search_term_string\"}],\"inLanguage\":\"en-US\"},{\"@type\":\"ImageObject\",\"inLanguage\":\"en-US\",\"@id\":\"https:\/\/www.visit-ulcinj.com\/blog\/2013\/07\/27\/kapidan-ulqinak-avdo-nimanbegu\/#primaryimage\",\"url\":\"https:\/\/www.visit-ulcinj.com\/blog\/wp-content\/uploads\/2013\/07\/Avdo-Nimanbegu-Kapidan-Ulqinak.jpg\",\"contentUrl\":\"https:\/\/www.visit-ulcinj.com\/blog\/wp-content\/uploads\/2013\/07\/Avdo-Nimanbegu-Kapidan-Ulqinak.jpg\",\"width\":720,\"height\":960},{\"@type\":\"WebPage\",\"@id\":\"https:\/\/www.visit-ulcinj.com\/blog\/2013\/07\/27\/kapidan-ulqinak-avdo-nimanbegu\/#webpage\",\"url\":\"https:\/\/www.visit-ulcinj.com\/blog\/2013\/07\/27\/kapidan-ulqinak-avdo-nimanbegu\/\",\"name\":\"\\\"Kapidan Ulqinak\\\" Avdo Nimanbegu - Lajme nga Ulqini\",\"isPartOf\":{\"@id\":\"https:\/\/www.visit-ulcinj.com\/blog\/#website\"},\"primaryImageOfPage\":{\"@id\":\"https:\/\/www.visit-ulcinj.com\/blog\/2013\/07\/27\/kapidan-ulqinak-avdo-nimanbegu\/#primaryimage\"},\"datePublished\":\"2013-07-27T07:15:07+00:00\",\"dateModified\":\"2013-07-28T15:52:27+00:00\",\"author\":{\"@id\":\"https:\/\/www.visit-ulcinj.com\/blog\/#\/schema\/person\/dcab619c614d3038751c63bc2aadc06d\"},\"description\":\"Avdo Nimanbegu, nj\u00eb nd\u00ebr kapidanat m\u00eb t\u00eb njohur n\u00eb qytetin e Ulqinit, ende edhe sot n\u00eb moshen 84 vje\u00e7are, p\u00ebr \u00e7do dit\u00eb del deri ke bedeni apo e shikon,\",\"breadcrumb\":{\"@id\":\"https:\/\/www.visit-ulcinj.com\/blog\/2013\/07\/27\/kapidan-ulqinak-avdo-nimanbegu\/#breadcrumb\"},\"inLanguage\":\"en-US\",\"potentialAction\":[{\"@type\":\"ReadAction\",\"target\":[\"https:\/\/www.visit-ulcinj.com\/blog\/2013\/07\/27\/kapidan-ulqinak-avdo-nimanbegu\/\"]}]},{\"@type\":\"BreadcrumbList\",\"@id\":\"https:\/\/www.visit-ulcinj.com\/blog\/2013\/07\/27\/kapidan-ulqinak-avdo-nimanbegu\/#breadcrumb\",\"itemListElement\":[{\"@type\":\"ListItem\",\"position\":1,\"name\":\"&#8220;Kapidan Ulqinak&#8221; Avdo Nimanbegu\"}]},{\"@type\":\"Person\",\"@id\":\"https:\/\/www.visit-ulcinj.com\/blog\/#\/schema\/person\/dcab619c614d3038751c63bc2aadc06d\",\"name\":\"ulqini\",\"sameAs\":[\"http:\/\/www.visit-ulcinj.com\"],\"url\":\"https:\/\/www.visit-ulcinj.com\/blog\/author\/admin\/\"}]}<\/script>\n<!-- \/ Yoast SEO plugin. -->","yoast_head_json":{"title":"\"Kapidan Ulqinak\" Avdo Nimanbegu - Lajme nga Ulqini","description":"Avdo Nimanbegu, nj\u00eb nd\u00ebr kapidanat m\u00eb t\u00eb njohur n\u00eb qytetin e Ulqinit, ende edhe sot n\u00eb moshen 84 vje\u00e7are, p\u00ebr \u00e7do dit\u00eb del deri ke bedeni apo e shikon,","robots":{"index":"index","follow":"follow","max-snippet":"max-snippet:-1","max-image-preview":"max-image-preview:large","max-video-preview":"max-video-preview:-1"},"canonical":"https:\/\/www.visit-ulcinj.com\/blog\/2013\/07\/27\/kapidan-ulqinak-avdo-nimanbegu\/","og_locale":"en_US","og_type":"article","og_title":"\"Kapidan Ulqinak\" Avdo Nimanbegu - Lajme nga Ulqini","og_description":"Avdo Nimanbegu, nj\u00eb nd\u00ebr kapidanat m\u00eb t\u00eb njohur n\u00eb qytetin e Ulqinit, ende edhe sot n\u00eb moshen 84 vje\u00e7are, p\u00ebr \u00e7do dit\u00eb del deri ke bedeni apo e shikon,","og_url":"https:\/\/www.visit-ulcinj.com\/blog\/2013\/07\/27\/kapidan-ulqinak-avdo-nimanbegu\/","og_site_name":"Lajme nga Ulqini","article_published_time":"2013-07-27T07:15:07+00:00","article_modified_time":"2013-07-28T15:52:27+00:00","og_image":[{"url":"http:\/\/www.visit-ulcinj.com\/blog\/wp-content\/uploads\/2013\/07\/Avdo-Nimanbegu-Kapidan-Ulqinak.jpg"}],"twitter_misc":{"Written by":"ulqini","Est. reading time":"3 minutes"},"schema":{"@context":"https:\/\/schema.org","@graph":[{"@type":"WebSite","@id":"https:\/\/www.visit-ulcinj.com\/blog\/#website","url":"https:\/\/www.visit-ulcinj.com\/blog\/","name":"Lajme nga Ulqini","description":"Lajme,Vijesti,Ulqini,Ulqin,Crna Gora,Mali i Zi","potentialAction":[{"@type":"SearchAction","target":{"@type":"EntryPoint","urlTemplate":"https:\/\/www.visit-ulcinj.com\/blog\/?s={search_term_string}"},"query-input":"required name=search_term_string"}],"inLanguage":"en-US"},{"@type":"ImageObject","inLanguage":"en-US","@id":"https:\/\/www.visit-ulcinj.com\/blog\/2013\/07\/27\/kapidan-ulqinak-avdo-nimanbegu\/#primaryimage","url":"https:\/\/www.visit-ulcinj.com\/blog\/wp-content\/uploads\/2013\/07\/Avdo-Nimanbegu-Kapidan-Ulqinak.jpg","contentUrl":"https:\/\/www.visit-ulcinj.com\/blog\/wp-content\/uploads\/2013\/07\/Avdo-Nimanbegu-Kapidan-Ulqinak.jpg","width":720,"height":960},{"@type":"WebPage","@id":"https:\/\/www.visit-ulcinj.com\/blog\/2013\/07\/27\/kapidan-ulqinak-avdo-nimanbegu\/#webpage","url":"https:\/\/www.visit-ulcinj.com\/blog\/2013\/07\/27\/kapidan-ulqinak-avdo-nimanbegu\/","name":"\"Kapidan Ulqinak\" Avdo Nimanbegu - Lajme nga Ulqini","isPartOf":{"@id":"https:\/\/www.visit-ulcinj.com\/blog\/#website"},"primaryImageOfPage":{"@id":"https:\/\/www.visit-ulcinj.com\/blog\/2013\/07\/27\/kapidan-ulqinak-avdo-nimanbegu\/#primaryimage"},"datePublished":"2013-07-27T07:15:07+00:00","dateModified":"2013-07-28T15:52:27+00:00","author":{"@id":"https:\/\/www.visit-ulcinj.com\/blog\/#\/schema\/person\/dcab619c614d3038751c63bc2aadc06d"},"description":"Avdo Nimanbegu, nj\u00eb nd\u00ebr kapidanat m\u00eb t\u00eb njohur n\u00eb qytetin e Ulqinit, ende edhe sot n\u00eb moshen 84 vje\u00e7are, p\u00ebr \u00e7do dit\u00eb del deri ke bedeni apo e shikon,","breadcrumb":{"@id":"https:\/\/www.visit-ulcinj.com\/blog\/2013\/07\/27\/kapidan-ulqinak-avdo-nimanbegu\/#breadcrumb"},"inLanguage":"en-US","potentialAction":[{"@type":"ReadAction","target":["https:\/\/www.visit-ulcinj.com\/blog\/2013\/07\/27\/kapidan-ulqinak-avdo-nimanbegu\/"]}]},{"@type":"BreadcrumbList","@id":"https:\/\/www.visit-ulcinj.com\/blog\/2013\/07\/27\/kapidan-ulqinak-avdo-nimanbegu\/#breadcrumb","itemListElement":[{"@type":"ListItem","position":1,"name":"&#8220;Kapidan Ulqinak&#8221; Avdo Nimanbegu"}]},{"@type":"Person","@id":"https:\/\/www.visit-ulcinj.com\/blog\/#\/schema\/person\/dcab619c614d3038751c63bc2aadc06d","name":"ulqini","sameAs":["http:\/\/www.visit-ulcinj.com"],"url":"https:\/\/www.visit-ulcinj.com\/blog\/author\/admin\/"}]}},"jetpack_featured_media_url":"","jetpack_sharing_enabled":true,"jetpack_shortlink":"https:\/\/wp.me\/pe6lTn-jbO","_links":{"self":[{"href":"https:\/\/www.visit-ulcinj.com\/blog\/wp-json\/wp\/v2\/posts\/73768"}],"collection":[{"href":"https:\/\/www.visit-ulcinj.com\/blog\/wp-json\/wp\/v2\/posts"}],"about":[{"href":"https:\/\/www.visit-ulcinj.com\/blog\/wp-json\/wp\/v2\/types\/post"}],"author":[{"embeddable":true,"href":"https:\/\/www.visit-ulcinj.com\/blog\/wp-json\/wp\/v2\/users\/1"}],"replies":[{"embeddable":true,"href":"https:\/\/www.visit-ulcinj.com\/blog\/wp-json\/wp\/v2\/comments?post=73768"}],"version-history":[{"count":4,"href":"https:\/\/www.visit-ulcinj.com\/blog\/wp-json\/wp\/v2\/posts\/73768\/revisions"}],"predecessor-version":[{"id":73787,"href":"https:\/\/www.visit-ulcinj.com\/blog\/wp-json\/wp\/v2\/posts\/73768\/revisions\/73787"}],"wp:attachment":[{"href":"https:\/\/www.visit-ulcinj.com\/blog\/wp-json\/wp\/v2\/media?parent=73768"}],"wp:term":[{"taxonomy":"category","embeddable":true,"href":"https:\/\/www.visit-ulcinj.com\/blog\/wp-json\/wp\/v2\/categories?post=73768"},{"taxonomy":"post_tag","embeddable":true,"href":"https:\/\/www.visit-ulcinj.com\/blog\/wp-json\/wp\/v2\/tags?post=73768"}],"curies":[{"name":"wp","href":"https:\/\/api.w.org\/{rel}","templated":true}]}}