{"id":7378,"date":"2008-12-17T17:36:28","date_gmt":"2008-12-17T16:36:28","guid":{"rendered":"http:\/\/www.visit-ulcinj.com\/blog\/?p=7378"},"modified":"2008-12-17T17:36:28","modified_gmt":"2008-12-17T16:36:28","slug":"zapisi-mustafe-canke","status":"publish","type":"post","link":"https:\/\/www.visit-ulcinj.com\/blog\/2008\/12\/17\/zapisi-mustafe-canke\/","title":{"rendered":"Zapisi Mustafe Canke"},"content":{"rendered":"<p><a href=\"http:\/\/www.visit-ulcinj.com\/blog\/wp-content\/uploads\/2008\/11\/mustafe-canka.jpg\"><img loading=\"lazy\" class=\"alignleft size-medium wp-image-5321\" title=\"mustafe-canka\" src=\"http:\/\/www.visit-ulcinj.com\/blog\/wp-content\/uploads\/2008\/11\/mustafe-canka.jpg\" alt=\"\" width=\"372\" height=\"232\" \/><\/a><strong>Promocija u Ulcinju<\/strong><br \/>\nPodgorica &#8211; Promocija knjige \u201cGrad &#8211; komentari\u201d Mustafe Canke, bi?e odr\u017eana ve?eras u 19 sati u restoranu \u201cHollegro\u201d na ulcinjskoj Maloj pla\u017ei.A :\u201cIako pisani u formi novinskog i TV komentara, kao ultimativne literarne forme savremenog svijeta, u kojem ljudi nemaju ni vremena ni intelektualne radoznalosti za duga prou?avanja debelih spisa, napisani onako kako se kreiraju parfemi (dakle, mnogo sastojaka, mnogo pa\u017enje i mnogo vje\u0161tine da bi se dobila bo?ica dragocjene te?nosti), ovi tekstovi su, ovdje treba raspr\u0161iti svaku zabunu, kako smo ve? nagovijestili, filozofsko-sociolo\u0161ki rad koji ?e biti dragocjen i nezaobilazan za sve one koji se ubudu?e budu bavili Ulcinjom\u201c, zapisao je knji\u017eevni kriti?ar Andrej Nikolaidis u predgovoru ove knjige.<br \/>\nMustafa Canka je dugogodi\u0161nji novinar, stalni dopisnik njema?kih radija \u201cDeutsche Welle\u201d i \u201cWDR\u201d iz Crne Gore i saradnik nezavisnog nedjeljnika \u201cMonitor\u201c, kao i komentator na \u201cTV Teuta\u201c. Saradnik je agencija MINA i BETA i revije \u201cPlima\u201d, i sekretar Kulturno-umjetni?kog dru\u0161tva \u201cZana\u201c. ?lan je Nezavisnog sindikata novinara Crne Gore i Udru\u017eenja profesionalnih novinara Crne Gore.<br \/>\nKnjiga \u201cGrad &#8211; komentari\u201d objavljena je na crnogorskom i albanskom jeziku.<br \/>\n<strong>Je.P.<br \/>\nIzvor \/ Vijesti<\/strong><\/p>\n","protected":false},"excerpt":{"rendered":"<p>Promocija u Ulcinju Podgorica &#8211; Promocija knjige \u201cGrad &#8211; komentari\u201d Mustafe Canke, bi?e odr\u017eana ve?eras u 19 sati u restoranu \u201cHollegro\u201d na ulcinjskoj Maloj pla\u017ei.A :\u201cIako pisani u formi novinskog i TV komentara, kao ultimativne literarne forme savremenog svijeta, u kojem ljudi nemaju ni vremena ni intelektualne radoznalosti za duga prou?avanja debelih spisa, napisani onako [&hellip;]<\/p>\n","protected":false},"author":1,"featured_media":0,"comment_status":"open","ping_status":"closed","sticky":false,"template":"","format":"standard","meta":{"spay_email":"","jetpack_publicize_message":"","jetpack_is_tweetstorm":false,"jetpack_publicize_feature_enabled":true},"categories":[4],"tags":[5276,5278,5277,19],"jetpack_publicize_connections":[],"yoast_head":"<!-- This site is optimized with the Yoast SEO plugin v19.1 - https:\/\/yoast.com\/wordpress\/plugins\/seo\/ -->\n<title>Zapisi Mustafe Canke - Lajme nga Ulqini<\/title>\n<meta name=\"description\" content=\"Promocija u Ulcinju Podgorica - Promocija knjige \u201cGrad - komentari\u201d Mustafe Canke, bi?e odr\u017eana ve?eras u 19 sati u restoranu \u201cHollegro\u201d na ulcinjskoj\" \/>\n<meta name=\"robots\" content=\"index, follow, max-snippet:-1, max-image-preview:large, max-video-preview:-1\" \/>\n<link rel=\"canonical\" href=\"https:\/\/www.visit-ulcinj.com\/blog\/2008\/12\/17\/zapisi-mustafe-canke\/\" \/>\n<meta property=\"og:locale\" content=\"en_US\" \/>\n<meta property=\"og:type\" content=\"article\" \/>\n<meta property=\"og:title\" content=\"Zapisi Mustafe Canke - Lajme nga Ulqini\" \/>\n<meta property=\"og:description\" content=\"Promocija u Ulcinju Podgorica - Promocija knjige \u201cGrad - komentari\u201d Mustafe Canke, bi?e odr\u017eana ve?eras u 19 sati u restoranu \u201cHollegro\u201d na ulcinjskoj\" \/>\n<meta property=\"og:url\" content=\"https:\/\/www.visit-ulcinj.com\/blog\/2008\/12\/17\/zapisi-mustafe-canke\/\" \/>\n<meta property=\"og:site_name\" content=\"Lajme nga Ulqini\" \/>\n<meta property=\"article:published_time\" content=\"2008-12-17T16:36:28+00:00\" \/>\n<meta property=\"og:image\" content=\"http:\/\/www.visit-ulcinj.com\/blog\/wp-content\/uploads\/2008\/11\/mustafe-canka.jpg\" \/>\n<meta name=\"twitter:label1\" content=\"Written by\" \/>\n\t<meta name=\"twitter:data1\" content=\"ulqini\" \/>\n\t<meta name=\"twitter:label2\" content=\"Est. reading time\" \/>\n\t<meta name=\"twitter:data2\" content=\"1 minute\" \/>\n<script type=\"application\/ld+json\" class=\"yoast-schema-graph\">{\"@context\":\"https:\/\/schema.org\",\"@graph\":[{\"@type\":\"WebSite\",\"@id\":\"https:\/\/www.visit-ulcinj.com\/blog\/#website\",\"url\":\"https:\/\/www.visit-ulcinj.com\/blog\/\",\"name\":\"Lajme nga Ulqini\",\"description\":\"Lajme,Vijesti,Ulqini,Ulqin,Crna Gora,Mali i Zi\",\"potentialAction\":[{\"@type\":\"SearchAction\",\"target\":{\"@type\":\"EntryPoint\",\"urlTemplate\":\"https:\/\/www.visit-ulcinj.com\/blog\/?s={search_term_string}\"},\"query-input\":\"required name=search_term_string\"}],\"inLanguage\":\"en-US\"},{\"@type\":\"ImageObject\",\"inLanguage\":\"en-US\",\"@id\":\"https:\/\/www.visit-ulcinj.com\/blog\/2008\/12\/17\/zapisi-mustafe-canke\/#primaryimage\",\"url\":\"http:\/\/www.visit-ulcinj.com\/blog\/wp-content\/uploads\/2008\/11\/mustafe-canka.jpg\",\"contentUrl\":\"http:\/\/www.visit-ulcinj.com\/blog\/wp-content\/uploads\/2008\/11\/mustafe-canka.jpg\"},{\"@type\":\"WebPage\",\"@id\":\"https:\/\/www.visit-ulcinj.com\/blog\/2008\/12\/17\/zapisi-mustafe-canke\/#webpage\",\"url\":\"https:\/\/www.visit-ulcinj.com\/blog\/2008\/12\/17\/zapisi-mustafe-canke\/\",\"name\":\"Zapisi Mustafe Canke - Lajme nga Ulqini\",\"isPartOf\":{\"@id\":\"https:\/\/www.visit-ulcinj.com\/blog\/#website\"},\"primaryImageOfPage\":{\"@id\":\"https:\/\/www.visit-ulcinj.com\/blog\/2008\/12\/17\/zapisi-mustafe-canke\/#primaryimage\"},\"datePublished\":\"2008-12-17T16:36:28+00:00\",\"dateModified\":\"2008-12-17T16:36:28+00:00\",\"author\":{\"@id\":\"https:\/\/www.visit-ulcinj.com\/blog\/#\/schema\/person\/dcab619c614d3038751c63bc2aadc06d\"},\"description\":\"Promocija u Ulcinju Podgorica - Promocija knjige \u201cGrad - komentari\u201d Mustafe Canke, bi?e odr\u017eana ve?eras u 19 sati u restoranu \u201cHollegro\u201d na ulcinjskoj\",\"breadcrumb\":{\"@id\":\"https:\/\/www.visit-ulcinj.com\/blog\/2008\/12\/17\/zapisi-mustafe-canke\/#breadcrumb\"},\"inLanguage\":\"en-US\",\"potentialAction\":[{\"@type\":\"ReadAction\",\"target\":[\"https:\/\/www.visit-ulcinj.com\/blog\/2008\/12\/17\/zapisi-mustafe-canke\/\"]}]},{\"@type\":\"BreadcrumbList\",\"@id\":\"https:\/\/www.visit-ulcinj.com\/blog\/2008\/12\/17\/zapisi-mustafe-canke\/#breadcrumb\",\"itemListElement\":[{\"@type\":\"ListItem\",\"position\":1,\"name\":\"Zapisi Mustafe Canke\"}]},{\"@type\":\"Person\",\"@id\":\"https:\/\/www.visit-ulcinj.com\/blog\/#\/schema\/person\/dcab619c614d3038751c63bc2aadc06d\",\"name\":\"ulqini\",\"sameAs\":[\"http:\/\/www.visit-ulcinj.com\"],\"url\":\"https:\/\/www.visit-ulcinj.com\/blog\/author\/admin\/\"}]}<\/script>\n<!-- \/ Yoast SEO plugin. -->","yoast_head_json":{"title":"Zapisi Mustafe Canke - Lajme nga Ulqini","description":"Promocija u Ulcinju Podgorica - Promocija knjige \u201cGrad - komentari\u201d Mustafe Canke, bi?e odr\u017eana ve?eras u 19 sati u restoranu \u201cHollegro\u201d na ulcinjskoj","robots":{"index":"index","follow":"follow","max-snippet":"max-snippet:-1","max-image-preview":"max-image-preview:large","max-video-preview":"max-video-preview:-1"},"canonical":"https:\/\/www.visit-ulcinj.com\/blog\/2008\/12\/17\/zapisi-mustafe-canke\/","og_locale":"en_US","og_type":"article","og_title":"Zapisi Mustafe Canke - Lajme nga Ulqini","og_description":"Promocija u Ulcinju Podgorica - Promocija knjige \u201cGrad - komentari\u201d Mustafe Canke, bi?e odr\u017eana ve?eras u 19 sati u restoranu \u201cHollegro\u201d na ulcinjskoj","og_url":"https:\/\/www.visit-ulcinj.com\/blog\/2008\/12\/17\/zapisi-mustafe-canke\/","og_site_name":"Lajme nga Ulqini","article_published_time":"2008-12-17T16:36:28+00:00","og_image":[{"url":"http:\/\/www.visit-ulcinj.com\/blog\/wp-content\/uploads\/2008\/11\/mustafe-canka.jpg"}],"twitter_misc":{"Written by":"ulqini","Est. reading time":"1 minute"},"schema":{"@context":"https:\/\/schema.org","@graph":[{"@type":"WebSite","@id":"https:\/\/www.visit-ulcinj.com\/blog\/#website","url":"https:\/\/www.visit-ulcinj.com\/blog\/","name":"Lajme nga Ulqini","description":"Lajme,Vijesti,Ulqini,Ulqin,Crna Gora,Mali i Zi","potentialAction":[{"@type":"SearchAction","target":{"@type":"EntryPoint","urlTemplate":"https:\/\/www.visit-ulcinj.com\/blog\/?s={search_term_string}"},"query-input":"required name=search_term_string"}],"inLanguage":"en-US"},{"@type":"ImageObject","inLanguage":"en-US","@id":"https:\/\/www.visit-ulcinj.com\/blog\/2008\/12\/17\/zapisi-mustafe-canke\/#primaryimage","url":"http:\/\/www.visit-ulcinj.com\/blog\/wp-content\/uploads\/2008\/11\/mustafe-canka.jpg","contentUrl":"http:\/\/www.visit-ulcinj.com\/blog\/wp-content\/uploads\/2008\/11\/mustafe-canka.jpg"},{"@type":"WebPage","@id":"https:\/\/www.visit-ulcinj.com\/blog\/2008\/12\/17\/zapisi-mustafe-canke\/#webpage","url":"https:\/\/www.visit-ulcinj.com\/blog\/2008\/12\/17\/zapisi-mustafe-canke\/","name":"Zapisi Mustafe Canke - Lajme nga Ulqini","isPartOf":{"@id":"https:\/\/www.visit-ulcinj.com\/blog\/#website"},"primaryImageOfPage":{"@id":"https:\/\/www.visit-ulcinj.com\/blog\/2008\/12\/17\/zapisi-mustafe-canke\/#primaryimage"},"datePublished":"2008-12-17T16:36:28+00:00","dateModified":"2008-12-17T16:36:28+00:00","author":{"@id":"https:\/\/www.visit-ulcinj.com\/blog\/#\/schema\/person\/dcab619c614d3038751c63bc2aadc06d"},"description":"Promocija u Ulcinju Podgorica - Promocija knjige \u201cGrad - komentari\u201d Mustafe Canke, bi?e odr\u017eana ve?eras u 19 sati u restoranu \u201cHollegro\u201d na ulcinjskoj","breadcrumb":{"@id":"https:\/\/www.visit-ulcinj.com\/blog\/2008\/12\/17\/zapisi-mustafe-canke\/#breadcrumb"},"inLanguage":"en-US","potentialAction":[{"@type":"ReadAction","target":["https:\/\/www.visit-ulcinj.com\/blog\/2008\/12\/17\/zapisi-mustafe-canke\/"]}]},{"@type":"BreadcrumbList","@id":"https:\/\/www.visit-ulcinj.com\/blog\/2008\/12\/17\/zapisi-mustafe-canke\/#breadcrumb","itemListElement":[{"@type":"ListItem","position":1,"name":"Zapisi Mustafe Canke"}]},{"@type":"Person","@id":"https:\/\/www.visit-ulcinj.com\/blog\/#\/schema\/person\/dcab619c614d3038751c63bc2aadc06d","name":"ulqini","sameAs":["http:\/\/www.visit-ulcinj.com"],"url":"https:\/\/www.visit-ulcinj.com\/blog\/author\/admin\/"}]}},"jetpack_featured_media_url":"","jetpack_sharing_enabled":true,"jetpack_shortlink":"https:\/\/wp.me\/pe6lTn-1V0","_links":{"self":[{"href":"https:\/\/www.visit-ulcinj.com\/blog\/wp-json\/wp\/v2\/posts\/7378"}],"collection":[{"href":"https:\/\/www.visit-ulcinj.com\/blog\/wp-json\/wp\/v2\/posts"}],"about":[{"href":"https:\/\/www.visit-ulcinj.com\/blog\/wp-json\/wp\/v2\/types\/post"}],"author":[{"embeddable":true,"href":"https:\/\/www.visit-ulcinj.com\/blog\/wp-json\/wp\/v2\/users\/1"}],"replies":[{"embeddable":true,"href":"https:\/\/www.visit-ulcinj.com\/blog\/wp-json\/wp\/v2\/comments?post=7378"}],"version-history":[{"count":0,"href":"https:\/\/www.visit-ulcinj.com\/blog\/wp-json\/wp\/v2\/posts\/7378\/revisions"}],"wp:attachment":[{"href":"https:\/\/www.visit-ulcinj.com\/blog\/wp-json\/wp\/v2\/media?parent=7378"}],"wp:term":[{"taxonomy":"category","embeddable":true,"href":"https:\/\/www.visit-ulcinj.com\/blog\/wp-json\/wp\/v2\/categories?post=7378"},{"taxonomy":"post_tag","embeddable":true,"href":"https:\/\/www.visit-ulcinj.com\/blog\/wp-json\/wp\/v2\/tags?post=7378"}],"curies":[{"name":"wp","href":"https:\/\/api.w.org\/{rel}","templated":true}]}}