{"id":73784,"date":"2013-07-28T16:49:59","date_gmt":"2013-07-28T15:49:59","guid":{"rendered":"http:\/\/www.visit-ulcinj.com\/blog\/?p=73784"},"modified":"2013-07-29T15:41:26","modified_gmt":"2013-07-29T14:41:26","slug":"tre-te-vdekur-nga-plumbat-ne-plazhin-e-vlores","status":"publish","type":"post","link":"https:\/\/www.visit-ulcinj.com\/blog\/2013\/07\/28\/tre-te-vdekur-nga-plumbat-ne-plazhin-e-vlores\/","title":{"rendered":"Tre t\u00eb vdekur nga plumbat n\u00eb plazhin e Vlor\u00ebs"},"content":{"rendered":"<p><a href=\"http:\/\/www.visit-ulcinj.com\/blog\/wp-content\/uploads\/2013\/07\/Vlora.jpg\"><img loading=\"lazy\" class=\"alignleft  wp-image-73785\" alt=\"Vlora\" src=\"http:\/\/www.visit-ulcinj.com\/blog\/wp-content\/uploads\/2013\/07\/Vlora.jpg\" width=\"508\" height=\"368\" \/><\/a>Tre t\u00eb vdekur nga t\u00eb sht\u00ebna kallashnikovi n\u00eb plazhin e Vlor\u00ebs.<\/p>\n<p>Nga hetimet paraprake m\u00ebsohet se nj\u00eb person i armatosur ka q\u00eblluar me automatik n\u00eb ambientet e resorti privat midis zon\u00ebs s\u00eb Ujit t\u00eb Ftoht\u00eb dhe Orikumit.<\/p>\n<p>Policia raporton se nga t\u00eb sht\u00ebnat tre persona kan\u00eb mbetur t\u00eb vdekur, mes tyre dhe nj\u00eb fem\u00ebr e huaj.<\/p>\n<p>Nd\u00ebrkoh\u00eb, q\u00eb nga t\u00eb sht\u00ebnat e arm\u00ebve kan\u00eb mbetur t\u00eb plagosur edhe dy persona. Ende nuk dihet identiteti i viktimave nd\u00ebrkoh\u00eb , nd\u00ebrkoh\u00eb t\u00eb plagosurit jan\u00eb d\u00ebrguar menj\u00ebher\u00eb n\u00eb spitalin rajonal t\u00eb Vlor\u00ebs.<\/p>\n<p>Autori pas krimit \u00ebsht\u00eb larguar me makin\u00eb, nd\u00ebrkoh\u00eb ende objektivi i tij. Forca t\u00eb shuma policie ndodhen n\u00eb vendngjarje, ende nuk dihen shkaku i p\u00ebrplasjes me arm\u00eb.<\/p>\n<p>Nga hetimet paraprake m\u00ebsohet viktima fem\u00ebr ka qen\u00eb pushuese e huaj jo objektiv i autorit, e cila ka humbur jet\u00ebn tragjikisht nga plumbat kallashnikovit. Ngjarja e r\u00ebnd\u00eb ka shkaktuar panik tek pushuesit e shumt\u00eb n\u00eb k\u00ebt\u00eb pik sezoni veror.<\/p>\n<p><strong>BalkanWeb<\/strong><\/p>\n","protected":false},"excerpt":{"rendered":"<p>Tre t\u00eb vdekur nga t\u00eb sht\u00ebna kallashnikovi n\u00eb plazhin e Vlor\u00ebs. Nga hetimet paraprake m\u00ebsohet se nj\u00eb person i armatosur ka q\u00eblluar me automatik n\u00eb ambientet e resorti privat midis zon\u00ebs s\u00eb Ujit t\u00eb Ftoht\u00eb dhe Orikumit. Policia raporton se nga t\u00eb sht\u00ebnat tre persona kan\u00eb mbetur t\u00eb vdekur, mes tyre dhe nj\u00eb fem\u00ebr e [&hellip;]<\/p>\n","protected":false},"author":1,"featured_media":0,"comment_status":"closed","ping_status":"closed","sticky":false,"template":"","format":"standard","meta":{"spay_email":"","jetpack_publicize_message":"","jetpack_is_tweetstorm":false,"jetpack_publicize_feature_enabled":true},"categories":[1,14],"tags":[],"jetpack_publicize_connections":[],"yoast_head":"<!-- This site is optimized with the Yoast SEO plugin v19.1 - https:\/\/yoast.com\/wordpress\/plugins\/seo\/ -->\n<title>Tre t\u00eb vdekur nga plumbat n\u00eb plazhin e Vlor\u00ebs - Lajme nga Ulqini<\/title>\n<meta name=\"description\" content=\"Tre t\u00eb vdekur nga t\u00eb sht\u00ebna kallashnikovi n\u00eb plazhin e Vlor\u00ebs. Nga hetimet paraprake m\u00ebsohet se nj\u00eb person i armatosur ka q\u00eblluar me automatik n\u00eb\" \/>\n<meta name=\"robots\" content=\"index, follow, max-snippet:-1, max-image-preview:large, max-video-preview:-1\" \/>\n<link rel=\"canonical\" href=\"https:\/\/www.visit-ulcinj.com\/blog\/2013\/07\/28\/tre-te-vdekur-nga-plumbat-ne-plazhin-e-vlores\/\" \/>\n<meta property=\"og:locale\" content=\"en_US\" \/>\n<meta property=\"og:type\" content=\"article\" \/>\n<meta property=\"og:title\" content=\"Tre t\u00eb vdekur nga plumbat n\u00eb plazhin e Vlor\u00ebs - Lajme nga Ulqini\" \/>\n<meta property=\"og:description\" content=\"Tre t\u00eb vdekur nga t\u00eb sht\u00ebna kallashnikovi n\u00eb plazhin e Vlor\u00ebs. Nga hetimet paraprake m\u00ebsohet se nj\u00eb person i armatosur ka q\u00eblluar me automatik n\u00eb\" \/>\n<meta property=\"og:url\" content=\"https:\/\/www.visit-ulcinj.com\/blog\/2013\/07\/28\/tre-te-vdekur-nga-plumbat-ne-plazhin-e-vlores\/\" \/>\n<meta property=\"og:site_name\" content=\"Lajme nga Ulqini\" \/>\n<meta property=\"article:published_time\" content=\"2013-07-28T15:49:59+00:00\" \/>\n<meta property=\"article:modified_time\" content=\"2013-07-29T14:41:26+00:00\" \/>\n<meta property=\"og:image\" content=\"http:\/\/www.visit-ulcinj.com\/blog\/wp-content\/uploads\/2013\/07\/Vlora.jpg\" \/>\n<meta name=\"twitter:label1\" content=\"Written by\" \/>\n\t<meta name=\"twitter:data1\" content=\"ulqini\" \/>\n\t<meta name=\"twitter:label2\" content=\"Est. reading time\" \/>\n\t<meta name=\"twitter:data2\" content=\"1 minute\" \/>\n<script type=\"application\/ld+json\" class=\"yoast-schema-graph\">{\"@context\":\"https:\/\/schema.org\",\"@graph\":[{\"@type\":\"WebSite\",\"@id\":\"https:\/\/www.visit-ulcinj.com\/blog\/#website\",\"url\":\"https:\/\/www.visit-ulcinj.com\/blog\/\",\"name\":\"Lajme nga Ulqini\",\"description\":\"Lajme,Vijesti,Ulqini,Ulqin,Crna Gora,Mali i Zi\",\"potentialAction\":[{\"@type\":\"SearchAction\",\"target\":{\"@type\":\"EntryPoint\",\"urlTemplate\":\"https:\/\/www.visit-ulcinj.com\/blog\/?s={search_term_string}\"},\"query-input\":\"required name=search_term_string\"}],\"inLanguage\":\"en-US\"},{\"@type\":\"ImageObject\",\"inLanguage\":\"en-US\",\"@id\":\"https:\/\/www.visit-ulcinj.com\/blog\/2013\/07\/28\/tre-te-vdekur-nga-plumbat-ne-plazhin-e-vlores\/#primaryimage\",\"url\":\"https:\/\/www.visit-ulcinj.com\/blog\/wp-content\/uploads\/2013\/07\/Vlora.jpg\",\"contentUrl\":\"https:\/\/www.visit-ulcinj.com\/blog\/wp-content\/uploads\/2013\/07\/Vlora.jpg\",\"width\":590,\"height\":368},{\"@type\":\"WebPage\",\"@id\":\"https:\/\/www.visit-ulcinj.com\/blog\/2013\/07\/28\/tre-te-vdekur-nga-plumbat-ne-plazhin-e-vlores\/#webpage\",\"url\":\"https:\/\/www.visit-ulcinj.com\/blog\/2013\/07\/28\/tre-te-vdekur-nga-plumbat-ne-plazhin-e-vlores\/\",\"name\":\"Tre t\u00eb vdekur nga plumbat n\u00eb plazhin e Vlor\u00ebs - Lajme nga Ulqini\",\"isPartOf\":{\"@id\":\"https:\/\/www.visit-ulcinj.com\/blog\/#website\"},\"primaryImageOfPage\":{\"@id\":\"https:\/\/www.visit-ulcinj.com\/blog\/2013\/07\/28\/tre-te-vdekur-nga-plumbat-ne-plazhin-e-vlores\/#primaryimage\"},\"datePublished\":\"2013-07-28T15:49:59+00:00\",\"dateModified\":\"2013-07-29T14:41:26+00:00\",\"author\":{\"@id\":\"https:\/\/www.visit-ulcinj.com\/blog\/#\/schema\/person\/dcab619c614d3038751c63bc2aadc06d\"},\"description\":\"Tre t\u00eb vdekur nga t\u00eb sht\u00ebna kallashnikovi n\u00eb plazhin e Vlor\u00ebs. Nga hetimet paraprake m\u00ebsohet se nj\u00eb person i armatosur ka q\u00eblluar me automatik n\u00eb\",\"breadcrumb\":{\"@id\":\"https:\/\/www.visit-ulcinj.com\/blog\/2013\/07\/28\/tre-te-vdekur-nga-plumbat-ne-plazhin-e-vlores\/#breadcrumb\"},\"inLanguage\":\"en-US\",\"potentialAction\":[{\"@type\":\"ReadAction\",\"target\":[\"https:\/\/www.visit-ulcinj.com\/blog\/2013\/07\/28\/tre-te-vdekur-nga-plumbat-ne-plazhin-e-vlores\/\"]}]},{\"@type\":\"BreadcrumbList\",\"@id\":\"https:\/\/www.visit-ulcinj.com\/blog\/2013\/07\/28\/tre-te-vdekur-nga-plumbat-ne-plazhin-e-vlores\/#breadcrumb\",\"itemListElement\":[{\"@type\":\"ListItem\",\"position\":1,\"name\":\"Tre t\u00eb vdekur nga plumbat n\u00eb plazhin e Vlor\u00ebs\"}]},{\"@type\":\"Person\",\"@id\":\"https:\/\/www.visit-ulcinj.com\/blog\/#\/schema\/person\/dcab619c614d3038751c63bc2aadc06d\",\"name\":\"ulqini\",\"sameAs\":[\"http:\/\/www.visit-ulcinj.com\"],\"url\":\"https:\/\/www.visit-ulcinj.com\/blog\/author\/admin\/\"}]}<\/script>\n<!-- \/ Yoast SEO plugin. -->","yoast_head_json":{"title":"Tre t\u00eb vdekur nga plumbat n\u00eb plazhin e Vlor\u00ebs - Lajme nga Ulqini","description":"Tre t\u00eb vdekur nga t\u00eb sht\u00ebna kallashnikovi n\u00eb plazhin e Vlor\u00ebs. Nga hetimet paraprake m\u00ebsohet se nj\u00eb person i armatosur ka q\u00eblluar me automatik n\u00eb","robots":{"index":"index","follow":"follow","max-snippet":"max-snippet:-1","max-image-preview":"max-image-preview:large","max-video-preview":"max-video-preview:-1"},"canonical":"https:\/\/www.visit-ulcinj.com\/blog\/2013\/07\/28\/tre-te-vdekur-nga-plumbat-ne-plazhin-e-vlores\/","og_locale":"en_US","og_type":"article","og_title":"Tre t\u00eb vdekur nga plumbat n\u00eb plazhin e Vlor\u00ebs - Lajme nga Ulqini","og_description":"Tre t\u00eb vdekur nga t\u00eb sht\u00ebna kallashnikovi n\u00eb plazhin e Vlor\u00ebs. Nga hetimet paraprake m\u00ebsohet se nj\u00eb person i armatosur ka q\u00eblluar me automatik n\u00eb","og_url":"https:\/\/www.visit-ulcinj.com\/blog\/2013\/07\/28\/tre-te-vdekur-nga-plumbat-ne-plazhin-e-vlores\/","og_site_name":"Lajme nga Ulqini","article_published_time":"2013-07-28T15:49:59+00:00","article_modified_time":"2013-07-29T14:41:26+00:00","og_image":[{"url":"http:\/\/www.visit-ulcinj.com\/blog\/wp-content\/uploads\/2013\/07\/Vlora.jpg"}],"twitter_misc":{"Written by":"ulqini","Est. reading time":"1 minute"},"schema":{"@context":"https:\/\/schema.org","@graph":[{"@type":"WebSite","@id":"https:\/\/www.visit-ulcinj.com\/blog\/#website","url":"https:\/\/www.visit-ulcinj.com\/blog\/","name":"Lajme nga Ulqini","description":"Lajme,Vijesti,Ulqini,Ulqin,Crna Gora,Mali i Zi","potentialAction":[{"@type":"SearchAction","target":{"@type":"EntryPoint","urlTemplate":"https:\/\/www.visit-ulcinj.com\/blog\/?s={search_term_string}"},"query-input":"required name=search_term_string"}],"inLanguage":"en-US"},{"@type":"ImageObject","inLanguage":"en-US","@id":"https:\/\/www.visit-ulcinj.com\/blog\/2013\/07\/28\/tre-te-vdekur-nga-plumbat-ne-plazhin-e-vlores\/#primaryimage","url":"https:\/\/www.visit-ulcinj.com\/blog\/wp-content\/uploads\/2013\/07\/Vlora.jpg","contentUrl":"https:\/\/www.visit-ulcinj.com\/blog\/wp-content\/uploads\/2013\/07\/Vlora.jpg","width":590,"height":368},{"@type":"WebPage","@id":"https:\/\/www.visit-ulcinj.com\/blog\/2013\/07\/28\/tre-te-vdekur-nga-plumbat-ne-plazhin-e-vlores\/#webpage","url":"https:\/\/www.visit-ulcinj.com\/blog\/2013\/07\/28\/tre-te-vdekur-nga-plumbat-ne-plazhin-e-vlores\/","name":"Tre t\u00eb vdekur nga plumbat n\u00eb plazhin e Vlor\u00ebs - Lajme nga Ulqini","isPartOf":{"@id":"https:\/\/www.visit-ulcinj.com\/blog\/#website"},"primaryImageOfPage":{"@id":"https:\/\/www.visit-ulcinj.com\/blog\/2013\/07\/28\/tre-te-vdekur-nga-plumbat-ne-plazhin-e-vlores\/#primaryimage"},"datePublished":"2013-07-28T15:49:59+00:00","dateModified":"2013-07-29T14:41:26+00:00","author":{"@id":"https:\/\/www.visit-ulcinj.com\/blog\/#\/schema\/person\/dcab619c614d3038751c63bc2aadc06d"},"description":"Tre t\u00eb vdekur nga t\u00eb sht\u00ebna kallashnikovi n\u00eb plazhin e Vlor\u00ebs. Nga hetimet paraprake m\u00ebsohet se nj\u00eb person i armatosur ka q\u00eblluar me automatik n\u00eb","breadcrumb":{"@id":"https:\/\/www.visit-ulcinj.com\/blog\/2013\/07\/28\/tre-te-vdekur-nga-plumbat-ne-plazhin-e-vlores\/#breadcrumb"},"inLanguage":"en-US","potentialAction":[{"@type":"ReadAction","target":["https:\/\/www.visit-ulcinj.com\/blog\/2013\/07\/28\/tre-te-vdekur-nga-plumbat-ne-plazhin-e-vlores\/"]}]},{"@type":"BreadcrumbList","@id":"https:\/\/www.visit-ulcinj.com\/blog\/2013\/07\/28\/tre-te-vdekur-nga-plumbat-ne-plazhin-e-vlores\/#breadcrumb","itemListElement":[{"@type":"ListItem","position":1,"name":"Tre t\u00eb vdekur nga plumbat n\u00eb plazhin e Vlor\u00ebs"}]},{"@type":"Person","@id":"https:\/\/www.visit-ulcinj.com\/blog\/#\/schema\/person\/dcab619c614d3038751c63bc2aadc06d","name":"ulqini","sameAs":["http:\/\/www.visit-ulcinj.com"],"url":"https:\/\/www.visit-ulcinj.com\/blog\/author\/admin\/"}]}},"jetpack_featured_media_url":"","jetpack_sharing_enabled":true,"jetpack_shortlink":"https:\/\/wp.me\/pe6lTn-jc4","_links":{"self":[{"href":"https:\/\/www.visit-ulcinj.com\/blog\/wp-json\/wp\/v2\/posts\/73784"}],"collection":[{"href":"https:\/\/www.visit-ulcinj.com\/blog\/wp-json\/wp\/v2\/posts"}],"about":[{"href":"https:\/\/www.visit-ulcinj.com\/blog\/wp-json\/wp\/v2\/types\/post"}],"author":[{"embeddable":true,"href":"https:\/\/www.visit-ulcinj.com\/blog\/wp-json\/wp\/v2\/users\/1"}],"replies":[{"embeddable":true,"href":"https:\/\/www.visit-ulcinj.com\/blog\/wp-json\/wp\/v2\/comments?post=73784"}],"version-history":[{"count":2,"href":"https:\/\/www.visit-ulcinj.com\/blog\/wp-json\/wp\/v2\/posts\/73784\/revisions"}],"predecessor-version":[{"id":73809,"href":"https:\/\/www.visit-ulcinj.com\/blog\/wp-json\/wp\/v2\/posts\/73784\/revisions\/73809"}],"wp:attachment":[{"href":"https:\/\/www.visit-ulcinj.com\/blog\/wp-json\/wp\/v2\/media?parent=73784"}],"wp:term":[{"taxonomy":"category","embeddable":true,"href":"https:\/\/www.visit-ulcinj.com\/blog\/wp-json\/wp\/v2\/categories?post=73784"},{"taxonomy":"post_tag","embeddable":true,"href":"https:\/\/www.visit-ulcinj.com\/blog\/wp-json\/wp\/v2\/tags?post=73784"}],"curies":[{"name":"wp","href":"https:\/\/api.w.org\/{rel}","templated":true}]}}