{"id":73792,"date":"2013-07-29T15:08:37","date_gmt":"2013-07-29T14:08:37","guid":{"rendered":"http:\/\/www.visit-ulcinj.com\/blog\/?p=73792"},"modified":"2013-07-29T19:11:40","modified_gmt":"2013-07-29T18:11:40","slug":"seminari-me-mesuesit-e-diaspores-ne-ulqin","status":"publish","type":"post","link":"https:\/\/www.visit-ulcinj.com\/blog\/2013\/07\/29\/seminari-me-mesuesit-e-diaspores-ne-ulqin\/","title":{"rendered":"Seminari me m\u00ebsuesit e diaspor\u00ebs n\u00eb Ulqin"},"content":{"rendered":"<p><strong><a href=\"http:\/\/www.visit-ulcinj.com\/blog\/wp-content\/uploads\/2013\/07\/Seminari-me-m\u00ebsuesit-e-diaspor\u00ebs-n\u00eb-Ulqin.jpg\"><img loading=\"lazy\" class=\"alignleft  wp-image-73793\" alt=\"Seminari me m\u00ebsuesit e diaspor\u00ebs n\u00eb Ulqin\" src=\"http:\/\/www.visit-ulcinj.com\/blog\/wp-content\/uploads\/2013\/07\/Seminari-me-m\u00ebsuesit-e-diaspor\u00ebs-n\u00eb-Ulqin.jpg\" width=\"508\" height=\"360\" \/><\/a>Seminari bashkorganizohet nga MAShT e Kosov\u00ebs, MASh e Shqip\u00ebris\u00eb dhe qyteti i Ulqinit, n\u00eb rolin e nikoqirit<\/strong><\/p>\n<p>Edicioni i sivjetsh\u00ebm (i n\u00ebnti), i em\u00ebrtuar si Ulqini 2013, do t\u00eb organizohet n\u00eb Ulqin prej 29.07-01.08.2013. Seminari zgjat si zakonisht 3 dit\u00eb pune (punimet nisin pasditen e dat\u00ebs 29.07.2013 dhe mbarojn\u00eb n\u00eb pasditen e dat\u00ebs 01.08.2013). Sikurse edicionet e m\u00ebparshme, edhe ky do t\u00eb bashkorganizohet nga MAShT e Kosov\u00ebs, MASh e Shqip\u00ebris\u00eb si dhe subjekte t\u00eb tjer\u00eb mb\u00ebshtet\u00ebs. Edhe qyteti i Ulqinit, n\u00eb rolin e nikoqirit, ka nj\u00eb rol t\u00eb ve\u00e7ant\u00eb mb\u00ebshtet\u00ebs.<\/p>\n<p>N\u00eb seminar, si r\u00ebndom, angazhohen ligj\u00ebrues shqiptar\u00eb kompetent\u00eb \/ekspert\u00eb fushash p\u00ebrkat\u00ebse\/ dhe titullar\u00eb e zyrtar\u00eb shteti dhe nj\u00eb ligj\u00ebrues\/e e\/ i huaj nga qarqet p\u00ebrkat\u00ebse profesionale dhe zyrtare t\u00eb ndonj\u00eb prej shteteve ku mbahet m\u00ebsimi shqip.<\/p>\n<p>Pjes\u00ebn tjet\u00ebr me shum\u00eb interes e p\u00ebrb\u00ebjn\u00eb prezantimet-ligj\u00ebratat profesionale t\u00eb vet\u00eb m\u00ebsueseve dhe t\u00eb m\u00ebsuesve, q\u00eb do t\u00eb p\u00ebrcjellin tek t\u00eb tjer\u00ebt p\u00ebrvojat personale t\u00eb nd\u00ebrtuara edhe mbi baza k\u00ebrkimore-hulumtuese dhe empirike. Pra, parap\u00eblqehen temat me z\u00ebra e p\u00ebrvoja konkrete q\u00eb reflektojn\u00eb dobi e interes konkret profesional.<\/p>\n<p>Po ashtu, meq\u00eb nj\u00eb pjes\u00eb e seminarit zhvillohet edhe n\u00eb grupe pune tematike m\u00eb t\u00eb vogla \/pun\u00ebtori-vorkshope \/, jan\u00eb t\u00eb mir\u00ebpritura propozimet konkrete p\u00ebr zgjidhje konkrete.<\/p>\n<p>Shpenzimet e q\u00ebndrimit dhe t\u00eb transportit (prej Tiran\u00ebs dhe Prishtin\u00ebs p\u00ebr Ulqin) i bartin ministrit\u00eb p\u00ebrkat\u00ebse, b\u00ebhet e ditur n\u00eb nj\u00eb njoftim nga Minsitria e Arsimit e Shqip\u00ebris\u00eb.<\/p>\n<p>&nbsp;<\/p>\n<p><strong>Programi i Seminarit t\u00eb n\u00ebnt\u00eb mbar\u00ebkomb\u00ebtar, Ulqin 2013<\/strong><\/p>\n<p>REPUBLIKA SHQIP\u00cbRIS\u00cb<br \/>\nMINISTRIA E ARSIMIT DHE SHKENCES<\/p>\n<p>REPUBLIKA E KOSOV\u00cbS<br \/>\nMINISTRIA E ARSIMIT, E SHKENCES DHE E TEKNOLOGJISE<\/p>\n<p>SEMINARI I NWNTW MBAR\u00cbKOMB\u00cbTAR<br \/>\nP\u00cbR M\u00cbSIMIN PLOT\u00cbSUES N\u00cb GJUH\u00cbN SHQIPE N\u00cb DIASPOR\u00cb<br \/>\nULQIN, 29 korrik-02 gusht 2013<br \/>\nAdresa: HOTEL ALBATROS n\u00eb ULQIN<br \/>\nLidhjet: Nuhi Gashi (MASHT e Kosov\u00ebs, +381\/38\/211-570 ose +377\/44\/830-041 nuhi.gashi@ks-gov.net<br \/>\nRosalba Merdani (MASH e Shqip\u00ebris\u00eb +355__________ Rozalba.Merdani@mash.gov.al)<br \/>\nDita e par\u00eb, m\u00eb 29.07.2013<br \/>\n14,00-17,10 Vendosja n\u00eb hotel dhe regjistrimi i seminarist\u00ebve 14,00-15,00<br \/>\nHapja e seminarit me program artistik t\u00eb f\u00ebmij\u00ebve\/nx\u00ebn\u00ebsve t\u00eb shkollave t\u00eb Ulqinit 16,00-16,15<br \/>\nFjal\u00ebt\/p\u00ebrsh\u00ebndetjetformale t\u00eb hapjes<br \/>\nNj\u00eb m\u00ebsues\/e nga diaspora \/Italia\/ 16,15-16,20<br \/>\nFjal\u00ebt p\u00ebrsh\u00ebndet\u00ebse t\u00eb Ministrave 16,20-16,40<br \/>\nFjala p\u00ebrsh\u00ebndet\u00ebse e kryetarit t\u00eb Ulqinit dhe nj\u00eb presantim multimedial p\u00ebr Ulqinin 16,40-17,10<\/p>\n<p>SEANC\u00cb PLENARE (n\u00eb sall\u00ebn e komun\u00ebs)<br \/>\nModerator\u00eb\/e: Rozalba Merdani, Nuhi Gashi, Xhevat Isufi, Valbona Hystuna<br \/>\n17,10-19,00 1. Njohja me programin<br \/>\n2. ShShMP n\u00eb diaspor\u00eb aktualisht dhe kahet e zhvillimit t\u00eb saj:<br \/>\nOrganizimi dhe politika, kurrikula dhe mjete m\u00ebsimore dhe integrime shqiptare<br \/>\n(Teza p\u00ebr dialog : N. Gashi dhe R. Merdani). 17,10-18, 00<\/p>\n<p>Pauz\u00eb p\u00ebr kafe 18,00-18,30<br \/>\nDebat e dialog i hapur \/ Koh\u00ebzgjatja e fjal\u00ebs: 1 her\u00eb dhe at\u00eb deri n\u00eb 3 minuta\/ 18,30-19,00<br \/>\nDarka e veprimtari kulturore\/shoq\u00ebrore 20,00-<br \/>\nDita e dyt\u00eb, m\u00eb 30.07.2013<br \/>\nSEANCA PLENARE (n\u00eb sall\u00ebn e komun\u00ebs)<br \/>\nModerator\u00eb\/e:<br \/>\n09,00-09,35 Prof.Dr.Mimoza Gjokutaj, Prof.Dr.Ajula Jubani (Tiran\u00eb) M\u00ebsimi i gjuh\u00ebs shqipe mb\u00ebshtetur n\u00eb kompetenca gjuh\u00ebsore sipas niveleve<br \/>\n09,35-10,10 Dr. Shqipe Baj\u00e7inca-Brestovci (UP, Prishtin\u00eb) Sporti e loj\u00ebrat sportive n\u00eb funksion identitar<br \/>\n10,10-10,40 Prof.Dr. Musa Kraja (Tiran\u00eb) \u201cAspekte te personalitetit te mesuesit ne Shkollat Shqipe me Program Plotesues, faktore te rendesishem, per zhvillimin dhe konsolidimin e ketyre institucioneve&#8221;.<\/p>\n<p>10,40-11,10 Arian Melonashi (Latina, Itali) Film dokumentar me arb\u00ebreshet e Italis\u00eb<br \/>\n11,10-12,00 Pauz\u00eb p\u00ebr kafe<br \/>\n12,00-12,30 Rifat Haxhiaj,<br \/>\nAgim Pa\u00e7arrizi (Gjenev\u00eb) M\u00ebsimi i gjuh\u00ebs shqipe, ekulibri familjar dhe integrimi social e sistemik<br \/>\n13,00-15,00 Dreka dhe pushimi i drek\u00ebs<br \/>\n15,00-19,00 VEPRIMTARIT\u00cb- SHOQ\u00cbRORE-KULTURORE (Komuna e Ulqinit)<\/p>\n<p>20,00&#8212; Darka<br \/>\nDita e tret\u00eb, m\u00eb 31.07.2013<br \/>\nPun\u00ebtori tematike: Mb\u00ebshtetja profesionale e ShShMP n\u00eb diaspor\u00eb \/ligj\u00ebrata, p\u00ebrvoja etj\/ Fushat<\/p>\n<p>09,00-10,00 Salla<br \/>\n1 Fatmiroshe Xhemalaj (Tiran\u00eb) Probleme t\u00eb p\u00ebrmbajatjes dhe t\u00eb p\u00ebrdorimit t\u00eb metodave interaktive n\u00eb m\u00ebsimdh\u00ebnien e historis\u00eb p\u00ebrmes teksteve \u201aT\u00eb m\u00ebsojm\u00eb gjuh\u00ebn amtare dhe kultur\u00ebn shqiptare 1,2,3\u2018 Kurrikula, tekste e mjete m\u00ebsimore<br \/>\nSalla<br \/>\n2 Kristina Gjoka Problemet me m\u00ebsimdh\u00ebnien dhe m\u00ebsimnx\u00ebnien e gjuh\u00ebs shqipe n\u00eb klasa kolektive, t\u00eb projektuara n\u00eb klasat e MPGJSH P\u00ebrvoj\u00eb personale<br \/>\nSalla<br \/>\n3 Muhamet Idrizi (Shtutgart) Kualifikimi n\u00eb Seminarin Shtet\u00ebror n\u00eb N\u00fcrtingen\/Gjermani\/ i arsimtar\u00ebve t\u00eb m\u00ebsimit plot\u00ebsues t\u00eb landeve BW dhe Bayern- 2013 Aft\u00ebsim e ngritje profesionale<br \/>\nP\u00ebrvoja krahasimtare<br \/>\n10,00-11,00 Salla<br \/>\n1 Yllka Spahiu (Tiran\u00eb) Kurrikula e zbatuar e MSH n\u00eb diaspor\u00eb Kurrikula, tekste e mjete m\u00ebsimore<br \/>\nSalla<br \/>\n2 Nexhmije Mehmetaj (Zvic\u00ebr) Planifikimi i or\u00ebs m\u00ebsimore me tekstet e reja<br \/>\nMetodologji<br \/>\nSalla<br \/>\n3 Zyrafete Loshaj (Suedi) Prezentimi i gjuh\u00ebs shqipe me ndihm\u00ebn e lapsit p\u00ebrkthyes (PENpal) Mjete m\u00ebsimore multimediale<br \/>\n11,00-<br \/>\n11,30 Pauz\u00eb p\u00ebr kafe<br \/>\n11,30-12,30 Salla<br \/>\n1 Ilira Ndrio Bakalli (Greqi, Athin\u00eb) Funksioni identitar i teatrit P\u00ebrvoj\u00eb personale<br \/>\nSalla 2<br \/>\nAlbana Tahiri (Tiran\u00eb) P\u00ebr nj\u00eb struktur\u00eb t\u00eb or\u00ebs m\u00ebsimore n\u00eb klasat e mwsimit plotwsues tw gjuhws shqipe (MPGjSH) Didaktik\u00eb<br \/>\nSalla 3 Marinela Duri<br \/>\n(Greqi ) Planifikimi i nje njesie didaktike dhe nje serie mesimesh mbeshtetur ne nevojat dhe karakteristikat e nxenesve ne mesimin e gjuh\u00ebs shqipe P\u00ebrvoj\u00eb personale<br \/>\n13,00-15,00 Dreka dhe pushimi i drek\u00ebs<br \/>\n15,00-19,00 VEPRIMTARIT\u00cb- SHOQ\u00cbRORE-KULTURORE (komuna e Ulqinit)<br \/>\n20,00- Darka<br \/>\nDita e kat\u00ebrt, m\u00eb 01.08.2013<br \/>\nSEANCA PLENARE (n\u00eb sall\u00ebn e komun\u00ebs)<br \/>\nModerator\u00eb\/e<br \/>\n9,00-9,30 Arif Demolli (MAShT e Kosov\u00ebs) Funksioni nd\u00ebrl\u00ebndor i let\u00ebrsis\u00eb<br \/>\n9,30-10,00 Driton Kajtazi (Zvic\u00ebr, Lozan\u00eb) Roli i strukturimit dhe komunikimit n\u00eb m\u00ebsimin e gjuh\u00ebs shqipe n\u00eb diaspor\u00eb<br \/>\n9,40-10,10 Sevdije Demaj-Boshtrakaj (Shtutgart) Roli i m\u00ebsuesve t\u00eb SHSHMP n\u00eb diaspor\u00eb p\u00ebr ngritjen e nivelit dhe cil\u00ebsis\u00eb s\u00eb bashk\u00ebpunimit t\u00eb familjeve shqiptare me shkoll\u00ebn<br \/>\n10,20-10,40 Nazmi Xhomara (Tiran\u00eb) &#8220;Metodat e mesimdhenies me ne qender nxenesin&#8221;.<br \/>\n10,40-11,10 Pauz\u00eb p\u00ebr kafe<br \/>\n11,10-12,00 Ndarja e certifikatave dhe mbylla formale e punimeve t\u00eb seminarit<br \/>\n13,00-14,00 Dreka<br \/>\n14,00 Nisja p\u00ebr Prishtin\u00eb e Tiran\u00eb<\/p>\n","protected":false},"excerpt":{"rendered":"<p>Seminari bashkorganizohet nga MAShT e Kosov\u00ebs, MASh e Shqip\u00ebris\u00eb dhe qyteti i Ulqinit, n\u00eb rolin e nikoqirit Edicioni i sivjetsh\u00ebm (i n\u00ebnti), i em\u00ebrtuar si Ulqini 2013, do t\u00eb organizohet n\u00eb Ulqin prej 29.07-01.08.2013. Seminari zgjat si zakonisht 3 dit\u00eb pune (punimet nisin pasditen e dat\u00ebs 29.07.2013 dhe mbarojn\u00eb n\u00eb pasditen e dat\u00ebs 01.08.2013). Sikurse [&hellip;]<\/p>\n","protected":false},"author":1,"featured_media":0,"comment_status":"closed","ping_status":"closed","sticky":false,"template":"","format":"standard","meta":{"spay_email":"","jetpack_publicize_message":"","jetpack_is_tweetstorm":false,"jetpack_publicize_feature_enabled":true},"categories":[11],"tags":[],"jetpack_publicize_connections":[],"yoast_head":"<!-- This site is optimized with the Yoast SEO plugin v19.1 - https:\/\/yoast.com\/wordpress\/plugins\/seo\/ -->\n<title>Seminari me m\u00ebsuesit e diaspor\u00ebs n\u00eb Ulqin - Lajme nga Ulqini<\/title>\n<meta name=\"description\" content=\"Seminari bashkorganizohet nga MAShT e Kosov\u00ebs, MASh e Shqip\u00ebris\u00eb dhe qyteti i Ulqinit, n\u00eb rolin e nikoqirit Edicioni i sivjetsh\u00ebm (i n\u00ebnti), i em\u00ebrtuar si\" \/>\n<meta name=\"robots\" content=\"index, follow, max-snippet:-1, max-image-preview:large, max-video-preview:-1\" \/>\n<link rel=\"canonical\" href=\"https:\/\/www.visit-ulcinj.com\/blog\/2013\/07\/29\/seminari-me-mesuesit-e-diaspores-ne-ulqin\/\" \/>\n<meta property=\"og:locale\" content=\"en_US\" \/>\n<meta property=\"og:type\" content=\"article\" \/>\n<meta property=\"og:title\" content=\"Seminari me m\u00ebsuesit e diaspor\u00ebs n\u00eb Ulqin - Lajme nga Ulqini\" \/>\n<meta property=\"og:description\" content=\"Seminari bashkorganizohet nga MAShT e Kosov\u00ebs, MASh e Shqip\u00ebris\u00eb dhe qyteti i Ulqinit, n\u00eb rolin e nikoqirit Edicioni i sivjetsh\u00ebm (i n\u00ebnti), i em\u00ebrtuar si\" \/>\n<meta property=\"og:url\" content=\"https:\/\/www.visit-ulcinj.com\/blog\/2013\/07\/29\/seminari-me-mesuesit-e-diaspores-ne-ulqin\/\" \/>\n<meta property=\"og:site_name\" content=\"Lajme nga Ulqini\" \/>\n<meta property=\"article:published_time\" content=\"2013-07-29T14:08:37+00:00\" \/>\n<meta property=\"article:modified_time\" content=\"2013-07-29T18:11:40+00:00\" \/>\n<meta name=\"twitter:label1\" content=\"Written by\" \/>\n\t<meta name=\"twitter:data1\" content=\"ulqini\" \/>\n\t<meta name=\"twitter:label2\" content=\"Est. reading time\" \/>\n\t<meta name=\"twitter:data2\" content=\"5 minutes\" \/>\n<script type=\"application\/ld+json\" class=\"yoast-schema-graph\">{\"@context\":\"https:\/\/schema.org\",\"@graph\":[{\"@type\":\"WebSite\",\"@id\":\"https:\/\/www.visit-ulcinj.com\/blog\/#website\",\"url\":\"https:\/\/www.visit-ulcinj.com\/blog\/\",\"name\":\"Lajme nga Ulqini\",\"description\":\"Lajme,Vijesti,Ulqini,Ulqin,Crna Gora,Mali i Zi\",\"potentialAction\":[{\"@type\":\"SearchAction\",\"target\":{\"@type\":\"EntryPoint\",\"urlTemplate\":\"https:\/\/www.visit-ulcinj.com\/blog\/?s={search_term_string}\"},\"query-input\":\"required name=search_term_string\"}],\"inLanguage\":\"en-US\"},{\"@type\":\"WebPage\",\"@id\":\"https:\/\/www.visit-ulcinj.com\/blog\/2013\/07\/29\/seminari-me-mesuesit-e-diaspores-ne-ulqin\/#webpage\",\"url\":\"https:\/\/www.visit-ulcinj.com\/blog\/2013\/07\/29\/seminari-me-mesuesit-e-diaspores-ne-ulqin\/\",\"name\":\"Seminari me m\u00ebsuesit e diaspor\u00ebs n\u00eb Ulqin - Lajme nga Ulqini\",\"isPartOf\":{\"@id\":\"https:\/\/www.visit-ulcinj.com\/blog\/#website\"},\"datePublished\":\"2013-07-29T14:08:37+00:00\",\"dateModified\":\"2013-07-29T18:11:40+00:00\",\"author\":{\"@id\":\"https:\/\/www.visit-ulcinj.com\/blog\/#\/schema\/person\/dcab619c614d3038751c63bc2aadc06d\"},\"description\":\"Seminari bashkorganizohet nga MAShT e Kosov\u00ebs, MASh e Shqip\u00ebris\u00eb dhe qyteti i Ulqinit, n\u00eb rolin e nikoqirit Edicioni i sivjetsh\u00ebm (i n\u00ebnti), i em\u00ebrtuar si\",\"breadcrumb\":{\"@id\":\"https:\/\/www.visit-ulcinj.com\/blog\/2013\/07\/29\/seminari-me-mesuesit-e-diaspores-ne-ulqin\/#breadcrumb\"},\"inLanguage\":\"en-US\",\"potentialAction\":[{\"@type\":\"ReadAction\",\"target\":[\"https:\/\/www.visit-ulcinj.com\/blog\/2013\/07\/29\/seminari-me-mesuesit-e-diaspores-ne-ulqin\/\"]}]},{\"@type\":\"BreadcrumbList\",\"@id\":\"https:\/\/www.visit-ulcinj.com\/blog\/2013\/07\/29\/seminari-me-mesuesit-e-diaspores-ne-ulqin\/#breadcrumb\",\"itemListElement\":[{\"@type\":\"ListItem\",\"position\":1,\"name\":\"Seminari me m\u00ebsuesit e diaspor\u00ebs n\u00eb Ulqin\"}]},{\"@type\":\"Person\",\"@id\":\"https:\/\/www.visit-ulcinj.com\/blog\/#\/schema\/person\/dcab619c614d3038751c63bc2aadc06d\",\"name\":\"ulqini\",\"sameAs\":[\"http:\/\/www.visit-ulcinj.com\"],\"url\":\"https:\/\/www.visit-ulcinj.com\/blog\/author\/admin\/\"}]}<\/script>\n<!-- \/ Yoast SEO plugin. -->","yoast_head_json":{"title":"Seminari me m\u00ebsuesit e diaspor\u00ebs n\u00eb Ulqin - Lajme nga Ulqini","description":"Seminari bashkorganizohet nga MAShT e Kosov\u00ebs, MASh e Shqip\u00ebris\u00eb dhe qyteti i Ulqinit, n\u00eb rolin e nikoqirit Edicioni i sivjetsh\u00ebm (i n\u00ebnti), i em\u00ebrtuar si","robots":{"index":"index","follow":"follow","max-snippet":"max-snippet:-1","max-image-preview":"max-image-preview:large","max-video-preview":"max-video-preview:-1"},"canonical":"https:\/\/www.visit-ulcinj.com\/blog\/2013\/07\/29\/seminari-me-mesuesit-e-diaspores-ne-ulqin\/","og_locale":"en_US","og_type":"article","og_title":"Seminari me m\u00ebsuesit e diaspor\u00ebs n\u00eb Ulqin - Lajme nga Ulqini","og_description":"Seminari bashkorganizohet nga MAShT e Kosov\u00ebs, MASh e Shqip\u00ebris\u00eb dhe qyteti i Ulqinit, n\u00eb rolin e nikoqirit Edicioni i sivjetsh\u00ebm (i n\u00ebnti), i em\u00ebrtuar si","og_url":"https:\/\/www.visit-ulcinj.com\/blog\/2013\/07\/29\/seminari-me-mesuesit-e-diaspores-ne-ulqin\/","og_site_name":"Lajme nga Ulqini","article_published_time":"2013-07-29T14:08:37+00:00","article_modified_time":"2013-07-29T18:11:40+00:00","twitter_misc":{"Written by":"ulqini","Est. reading time":"5 minutes"},"schema":{"@context":"https:\/\/schema.org","@graph":[{"@type":"WebSite","@id":"https:\/\/www.visit-ulcinj.com\/blog\/#website","url":"https:\/\/www.visit-ulcinj.com\/blog\/","name":"Lajme nga Ulqini","description":"Lajme,Vijesti,Ulqini,Ulqin,Crna Gora,Mali i Zi","potentialAction":[{"@type":"SearchAction","target":{"@type":"EntryPoint","urlTemplate":"https:\/\/www.visit-ulcinj.com\/blog\/?s={search_term_string}"},"query-input":"required name=search_term_string"}],"inLanguage":"en-US"},{"@type":"WebPage","@id":"https:\/\/www.visit-ulcinj.com\/blog\/2013\/07\/29\/seminari-me-mesuesit-e-diaspores-ne-ulqin\/#webpage","url":"https:\/\/www.visit-ulcinj.com\/blog\/2013\/07\/29\/seminari-me-mesuesit-e-diaspores-ne-ulqin\/","name":"Seminari me m\u00ebsuesit e diaspor\u00ebs n\u00eb Ulqin - Lajme nga Ulqini","isPartOf":{"@id":"https:\/\/www.visit-ulcinj.com\/blog\/#website"},"datePublished":"2013-07-29T14:08:37+00:00","dateModified":"2013-07-29T18:11:40+00:00","author":{"@id":"https:\/\/www.visit-ulcinj.com\/blog\/#\/schema\/person\/dcab619c614d3038751c63bc2aadc06d"},"description":"Seminari bashkorganizohet nga MAShT e Kosov\u00ebs, MASh e Shqip\u00ebris\u00eb dhe qyteti i Ulqinit, n\u00eb rolin e nikoqirit Edicioni i sivjetsh\u00ebm (i n\u00ebnti), i em\u00ebrtuar si","breadcrumb":{"@id":"https:\/\/www.visit-ulcinj.com\/blog\/2013\/07\/29\/seminari-me-mesuesit-e-diaspores-ne-ulqin\/#breadcrumb"},"inLanguage":"en-US","potentialAction":[{"@type":"ReadAction","target":["https:\/\/www.visit-ulcinj.com\/blog\/2013\/07\/29\/seminari-me-mesuesit-e-diaspores-ne-ulqin\/"]}]},{"@type":"BreadcrumbList","@id":"https:\/\/www.visit-ulcinj.com\/blog\/2013\/07\/29\/seminari-me-mesuesit-e-diaspores-ne-ulqin\/#breadcrumb","itemListElement":[{"@type":"ListItem","position":1,"name":"Seminari me m\u00ebsuesit e diaspor\u00ebs n\u00eb Ulqin"}]},{"@type":"Person","@id":"https:\/\/www.visit-ulcinj.com\/blog\/#\/schema\/person\/dcab619c614d3038751c63bc2aadc06d","name":"ulqini","sameAs":["http:\/\/www.visit-ulcinj.com"],"url":"https:\/\/www.visit-ulcinj.com\/blog\/author\/admin\/"}]}},"jetpack_featured_media_url":"","jetpack_sharing_enabled":true,"jetpack_shortlink":"https:\/\/wp.me\/pe6lTn-jcc","_links":{"self":[{"href":"https:\/\/www.visit-ulcinj.com\/blog\/wp-json\/wp\/v2\/posts\/73792"}],"collection":[{"href":"https:\/\/www.visit-ulcinj.com\/blog\/wp-json\/wp\/v2\/posts"}],"about":[{"href":"https:\/\/www.visit-ulcinj.com\/blog\/wp-json\/wp\/v2\/types\/post"}],"author":[{"embeddable":true,"href":"https:\/\/www.visit-ulcinj.com\/blog\/wp-json\/wp\/v2\/users\/1"}],"replies":[{"embeddable":true,"href":"https:\/\/www.visit-ulcinj.com\/blog\/wp-json\/wp\/v2\/comments?post=73792"}],"version-history":[{"count":3,"href":"https:\/\/www.visit-ulcinj.com\/blog\/wp-json\/wp\/v2\/posts\/73792\/revisions"}],"predecessor-version":[{"id":73843,"href":"https:\/\/www.visit-ulcinj.com\/blog\/wp-json\/wp\/v2\/posts\/73792\/revisions\/73843"}],"wp:attachment":[{"href":"https:\/\/www.visit-ulcinj.com\/blog\/wp-json\/wp\/v2\/media?parent=73792"}],"wp:term":[{"taxonomy":"category","embeddable":true,"href":"https:\/\/www.visit-ulcinj.com\/blog\/wp-json\/wp\/v2\/categories?post=73792"},{"taxonomy":"post_tag","embeddable":true,"href":"https:\/\/www.visit-ulcinj.com\/blog\/wp-json\/wp\/v2\/tags?post=73792"}],"curies":[{"name":"wp","href":"https:\/\/api.w.org\/{rel}","templated":true}]}}