{"id":73796,"date":"2013-07-29T15:22:23","date_gmt":"2013-07-29T14:22:23","guid":{"rendered":"http:\/\/www.visit-ulcinj.com\/blog\/?p=73796"},"modified":"2013-07-29T15:22:40","modified_gmt":"2013-07-29T14:22:40","slug":"kasting-emine-cunmuljaj-u-podgorici-i-budvi","status":"publish","type":"post","link":"https:\/\/www.visit-ulcinj.com\/blog\/2013\/07\/29\/kasting-emine-cunmuljaj-u-podgorici-i-budvi\/","title":{"rendered":"Kasting Emine \u010cunmuljaj u Podgorici i Budvi"},"content":{"rendered":"<p>Kasting svjetskog supermodela Emine \u010cunmuljaj, bi\u0107e odr\u017ean sljede\u0107eg mjeseca u Podgorici i Budvi.<br \/>\n<a href=\"http:\/\/www.visit-ulcinj.com\/blog\/wp-content\/uploads\/2013\/07\/EMINECUNMULAJ.jpg\"><img loading=\"lazy\" class=\"alignleft  wp-image-73797\" alt=\"EMINECUNMULAJ\" src=\"http:\/\/www.visit-ulcinj.com\/blog\/wp-content\/uploads\/2013\/07\/EMINECUNMULAJ.jpg\" width=\"508\" height=\"508\" srcset=\"https:\/\/www.visit-ulcinj.com\/blog\/wp-content\/uploads\/2013\/07\/EMINECUNMULAJ.jpg 559w, https:\/\/www.visit-ulcinj.com\/blog\/wp-content\/uploads\/2013\/07\/EMINECUNMULAJ-150x150.jpg 150w, https:\/\/www.visit-ulcinj.com\/blog\/wp-content\/uploads\/2013\/07\/EMINECUNMULAJ-300x300.jpg 300w\" sizes=\"(max-width: 508px) 100vw, 508px\" \/><\/a><\/p>\n<p>Djevojke koje su starije od 16 godina i manekenskog su izgleda, te imaju preko 179 centimetara, bez \u0161minke, \u0161to prirodnijeg izgleda neka posjete kasting i tako oku\u0161aju sre\u0107u da i one poput Emine zakora\u010de svjetskim modnim pistama Njujorka, Londona, Pariza, Milana ili rade za poznate kreatore \u0161irom svijeta.<\/p>\n<p>&#8220;Djevojka ili vi\u0161e njih koje po Emininom odabiru budu imale potencijala za sljede\u0107eg svjetskog modela, oku\u0161a\u0107e sre\u0107u u Njujorku, te potra\u017eiti svoje mjesto u presti\u017enim modnim agencijama&#8221;, najavljuju organizatori.<\/p>\n<p>&nbsp;<\/p>\n<p>RTCG<\/p>\n","protected":false},"excerpt":{"rendered":"<p>Kasting svjetskog supermodela Emine \u010cunmuljaj, bi\u0107e odr\u017ean sljede\u0107eg mjeseca u Podgorici i Budvi. Djevojke koje su starije od 16 godina i manekenskog su izgleda, te imaju preko 179 centimetara, bez \u0161minke, \u0161to prirodnijeg izgleda neka posjete kasting i tako oku\u0161aju sre\u0107u da i one poput Emine zakora\u010de svjetskim modnim pistama Njujorka, Londona, Pariza, Milana ili [&hellip;]<\/p>\n","protected":false},"author":1,"featured_media":0,"comment_status":"closed","ping_status":"closed","sticky":false,"template":"","format":"standard","meta":{"spay_email":"","jetpack_publicize_message":"","jetpack_is_tweetstorm":false,"jetpack_publicize_feature_enabled":true},"categories":[8337],"tags":[],"jetpack_publicize_connections":[],"yoast_head":"<!-- This site is optimized with the Yoast SEO plugin v19.1 - https:\/\/yoast.com\/wordpress\/plugins\/seo\/ -->\n<title>Kasting Emine \u010cunmuljaj u Podgorici i Budvi - Lajme nga Ulqini<\/title>\n<meta name=\"description\" content=\"Kasting svjetskog supermodela Emine \u010cunmuljaj, bi\u0107e odr\u017ean sljede\u0107eg mjeseca u Podgorici i Budvi. Djevojke koje su starije od 16 godina i manekenskog su\" \/>\n<meta name=\"robots\" content=\"index, follow, max-snippet:-1, max-image-preview:large, max-video-preview:-1\" \/>\n<link rel=\"canonical\" href=\"https:\/\/www.visit-ulcinj.com\/blog\/2013\/07\/29\/kasting-emine-cunmuljaj-u-podgorici-i-budvi\/\" \/>\n<meta property=\"og:locale\" content=\"en_US\" \/>\n<meta property=\"og:type\" content=\"article\" \/>\n<meta property=\"og:title\" content=\"Kasting Emine \u010cunmuljaj u Podgorici i Budvi - Lajme nga Ulqini\" \/>\n<meta property=\"og:description\" content=\"Kasting svjetskog supermodela Emine \u010cunmuljaj, bi\u0107e odr\u017ean sljede\u0107eg mjeseca u Podgorici i Budvi. Djevojke koje su starije od 16 godina i manekenskog su\" \/>\n<meta property=\"og:url\" content=\"https:\/\/www.visit-ulcinj.com\/blog\/2013\/07\/29\/kasting-emine-cunmuljaj-u-podgorici-i-budvi\/\" \/>\n<meta property=\"og:site_name\" content=\"Lajme nga Ulqini\" \/>\n<meta property=\"article:published_time\" content=\"2013-07-29T14:22:23+00:00\" \/>\n<meta property=\"article:modified_time\" content=\"2013-07-29T14:22:40+00:00\" \/>\n<meta property=\"og:image\" content=\"http:\/\/www.visit-ulcinj.com\/blog\/wp-content\/uploads\/2013\/07\/EMINECUNMULAJ.jpg\" \/>\n<meta name=\"twitter:label1\" content=\"Written by\" \/>\n\t<meta name=\"twitter:data1\" content=\"ulqini\" \/>\n\t<meta name=\"twitter:label2\" content=\"Est. reading time\" \/>\n\t<meta name=\"twitter:data2\" content=\"1 minute\" \/>\n<script type=\"application\/ld+json\" class=\"yoast-schema-graph\">{\"@context\":\"https:\/\/schema.org\",\"@graph\":[{\"@type\":\"WebSite\",\"@id\":\"https:\/\/www.visit-ulcinj.com\/blog\/#website\",\"url\":\"https:\/\/www.visit-ulcinj.com\/blog\/\",\"name\":\"Lajme nga Ulqini\",\"description\":\"Lajme,Vijesti,Ulqini,Ulqin,Crna Gora,Mali i Zi\",\"potentialAction\":[{\"@type\":\"SearchAction\",\"target\":{\"@type\":\"EntryPoint\",\"urlTemplate\":\"https:\/\/www.visit-ulcinj.com\/blog\/?s={search_term_string}\"},\"query-input\":\"required name=search_term_string\"}],\"inLanguage\":\"en-US\"},{\"@type\":\"ImageObject\",\"inLanguage\":\"en-US\",\"@id\":\"https:\/\/www.visit-ulcinj.com\/blog\/2013\/07\/29\/kasting-emine-cunmuljaj-u-podgorici-i-budvi\/#primaryimage\",\"url\":\"https:\/\/www.visit-ulcinj.com\/blog\/wp-content\/uploads\/2013\/07\/EMINECUNMULAJ.jpg\",\"contentUrl\":\"https:\/\/www.visit-ulcinj.com\/blog\/wp-content\/uploads\/2013\/07\/EMINECUNMULAJ.jpg\",\"width\":559,\"height\":559},{\"@type\":\"WebPage\",\"@id\":\"https:\/\/www.visit-ulcinj.com\/blog\/2013\/07\/29\/kasting-emine-cunmuljaj-u-podgorici-i-budvi\/#webpage\",\"url\":\"https:\/\/www.visit-ulcinj.com\/blog\/2013\/07\/29\/kasting-emine-cunmuljaj-u-podgorici-i-budvi\/\",\"name\":\"Kasting Emine \u010cunmuljaj u Podgorici i Budvi - Lajme nga Ulqini\",\"isPartOf\":{\"@id\":\"https:\/\/www.visit-ulcinj.com\/blog\/#website\"},\"primaryImageOfPage\":{\"@id\":\"https:\/\/www.visit-ulcinj.com\/blog\/2013\/07\/29\/kasting-emine-cunmuljaj-u-podgorici-i-budvi\/#primaryimage\"},\"datePublished\":\"2013-07-29T14:22:23+00:00\",\"dateModified\":\"2013-07-29T14:22:40+00:00\",\"author\":{\"@id\":\"https:\/\/www.visit-ulcinj.com\/blog\/#\/schema\/person\/dcab619c614d3038751c63bc2aadc06d\"},\"description\":\"Kasting svjetskog supermodela Emine \u010cunmuljaj, bi\u0107e odr\u017ean sljede\u0107eg mjeseca u Podgorici i Budvi. Djevojke koje su starije od 16 godina i manekenskog su\",\"breadcrumb\":{\"@id\":\"https:\/\/www.visit-ulcinj.com\/blog\/2013\/07\/29\/kasting-emine-cunmuljaj-u-podgorici-i-budvi\/#breadcrumb\"},\"inLanguage\":\"en-US\",\"potentialAction\":[{\"@type\":\"ReadAction\",\"target\":[\"https:\/\/www.visit-ulcinj.com\/blog\/2013\/07\/29\/kasting-emine-cunmuljaj-u-podgorici-i-budvi\/\"]}]},{\"@type\":\"BreadcrumbList\",\"@id\":\"https:\/\/www.visit-ulcinj.com\/blog\/2013\/07\/29\/kasting-emine-cunmuljaj-u-podgorici-i-budvi\/#breadcrumb\",\"itemListElement\":[{\"@type\":\"ListItem\",\"position\":1,\"name\":\"Kasting Emine \u010cunmuljaj u Podgorici i Budvi\"}]},{\"@type\":\"Person\",\"@id\":\"https:\/\/www.visit-ulcinj.com\/blog\/#\/schema\/person\/dcab619c614d3038751c63bc2aadc06d\",\"name\":\"ulqini\",\"sameAs\":[\"http:\/\/www.visit-ulcinj.com\"],\"url\":\"https:\/\/www.visit-ulcinj.com\/blog\/author\/admin\/\"}]}<\/script>\n<!-- \/ Yoast SEO plugin. -->","yoast_head_json":{"title":"Kasting Emine \u010cunmuljaj u Podgorici i Budvi - Lajme nga Ulqini","description":"Kasting svjetskog supermodela Emine \u010cunmuljaj, bi\u0107e odr\u017ean sljede\u0107eg mjeseca u Podgorici i Budvi. Djevojke koje su starije od 16 godina i manekenskog su","robots":{"index":"index","follow":"follow","max-snippet":"max-snippet:-1","max-image-preview":"max-image-preview:large","max-video-preview":"max-video-preview:-1"},"canonical":"https:\/\/www.visit-ulcinj.com\/blog\/2013\/07\/29\/kasting-emine-cunmuljaj-u-podgorici-i-budvi\/","og_locale":"en_US","og_type":"article","og_title":"Kasting Emine \u010cunmuljaj u Podgorici i Budvi - Lajme nga Ulqini","og_description":"Kasting svjetskog supermodela Emine \u010cunmuljaj, bi\u0107e odr\u017ean sljede\u0107eg mjeseca u Podgorici i Budvi. Djevojke koje su starije od 16 godina i manekenskog su","og_url":"https:\/\/www.visit-ulcinj.com\/blog\/2013\/07\/29\/kasting-emine-cunmuljaj-u-podgorici-i-budvi\/","og_site_name":"Lajme nga Ulqini","article_published_time":"2013-07-29T14:22:23+00:00","article_modified_time":"2013-07-29T14:22:40+00:00","og_image":[{"url":"http:\/\/www.visit-ulcinj.com\/blog\/wp-content\/uploads\/2013\/07\/EMINECUNMULAJ.jpg"}],"twitter_misc":{"Written by":"ulqini","Est. reading time":"1 minute"},"schema":{"@context":"https:\/\/schema.org","@graph":[{"@type":"WebSite","@id":"https:\/\/www.visit-ulcinj.com\/blog\/#website","url":"https:\/\/www.visit-ulcinj.com\/blog\/","name":"Lajme nga Ulqini","description":"Lajme,Vijesti,Ulqini,Ulqin,Crna Gora,Mali i Zi","potentialAction":[{"@type":"SearchAction","target":{"@type":"EntryPoint","urlTemplate":"https:\/\/www.visit-ulcinj.com\/blog\/?s={search_term_string}"},"query-input":"required name=search_term_string"}],"inLanguage":"en-US"},{"@type":"ImageObject","inLanguage":"en-US","@id":"https:\/\/www.visit-ulcinj.com\/blog\/2013\/07\/29\/kasting-emine-cunmuljaj-u-podgorici-i-budvi\/#primaryimage","url":"https:\/\/www.visit-ulcinj.com\/blog\/wp-content\/uploads\/2013\/07\/EMINECUNMULAJ.jpg","contentUrl":"https:\/\/www.visit-ulcinj.com\/blog\/wp-content\/uploads\/2013\/07\/EMINECUNMULAJ.jpg","width":559,"height":559},{"@type":"WebPage","@id":"https:\/\/www.visit-ulcinj.com\/blog\/2013\/07\/29\/kasting-emine-cunmuljaj-u-podgorici-i-budvi\/#webpage","url":"https:\/\/www.visit-ulcinj.com\/blog\/2013\/07\/29\/kasting-emine-cunmuljaj-u-podgorici-i-budvi\/","name":"Kasting Emine \u010cunmuljaj u Podgorici i Budvi - Lajme nga Ulqini","isPartOf":{"@id":"https:\/\/www.visit-ulcinj.com\/blog\/#website"},"primaryImageOfPage":{"@id":"https:\/\/www.visit-ulcinj.com\/blog\/2013\/07\/29\/kasting-emine-cunmuljaj-u-podgorici-i-budvi\/#primaryimage"},"datePublished":"2013-07-29T14:22:23+00:00","dateModified":"2013-07-29T14:22:40+00:00","author":{"@id":"https:\/\/www.visit-ulcinj.com\/blog\/#\/schema\/person\/dcab619c614d3038751c63bc2aadc06d"},"description":"Kasting svjetskog supermodela Emine \u010cunmuljaj, bi\u0107e odr\u017ean sljede\u0107eg mjeseca u Podgorici i Budvi. Djevojke koje su starije od 16 godina i manekenskog su","breadcrumb":{"@id":"https:\/\/www.visit-ulcinj.com\/blog\/2013\/07\/29\/kasting-emine-cunmuljaj-u-podgorici-i-budvi\/#breadcrumb"},"inLanguage":"en-US","potentialAction":[{"@type":"ReadAction","target":["https:\/\/www.visit-ulcinj.com\/blog\/2013\/07\/29\/kasting-emine-cunmuljaj-u-podgorici-i-budvi\/"]}]},{"@type":"BreadcrumbList","@id":"https:\/\/www.visit-ulcinj.com\/blog\/2013\/07\/29\/kasting-emine-cunmuljaj-u-podgorici-i-budvi\/#breadcrumb","itemListElement":[{"@type":"ListItem","position":1,"name":"Kasting Emine \u010cunmuljaj u Podgorici i Budvi"}]},{"@type":"Person","@id":"https:\/\/www.visit-ulcinj.com\/blog\/#\/schema\/person\/dcab619c614d3038751c63bc2aadc06d","name":"ulqini","sameAs":["http:\/\/www.visit-ulcinj.com"],"url":"https:\/\/www.visit-ulcinj.com\/blog\/author\/admin\/"}]}},"jetpack_featured_media_url":"","jetpack_sharing_enabled":true,"jetpack_shortlink":"https:\/\/wp.me\/pe6lTn-jcg","_links":{"self":[{"href":"https:\/\/www.visit-ulcinj.com\/blog\/wp-json\/wp\/v2\/posts\/73796"}],"collection":[{"href":"https:\/\/www.visit-ulcinj.com\/blog\/wp-json\/wp\/v2\/posts"}],"about":[{"href":"https:\/\/www.visit-ulcinj.com\/blog\/wp-json\/wp\/v2\/types\/post"}],"author":[{"embeddable":true,"href":"https:\/\/www.visit-ulcinj.com\/blog\/wp-json\/wp\/v2\/users\/1"}],"replies":[{"embeddable":true,"href":"https:\/\/www.visit-ulcinj.com\/blog\/wp-json\/wp\/v2\/comments?post=73796"}],"version-history":[{"count":2,"href":"https:\/\/www.visit-ulcinj.com\/blog\/wp-json\/wp\/v2\/posts\/73796\/revisions"}],"predecessor-version":[{"id":73799,"href":"https:\/\/www.visit-ulcinj.com\/blog\/wp-json\/wp\/v2\/posts\/73796\/revisions\/73799"}],"wp:attachment":[{"href":"https:\/\/www.visit-ulcinj.com\/blog\/wp-json\/wp\/v2\/media?parent=73796"}],"wp:term":[{"taxonomy":"category","embeddable":true,"href":"https:\/\/www.visit-ulcinj.com\/blog\/wp-json\/wp\/v2\/categories?post=73796"},{"taxonomy":"post_tag","embeddable":true,"href":"https:\/\/www.visit-ulcinj.com\/blog\/wp-json\/wp\/v2\/tags?post=73796"}],"curies":[{"name":"wp","href":"https:\/\/api.w.org\/{rel}","templated":true}]}}