{"id":73800,"date":"2013-07-29T15:26:58","date_gmt":"2013-07-29T14:26:58","guid":{"rendered":"http:\/\/www.visit-ulcinj.com\/blog\/?p=73800"},"modified":"2013-07-29T15:27:23","modified_gmt":"2013-07-29T14:27:23","slug":"cetkovic-vanredni-izbori-jedino-rjesenje","status":"publish","type":"post","link":"https:\/\/www.visit-ulcinj.com\/blog\/2013\/07\/29\/cetkovic-vanredni-izbori-jedino-rjesenje\/","title":{"rendered":"\u0106etkovi\u0107: Vanredni izbori jedino rje\u0161enje"},"content":{"rendered":"<p><a href=\"http:\/\/www.visit-ulcinj.com\/blog\/wp-content\/uploads\/2013\/07\/Andrija-Cetkovic.jpg\"><img loading=\"lazy\" class=\"alignleft  wp-image-73801\" alt=\"Andrija-Cetkovic\" src=\"http:\/\/www.visit-ulcinj.com\/blog\/wp-content\/uploads\/2013\/07\/Andrija-Cetkovic.jpg\" width=\"350\" height=\"300\" \/><\/a>Predsjednik Op\u0161tinskog odbora Socijalisti\u010dke narodne partije i predsjednik odborni\u010dkog kluba \u201eBolji Ulcinj, bolja Crna Gora\u201d Andrija \u0106etkovi\u0107 ocijenio je da je kriza u lokalnoj vlasti evidentna i da je jedino rje\u0161enje u prijevremenim izborima.<br \/>\n\u2013 Nesre\u0107no sklepana dru\u017eina skoro dvije godine pokazuje apsoulutnu nesposobnost. Oni ne samo da nijesu rje\u0161avali probleme, ve\u0107 su i postoje\u0107e multiplikovali. Na samom startu su podijelili vlast kao da dijele plijen i svaka od \u010dlanica koalicije pona\u0161ala se manje-vi\u0161e neodgovorno \u2013 naveo je \u0106etkovi\u0107, ocjenjuju\u0107i da su svojim nedjelovanjem potro\u0161ili volju gra\u0111ana za promjenama.<br \/>\n\u2013 Prethodnu vlast optu\u017eivali smo za dvostruke ar\u0161ine, selektivnost i nepotizam i bili smo u pravu, ali kad vidimo \u0161ta rade ovi, moram da ka\u017eem da mi je neprijatno \u2013 naglasio je \u0106etkovi\u0107 u intervjuu za Radio Ulcinj.<br \/>\nPo njegovim rije\u010dima, stanje u lokalnoj vlasti je neodr\u017eivo jer op\u0161tinski bud\u017eet ne mo\u017ee podnijeti toliki teret, \u0161to je za posledicu imalo me\u0111usobno optu\u017eivanje izme\u0111u koalicionih partnera.<br \/>\nO\u0161tro kritikuju\u0107i sada\u0161nju vlast, \u0106etkovi\u0107 je naveo nekoliko primjera gdje je do\u0161lo do zloupotrebe polo\u017eaja.<br \/>\n\u2013 Prvo su u podijeljenom JKP u izbornoj godini zaposlili 150 ljudi. Tako\u0111e, u izbornoj godini za donacije svojih istomi\u0161ljenika i politi\u010dkih prijatelja podijelili su preko 36.000 eura, a za gorivo su potro\u0161ili 38.000 eura. Selektivno su dijeljene plate u vidu akontacija i to od 105.000 eura. Za zakup pojedinih ulcinjskih objekata nijesu raspisivani javni oglasi i tenderi i to su samo neki od negativnih poteza sada\u0161nje vlasti \u2013 ocjenjuje predsjednik OO SNP-a, nagla\u0161avaju\u0107i kako bi aktuelna lokalna vlast trebalo da prizna da je njen projekat propao i da vrati mandat gra\u0111anima, kako bi oni odredili ko treba da bude na \u010delu lokalne vlasti u narednom periodu.<br \/>\nOsvr\u0107u\u0107i se na izvje\u0161taj o radu predsjednika Op\u0161tine Nazifa Cungua, \u0106etkovi\u0107 je naveo da on ima dosta kontradiktornosti.<br \/>\n\u2013 Op\u0161iran je, ali nije precizan. U izvje\u0161taj je trebalo uvrstiti mi\u0161ljenje nadle\u017enih sekretarijata da vidimo \u0161ta oni misle, jer je o\u010digledno da je situacija u lokalnim javnim preduze\u0107ima jako lo\u0161a \u2013 predla\u017ee prvi \u010dovjek ulcinjskog SNP-a.<br \/>\nPrema njegovom mi\u0161ljenju, kriza lokalne vlasti uti\u010de i na turisti\u010dku sezonu.<br \/>\n\u2013 Trebalo je obi\u0107i Pri\u0161tinu i Sarajevo i ponuditi im povoljnije aran\u017emane kako bi se izborili za dobrobit ono malo turisti\u010dke sezone \u0161to nam preostaje \u2013 zaklju\u010duje \u0106etkovi\u0107.<br \/>\n<strong>Va.R.<\/strong><br \/>\n<strong>Izvor: DAN<\/strong><\/p>\n","protected":false},"excerpt":{"rendered":"<p>Predsjednik Op\u0161tinskog odbora Socijalisti\u010dke narodne partije i predsjednik odborni\u010dkog kluba \u201eBolji Ulcinj, bolja Crna Gora\u201d Andrija \u0106etkovi\u0107 ocijenio je da je kriza u lokalnoj vlasti evidentna i da je jedino rje\u0161enje u prijevremenim izborima. \u2013 Nesre\u0107no sklepana dru\u017eina skoro dvije godine pokazuje apsoulutnu nesposobnost. Oni ne samo da nijesu rje\u0161avali probleme, ve\u0107 su i postoje\u0107e [&hellip;]<\/p>\n","protected":false},"author":1,"featured_media":0,"comment_status":"closed","ping_status":"closed","sticky":false,"template":"","format":"standard","meta":{"spay_email":"","jetpack_publicize_message":"","jetpack_is_tweetstorm":false,"jetpack_publicize_feature_enabled":true},"categories":[6950],"tags":[],"jetpack_publicize_connections":[],"yoast_head":"<!-- This site is optimized with the Yoast SEO plugin v19.1 - https:\/\/yoast.com\/wordpress\/plugins\/seo\/ -->\n<title>\u0106etkovi\u0107: Vanredni izbori jedino rje\u0161enje - Lajme nga Ulqini<\/title>\n<meta name=\"description\" content=\"Predsjednik Op\u0161tinskog odbora Socijalisti\u010dke narodne partije i predsjednik odborni\u010dkog kluba \u201eBolji Ulcinj, bolja Crna Gora\u201d Andrija \u0106etkovi\u0107 ocijenio je\" \/>\n<meta name=\"robots\" content=\"index, follow, max-snippet:-1, max-image-preview:large, max-video-preview:-1\" \/>\n<link rel=\"canonical\" href=\"https:\/\/www.visit-ulcinj.com\/blog\/2013\/07\/29\/cetkovic-vanredni-izbori-jedino-rjesenje\/\" \/>\n<meta property=\"og:locale\" content=\"en_US\" \/>\n<meta property=\"og:type\" content=\"article\" \/>\n<meta property=\"og:title\" content=\"\u0106etkovi\u0107: Vanredni izbori jedino rje\u0161enje - Lajme nga Ulqini\" \/>\n<meta property=\"og:description\" content=\"Predsjednik Op\u0161tinskog odbora Socijalisti\u010dke narodne partije i predsjednik odborni\u010dkog kluba \u201eBolji Ulcinj, bolja Crna Gora\u201d Andrija \u0106etkovi\u0107 ocijenio je\" \/>\n<meta property=\"og:url\" content=\"https:\/\/www.visit-ulcinj.com\/blog\/2013\/07\/29\/cetkovic-vanredni-izbori-jedino-rjesenje\/\" \/>\n<meta property=\"og:site_name\" content=\"Lajme nga Ulqini\" \/>\n<meta property=\"article:published_time\" content=\"2013-07-29T14:26:58+00:00\" \/>\n<meta property=\"article:modified_time\" content=\"2013-07-29T14:27:23+00:00\" \/>\n<meta property=\"og:image\" content=\"http:\/\/www.visit-ulcinj.com\/blog\/wp-content\/uploads\/2013\/07\/Andrija-Cetkovic.jpg\" \/>\n<meta name=\"twitter:label1\" content=\"Written by\" \/>\n\t<meta name=\"twitter:data1\" content=\"ulqini\" \/>\n\t<meta name=\"twitter:label2\" content=\"Est. reading time\" \/>\n\t<meta name=\"twitter:data2\" content=\"2 minutes\" \/>\n<script type=\"application\/ld+json\" class=\"yoast-schema-graph\">{\"@context\":\"https:\/\/schema.org\",\"@graph\":[{\"@type\":\"WebSite\",\"@id\":\"https:\/\/www.visit-ulcinj.com\/blog\/#website\",\"url\":\"https:\/\/www.visit-ulcinj.com\/blog\/\",\"name\":\"Lajme nga Ulqini\",\"description\":\"Lajme,Vijesti,Ulqini,Ulqin,Crna Gora,Mali i Zi\",\"potentialAction\":[{\"@type\":\"SearchAction\",\"target\":{\"@type\":\"EntryPoint\",\"urlTemplate\":\"https:\/\/www.visit-ulcinj.com\/blog\/?s={search_term_string}\"},\"query-input\":\"required name=search_term_string\"}],\"inLanguage\":\"en-US\"},{\"@type\":\"ImageObject\",\"inLanguage\":\"en-US\",\"@id\":\"https:\/\/www.visit-ulcinj.com\/blog\/2013\/07\/29\/cetkovic-vanredni-izbori-jedino-rjesenje\/#primaryimage\",\"url\":\"https:\/\/www.visit-ulcinj.com\/blog\/wp-content\/uploads\/2013\/07\/Andrija-Cetkovic.jpg\",\"contentUrl\":\"https:\/\/www.visit-ulcinj.com\/blog\/wp-content\/uploads\/2013\/07\/Andrija-Cetkovic.jpg\",\"width\":490,\"height\":348},{\"@type\":\"WebPage\",\"@id\":\"https:\/\/www.visit-ulcinj.com\/blog\/2013\/07\/29\/cetkovic-vanredni-izbori-jedino-rjesenje\/#webpage\",\"url\":\"https:\/\/www.visit-ulcinj.com\/blog\/2013\/07\/29\/cetkovic-vanredni-izbori-jedino-rjesenje\/\",\"name\":\"\u0106etkovi\u0107: Vanredni izbori jedino rje\u0161enje - Lajme nga Ulqini\",\"isPartOf\":{\"@id\":\"https:\/\/www.visit-ulcinj.com\/blog\/#website\"},\"primaryImageOfPage\":{\"@id\":\"https:\/\/www.visit-ulcinj.com\/blog\/2013\/07\/29\/cetkovic-vanredni-izbori-jedino-rjesenje\/#primaryimage\"},\"datePublished\":\"2013-07-29T14:26:58+00:00\",\"dateModified\":\"2013-07-29T14:27:23+00:00\",\"author\":{\"@id\":\"https:\/\/www.visit-ulcinj.com\/blog\/#\/schema\/person\/dcab619c614d3038751c63bc2aadc06d\"},\"description\":\"Predsjednik Op\u0161tinskog odbora Socijalisti\u010dke narodne partije i predsjednik odborni\u010dkog kluba \u201eBolji Ulcinj, bolja Crna Gora\u201d Andrija \u0106etkovi\u0107 ocijenio je\",\"breadcrumb\":{\"@id\":\"https:\/\/www.visit-ulcinj.com\/blog\/2013\/07\/29\/cetkovic-vanredni-izbori-jedino-rjesenje\/#breadcrumb\"},\"inLanguage\":\"en-US\",\"potentialAction\":[{\"@type\":\"ReadAction\",\"target\":[\"https:\/\/www.visit-ulcinj.com\/blog\/2013\/07\/29\/cetkovic-vanredni-izbori-jedino-rjesenje\/\"]}]},{\"@type\":\"BreadcrumbList\",\"@id\":\"https:\/\/www.visit-ulcinj.com\/blog\/2013\/07\/29\/cetkovic-vanredni-izbori-jedino-rjesenje\/#breadcrumb\",\"itemListElement\":[{\"@type\":\"ListItem\",\"position\":1,\"name\":\"\u0106etkovi\u0107: Vanredni izbori jedino rje\u0161enje\"}]},{\"@type\":\"Person\",\"@id\":\"https:\/\/www.visit-ulcinj.com\/blog\/#\/schema\/person\/dcab619c614d3038751c63bc2aadc06d\",\"name\":\"ulqini\",\"sameAs\":[\"http:\/\/www.visit-ulcinj.com\"],\"url\":\"https:\/\/www.visit-ulcinj.com\/blog\/author\/admin\/\"}]}<\/script>\n<!-- \/ Yoast SEO plugin. -->","yoast_head_json":{"title":"\u0106etkovi\u0107: Vanredni izbori jedino rje\u0161enje - Lajme nga Ulqini","description":"Predsjednik Op\u0161tinskog odbora Socijalisti\u010dke narodne partije i predsjednik odborni\u010dkog kluba \u201eBolji Ulcinj, bolja Crna Gora\u201d Andrija \u0106etkovi\u0107 ocijenio je","robots":{"index":"index","follow":"follow","max-snippet":"max-snippet:-1","max-image-preview":"max-image-preview:large","max-video-preview":"max-video-preview:-1"},"canonical":"https:\/\/www.visit-ulcinj.com\/blog\/2013\/07\/29\/cetkovic-vanredni-izbori-jedino-rjesenje\/","og_locale":"en_US","og_type":"article","og_title":"\u0106etkovi\u0107: Vanredni izbori jedino rje\u0161enje - Lajme nga Ulqini","og_description":"Predsjednik Op\u0161tinskog odbora Socijalisti\u010dke narodne partije i predsjednik odborni\u010dkog kluba \u201eBolji Ulcinj, bolja Crna Gora\u201d Andrija \u0106etkovi\u0107 ocijenio je","og_url":"https:\/\/www.visit-ulcinj.com\/blog\/2013\/07\/29\/cetkovic-vanredni-izbori-jedino-rjesenje\/","og_site_name":"Lajme nga Ulqini","article_published_time":"2013-07-29T14:26:58+00:00","article_modified_time":"2013-07-29T14:27:23+00:00","og_image":[{"url":"http:\/\/www.visit-ulcinj.com\/blog\/wp-content\/uploads\/2013\/07\/Andrija-Cetkovic.jpg"}],"twitter_misc":{"Written by":"ulqini","Est. reading time":"2 minutes"},"schema":{"@context":"https:\/\/schema.org","@graph":[{"@type":"WebSite","@id":"https:\/\/www.visit-ulcinj.com\/blog\/#website","url":"https:\/\/www.visit-ulcinj.com\/blog\/","name":"Lajme nga Ulqini","description":"Lajme,Vijesti,Ulqini,Ulqin,Crna Gora,Mali i Zi","potentialAction":[{"@type":"SearchAction","target":{"@type":"EntryPoint","urlTemplate":"https:\/\/www.visit-ulcinj.com\/blog\/?s={search_term_string}"},"query-input":"required name=search_term_string"}],"inLanguage":"en-US"},{"@type":"ImageObject","inLanguage":"en-US","@id":"https:\/\/www.visit-ulcinj.com\/blog\/2013\/07\/29\/cetkovic-vanredni-izbori-jedino-rjesenje\/#primaryimage","url":"https:\/\/www.visit-ulcinj.com\/blog\/wp-content\/uploads\/2013\/07\/Andrija-Cetkovic.jpg","contentUrl":"https:\/\/www.visit-ulcinj.com\/blog\/wp-content\/uploads\/2013\/07\/Andrija-Cetkovic.jpg","width":490,"height":348},{"@type":"WebPage","@id":"https:\/\/www.visit-ulcinj.com\/blog\/2013\/07\/29\/cetkovic-vanredni-izbori-jedino-rjesenje\/#webpage","url":"https:\/\/www.visit-ulcinj.com\/blog\/2013\/07\/29\/cetkovic-vanredni-izbori-jedino-rjesenje\/","name":"\u0106etkovi\u0107: Vanredni izbori jedino rje\u0161enje - Lajme nga Ulqini","isPartOf":{"@id":"https:\/\/www.visit-ulcinj.com\/blog\/#website"},"primaryImageOfPage":{"@id":"https:\/\/www.visit-ulcinj.com\/blog\/2013\/07\/29\/cetkovic-vanredni-izbori-jedino-rjesenje\/#primaryimage"},"datePublished":"2013-07-29T14:26:58+00:00","dateModified":"2013-07-29T14:27:23+00:00","author":{"@id":"https:\/\/www.visit-ulcinj.com\/blog\/#\/schema\/person\/dcab619c614d3038751c63bc2aadc06d"},"description":"Predsjednik Op\u0161tinskog odbora Socijalisti\u010dke narodne partije i predsjednik odborni\u010dkog kluba \u201eBolji Ulcinj, bolja Crna Gora\u201d Andrija \u0106etkovi\u0107 ocijenio je","breadcrumb":{"@id":"https:\/\/www.visit-ulcinj.com\/blog\/2013\/07\/29\/cetkovic-vanredni-izbori-jedino-rjesenje\/#breadcrumb"},"inLanguage":"en-US","potentialAction":[{"@type":"ReadAction","target":["https:\/\/www.visit-ulcinj.com\/blog\/2013\/07\/29\/cetkovic-vanredni-izbori-jedino-rjesenje\/"]}]},{"@type":"BreadcrumbList","@id":"https:\/\/www.visit-ulcinj.com\/blog\/2013\/07\/29\/cetkovic-vanredni-izbori-jedino-rjesenje\/#breadcrumb","itemListElement":[{"@type":"ListItem","position":1,"name":"\u0106etkovi\u0107: Vanredni izbori jedino rje\u0161enje"}]},{"@type":"Person","@id":"https:\/\/www.visit-ulcinj.com\/blog\/#\/schema\/person\/dcab619c614d3038751c63bc2aadc06d","name":"ulqini","sameAs":["http:\/\/www.visit-ulcinj.com"],"url":"https:\/\/www.visit-ulcinj.com\/blog\/author\/admin\/"}]}},"jetpack_featured_media_url":"","jetpack_sharing_enabled":true,"jetpack_shortlink":"https:\/\/wp.me\/pe6lTn-jck","_links":{"self":[{"href":"https:\/\/www.visit-ulcinj.com\/blog\/wp-json\/wp\/v2\/posts\/73800"}],"collection":[{"href":"https:\/\/www.visit-ulcinj.com\/blog\/wp-json\/wp\/v2\/posts"}],"about":[{"href":"https:\/\/www.visit-ulcinj.com\/blog\/wp-json\/wp\/v2\/types\/post"}],"author":[{"embeddable":true,"href":"https:\/\/www.visit-ulcinj.com\/blog\/wp-json\/wp\/v2\/users\/1"}],"replies":[{"embeddable":true,"href":"https:\/\/www.visit-ulcinj.com\/blog\/wp-json\/wp\/v2\/comments?post=73800"}],"version-history":[{"count":3,"href":"https:\/\/www.visit-ulcinj.com\/blog\/wp-json\/wp\/v2\/posts\/73800\/revisions"}],"predecessor-version":[{"id":73804,"href":"https:\/\/www.visit-ulcinj.com\/blog\/wp-json\/wp\/v2\/posts\/73800\/revisions\/73804"}],"wp:attachment":[{"href":"https:\/\/www.visit-ulcinj.com\/blog\/wp-json\/wp\/v2\/media?parent=73800"}],"wp:term":[{"taxonomy":"category","embeddable":true,"href":"https:\/\/www.visit-ulcinj.com\/blog\/wp-json\/wp\/v2\/categories?post=73800"},{"taxonomy":"post_tag","embeddable":true,"href":"https:\/\/www.visit-ulcinj.com\/blog\/wp-json\/wp\/v2\/tags?post=73800"}],"curies":[{"name":"wp","href":"https:\/\/api.w.org\/{rel}","templated":true}]}}