{"id":73805,"date":"2013-07-29T15:40:37","date_gmt":"2013-07-29T14:40:37","guid":{"rendered":"http:\/\/www.visit-ulcinj.com\/blog\/?p=73805"},"modified":"2013-07-29T15:40:54","modified_gmt":"2013-07-29T14:40:54","slug":"ulcinj-sudar-orijenta-i-zapada","status":"publish","type":"post","link":"https:\/\/www.visit-ulcinj.com\/blog\/2013\/07\/29\/ulcinj-sudar-orijenta-i-zapada\/","title":{"rendered":"Ulcinj: \u201eSudar\u201c orijenta i zapada"},"content":{"rendered":"<p><strong><a href=\"http:\/\/www.visit-ulcinj.com\/blog\/wp-content\/uploads\/2013\/07\/ulcinj.jpg\"><img loading=\"lazy\" class=\"alignleft  wp-image-73806\" alt=\"ulcinj\" src=\"http:\/\/www.visit-ulcinj.com\/blog\/wp-content\/uploads\/2013\/07\/ulcinj.jpg\" width=\"508\" height=\"360\" \/><\/a>ULCINJ \u2013 Ulcinj je jedan od najstarijih gradova <\/strong><strong>na<\/strong><strong> <\/strong><strong>Crnogorskom<\/strong><strong> <\/strong><strong>primorju<\/strong><strong> <\/strong><strong>i bogatstvo kulturnog naslje\u0111a vidljivo je na svakom koraku. Tu su <\/strong><strong>se<\/strong><strong> <\/strong><strong>sudarale<\/strong><strong> <\/strong><strong>kulture<\/strong><strong> <\/strong><strong>orijenta<\/strong><strong> <\/strong><strong>i<\/strong><strong> <\/strong><strong>z<\/strong><strong>apada<\/strong><strong>, <\/strong><strong>a<\/strong><strong> <\/strong><strong>zbog<\/strong><strong> <\/strong><strong>izuzetnog<\/strong><strong> <\/strong><strong>polo<\/strong><strong>\u017e<\/strong><strong>aja<\/strong><strong> <\/strong><strong>Ulcinj<\/strong><strong> <\/strong><strong>je<\/strong><strong> <\/strong><strong>bio<\/strong><strong> <\/strong><strong>meta<\/strong><strong> <\/strong><strong>mnogih<\/strong><strong> <\/strong><strong>osvaja<\/strong><strong>\u010d<\/strong><strong>a<\/strong><strong>. Neki su se narodi zadr\u017eavali du\u017ee, neki kra\u0107e, ali svi su ostavili neizbrisiv trag. Kulturno istorijski spomenici svjedo\u010de da su ovdje \u017eivjeli Iliri, Rimljani, Vizantinci, Mle\u010dani, Turci\u2026 Kada ove jeseni bude zavr\u0161en elaborat, koje je pokrenulo Ministarstvo kulture Crne Gore, a na kome u svim op\u0161tinama rade arheolozi, konzervatori, arhitekte, istori\u010dari, ovim dokumentom \u0107e biti obuhva\u0107eni i evidentirani svi spomenici kulture.<\/strong><\/p>\n<p><strong>Dva i po milenijuma<\/strong><\/p>\n<p>U Starom gradu, koji obuhvata povr\u0161inu od oko tri hektara, skoncentrisana je istorija duga dvije hiljade i pet stotina godina. Na sjeveroistoku je glavna kapija Starog grada koja vodi na Trg robova, smje\u0161tenom na najvi\u0161em dijelu starogradskog poluostrva. Sa lijeve strane nalazi se Etnolo\u0161ki muzej sa izrazito bogatom zbirkom eksponata. Na ulazu u Stari grad je rampa revelina, a nasuprot njemu nalazi se visoki zid Bolani iz mleta\u010dkog doba. Tu je i turska \u010desma iz 1749. godine. Na Trgu robova se uzdi\u017ee i kula Bal\u0161i\u0107a iz XII vjeka. U blizini mora, pored svjetionika su dvije velelepne gra\u0111evine \u2013 dvorac Bal\u0161i\u0107a i palata Venecije. Ispred ju\u017enog ulaza u grad nalaze se temelji pravoslavne Bogorodi\u010dne crkve iz XII vijeka, a ne\u0161to dalje je turska barutana iz XVIII vijeka.<\/p>\n<p>&#8211; Stari grad je dobro o\u010duvan, ali to ne zna\u010di da vi\u0161e ne treba ulagati u njegovo dalje o\u010duvanje. Svake godine je potrebno izdvajati nova sredstva \u00a0&#8211; rekla je Pobjedi Mileva Nikolaidis, direktorka Etnolo\u0161kog muzeja.<\/p>\n<p><strong>\u201e<\/strong><strong>Pa<\/strong><strong>\u0161<\/strong><strong>ina<\/strong><strong> <\/strong><strong>d<\/strong><strong>\u017e<\/strong><strong>amija<\/strong><strong>\u201c\u2026<\/strong><\/p>\n<p>Iza bedema Starog grada sa\u010duvani su brojni spomenici kulture: Pa\u0161ina d\u017eamija sa amamom, Glavna d\u017eamija Namazdjah, Crkva Sv. Nikola pod Bijelom Gorom i saborna Crkva Sv. Nikola pod Meterizima iz 1890. godine, podignuta u slavu palih Crnogoraca u bojevima 1878. godine. Spomenik slobode u \u010dast NOR autora Miodraga \u017divkovi\u0107a ura\u0111en je 1985. godine. \u010cine ga dva elementa, dvije dinami\u010dne skulptorske mase visine 10 metara, iz \u010dijeg sredi\u0161ta izrastaju figuralne kompozicije.<\/p>\n<p><strong>Sva\u010d<\/strong><strong><\/strong><\/p>\n<p>Sva\u010d \u2013 Ovaj Zetski srednjovekovni grad nalazi se na proplanku iznad \u0160askog jezera u blizini Ulcinja i spada u najatraktivnije \u201emrtve gradove\u201c na Jadranu. Prema legendi, Sva\u010d je imao crkava koliko godina ima dana, ali se danas u ru\u0161evinama mogu vidjeti temelji osam crkava.<\/p>\n<p>&#8211; Kada se ove jeseni budu zavr\u0161ila arheolo\u0161ka istra\u017eivanja u Sva\u010du, temelji svih osam crkava \u0107e biti konzervirani \u2013 rekla je Pobjedi Mileva Nikolaidis.<\/p>\n<p>Na stijeni izme\u0111u Bara i Ulcinja, u zalivu Kru\u010de, nalaze se ru\u0161evine za koje se smatra da su ostatak starog Ulcinja. U toku je arheolo\u0161ko istra\u017eivanje i na ovom podru\u010dju.<\/p>\n<p><strong>Turbe \u201ePulti\u201c<\/strong><strong><\/strong><\/p>\n<p>\u201eNa\u017ealost, ima i jako puno spomenika kulture koji su potpuno neza\u0161ti\u0107eni i prepu\u0161teni ,,zubu vremena\u201c i vandalima \u2013 govori Nikolaidis. Jedan od potpuno neza\u0161ti\u0107enih dobara je turbe \u201ePulti\u201c koje se nalazi ispod pijace, a koje je ispisano grafitima i zaraslo u korov.<\/p>\n<p>&nbsp;<\/p>\n<p><em><strong>A. \u017divanovi\u0107<\/strong><\/em><br \/>\n<strong>Izvor: Pobjeda<\/strong><\/p>\n","protected":false},"excerpt":{"rendered":"<p>ULCINJ \u2013 Ulcinj je jedan od najstarijih gradova na Crnogorskom primorju i bogatstvo kulturnog naslje\u0111a vidljivo je na svakom koraku. Tu su se sudarale kulture orijenta i zapada, a zbog izuzetnog polo\u017eaja Ulcinj je bio meta mnogih osvaja\u010da. Neki su se narodi zadr\u017eavali du\u017ee, neki kra\u0107e, ali svi su ostavili neizbrisiv trag. Kulturno istorijski spomenici [&hellip;]<\/p>\n","protected":false},"author":1,"featured_media":0,"comment_status":"closed","ping_status":"closed","sticky":false,"template":"","format":"standard","meta":{"spay_email":"","jetpack_publicize_message":"","jetpack_is_tweetstorm":false,"jetpack_publicize_feature_enabled":true},"categories":[8337],"tags":[],"jetpack_publicize_connections":[],"yoast_head":"<!-- This site is optimized with the Yoast SEO plugin v19.1 - https:\/\/yoast.com\/wordpress\/plugins\/seo\/ -->\n<title>Ulcinj: \u201eSudar\u201c orijenta i zapada - Lajme nga Ulqini<\/title>\n<meta name=\"description\" content=\"ULCINJ \u2013 Ulcinj je jedan od najstarijih gradova na Crnogorskom primorju i bogatstvo kulturnog naslje\u0111a vidljivo je na svakom koraku. Tu su se sudarale\" \/>\n<meta name=\"robots\" content=\"index, follow, max-snippet:-1, max-image-preview:large, max-video-preview:-1\" \/>\n<link rel=\"canonical\" href=\"https:\/\/www.visit-ulcinj.com\/blog\/2013\/07\/29\/ulcinj-sudar-orijenta-i-zapada\/\" \/>\n<meta property=\"og:locale\" content=\"en_US\" \/>\n<meta property=\"og:type\" content=\"article\" \/>\n<meta property=\"og:title\" content=\"Ulcinj: \u201eSudar\u201c orijenta i zapada - Lajme nga Ulqini\" \/>\n<meta property=\"og:description\" content=\"ULCINJ \u2013 Ulcinj je jedan od najstarijih gradova na Crnogorskom primorju i bogatstvo kulturnog naslje\u0111a vidljivo je na svakom koraku. Tu su se sudarale\" \/>\n<meta property=\"og:url\" content=\"https:\/\/www.visit-ulcinj.com\/blog\/2013\/07\/29\/ulcinj-sudar-orijenta-i-zapada\/\" \/>\n<meta property=\"og:site_name\" content=\"Lajme nga Ulqini\" \/>\n<meta property=\"article:published_time\" content=\"2013-07-29T14:40:37+00:00\" \/>\n<meta property=\"article:modified_time\" content=\"2013-07-29T14:40:54+00:00\" \/>\n<meta property=\"og:image\" content=\"http:\/\/www.visit-ulcinj.com\/blog\/wp-content\/uploads\/2013\/07\/ulcinj.jpg\" \/>\n<meta name=\"twitter:label1\" content=\"Written by\" \/>\n\t<meta name=\"twitter:data1\" content=\"ulqini\" \/>\n\t<meta name=\"twitter:label2\" content=\"Est. reading time\" \/>\n\t<meta name=\"twitter:data2\" content=\"3 minutes\" \/>\n<script type=\"application\/ld+json\" class=\"yoast-schema-graph\">{\"@context\":\"https:\/\/schema.org\",\"@graph\":[{\"@type\":\"WebSite\",\"@id\":\"https:\/\/www.visit-ulcinj.com\/blog\/#website\",\"url\":\"https:\/\/www.visit-ulcinj.com\/blog\/\",\"name\":\"Lajme nga Ulqini\",\"description\":\"Lajme,Vijesti,Ulqini,Ulqin,Crna Gora,Mali i Zi\",\"potentialAction\":[{\"@type\":\"SearchAction\",\"target\":{\"@type\":\"EntryPoint\",\"urlTemplate\":\"https:\/\/www.visit-ulcinj.com\/blog\/?s={search_term_string}\"},\"query-input\":\"required name=search_term_string\"}],\"inLanguage\":\"en-US\"},{\"@type\":\"ImageObject\",\"inLanguage\":\"en-US\",\"@id\":\"https:\/\/www.visit-ulcinj.com\/blog\/2013\/07\/29\/ulcinj-sudar-orijenta-i-zapada\/#primaryimage\",\"url\":\"https:\/\/www.visit-ulcinj.com\/blog\/wp-content\/uploads\/2013\/07\/ulcinj.jpg\",\"contentUrl\":\"https:\/\/www.visit-ulcinj.com\/blog\/wp-content\/uploads\/2013\/07\/ulcinj.jpg\",\"width\":960,\"height\":425},{\"@type\":\"WebPage\",\"@id\":\"https:\/\/www.visit-ulcinj.com\/blog\/2013\/07\/29\/ulcinj-sudar-orijenta-i-zapada\/#webpage\",\"url\":\"https:\/\/www.visit-ulcinj.com\/blog\/2013\/07\/29\/ulcinj-sudar-orijenta-i-zapada\/\",\"name\":\"Ulcinj: \u201eSudar\u201c orijenta i zapada - Lajme nga Ulqini\",\"isPartOf\":{\"@id\":\"https:\/\/www.visit-ulcinj.com\/blog\/#website\"},\"primaryImageOfPage\":{\"@id\":\"https:\/\/www.visit-ulcinj.com\/blog\/2013\/07\/29\/ulcinj-sudar-orijenta-i-zapada\/#primaryimage\"},\"datePublished\":\"2013-07-29T14:40:37+00:00\",\"dateModified\":\"2013-07-29T14:40:54+00:00\",\"author\":{\"@id\":\"https:\/\/www.visit-ulcinj.com\/blog\/#\/schema\/person\/dcab619c614d3038751c63bc2aadc06d\"},\"description\":\"ULCINJ \u2013 Ulcinj je jedan od najstarijih gradova na Crnogorskom primorju i bogatstvo kulturnog naslje\u0111a vidljivo je na svakom koraku. Tu su se sudarale\",\"breadcrumb\":{\"@id\":\"https:\/\/www.visit-ulcinj.com\/blog\/2013\/07\/29\/ulcinj-sudar-orijenta-i-zapada\/#breadcrumb\"},\"inLanguage\":\"en-US\",\"potentialAction\":[{\"@type\":\"ReadAction\",\"target\":[\"https:\/\/www.visit-ulcinj.com\/blog\/2013\/07\/29\/ulcinj-sudar-orijenta-i-zapada\/\"]}]},{\"@type\":\"BreadcrumbList\",\"@id\":\"https:\/\/www.visit-ulcinj.com\/blog\/2013\/07\/29\/ulcinj-sudar-orijenta-i-zapada\/#breadcrumb\",\"itemListElement\":[{\"@type\":\"ListItem\",\"position\":1,\"name\":\"Ulcinj: \u201eSudar\u201c orijenta i zapada\"}]},{\"@type\":\"Person\",\"@id\":\"https:\/\/www.visit-ulcinj.com\/blog\/#\/schema\/person\/dcab619c614d3038751c63bc2aadc06d\",\"name\":\"ulqini\",\"sameAs\":[\"http:\/\/www.visit-ulcinj.com\"],\"url\":\"https:\/\/www.visit-ulcinj.com\/blog\/author\/admin\/\"}]}<\/script>\n<!-- \/ Yoast SEO plugin. -->","yoast_head_json":{"title":"Ulcinj: \u201eSudar\u201c orijenta i zapada - Lajme nga Ulqini","description":"ULCINJ \u2013 Ulcinj je jedan od najstarijih gradova na Crnogorskom primorju i bogatstvo kulturnog naslje\u0111a vidljivo je na svakom koraku. Tu su se sudarale","robots":{"index":"index","follow":"follow","max-snippet":"max-snippet:-1","max-image-preview":"max-image-preview:large","max-video-preview":"max-video-preview:-1"},"canonical":"https:\/\/www.visit-ulcinj.com\/blog\/2013\/07\/29\/ulcinj-sudar-orijenta-i-zapada\/","og_locale":"en_US","og_type":"article","og_title":"Ulcinj: \u201eSudar\u201c orijenta i zapada - Lajme nga Ulqini","og_description":"ULCINJ \u2013 Ulcinj je jedan od najstarijih gradova na Crnogorskom primorju i bogatstvo kulturnog naslje\u0111a vidljivo je na svakom koraku. Tu su se sudarale","og_url":"https:\/\/www.visit-ulcinj.com\/blog\/2013\/07\/29\/ulcinj-sudar-orijenta-i-zapada\/","og_site_name":"Lajme nga Ulqini","article_published_time":"2013-07-29T14:40:37+00:00","article_modified_time":"2013-07-29T14:40:54+00:00","og_image":[{"url":"http:\/\/www.visit-ulcinj.com\/blog\/wp-content\/uploads\/2013\/07\/ulcinj.jpg"}],"twitter_misc":{"Written by":"ulqini","Est. reading time":"3 minutes"},"schema":{"@context":"https:\/\/schema.org","@graph":[{"@type":"WebSite","@id":"https:\/\/www.visit-ulcinj.com\/blog\/#website","url":"https:\/\/www.visit-ulcinj.com\/blog\/","name":"Lajme nga Ulqini","description":"Lajme,Vijesti,Ulqini,Ulqin,Crna Gora,Mali i Zi","potentialAction":[{"@type":"SearchAction","target":{"@type":"EntryPoint","urlTemplate":"https:\/\/www.visit-ulcinj.com\/blog\/?s={search_term_string}"},"query-input":"required name=search_term_string"}],"inLanguage":"en-US"},{"@type":"ImageObject","inLanguage":"en-US","@id":"https:\/\/www.visit-ulcinj.com\/blog\/2013\/07\/29\/ulcinj-sudar-orijenta-i-zapada\/#primaryimage","url":"https:\/\/www.visit-ulcinj.com\/blog\/wp-content\/uploads\/2013\/07\/ulcinj.jpg","contentUrl":"https:\/\/www.visit-ulcinj.com\/blog\/wp-content\/uploads\/2013\/07\/ulcinj.jpg","width":960,"height":425},{"@type":"WebPage","@id":"https:\/\/www.visit-ulcinj.com\/blog\/2013\/07\/29\/ulcinj-sudar-orijenta-i-zapada\/#webpage","url":"https:\/\/www.visit-ulcinj.com\/blog\/2013\/07\/29\/ulcinj-sudar-orijenta-i-zapada\/","name":"Ulcinj: \u201eSudar\u201c orijenta i zapada - Lajme nga Ulqini","isPartOf":{"@id":"https:\/\/www.visit-ulcinj.com\/blog\/#website"},"primaryImageOfPage":{"@id":"https:\/\/www.visit-ulcinj.com\/blog\/2013\/07\/29\/ulcinj-sudar-orijenta-i-zapada\/#primaryimage"},"datePublished":"2013-07-29T14:40:37+00:00","dateModified":"2013-07-29T14:40:54+00:00","author":{"@id":"https:\/\/www.visit-ulcinj.com\/blog\/#\/schema\/person\/dcab619c614d3038751c63bc2aadc06d"},"description":"ULCINJ \u2013 Ulcinj je jedan od najstarijih gradova na Crnogorskom primorju i bogatstvo kulturnog naslje\u0111a vidljivo je na svakom koraku. Tu su se sudarale","breadcrumb":{"@id":"https:\/\/www.visit-ulcinj.com\/blog\/2013\/07\/29\/ulcinj-sudar-orijenta-i-zapada\/#breadcrumb"},"inLanguage":"en-US","potentialAction":[{"@type":"ReadAction","target":["https:\/\/www.visit-ulcinj.com\/blog\/2013\/07\/29\/ulcinj-sudar-orijenta-i-zapada\/"]}]},{"@type":"BreadcrumbList","@id":"https:\/\/www.visit-ulcinj.com\/blog\/2013\/07\/29\/ulcinj-sudar-orijenta-i-zapada\/#breadcrumb","itemListElement":[{"@type":"ListItem","position":1,"name":"Ulcinj: \u201eSudar\u201c orijenta i zapada"}]},{"@type":"Person","@id":"https:\/\/www.visit-ulcinj.com\/blog\/#\/schema\/person\/dcab619c614d3038751c63bc2aadc06d","name":"ulqini","sameAs":["http:\/\/www.visit-ulcinj.com"],"url":"https:\/\/www.visit-ulcinj.com\/blog\/author\/admin\/"}]}},"jetpack_featured_media_url":"","jetpack_sharing_enabled":true,"jetpack_shortlink":"https:\/\/wp.me\/pe6lTn-jcp","_links":{"self":[{"href":"https:\/\/www.visit-ulcinj.com\/blog\/wp-json\/wp\/v2\/posts\/73805"}],"collection":[{"href":"https:\/\/www.visit-ulcinj.com\/blog\/wp-json\/wp\/v2\/posts"}],"about":[{"href":"https:\/\/www.visit-ulcinj.com\/blog\/wp-json\/wp\/v2\/types\/post"}],"author":[{"embeddable":true,"href":"https:\/\/www.visit-ulcinj.com\/blog\/wp-json\/wp\/v2\/users\/1"}],"replies":[{"embeddable":true,"href":"https:\/\/www.visit-ulcinj.com\/blog\/wp-json\/wp\/v2\/comments?post=73805"}],"version-history":[{"count":2,"href":"https:\/\/www.visit-ulcinj.com\/blog\/wp-json\/wp\/v2\/posts\/73805\/revisions"}],"predecessor-version":[{"id":73808,"href":"https:\/\/www.visit-ulcinj.com\/blog\/wp-json\/wp\/v2\/posts\/73805\/revisions\/73808"}],"wp:attachment":[{"href":"https:\/\/www.visit-ulcinj.com\/blog\/wp-json\/wp\/v2\/media?parent=73805"}],"wp:term":[{"taxonomy":"category","embeddable":true,"href":"https:\/\/www.visit-ulcinj.com\/blog\/wp-json\/wp\/v2\/categories?post=73805"},{"taxonomy":"post_tag","embeddable":true,"href":"https:\/\/www.visit-ulcinj.com\/blog\/wp-json\/wp\/v2\/tags?post=73805"}],"curies":[{"name":"wp","href":"https:\/\/api.w.org\/{rel}","templated":true}]}}