{"id":73819,"date":"2013-07-29T17:12:39","date_gmt":"2013-07-29T16:12:39","guid":{"rendered":"http:\/\/www.visit-ulcinj.com\/blog\/?p=73819"},"modified":"2013-07-29T17:12:39","modified_gmt":"2013-07-29T16:12:39","slug":"doli-nga-shtypi-numri-39-i-revistes-buzuku","status":"publish","type":"post","link":"https:\/\/www.visit-ulcinj.com\/blog\/2013\/07\/29\/doli-nga-shtypi-numri-39-i-revistes-buzuku\/","title":{"rendered":"Doli nga shtypi numri 39 i revist\u00ebs \u201cBuzuku\u201d"},"content":{"rendered":"<p><strong>Ulqin \u2013 Revista \u201cBuzuku\u201d e cila deri tani \u00ebsht\u00eb botuar si organ i Shoqat\u00ebs \u201cDon Gjon Buzuku\u201d, n\u00eb t\u00eb ardhmen do t\u00eb dal\u00eb si revist\u00eb e pavarur. Kryeredaktori i saj, Sim\u00eb Gjon Dobreci, i njofton lexuesit se prej k\u00ebtij numri (39), \u201cBuzuku\u201d \u201cdel si botim privat, me nji shkronj\u00eb ma tep\u00ebr n\u00eb em\u00ebn t\u2019revist\u00ebs\u201d.<br \/>\n<a href=\"http:\/\/www.visit-ulcinj.com\/blog\/wp-content\/uploads\/2013\/07\/Revista-Buzuku-Ulqin.jpg\"><img loading=\"lazy\" class=\"alignleft  wp-image-73820\" alt=\"Revista Buzuku-Ulqin\" src=\"http:\/\/www.visit-ulcinj.com\/blog\/wp-content\/uploads\/2013\/07\/Revista-Buzuku-Ulqin.jpg\" width=\"508\" height=\"600\" \/><\/a><br \/>\n<\/strong><\/p>\n<p>Ai sqaron se p\u00ebr botimin e kat\u00ebr numrave t\u00eb fundit t\u00eb k\u00ebsaj reviste, nuk ka pasur asnj\u00eb ndihm\u00eb financiare nga Shoqata \u201cDon Gjon Buzuku\u201d. Numri i ri i k\u00ebsaj reviste vazhdon fizionomin\u00eb e numrave t\u00eb m\u00ebparsh\u00ebm,\u00a0 duke u marr\u00eb kryesisht me probleme t\u00eb identitetit t\u00eb shestanasve, por edhe me \u00e7\u00ebshtje t\u00eb tjera q\u00eb lidhen me shqiptar\u00ebt n\u00eb Mal t\u00eb Zi dhe m\u00eb gjer\u00eb.<\/p>\n<p>N\u00eb k\u00ebt\u00eb num\u00ebr \u00ebsht\u00eb botuar artikulli i Gjok\u00eb Dabajt \u201cT\u00eb shkojm\u00eb mir\u00eb nj\u00ebri me tjetrin\u201d. Drejtori i revist\u00ebs \u201cJeta Arb\u00ebreshe\u201d, Agostino Giordano, ka botuar artikullin \u201cTurqit, t\u00eb p\u00ebrz\u00ebn\u00eb ka dera, rihyjn\u00eb ka drit\u00ebsorja\u201d. Rubrika \u201cP\u00ebrvjetor\u201d i kushtohet 310-vjetorit t\u00eb Kuvendit t\u00eb Arb\u00ebnit, p\u00ebr t\u00eb cilin ka shkruar Paul Tedeschini. \u201cBuzuku-b\u201d sjell po ashtu edhe tekstin dhe list\u00ebn e n\u00ebnshkruesve t\u00eb Peticionit t\u00eb intelektual\u00ebve kund\u00ebr rishikimit t\u00eb historis\u00eb nga turqit. N\u00eb artikullin e tij, arkeologu Anton Lulgjuraj shkruan p\u00ebr zbulimin e tri kishave t\u00eb reja n\u00eb Shas gjat\u00eb g\u00ebrmimeve t\u00eb fundit arkeologjike. Nga shtypi i huaj \u00ebsht\u00eb botuar artikulli \u201cDiskriminimi i shqiptar\u00ebve n\u00eb Greqi\u201d.<\/p>\n<p>Nj\u00eb artikull tjet\u00ebr q\u00eb lidhet me p\u00ebrvjetor \u00ebsht\u00eb \u201cKonstandini i Madh n\u00eb kontekstin dardan dhe Dardani\u201d i prof. Dr. Jahja Dran\u00e7ollit. N\u00eb k\u00ebt\u00eb num\u00ebr t\u00eb revist\u00ebs \u201cBuzuku\u201d jan\u00eb botuar artikujt mbi konferenc\u00ebn shkencore \u201cMasakra e Tivarit 1945\u201d, t\u00eb organizuar nga K\u00ebshilli Nacional i Shqiptar\u00ebve n\u00eb Malin e Zi, dhe p\u00ebrurimi i librit me p\u00ebrmbledhjen e kumtesave nga konferenca shkencore \u201cKraja me ve\u00e7antit\u00eb shestanase n\u00eb rrjedh\u00ebn e shekujve\u201d. K\u00ebtij botimi i kushtohet edhe artikulli i prof. Dr. Hajrullah Koliqit \u201cP\u00ebrmedore e kujtes\u00ebs historike t\u00eb Shestanit dhe t\u00eb Kraj\u00ebs n\u00eb t\u00ebr\u00ebsi\u201d. Po ashtu raportohet mbi kremtimin e Dit\u00ebs s\u00eb M\u00ebsuesit, p\u00ebrurimin e librit t\u00eb dr. Bahri Briskut \u201cK\u00ebng\u00eb popullore t\u00eb shqiptar\u00ebve n\u00eb Mal t\u00eb Zi\u201d, p\u00ebrurimin e monografis\u00eb \u201cShkolla n\u00eb Kraj\u00eb 1929-2009\u201d t\u00eb Ali Gje\u00e7britajt dhe monografis\u00eb mbi Petro Nini Luarasin, t\u00eb p\u00ebrgatitur nga studiuesi Alfred U\u00e7i.<\/p>\n<p>N\u00eb rubrik\u00ebn \u201cDiaspora\u201d \u00ebsht\u00eb publikuar artikulli mbi kremtimin e 100-vjetorit t\u00eb Pavar\u00ebsis\u00eb s\u00eb Shqip\u00ebris\u00eb nga shqiptar\u00ebt n\u00eb Nju Jork,si dhe p\u00ebr ndihm\u00ebn e m\u00ebrgimtar\u00ebve nga Amerika p\u00ebr Sht\u00ebpin\u00eb e Sh\u00ebndetit n\u00eb Ulqin. Kryeredaktori i revist\u00ebs \u201cBuzuku-b\u201d, Sim\u00eb Gjon Dobreci, shkruan mbi tradit\u00ebn e daljes n\u00eb majen e Rumis\u00eb. Prim. Dr. Gani Karamanaga sjell artikullin mbi \u201cPrincipet e p\u00ebrdorimit racional t\u00eb antibiotik\u00ebve\u201d, kurse n\u00eb rubrik\u00ebn \u201cArsim\u201d, Mikel Gojani flet\u00a0 p\u00ebr 115-vjetorin e shkoll\u00ebs shqipe n\u00eb Zllakuqan t\u00eb Klin\u00ebs.<\/p>\n<p>Krijuesja e re, Flutur Mustafa, prezantohet me proz\u00ebn \u201cRr\u00ebfim i birit Ulqin\u201d. Revista mbyllet me dy letra t\u00eb lexuesve, ku nj\u00ebra flet mbi tradit\u00ebn e daljes n\u00eb Rumi, kurse tjetra mban titullin \u201cDueje gjuh\u00ebn tane\u201d.<\/p>\n<p>&nbsp;<\/p>\n<p><strong>Kohapress<\/strong><\/p>\n","protected":false},"excerpt":{"rendered":"<p>Ulqin \u2013 Revista \u201cBuzuku\u201d e cila deri tani \u00ebsht\u00eb botuar si organ i Shoqat\u00ebs \u201cDon Gjon Buzuku\u201d, n\u00eb t\u00eb ardhmen do t\u00eb dal\u00eb si revist\u00eb e pavarur. Kryeredaktori i saj, Sim\u00eb Gjon Dobreci, i njofton lexuesit se prej k\u00ebtij numri (39), \u201cBuzuku\u201d \u201cdel si botim privat, me nji shkronj\u00eb ma tep\u00ebr n\u00eb em\u00ebn t\u2019revist\u00ebs\u201d. Ai [&hellip;]<\/p>\n","protected":false},"author":1,"featured_media":0,"comment_status":"closed","ping_status":"closed","sticky":false,"template":"","format":"standard","meta":{"spay_email":"","jetpack_publicize_message":"","jetpack_is_tweetstorm":false,"jetpack_publicize_feature_enabled":true},"categories":[12],"tags":[],"jetpack_publicize_connections":[],"yoast_head":"<!-- This site is optimized with the Yoast SEO plugin v19.1 - https:\/\/yoast.com\/wordpress\/plugins\/seo\/ -->\n<title>Doli nga shtypi numri 39 i revist\u00ebs \u201cBuzuku\u201d - Lajme nga Ulqini<\/title>\n<meta name=\"description\" content=\"Ulqin \u2013 Revista \u201cBuzuku\u201d e cila deri tani \u00ebsht\u00eb botuar si organ i Shoqat\u00ebs \u201cDon Gjon Buzuku\u201d, n\u00eb t\u00eb ardhmen do t\u00eb dal\u00eb si revist\u00eb e pavarur. Kryeredaktori\" \/>\n<meta name=\"robots\" content=\"index, follow, max-snippet:-1, max-image-preview:large, max-video-preview:-1\" \/>\n<link rel=\"canonical\" href=\"https:\/\/www.visit-ulcinj.com\/blog\/2013\/07\/29\/doli-nga-shtypi-numri-39-i-revistes-buzuku\/\" \/>\n<meta property=\"og:locale\" content=\"en_US\" \/>\n<meta property=\"og:type\" content=\"article\" \/>\n<meta property=\"og:title\" content=\"Doli nga shtypi numri 39 i revist\u00ebs \u201cBuzuku\u201d - Lajme nga Ulqini\" \/>\n<meta property=\"og:description\" content=\"Ulqin \u2013 Revista \u201cBuzuku\u201d e cila deri tani \u00ebsht\u00eb botuar si organ i Shoqat\u00ebs \u201cDon Gjon Buzuku\u201d, n\u00eb t\u00eb ardhmen do t\u00eb dal\u00eb si revist\u00eb e pavarur. Kryeredaktori\" \/>\n<meta property=\"og:url\" content=\"https:\/\/www.visit-ulcinj.com\/blog\/2013\/07\/29\/doli-nga-shtypi-numri-39-i-revistes-buzuku\/\" \/>\n<meta property=\"og:site_name\" content=\"Lajme nga Ulqini\" \/>\n<meta property=\"article:published_time\" content=\"2013-07-29T16:12:39+00:00\" \/>\n<meta property=\"og:image\" content=\"http:\/\/www.visit-ulcinj.com\/blog\/wp-content\/uploads\/2013\/07\/Revista-Buzuku-Ulqin.jpg\" \/>\n<meta name=\"twitter:label1\" content=\"Written by\" \/>\n\t<meta name=\"twitter:data1\" content=\"ulqini\" \/>\n\t<meta name=\"twitter:label2\" content=\"Est. reading time\" \/>\n\t<meta name=\"twitter:data2\" content=\"3 minutes\" \/>\n<script type=\"application\/ld+json\" class=\"yoast-schema-graph\">{\"@context\":\"https:\/\/schema.org\",\"@graph\":[{\"@type\":\"WebSite\",\"@id\":\"https:\/\/www.visit-ulcinj.com\/blog\/#website\",\"url\":\"https:\/\/www.visit-ulcinj.com\/blog\/\",\"name\":\"Lajme nga Ulqini\",\"description\":\"Lajme,Vijesti,Ulqini,Ulqin,Crna Gora,Mali i Zi\",\"potentialAction\":[{\"@type\":\"SearchAction\",\"target\":{\"@type\":\"EntryPoint\",\"urlTemplate\":\"https:\/\/www.visit-ulcinj.com\/blog\/?s={search_term_string}\"},\"query-input\":\"required name=search_term_string\"}],\"inLanguage\":\"en-US\"},{\"@type\":\"ImageObject\",\"inLanguage\":\"en-US\",\"@id\":\"https:\/\/www.visit-ulcinj.com\/blog\/2013\/07\/29\/doli-nga-shtypi-numri-39-i-revistes-buzuku\/#primaryimage\",\"url\":\"https:\/\/www.visit-ulcinj.com\/blog\/wp-content\/uploads\/2013\/07\/Revista-Buzuku-Ulqin.jpg\",\"contentUrl\":\"https:\/\/www.visit-ulcinj.com\/blog\/wp-content\/uploads\/2013\/07\/Revista-Buzuku-Ulqin.jpg\",\"width\":453,\"height\":600},{\"@type\":\"WebPage\",\"@id\":\"https:\/\/www.visit-ulcinj.com\/blog\/2013\/07\/29\/doli-nga-shtypi-numri-39-i-revistes-buzuku\/#webpage\",\"url\":\"https:\/\/www.visit-ulcinj.com\/blog\/2013\/07\/29\/doli-nga-shtypi-numri-39-i-revistes-buzuku\/\",\"name\":\"Doli nga shtypi numri 39 i revist\u00ebs \u201cBuzuku\u201d - Lajme nga Ulqini\",\"isPartOf\":{\"@id\":\"https:\/\/www.visit-ulcinj.com\/blog\/#website\"},\"primaryImageOfPage\":{\"@id\":\"https:\/\/www.visit-ulcinj.com\/blog\/2013\/07\/29\/doli-nga-shtypi-numri-39-i-revistes-buzuku\/#primaryimage\"},\"datePublished\":\"2013-07-29T16:12:39+00:00\",\"dateModified\":\"2013-07-29T16:12:39+00:00\",\"author\":{\"@id\":\"https:\/\/www.visit-ulcinj.com\/blog\/#\/schema\/person\/dcab619c614d3038751c63bc2aadc06d\"},\"description\":\"Ulqin \u2013 Revista \u201cBuzuku\u201d e cila deri tani \u00ebsht\u00eb botuar si organ i Shoqat\u00ebs \u201cDon Gjon Buzuku\u201d, n\u00eb t\u00eb ardhmen do t\u00eb dal\u00eb si revist\u00eb e pavarur. Kryeredaktori\",\"breadcrumb\":{\"@id\":\"https:\/\/www.visit-ulcinj.com\/blog\/2013\/07\/29\/doli-nga-shtypi-numri-39-i-revistes-buzuku\/#breadcrumb\"},\"inLanguage\":\"en-US\",\"potentialAction\":[{\"@type\":\"ReadAction\",\"target\":[\"https:\/\/www.visit-ulcinj.com\/blog\/2013\/07\/29\/doli-nga-shtypi-numri-39-i-revistes-buzuku\/\"]}]},{\"@type\":\"BreadcrumbList\",\"@id\":\"https:\/\/www.visit-ulcinj.com\/blog\/2013\/07\/29\/doli-nga-shtypi-numri-39-i-revistes-buzuku\/#breadcrumb\",\"itemListElement\":[{\"@type\":\"ListItem\",\"position\":1,\"name\":\"Doli nga shtypi numri 39 i revist\u00ebs \u201cBuzuku\u201d\"}]},{\"@type\":\"Person\",\"@id\":\"https:\/\/www.visit-ulcinj.com\/blog\/#\/schema\/person\/dcab619c614d3038751c63bc2aadc06d\",\"name\":\"ulqini\",\"sameAs\":[\"http:\/\/www.visit-ulcinj.com\"],\"url\":\"https:\/\/www.visit-ulcinj.com\/blog\/author\/admin\/\"}]}<\/script>\n<!-- \/ Yoast SEO plugin. -->","yoast_head_json":{"title":"Doli nga shtypi numri 39 i revist\u00ebs \u201cBuzuku\u201d - Lajme nga Ulqini","description":"Ulqin \u2013 Revista \u201cBuzuku\u201d e cila deri tani \u00ebsht\u00eb botuar si organ i Shoqat\u00ebs \u201cDon Gjon Buzuku\u201d, n\u00eb t\u00eb ardhmen do t\u00eb dal\u00eb si revist\u00eb e pavarur. Kryeredaktori","robots":{"index":"index","follow":"follow","max-snippet":"max-snippet:-1","max-image-preview":"max-image-preview:large","max-video-preview":"max-video-preview:-1"},"canonical":"https:\/\/www.visit-ulcinj.com\/blog\/2013\/07\/29\/doli-nga-shtypi-numri-39-i-revistes-buzuku\/","og_locale":"en_US","og_type":"article","og_title":"Doli nga shtypi numri 39 i revist\u00ebs \u201cBuzuku\u201d - Lajme nga Ulqini","og_description":"Ulqin \u2013 Revista \u201cBuzuku\u201d e cila deri tani \u00ebsht\u00eb botuar si organ i Shoqat\u00ebs \u201cDon Gjon Buzuku\u201d, n\u00eb t\u00eb ardhmen do t\u00eb dal\u00eb si revist\u00eb e pavarur. Kryeredaktori","og_url":"https:\/\/www.visit-ulcinj.com\/blog\/2013\/07\/29\/doli-nga-shtypi-numri-39-i-revistes-buzuku\/","og_site_name":"Lajme nga Ulqini","article_published_time":"2013-07-29T16:12:39+00:00","og_image":[{"url":"http:\/\/www.visit-ulcinj.com\/blog\/wp-content\/uploads\/2013\/07\/Revista-Buzuku-Ulqin.jpg"}],"twitter_misc":{"Written by":"ulqini","Est. reading time":"3 minutes"},"schema":{"@context":"https:\/\/schema.org","@graph":[{"@type":"WebSite","@id":"https:\/\/www.visit-ulcinj.com\/blog\/#website","url":"https:\/\/www.visit-ulcinj.com\/blog\/","name":"Lajme nga Ulqini","description":"Lajme,Vijesti,Ulqini,Ulqin,Crna Gora,Mali i Zi","potentialAction":[{"@type":"SearchAction","target":{"@type":"EntryPoint","urlTemplate":"https:\/\/www.visit-ulcinj.com\/blog\/?s={search_term_string}"},"query-input":"required name=search_term_string"}],"inLanguage":"en-US"},{"@type":"ImageObject","inLanguage":"en-US","@id":"https:\/\/www.visit-ulcinj.com\/blog\/2013\/07\/29\/doli-nga-shtypi-numri-39-i-revistes-buzuku\/#primaryimage","url":"https:\/\/www.visit-ulcinj.com\/blog\/wp-content\/uploads\/2013\/07\/Revista-Buzuku-Ulqin.jpg","contentUrl":"https:\/\/www.visit-ulcinj.com\/blog\/wp-content\/uploads\/2013\/07\/Revista-Buzuku-Ulqin.jpg","width":453,"height":600},{"@type":"WebPage","@id":"https:\/\/www.visit-ulcinj.com\/blog\/2013\/07\/29\/doli-nga-shtypi-numri-39-i-revistes-buzuku\/#webpage","url":"https:\/\/www.visit-ulcinj.com\/blog\/2013\/07\/29\/doli-nga-shtypi-numri-39-i-revistes-buzuku\/","name":"Doli nga shtypi numri 39 i revist\u00ebs \u201cBuzuku\u201d - Lajme nga Ulqini","isPartOf":{"@id":"https:\/\/www.visit-ulcinj.com\/blog\/#website"},"primaryImageOfPage":{"@id":"https:\/\/www.visit-ulcinj.com\/blog\/2013\/07\/29\/doli-nga-shtypi-numri-39-i-revistes-buzuku\/#primaryimage"},"datePublished":"2013-07-29T16:12:39+00:00","dateModified":"2013-07-29T16:12:39+00:00","author":{"@id":"https:\/\/www.visit-ulcinj.com\/blog\/#\/schema\/person\/dcab619c614d3038751c63bc2aadc06d"},"description":"Ulqin \u2013 Revista \u201cBuzuku\u201d e cila deri tani \u00ebsht\u00eb botuar si organ i Shoqat\u00ebs \u201cDon Gjon Buzuku\u201d, n\u00eb t\u00eb ardhmen do t\u00eb dal\u00eb si revist\u00eb e pavarur. Kryeredaktori","breadcrumb":{"@id":"https:\/\/www.visit-ulcinj.com\/blog\/2013\/07\/29\/doli-nga-shtypi-numri-39-i-revistes-buzuku\/#breadcrumb"},"inLanguage":"en-US","potentialAction":[{"@type":"ReadAction","target":["https:\/\/www.visit-ulcinj.com\/blog\/2013\/07\/29\/doli-nga-shtypi-numri-39-i-revistes-buzuku\/"]}]},{"@type":"BreadcrumbList","@id":"https:\/\/www.visit-ulcinj.com\/blog\/2013\/07\/29\/doli-nga-shtypi-numri-39-i-revistes-buzuku\/#breadcrumb","itemListElement":[{"@type":"ListItem","position":1,"name":"Doli nga shtypi numri 39 i revist\u00ebs \u201cBuzuku\u201d"}]},{"@type":"Person","@id":"https:\/\/www.visit-ulcinj.com\/blog\/#\/schema\/person\/dcab619c614d3038751c63bc2aadc06d","name":"ulqini","sameAs":["http:\/\/www.visit-ulcinj.com"],"url":"https:\/\/www.visit-ulcinj.com\/blog\/author\/admin\/"}]}},"jetpack_featured_media_url":"","jetpack_sharing_enabled":true,"jetpack_shortlink":"https:\/\/wp.me\/pe6lTn-jcD","_links":{"self":[{"href":"https:\/\/www.visit-ulcinj.com\/blog\/wp-json\/wp\/v2\/posts\/73819"}],"collection":[{"href":"https:\/\/www.visit-ulcinj.com\/blog\/wp-json\/wp\/v2\/posts"}],"about":[{"href":"https:\/\/www.visit-ulcinj.com\/blog\/wp-json\/wp\/v2\/types\/post"}],"author":[{"embeddable":true,"href":"https:\/\/www.visit-ulcinj.com\/blog\/wp-json\/wp\/v2\/users\/1"}],"replies":[{"embeddable":true,"href":"https:\/\/www.visit-ulcinj.com\/blog\/wp-json\/wp\/v2\/comments?post=73819"}],"version-history":[{"count":2,"href":"https:\/\/www.visit-ulcinj.com\/blog\/wp-json\/wp\/v2\/posts\/73819\/revisions"}],"predecessor-version":[{"id":73822,"href":"https:\/\/www.visit-ulcinj.com\/blog\/wp-json\/wp\/v2\/posts\/73819\/revisions\/73822"}],"wp:attachment":[{"href":"https:\/\/www.visit-ulcinj.com\/blog\/wp-json\/wp\/v2\/media?parent=73819"}],"wp:term":[{"taxonomy":"category","embeddable":true,"href":"https:\/\/www.visit-ulcinj.com\/blog\/wp-json\/wp\/v2\/categories?post=73819"},{"taxonomy":"post_tag","embeddable":true,"href":"https:\/\/www.visit-ulcinj.com\/blog\/wp-json\/wp\/v2\/tags?post=73819"}],"curies":[{"name":"wp","href":"https:\/\/api.w.org\/{rel}","templated":true}]}}