{"id":73827,"date":"2013-07-29T18:36:24","date_gmt":"2013-07-29T17:36:24","guid":{"rendered":"http:\/\/www.visit-ulcinj.com\/blog\/?p=73827"},"modified":"2013-07-29T19:09:09","modified_gmt":"2013-07-29T18:09:09","slug":"u-ulcinju-feriha-muratovic-polozila-zakletvu","status":"publish","type":"post","link":"https:\/\/www.visit-ulcinj.com\/blog\/2013\/07\/29\/u-ulcinju-feriha-muratovic-polozila-zakletvu\/","title":{"rendered":"U Ulcinju Feriha Muratovi\u0107 polo\u017eila zakletvu + Foto"},"content":{"rendered":"<p><a href=\"http:\/\/www.visit-ulcinj.com\/blog\/wp-content\/uploads\/2013\/07\/Feriha-Muratovic-polozila-zakletvu.jpg\"><img loading=\"lazy\" class=\"alignleft  wp-image-73829\" alt=\"Feriha Muratovic polozila zakletvu\" src=\"http:\/\/www.visit-ulcinj.com\/blog\/wp-content\/uploads\/2013\/07\/Feriha-Muratovic-polozila-zakletvu.jpg\" width=\"508\" height=\"360\" \/><\/a>Osnovni dr\u017eavni tu\u017eilac u Ulcinju Feriha Muratovi\u0107 polo\u017eila je danas zakletvu povodom stupanja na du\u017enost.<\/p>\n<p>Kako je saop\u0161teno iz parlamenta, Muratovi\u0107 je zakletvu polo\u017eila pred predsjednikom Skup\u0161tine Rankom Krivokapi\u0107em.<\/p>\n<p>Nju je na tu funkciju predlo\u017eio Tu\u017eila\u010dki savjet.<\/p>\n<p>Muratovi\u0107, kako je obrazlo\u017eeno, pored stru\u010dnosti i a\u017eurnosti posjeduje profesionalni i li\u010dni ugled za obavljanje tu\u017eila\u010dke funkcije.<\/p>\n<p>Ona je do sada bila zamjenik osnovnog dr\u017eavnog tu\u017eioca u Ulcinju.<\/p>\n<p>&nbsp;<\/p>\n<p><strong>(MINA)<\/strong><\/p>\n<p><strong>Izvor: Analitika &#8211; Informativni Portal<\/strong><\/p>\n<p><a href=\"http:\/\/www.visit-ulcinj.com\/blog\/wp-content\/uploads\/2013\/07\/Betimi-prokurores-Feriha-Muratoviq-2.jpg\"><img loading=\"lazy\" class=\"alignleft  wp-image-73838\" alt=\"Betimi-prokurores-Feriha-Muratoviq-2\" src=\"http:\/\/www.visit-ulcinj.com\/blog\/wp-content\/uploads\/2013\/07\/Betimi-prokurores-Feriha-Muratoviq-2.jpg\" width=\"506\" height=\"360\" \/><\/a><\/p>\n<p><a href=\"http:\/\/www.visit-ulcinj.com\/blog\/wp-content\/uploads\/2013\/07\/Betimi-prokurores-Feriha-Muratoviq-3.jpg\"><img loading=\"lazy\" src=\"http:\/\/www.visit-ulcinj.com\/blog\/wp-content\/uploads\/2013\/07\/Betimi-prokurores-Feriha-Muratoviq-3.jpg\" alt=\"Betimi-prokurores-Feriha-Muratoviq-3\" width=\"508\" height=\"360\" class=\"alignleft size-full wp-image-73835\" \/><\/a><\/p>\n<p><a href=\"http:\/\/www.visit-ulcinj.com\/blog\/wp-content\/uploads\/2013\/07\/Betimi-prokurores-Feriha-Muratoviq-1.jpg\"><img loading=\"lazy\" src=\"http:\/\/www.visit-ulcinj.com\/blog\/wp-content\/uploads\/2013\/07\/Betimi-prokurores-Feriha-Muratoviq-1.jpg\" alt=\"Betimi-prokurores-Feriha-Muratoviq-1\" width=\"508\" height=\"360\" class=\"alignleft size-full wp-image-73837\" \/><\/a><\/p>\n","protected":false},"excerpt":{"rendered":"<p>Osnovni dr\u017eavni tu\u017eilac u Ulcinju Feriha Muratovi\u0107 polo\u017eila je danas zakletvu povodom stupanja na du\u017enost. Kako je saop\u0161teno iz parlamenta, Muratovi\u0107 je zakletvu polo\u017eila pred predsjednikom Skup\u0161tine Rankom Krivokapi\u0107em. Nju je na tu funkciju predlo\u017eio Tu\u017eila\u010dki savjet. Muratovi\u0107, kako je obrazlo\u017eeno, pored stru\u010dnosti i a\u017eurnosti posjeduje profesionalni i li\u010dni ugled za obavljanje tu\u017eila\u010dke funkcije. Ona [&hellip;]<\/p>\n","protected":false},"author":1,"featured_media":0,"comment_status":"closed","ping_status":"closed","sticky":false,"template":"","format":"standard","meta":{"spay_email":"","jetpack_publicize_message":"","jetpack_is_tweetstorm":false,"jetpack_publicize_feature_enabled":true},"categories":[8337],"tags":[],"jetpack_publicize_connections":[],"yoast_head":"<!-- This site is optimized with the Yoast SEO plugin v19.1 - https:\/\/yoast.com\/wordpress\/plugins\/seo\/ -->\n<title>U Ulcinju Feriha Muratovi\u0107 polo\u017eila zakletvu + Foto - Lajme nga Ulqini<\/title>\n<meta name=\"description\" content=\"Osnovni dr\u017eavni tu\u017eilac u Ulcinju Feriha Muratovi\u0107 polo\u017eila je danas zakletvu povodom stupanja na du\u017enost. Kako je saop\u0161teno iz parlamenta, Muratovi\u0107 je\" \/>\n<meta name=\"robots\" content=\"index, follow, max-snippet:-1, max-image-preview:large, max-video-preview:-1\" \/>\n<link rel=\"canonical\" href=\"https:\/\/www.visit-ulcinj.com\/blog\/2013\/07\/29\/u-ulcinju-feriha-muratovic-polozila-zakletvu\/\" \/>\n<meta property=\"og:locale\" content=\"en_US\" \/>\n<meta property=\"og:type\" content=\"article\" \/>\n<meta property=\"og:title\" content=\"U Ulcinju Feriha Muratovi\u0107 polo\u017eila zakletvu + Foto - Lajme nga Ulqini\" \/>\n<meta property=\"og:description\" content=\"Osnovni dr\u017eavni tu\u017eilac u Ulcinju Feriha Muratovi\u0107 polo\u017eila je danas zakletvu povodom stupanja na du\u017enost. Kako je saop\u0161teno iz parlamenta, Muratovi\u0107 je\" \/>\n<meta property=\"og:url\" content=\"https:\/\/www.visit-ulcinj.com\/blog\/2013\/07\/29\/u-ulcinju-feriha-muratovic-polozila-zakletvu\/\" \/>\n<meta property=\"og:site_name\" content=\"Lajme nga Ulqini\" \/>\n<meta property=\"article:published_time\" content=\"2013-07-29T17:36:24+00:00\" \/>\n<meta property=\"article:modified_time\" content=\"2013-07-29T18:09:09+00:00\" \/>\n<meta property=\"og:image\" content=\"http:\/\/www.visit-ulcinj.com\/blog\/wp-content\/uploads\/2013\/07\/Feriha-Muratovic-polozila-zakletvu.jpg\" \/>\n<meta name=\"twitter:label1\" content=\"Written by\" \/>\n\t<meta name=\"twitter:data1\" content=\"ulqini\" \/>\n<script type=\"application\/ld+json\" class=\"yoast-schema-graph\">{\"@context\":\"https:\/\/schema.org\",\"@graph\":[{\"@type\":\"WebSite\",\"@id\":\"https:\/\/www.visit-ulcinj.com\/blog\/#website\",\"url\":\"https:\/\/www.visit-ulcinj.com\/blog\/\",\"name\":\"Lajme nga Ulqini\",\"description\":\"Lajme,Vijesti,Ulqini,Ulqin,Crna Gora,Mali i Zi\",\"potentialAction\":[{\"@type\":\"SearchAction\",\"target\":{\"@type\":\"EntryPoint\",\"urlTemplate\":\"https:\/\/www.visit-ulcinj.com\/blog\/?s={search_term_string}\"},\"query-input\":\"required name=search_term_string\"}],\"inLanguage\":\"en-US\"},{\"@type\":\"ImageObject\",\"inLanguage\":\"en-US\",\"@id\":\"https:\/\/www.visit-ulcinj.com\/blog\/2013\/07\/29\/u-ulcinju-feriha-muratovic-polozila-zakletvu\/#primaryimage\",\"url\":\"https:\/\/www.visit-ulcinj.com\/blog\/wp-content\/uploads\/2013\/07\/Feriha-Muratovic-polozila-zakletvu.jpg\",\"contentUrl\":\"https:\/\/www.visit-ulcinj.com\/blog\/wp-content\/uploads\/2013\/07\/Feriha-Muratovic-polozila-zakletvu.jpg\",\"width\":900,\"height\":598},{\"@type\":\"WebPage\",\"@id\":\"https:\/\/www.visit-ulcinj.com\/blog\/2013\/07\/29\/u-ulcinju-feriha-muratovic-polozila-zakletvu\/#webpage\",\"url\":\"https:\/\/www.visit-ulcinj.com\/blog\/2013\/07\/29\/u-ulcinju-feriha-muratovic-polozila-zakletvu\/\",\"name\":\"U Ulcinju Feriha Muratovi\u0107 polo\u017eila zakletvu + Foto - Lajme nga Ulqini\",\"isPartOf\":{\"@id\":\"https:\/\/www.visit-ulcinj.com\/blog\/#website\"},\"primaryImageOfPage\":{\"@id\":\"https:\/\/www.visit-ulcinj.com\/blog\/2013\/07\/29\/u-ulcinju-feriha-muratovic-polozila-zakletvu\/#primaryimage\"},\"datePublished\":\"2013-07-29T17:36:24+00:00\",\"dateModified\":\"2013-07-29T18:09:09+00:00\",\"author\":{\"@id\":\"https:\/\/www.visit-ulcinj.com\/blog\/#\/schema\/person\/dcab619c614d3038751c63bc2aadc06d\"},\"description\":\"Osnovni dr\u017eavni tu\u017eilac u Ulcinju Feriha Muratovi\u0107 polo\u017eila je danas zakletvu povodom stupanja na du\u017enost. Kako je saop\u0161teno iz parlamenta, Muratovi\u0107 je\",\"breadcrumb\":{\"@id\":\"https:\/\/www.visit-ulcinj.com\/blog\/2013\/07\/29\/u-ulcinju-feriha-muratovic-polozila-zakletvu\/#breadcrumb\"},\"inLanguage\":\"en-US\",\"potentialAction\":[{\"@type\":\"ReadAction\",\"target\":[\"https:\/\/www.visit-ulcinj.com\/blog\/2013\/07\/29\/u-ulcinju-feriha-muratovic-polozila-zakletvu\/\"]}]},{\"@type\":\"BreadcrumbList\",\"@id\":\"https:\/\/www.visit-ulcinj.com\/blog\/2013\/07\/29\/u-ulcinju-feriha-muratovic-polozila-zakletvu\/#breadcrumb\",\"itemListElement\":[{\"@type\":\"ListItem\",\"position\":1,\"name\":\"U Ulcinju Feriha Muratovi\u0107 polo\u017eila zakletvu + Foto\"}]},{\"@type\":\"Person\",\"@id\":\"https:\/\/www.visit-ulcinj.com\/blog\/#\/schema\/person\/dcab619c614d3038751c63bc2aadc06d\",\"name\":\"ulqini\",\"sameAs\":[\"http:\/\/www.visit-ulcinj.com\"],\"url\":\"https:\/\/www.visit-ulcinj.com\/blog\/author\/admin\/\"}]}<\/script>\n<!-- \/ Yoast SEO plugin. -->","yoast_head_json":{"title":"U Ulcinju Feriha Muratovi\u0107 polo\u017eila zakletvu + Foto - Lajme nga Ulqini","description":"Osnovni dr\u017eavni tu\u017eilac u Ulcinju Feriha Muratovi\u0107 polo\u017eila je danas zakletvu povodom stupanja na du\u017enost. Kako je saop\u0161teno iz parlamenta, Muratovi\u0107 je","robots":{"index":"index","follow":"follow","max-snippet":"max-snippet:-1","max-image-preview":"max-image-preview:large","max-video-preview":"max-video-preview:-1"},"canonical":"https:\/\/www.visit-ulcinj.com\/blog\/2013\/07\/29\/u-ulcinju-feriha-muratovic-polozila-zakletvu\/","og_locale":"en_US","og_type":"article","og_title":"U Ulcinju Feriha Muratovi\u0107 polo\u017eila zakletvu + Foto - Lajme nga Ulqini","og_description":"Osnovni dr\u017eavni tu\u017eilac u Ulcinju Feriha Muratovi\u0107 polo\u017eila je danas zakletvu povodom stupanja na du\u017enost. Kako je saop\u0161teno iz parlamenta, Muratovi\u0107 je","og_url":"https:\/\/www.visit-ulcinj.com\/blog\/2013\/07\/29\/u-ulcinju-feriha-muratovic-polozila-zakletvu\/","og_site_name":"Lajme nga Ulqini","article_published_time":"2013-07-29T17:36:24+00:00","article_modified_time":"2013-07-29T18:09:09+00:00","og_image":[{"url":"http:\/\/www.visit-ulcinj.com\/blog\/wp-content\/uploads\/2013\/07\/Feriha-Muratovic-polozila-zakletvu.jpg"}],"twitter_misc":{"Written by":"ulqini"},"schema":{"@context":"https:\/\/schema.org","@graph":[{"@type":"WebSite","@id":"https:\/\/www.visit-ulcinj.com\/blog\/#website","url":"https:\/\/www.visit-ulcinj.com\/blog\/","name":"Lajme nga Ulqini","description":"Lajme,Vijesti,Ulqini,Ulqin,Crna Gora,Mali i Zi","potentialAction":[{"@type":"SearchAction","target":{"@type":"EntryPoint","urlTemplate":"https:\/\/www.visit-ulcinj.com\/blog\/?s={search_term_string}"},"query-input":"required name=search_term_string"}],"inLanguage":"en-US"},{"@type":"ImageObject","inLanguage":"en-US","@id":"https:\/\/www.visit-ulcinj.com\/blog\/2013\/07\/29\/u-ulcinju-feriha-muratovic-polozila-zakletvu\/#primaryimage","url":"https:\/\/www.visit-ulcinj.com\/blog\/wp-content\/uploads\/2013\/07\/Feriha-Muratovic-polozila-zakletvu.jpg","contentUrl":"https:\/\/www.visit-ulcinj.com\/blog\/wp-content\/uploads\/2013\/07\/Feriha-Muratovic-polozila-zakletvu.jpg","width":900,"height":598},{"@type":"WebPage","@id":"https:\/\/www.visit-ulcinj.com\/blog\/2013\/07\/29\/u-ulcinju-feriha-muratovic-polozila-zakletvu\/#webpage","url":"https:\/\/www.visit-ulcinj.com\/blog\/2013\/07\/29\/u-ulcinju-feriha-muratovic-polozila-zakletvu\/","name":"U Ulcinju Feriha Muratovi\u0107 polo\u017eila zakletvu + Foto - Lajme nga Ulqini","isPartOf":{"@id":"https:\/\/www.visit-ulcinj.com\/blog\/#website"},"primaryImageOfPage":{"@id":"https:\/\/www.visit-ulcinj.com\/blog\/2013\/07\/29\/u-ulcinju-feriha-muratovic-polozila-zakletvu\/#primaryimage"},"datePublished":"2013-07-29T17:36:24+00:00","dateModified":"2013-07-29T18:09:09+00:00","author":{"@id":"https:\/\/www.visit-ulcinj.com\/blog\/#\/schema\/person\/dcab619c614d3038751c63bc2aadc06d"},"description":"Osnovni dr\u017eavni tu\u017eilac u Ulcinju Feriha Muratovi\u0107 polo\u017eila je danas zakletvu povodom stupanja na du\u017enost. Kako je saop\u0161teno iz parlamenta, Muratovi\u0107 je","breadcrumb":{"@id":"https:\/\/www.visit-ulcinj.com\/blog\/2013\/07\/29\/u-ulcinju-feriha-muratovic-polozila-zakletvu\/#breadcrumb"},"inLanguage":"en-US","potentialAction":[{"@type":"ReadAction","target":["https:\/\/www.visit-ulcinj.com\/blog\/2013\/07\/29\/u-ulcinju-feriha-muratovic-polozila-zakletvu\/"]}]},{"@type":"BreadcrumbList","@id":"https:\/\/www.visit-ulcinj.com\/blog\/2013\/07\/29\/u-ulcinju-feriha-muratovic-polozila-zakletvu\/#breadcrumb","itemListElement":[{"@type":"ListItem","position":1,"name":"U Ulcinju Feriha Muratovi\u0107 polo\u017eila zakletvu + Foto"}]},{"@type":"Person","@id":"https:\/\/www.visit-ulcinj.com\/blog\/#\/schema\/person\/dcab619c614d3038751c63bc2aadc06d","name":"ulqini","sameAs":["http:\/\/www.visit-ulcinj.com"],"url":"https:\/\/www.visit-ulcinj.com\/blog\/author\/admin\/"}]}},"jetpack_featured_media_url":"","jetpack_sharing_enabled":true,"jetpack_shortlink":"https:\/\/wp.me\/pe6lTn-jcL","_links":{"self":[{"href":"https:\/\/www.visit-ulcinj.com\/blog\/wp-json\/wp\/v2\/posts\/73827"}],"collection":[{"href":"https:\/\/www.visit-ulcinj.com\/blog\/wp-json\/wp\/v2\/posts"}],"about":[{"href":"https:\/\/www.visit-ulcinj.com\/blog\/wp-json\/wp\/v2\/types\/post"}],"author":[{"embeddable":true,"href":"https:\/\/www.visit-ulcinj.com\/blog\/wp-json\/wp\/v2\/users\/1"}],"replies":[{"embeddable":true,"href":"https:\/\/www.visit-ulcinj.com\/blog\/wp-json\/wp\/v2\/comments?post=73827"}],"version-history":[{"count":5,"href":"https:\/\/www.visit-ulcinj.com\/blog\/wp-json\/wp\/v2\/posts\/73827\/revisions"}],"predecessor-version":[{"id":73832,"href":"https:\/\/www.visit-ulcinj.com\/blog\/wp-json\/wp\/v2\/posts\/73827\/revisions\/73832"}],"wp:attachment":[{"href":"https:\/\/www.visit-ulcinj.com\/blog\/wp-json\/wp\/v2\/media?parent=73827"}],"wp:term":[{"taxonomy":"category","embeddable":true,"href":"https:\/\/www.visit-ulcinj.com\/blog\/wp-json\/wp\/v2\/categories?post=73827"},{"taxonomy":"post_tag","embeddable":true,"href":"https:\/\/www.visit-ulcinj.com\/blog\/wp-json\/wp\/v2\/tags?post=73827"}],"curies":[{"name":"wp","href":"https:\/\/api.w.org\/{rel}","templated":true}]}}