{"id":7383,"date":"2008-12-17T18:20:03","date_gmt":"2008-12-17T17:20:03","guid":{"rendered":"http:\/\/www.visit-ulcinj.com\/blog\/?p=7383"},"modified":"2008-12-23T18:24:02","modified_gmt":"2008-12-23T17:24:02","slug":"reagovanje-pravnog-zastupnika-htp-%e2%80%9culcinjska-rivijera%e2%80%9d","status":"publish","type":"post","link":"https:\/\/www.visit-ulcinj.com\/blog\/2008\/12\/17\/reagovanje-pravnog-zastupnika-htp-%e2%80%9culcinjska-rivijera%e2%80%9d\/","title":{"rendered":"Reagovanje pravnog zastupnika HTP \u201cUlcinjska Rivijera\u201d &#8211; Video"},"content":{"rendered":"<p><a href=\"http:\/\/www.visit-ulcinj.com\/blog\/wp-content\/uploads\/2008\/12\/ulcinjska_rivijera1.jpg\"><img loading=\"lazy\" class=\"alignleft size-medium wp-image-7385\" title=\"ulcinjska_rivijera1\" src=\"http:\/\/www.visit-ulcinj.com\/blog\/wp-content\/uploads\/2008\/12\/ulcinjska_rivijera1-300x216.jpg\" alt=\"\" width=\"300\" height=\"216\" srcset=\"https:\/\/www.visit-ulcinj.com\/blog\/wp-content\/uploads\/2008\/12\/ulcinjska_rivijera1-300x216.jpg 300w, https:\/\/www.visit-ulcinj.com\/blog\/wp-content\/uploads\/2008\/12\/ulcinjska_rivijera1.jpg 552w\" sizes=\"(max-width: 300px) 100vw, 300px\" \/><\/a><strong>Pravi vlasnici zemlje bez brige<\/strong><br \/>\nPodgorica &#8211; Povodom teksta \u201eI Ulcinjska rivijera ni\u0161ani smetli\u0161te\u201c objavljenog u ju?era\u0161njim \u201eVijestima\u201c reagovao je pravni zastupnik Rivijere, advokat Branislav Lutovac.<br \/>\n&#8211; Ulcinjska rivijera, vode?e hotelsko-turisti?ko preduze?e na podru?ju Ulcinja, u posljednje vrijeme izlo\u017eena je sna\u017enim napadima na imovinu i objekte. Vr\u0161i se bespravno oduzimanje njenih parcela, devastiraju se i ru\u0161e njeni objekti, vr\u0161i se nezakonito priklju?enje na njenu vodovodnu i elektroinstalaciju i nezakonito se useljavaju i koriste njeni objekti. Novo rukovodstvo na ?elu sa izvr\u0161nim direktorom Radomirom Zecom rije\u0161ilo je da preduzme energi?ne i efikasne, ali isklju?ivo zakonske mjere da se tome stane na put. U tom pravcu ve? su pokrenuti upravni, parni?ni i krivi?ni postupci koji ?e sigurno rezultirati op\u0161tim obeshrabruju?im efektom na sada\u0161nje i budu?e uzurpatore imovine \u201eUlcinjske rivijere\u201c. Normalno je da ti postupci izazivaju i efekte gnjeva uzurpanata, koji poku\u0161avaju na sve na?ine da vr\u0161e opstrukciju sprovo?enja ovih mjera. \u0160to se ti?e imovine koja se nalazi u zale?u Velike pla\u017ee tzv. \u201e?e\u0161ki kamp\u201c nju \u201eUlcinjska rivijera\u201c koristi od 1966. godine kada je to zemlji\u0161te dobila na kori\u0161?enje od SO Ulcinj. Na toj lokaciji podignuta su 84 monta\u017ena objekta koja su do 1992. slu\u017eila kao turisti?ki objekti, a nakon 1992. tu su smje\u0161tene izbjeglice. Nakon odlaska izbjeglica ti objekti uni\u0161teni i opusto\u0161eni od strane nepoznatih po?inilaca. To \u201esmetli\u0161te\u201c kako je to terminolo\u0161ki odre?eno u va\u0161em ?lanku zaslu\u017euje da se o?isti, uredi i kultivi\u0161e. To ?e uraditi HTP \u201eUlcinjska rivijera\u201c. \u0160to se ti?e pravnih pretenzija ranijih vlasnika, ako su njihovi zahtjevi opravdani tu ne?e biti nikakvog problema od strane \u201eUlcinjske rivijere\u201c. Samo pravne ?injenice ipak nijesu onakve kakve ste naveli u ?lanku. Ministarstvo finansija u svom rje\u0161enju od 26.01.2007. nije ukinulo prvostepeno rje\u0161enje zbog \u201epostopica i stazica izme?u baraka\u201c ve? zbog toga \u0161to podnosilac zahtjeva Deda Rudovi? podnio dokumentaciju, citiramo \u201ekrajnje (prakti?no neupotrebljivih) i neovjerenih prepisa-fotokopija\u201c. Tako?e, rje\u0161enjem Uprave za nekretnine \u2013 Podru?ne jedinice Ulcinj od 25.09.2007. odbijen je zahtjev imenovanog za deeksproprijaciju, jer je utvr?eno da je o njegovom zahtjevu ve? pravosna\u017eno odlu?eno 22.10.1990. O tome \u201eUlcinjska rivijera\u201c posjeduje originalnu dokumentaciju, koju mo\u017ee bilo kojem zainteresovanom licu, pa i va\u0161em novinaru, da stavi na uvid. O?igledno je da ako je HTP \u201eUlcinjska rivijera\u201c ni\u0161anila na ne\u0161to, ni\u0161anila je na pravdu i njeno ostvarenje, a ne na \u201esmetli\u0161te\u201c. Na kraju HTP \u201eUlcinjska rivijera\u201c jasno iznosi svoj stav: svi koji na osnovu kona?ne i pravosna\u017ene odluke dr\u017eavnog organa doka\u017eu da su vlasnici imovine koja se sada nalazi u njenom vlasni\u0161tvu nemaju potrebe da brinu. Imovina ?e im biti vra?ena ili ?e biti obe\u0161te?eni. Isto tako, svi koji protivpravno \u017eele da zadr\u017ee i uzurpiraju njenu imovinu suo?i?e se sa zakonskim posljedicama takvog ?ina. Tu mjesta za kompromis nema &#8211; navodi se u reagovanju advokata Lutovca..<br \/>\n<strong>Izvor \/ Vijesti<\/strong><\/p>\n<p><strong><!--YouTube Error: bad URL entered--><br \/>\n<\/strong><\/p>\n","protected":false},"excerpt":{"rendered":"<p>Pravi vlasnici zemlje bez brige Podgorica &#8211; Povodom teksta \u201eI Ulcinjska rivijera ni\u0161ani smetli\u0161te\u201c objavljenog u ju?era\u0161njim \u201eVijestima\u201c reagovao je pravni zastupnik Rivijere, advokat Branislav Lutovac. &#8211; Ulcinjska rivijera, vode?e hotelsko-turisti?ko preduze?e na podru?ju Ulcinja, u posljednje vrijeme izlo\u017eena je sna\u017enim napadima na imovinu i objekte. Vr\u0161i se bespravno oduzimanje njenih parcela, devastiraju se i [&hellip;]<\/p>\n","protected":false},"author":1,"featured_media":0,"comment_status":"open","ping_status":"closed","sticky":false,"template":"","format":"standard","meta":{"spay_email":"","jetpack_publicize_message":"","jetpack_is_tweetstorm":false,"jetpack_publicize_feature_enabled":true},"categories":[11],"tags":[5283,5280,5282,5281,19,849],"jetpack_publicize_connections":[],"yoast_head":"<!-- This site is optimized with the Yoast SEO plugin v19.1 - https:\/\/yoast.com\/wordpress\/plugins\/seo\/ -->\n<title>Reagovanje pravnog zastupnika HTP \u201cUlcinjska Rivijera\u201d - Video - Lajme nga Ulqini<\/title>\n<meta name=\"description\" content=\"Pravi vlasnici zemlje bez brige Podgorica - Povodom teksta \u201eI Ulcinjska rivijera ni\u0161ani smetli\u0161te\u201c objavljenog u ju?era\u0161njim \u201eVijestima\u201c reagovao je\" \/>\n<meta name=\"robots\" content=\"index, follow, max-snippet:-1, max-image-preview:large, max-video-preview:-1\" \/>\n<link rel=\"canonical\" href=\"https:\/\/www.visit-ulcinj.com\/blog\/2008\/12\/17\/reagovanje-pravnog-zastupnika-htp-\u201culcinjska-rivijera\u201d\/\" \/>\n<meta property=\"og:locale\" content=\"en_US\" \/>\n<meta property=\"og:type\" content=\"article\" \/>\n<meta property=\"og:title\" content=\"Reagovanje pravnog zastupnika HTP \u201cUlcinjska Rivijera\u201d - Video - Lajme nga Ulqini\" \/>\n<meta property=\"og:description\" content=\"Pravi vlasnici zemlje bez brige Podgorica - Povodom teksta \u201eI Ulcinjska rivijera ni\u0161ani smetli\u0161te\u201c objavljenog u ju?era\u0161njim \u201eVijestima\u201c reagovao je\" \/>\n<meta property=\"og:url\" content=\"https:\/\/www.visit-ulcinj.com\/blog\/2008\/12\/17\/reagovanje-pravnog-zastupnika-htp-\u201culcinjska-rivijera\u201d\/\" \/>\n<meta property=\"og:site_name\" content=\"Lajme nga Ulqini\" \/>\n<meta property=\"article:published_time\" content=\"2008-12-17T17:20:03+00:00\" \/>\n<meta property=\"article:modified_time\" content=\"2008-12-23T17:24:02+00:00\" \/>\n<meta property=\"og:image\" content=\"http:\/\/www.visit-ulcinj.com\/blog\/wp-content\/uploads\/2008\/12\/ulcinjska_rivijera1-300x216.jpg\" \/>\n<meta name=\"twitter:label1\" content=\"Written by\" \/>\n\t<meta name=\"twitter:data1\" content=\"ulqini\" \/>\n\t<meta name=\"twitter:label2\" content=\"Est. reading time\" \/>\n\t<meta name=\"twitter:data2\" content=\"3 minutes\" \/>\n<script type=\"application\/ld+json\" class=\"yoast-schema-graph\">{\"@context\":\"https:\/\/schema.org\",\"@graph\":[{\"@type\":\"WebSite\",\"@id\":\"https:\/\/www.visit-ulcinj.com\/blog\/#website\",\"url\":\"https:\/\/www.visit-ulcinj.com\/blog\/\",\"name\":\"Lajme nga Ulqini\",\"description\":\"Lajme,Vijesti,Ulqini,Ulqin,Crna Gora,Mali i Zi\",\"potentialAction\":[{\"@type\":\"SearchAction\",\"target\":{\"@type\":\"EntryPoint\",\"urlTemplate\":\"https:\/\/www.visit-ulcinj.com\/blog\/?s={search_term_string}\"},\"query-input\":\"required name=search_term_string\"}],\"inLanguage\":\"en-US\"},{\"@type\":\"ImageObject\",\"inLanguage\":\"en-US\",\"@id\":\"https:\/\/www.visit-ulcinj.com\/blog\/2008\/12\/17\/reagovanje-pravnog-zastupnika-htp-%e2%80%9culcinjska-rivijera%e2%80%9d\/#primaryimage\",\"url\":\"http:\/\/www.visit-ulcinj.com\/blog\/wp-content\/uploads\/2008\/12\/ulcinjska_rivijera1-300x216.jpg\",\"contentUrl\":\"http:\/\/www.visit-ulcinj.com\/blog\/wp-content\/uploads\/2008\/12\/ulcinjska_rivijera1-300x216.jpg\"},{\"@type\":\"WebPage\",\"@id\":\"https:\/\/www.visit-ulcinj.com\/blog\/2008\/12\/17\/reagovanje-pravnog-zastupnika-htp-%e2%80%9culcinjska-rivijera%e2%80%9d\/#webpage\",\"url\":\"https:\/\/www.visit-ulcinj.com\/blog\/2008\/12\/17\/reagovanje-pravnog-zastupnika-htp-%e2%80%9culcinjska-rivijera%e2%80%9d\/\",\"name\":\"Reagovanje pravnog zastupnika HTP \u201cUlcinjska Rivijera\u201d - Video - Lajme nga Ulqini\",\"isPartOf\":{\"@id\":\"https:\/\/www.visit-ulcinj.com\/blog\/#website\"},\"primaryImageOfPage\":{\"@id\":\"https:\/\/www.visit-ulcinj.com\/blog\/2008\/12\/17\/reagovanje-pravnog-zastupnika-htp-%e2%80%9culcinjska-rivijera%e2%80%9d\/#primaryimage\"},\"datePublished\":\"2008-12-17T17:20:03+00:00\",\"dateModified\":\"2008-12-23T17:24:02+00:00\",\"author\":{\"@id\":\"https:\/\/www.visit-ulcinj.com\/blog\/#\/schema\/person\/dcab619c614d3038751c63bc2aadc06d\"},\"description\":\"Pravi vlasnici zemlje bez brige Podgorica - Povodom teksta \u201eI Ulcinjska rivijera ni\u0161ani smetli\u0161te\u201c objavljenog u ju?era\u0161njim \u201eVijestima\u201c reagovao je\",\"breadcrumb\":{\"@id\":\"https:\/\/www.visit-ulcinj.com\/blog\/2008\/12\/17\/reagovanje-pravnog-zastupnika-htp-%e2%80%9culcinjska-rivijera%e2%80%9d\/#breadcrumb\"},\"inLanguage\":\"en-US\",\"potentialAction\":[{\"@type\":\"ReadAction\",\"target\":[\"https:\/\/www.visit-ulcinj.com\/blog\/2008\/12\/17\/reagovanje-pravnog-zastupnika-htp-%e2%80%9culcinjska-rivijera%e2%80%9d\/\"]}]},{\"@type\":\"BreadcrumbList\",\"@id\":\"https:\/\/www.visit-ulcinj.com\/blog\/2008\/12\/17\/reagovanje-pravnog-zastupnika-htp-%e2%80%9culcinjska-rivijera%e2%80%9d\/#breadcrumb\",\"itemListElement\":[{\"@type\":\"ListItem\",\"position\":1,\"name\":\"Reagovanje pravnog zastupnika HTP \u201cUlcinjska Rivijera\u201d &#8211; Video\"}]},{\"@type\":\"Person\",\"@id\":\"https:\/\/www.visit-ulcinj.com\/blog\/#\/schema\/person\/dcab619c614d3038751c63bc2aadc06d\",\"name\":\"ulqini\",\"sameAs\":[\"http:\/\/www.visit-ulcinj.com\"],\"url\":\"https:\/\/www.visit-ulcinj.com\/blog\/author\/admin\/\"}]}<\/script>\n<!-- \/ Yoast SEO plugin. -->","yoast_head_json":{"title":"Reagovanje pravnog zastupnika HTP \u201cUlcinjska Rivijera\u201d - Video - Lajme nga Ulqini","description":"Pravi vlasnici zemlje bez brige Podgorica - Povodom teksta \u201eI Ulcinjska rivijera ni\u0161ani smetli\u0161te\u201c objavljenog u ju?era\u0161njim \u201eVijestima\u201c reagovao je","robots":{"index":"index","follow":"follow","max-snippet":"max-snippet:-1","max-image-preview":"max-image-preview:large","max-video-preview":"max-video-preview:-1"},"canonical":"https:\/\/www.visit-ulcinj.com\/blog\/2008\/12\/17\/reagovanje-pravnog-zastupnika-htp-\u201culcinjska-rivijera\u201d\/","og_locale":"en_US","og_type":"article","og_title":"Reagovanje pravnog zastupnika HTP \u201cUlcinjska Rivijera\u201d - Video - Lajme nga Ulqini","og_description":"Pravi vlasnici zemlje bez brige Podgorica - Povodom teksta \u201eI Ulcinjska rivijera ni\u0161ani smetli\u0161te\u201c objavljenog u ju?era\u0161njim \u201eVijestima\u201c reagovao je","og_url":"https:\/\/www.visit-ulcinj.com\/blog\/2008\/12\/17\/reagovanje-pravnog-zastupnika-htp-\u201culcinjska-rivijera\u201d\/","og_site_name":"Lajme nga Ulqini","article_published_time":"2008-12-17T17:20:03+00:00","article_modified_time":"2008-12-23T17:24:02+00:00","og_image":[{"url":"http:\/\/www.visit-ulcinj.com\/blog\/wp-content\/uploads\/2008\/12\/ulcinjska_rivijera1-300x216.jpg"}],"twitter_misc":{"Written by":"ulqini","Est. reading time":"3 minutes"},"schema":{"@context":"https:\/\/schema.org","@graph":[{"@type":"WebSite","@id":"https:\/\/www.visit-ulcinj.com\/blog\/#website","url":"https:\/\/www.visit-ulcinj.com\/blog\/","name":"Lajme nga Ulqini","description":"Lajme,Vijesti,Ulqini,Ulqin,Crna Gora,Mali i Zi","potentialAction":[{"@type":"SearchAction","target":{"@type":"EntryPoint","urlTemplate":"https:\/\/www.visit-ulcinj.com\/blog\/?s={search_term_string}"},"query-input":"required name=search_term_string"}],"inLanguage":"en-US"},{"@type":"ImageObject","inLanguage":"en-US","@id":"https:\/\/www.visit-ulcinj.com\/blog\/2008\/12\/17\/reagovanje-pravnog-zastupnika-htp-%e2%80%9culcinjska-rivijera%e2%80%9d\/#primaryimage","url":"http:\/\/www.visit-ulcinj.com\/blog\/wp-content\/uploads\/2008\/12\/ulcinjska_rivijera1-300x216.jpg","contentUrl":"http:\/\/www.visit-ulcinj.com\/blog\/wp-content\/uploads\/2008\/12\/ulcinjska_rivijera1-300x216.jpg"},{"@type":"WebPage","@id":"https:\/\/www.visit-ulcinj.com\/blog\/2008\/12\/17\/reagovanje-pravnog-zastupnika-htp-%e2%80%9culcinjska-rivijera%e2%80%9d\/#webpage","url":"https:\/\/www.visit-ulcinj.com\/blog\/2008\/12\/17\/reagovanje-pravnog-zastupnika-htp-%e2%80%9culcinjska-rivijera%e2%80%9d\/","name":"Reagovanje pravnog zastupnika HTP \u201cUlcinjska Rivijera\u201d - Video - Lajme nga Ulqini","isPartOf":{"@id":"https:\/\/www.visit-ulcinj.com\/blog\/#website"},"primaryImageOfPage":{"@id":"https:\/\/www.visit-ulcinj.com\/blog\/2008\/12\/17\/reagovanje-pravnog-zastupnika-htp-%e2%80%9culcinjska-rivijera%e2%80%9d\/#primaryimage"},"datePublished":"2008-12-17T17:20:03+00:00","dateModified":"2008-12-23T17:24:02+00:00","author":{"@id":"https:\/\/www.visit-ulcinj.com\/blog\/#\/schema\/person\/dcab619c614d3038751c63bc2aadc06d"},"description":"Pravi vlasnici zemlje bez brige Podgorica - Povodom teksta \u201eI Ulcinjska rivijera ni\u0161ani smetli\u0161te\u201c objavljenog u ju?era\u0161njim \u201eVijestima\u201c reagovao je","breadcrumb":{"@id":"https:\/\/www.visit-ulcinj.com\/blog\/2008\/12\/17\/reagovanje-pravnog-zastupnika-htp-%e2%80%9culcinjska-rivijera%e2%80%9d\/#breadcrumb"},"inLanguage":"en-US","potentialAction":[{"@type":"ReadAction","target":["https:\/\/www.visit-ulcinj.com\/blog\/2008\/12\/17\/reagovanje-pravnog-zastupnika-htp-%e2%80%9culcinjska-rivijera%e2%80%9d\/"]}]},{"@type":"BreadcrumbList","@id":"https:\/\/www.visit-ulcinj.com\/blog\/2008\/12\/17\/reagovanje-pravnog-zastupnika-htp-%e2%80%9culcinjska-rivijera%e2%80%9d\/#breadcrumb","itemListElement":[{"@type":"ListItem","position":1,"name":"Reagovanje pravnog zastupnika HTP \u201cUlcinjska Rivijera\u201d &#8211; Video"}]},{"@type":"Person","@id":"https:\/\/www.visit-ulcinj.com\/blog\/#\/schema\/person\/dcab619c614d3038751c63bc2aadc06d","name":"ulqini","sameAs":["http:\/\/www.visit-ulcinj.com"],"url":"https:\/\/www.visit-ulcinj.com\/blog\/author\/admin\/"}]}},"jetpack_featured_media_url":"","jetpack_sharing_enabled":true,"jetpack_shortlink":"https:\/\/wp.me\/pe6lTn-1V5","_links":{"self":[{"href":"https:\/\/www.visit-ulcinj.com\/blog\/wp-json\/wp\/v2\/posts\/7383"}],"collection":[{"href":"https:\/\/www.visit-ulcinj.com\/blog\/wp-json\/wp\/v2\/posts"}],"about":[{"href":"https:\/\/www.visit-ulcinj.com\/blog\/wp-json\/wp\/v2\/types\/post"}],"author":[{"embeddable":true,"href":"https:\/\/www.visit-ulcinj.com\/blog\/wp-json\/wp\/v2\/users\/1"}],"replies":[{"embeddable":true,"href":"https:\/\/www.visit-ulcinj.com\/blog\/wp-json\/wp\/v2\/comments?post=7383"}],"version-history":[{"count":0,"href":"https:\/\/www.visit-ulcinj.com\/blog\/wp-json\/wp\/v2\/posts\/7383\/revisions"}],"wp:attachment":[{"href":"https:\/\/www.visit-ulcinj.com\/blog\/wp-json\/wp\/v2\/media?parent=7383"}],"wp:term":[{"taxonomy":"category","embeddable":true,"href":"https:\/\/www.visit-ulcinj.com\/blog\/wp-json\/wp\/v2\/categories?post=7383"},{"taxonomy":"post_tag","embeddable":true,"href":"https:\/\/www.visit-ulcinj.com\/blog\/wp-json\/wp\/v2\/tags?post=7383"}],"curies":[{"name":"wp","href":"https:\/\/api.w.org\/{rel}","templated":true}]}}