{"id":73845,"date":"2013-07-29T19:45:00","date_gmt":"2013-07-29T18:45:00","guid":{"rendered":"http:\/\/www.visit-ulcinj.com\/blog\/?p=73845"},"modified":"2013-07-29T23:31:25","modified_gmt":"2013-07-29T22:31:25","slug":"dritan-abazoviq-pushon-ne-bune","status":"publish","type":"post","link":"https:\/\/www.visit-ulcinj.com\/blog\/2013\/07\/29\/dritan-abazoviq-pushon-ne-bune\/","title":{"rendered":"Dritan Abazoviq pushon n\u00eb Bun\u00eb"},"content":{"rendered":"<p><a href=\"http:\/\/www.visit-ulcinj.com\/blog\/wp-content\/uploads\/2013\/07\/dritanabazoviq-adabojana.jpg\"><img loading=\"lazy\" class=\"alignleft  wp-image-73846\" alt=\"dritanabazoviq-adabojana\" src=\"http:\/\/www.visit-ulcinj.com\/blog\/wp-content\/uploads\/2013\/07\/dritanabazoviq-adabojana.jpg\" width=\"508\" height=\"360\" \/><\/a>Dritan Abazoviq po k\u00ebnaqet n\u00eb anijen e shok\u00ebve te tij n\u00eb lumin &#8220;Buna&#8221;, edhe pse ky bregun e detit nuk po preferohet m\u00eb\u00a0 nga t\u00eb gjith\u00eb pushuesit. Bashk\u00eb me shok\u00ebt e tij\u00eb Dritani po i kalon pushimet n\u00eb Bun\u00eb aty dhe nuk ka nd\u00ebrmend t\u00eb shkoj\u00eb diku tjet\u00ebr tash p\u00ebr tash aktualisht.<\/p>\n<p>Gjith\u00e7ka p\u00ebr t\u00eb po shkon shum\u00eb mir\u00eb, kurse kritikat e drejtorit t\u00eb Rivier\u00ebs s\u00eb Ulqinit Mikan Zec nuk asht shum\u00eb duke i penguar dhe se pushimet si gjithmon\u00eb i kalon edhe shum\u00eb t\u00eb bukura me shoqeri n\u00eb Bun\u00eb.\/Lajme nga Ulqini\/<\/p>\n","protected":false},"excerpt":{"rendered":"<p>Dritan Abazoviq po k\u00ebnaqet n\u00eb anijen e shok\u00ebve te tij n\u00eb lumin &#8220;Buna&#8221;, edhe pse ky bregun e detit nuk po preferohet m\u00eb\u00a0 nga t\u00eb gjith\u00eb pushuesit. Bashk\u00eb me shok\u00ebt e tij\u00eb Dritani po i kalon pushimet n\u00eb Bun\u00eb aty dhe nuk ka nd\u00ebrmend t\u00eb shkoj\u00eb diku tjet\u00ebr tash p\u00ebr tash aktualisht. Gjith\u00e7ka p\u00ebr t\u00eb [&hellip;]<\/p>\n","protected":false},"author":1,"featured_media":0,"comment_status":"closed","ping_status":"closed","sticky":false,"template":"","format":"standard","meta":{"spay_email":"","jetpack_publicize_message":"","jetpack_is_tweetstorm":false,"jetpack_publicize_feature_enabled":true},"categories":[1],"tags":[],"jetpack_publicize_connections":[],"yoast_head":"<!-- This site is optimized with the Yoast SEO plugin v19.1 - https:\/\/yoast.com\/wordpress\/plugins\/seo\/ -->\n<title>Dritan Abazoviq pushon n\u00eb Bun\u00eb - Lajme nga Ulqini<\/title>\n<meta name=\"description\" content=\"Dritan Abazoviq po k\u00ebnaqet n\u00eb anijen e shok\u00ebve te tij n\u00eb lumin &quot;Buna&quot;, edhe pse ky bregun e detit nuk po preferohet m\u00eb\u00a0 nga t\u00eb gjith\u00eb pushuesit. Bashk\u00eb me\" \/>\n<meta name=\"robots\" content=\"index, follow, max-snippet:-1, max-image-preview:large, max-video-preview:-1\" \/>\n<link rel=\"canonical\" href=\"https:\/\/www.visit-ulcinj.com\/blog\/2013\/07\/29\/dritan-abazoviq-pushon-ne-bune\/\" \/>\n<meta property=\"og:locale\" content=\"en_US\" \/>\n<meta property=\"og:type\" content=\"article\" \/>\n<meta property=\"og:title\" content=\"Dritan Abazoviq pushon n\u00eb Bun\u00eb - Lajme nga Ulqini\" \/>\n<meta property=\"og:description\" content=\"Dritan Abazoviq po k\u00ebnaqet n\u00eb anijen e shok\u00ebve te tij n\u00eb lumin &quot;Buna&quot;, edhe pse ky bregun e detit nuk po preferohet m\u00eb\u00a0 nga t\u00eb gjith\u00eb pushuesit. Bashk\u00eb me\" \/>\n<meta property=\"og:url\" content=\"https:\/\/www.visit-ulcinj.com\/blog\/2013\/07\/29\/dritan-abazoviq-pushon-ne-bune\/\" \/>\n<meta property=\"og:site_name\" content=\"Lajme nga Ulqini\" \/>\n<meta property=\"article:published_time\" content=\"2013-07-29T18:45:00+00:00\" \/>\n<meta property=\"article:modified_time\" content=\"2013-07-29T22:31:25+00:00\" \/>\n<meta property=\"og:image\" content=\"http:\/\/www.visit-ulcinj.com\/blog\/wp-content\/uploads\/2013\/07\/dritanabazoviq-adabojana.jpg\" \/>\n<meta name=\"twitter:label1\" content=\"Written by\" \/>\n\t<meta name=\"twitter:data1\" content=\"ulqini\" \/>\n\t<meta name=\"twitter:label2\" content=\"Est. reading time\" \/>\n\t<meta name=\"twitter:data2\" content=\"1 minute\" \/>\n<script type=\"application\/ld+json\" class=\"yoast-schema-graph\">{\"@context\":\"https:\/\/schema.org\",\"@graph\":[{\"@type\":\"WebSite\",\"@id\":\"https:\/\/www.visit-ulcinj.com\/blog\/#website\",\"url\":\"https:\/\/www.visit-ulcinj.com\/blog\/\",\"name\":\"Lajme nga Ulqini\",\"description\":\"Lajme,Vijesti,Ulqini,Ulqin,Crna Gora,Mali i Zi\",\"potentialAction\":[{\"@type\":\"SearchAction\",\"target\":{\"@type\":\"EntryPoint\",\"urlTemplate\":\"https:\/\/www.visit-ulcinj.com\/blog\/?s={search_term_string}\"},\"query-input\":\"required name=search_term_string\"}],\"inLanguage\":\"en-US\"},{\"@type\":\"ImageObject\",\"inLanguage\":\"en-US\",\"@id\":\"https:\/\/www.visit-ulcinj.com\/blog\/2013\/07\/29\/dritan-abazoviq-pushon-ne-bune\/#primaryimage\",\"url\":\"https:\/\/www.visit-ulcinj.com\/blog\/wp-content\/uploads\/2013\/07\/dritanabazoviq-adabojana.jpg\",\"contentUrl\":\"https:\/\/www.visit-ulcinj.com\/blog\/wp-content\/uploads\/2013\/07\/dritanabazoviq-adabojana.jpg\",\"width\":960,\"height\":720},{\"@type\":\"WebPage\",\"@id\":\"https:\/\/www.visit-ulcinj.com\/blog\/2013\/07\/29\/dritan-abazoviq-pushon-ne-bune\/#webpage\",\"url\":\"https:\/\/www.visit-ulcinj.com\/blog\/2013\/07\/29\/dritan-abazoviq-pushon-ne-bune\/\",\"name\":\"Dritan Abazoviq pushon n\u00eb Bun\u00eb - Lajme nga Ulqini\",\"isPartOf\":{\"@id\":\"https:\/\/www.visit-ulcinj.com\/blog\/#website\"},\"primaryImageOfPage\":{\"@id\":\"https:\/\/www.visit-ulcinj.com\/blog\/2013\/07\/29\/dritan-abazoviq-pushon-ne-bune\/#primaryimage\"},\"datePublished\":\"2013-07-29T18:45:00+00:00\",\"dateModified\":\"2013-07-29T22:31:25+00:00\",\"author\":{\"@id\":\"https:\/\/www.visit-ulcinj.com\/blog\/#\/schema\/person\/dcab619c614d3038751c63bc2aadc06d\"},\"description\":\"Dritan Abazoviq po k\u00ebnaqet n\u00eb anijen e shok\u00ebve te tij n\u00eb lumin \\\"Buna\\\", edhe pse ky bregun e detit nuk po preferohet m\u00eb\u00a0 nga t\u00eb gjith\u00eb pushuesit. Bashk\u00eb me\",\"breadcrumb\":{\"@id\":\"https:\/\/www.visit-ulcinj.com\/blog\/2013\/07\/29\/dritan-abazoviq-pushon-ne-bune\/#breadcrumb\"},\"inLanguage\":\"en-US\",\"potentialAction\":[{\"@type\":\"ReadAction\",\"target\":[\"https:\/\/www.visit-ulcinj.com\/blog\/2013\/07\/29\/dritan-abazoviq-pushon-ne-bune\/\"]}]},{\"@type\":\"BreadcrumbList\",\"@id\":\"https:\/\/www.visit-ulcinj.com\/blog\/2013\/07\/29\/dritan-abazoviq-pushon-ne-bune\/#breadcrumb\",\"itemListElement\":[{\"@type\":\"ListItem\",\"position\":1,\"name\":\"Dritan Abazoviq pushon n\u00eb Bun\u00eb\"}]},{\"@type\":\"Person\",\"@id\":\"https:\/\/www.visit-ulcinj.com\/blog\/#\/schema\/person\/dcab619c614d3038751c63bc2aadc06d\",\"name\":\"ulqini\",\"sameAs\":[\"http:\/\/www.visit-ulcinj.com\"],\"url\":\"https:\/\/www.visit-ulcinj.com\/blog\/author\/admin\/\"}]}<\/script>\n<!-- \/ Yoast SEO plugin. -->","yoast_head_json":{"title":"Dritan Abazoviq pushon n\u00eb Bun\u00eb - Lajme nga Ulqini","description":"Dritan Abazoviq po k\u00ebnaqet n\u00eb anijen e shok\u00ebve te tij n\u00eb lumin \"Buna\", edhe pse ky bregun e detit nuk po preferohet m\u00eb\u00a0 nga t\u00eb gjith\u00eb pushuesit. Bashk\u00eb me","robots":{"index":"index","follow":"follow","max-snippet":"max-snippet:-1","max-image-preview":"max-image-preview:large","max-video-preview":"max-video-preview:-1"},"canonical":"https:\/\/www.visit-ulcinj.com\/blog\/2013\/07\/29\/dritan-abazoviq-pushon-ne-bune\/","og_locale":"en_US","og_type":"article","og_title":"Dritan Abazoviq pushon n\u00eb Bun\u00eb - Lajme nga Ulqini","og_description":"Dritan Abazoviq po k\u00ebnaqet n\u00eb anijen e shok\u00ebve te tij n\u00eb lumin \"Buna\", edhe pse ky bregun e detit nuk po preferohet m\u00eb\u00a0 nga t\u00eb gjith\u00eb pushuesit. Bashk\u00eb me","og_url":"https:\/\/www.visit-ulcinj.com\/blog\/2013\/07\/29\/dritan-abazoviq-pushon-ne-bune\/","og_site_name":"Lajme nga Ulqini","article_published_time":"2013-07-29T18:45:00+00:00","article_modified_time":"2013-07-29T22:31:25+00:00","og_image":[{"url":"http:\/\/www.visit-ulcinj.com\/blog\/wp-content\/uploads\/2013\/07\/dritanabazoviq-adabojana.jpg"}],"twitter_misc":{"Written by":"ulqini","Est. reading time":"1 minute"},"schema":{"@context":"https:\/\/schema.org","@graph":[{"@type":"WebSite","@id":"https:\/\/www.visit-ulcinj.com\/blog\/#website","url":"https:\/\/www.visit-ulcinj.com\/blog\/","name":"Lajme nga Ulqini","description":"Lajme,Vijesti,Ulqini,Ulqin,Crna Gora,Mali i Zi","potentialAction":[{"@type":"SearchAction","target":{"@type":"EntryPoint","urlTemplate":"https:\/\/www.visit-ulcinj.com\/blog\/?s={search_term_string}"},"query-input":"required name=search_term_string"}],"inLanguage":"en-US"},{"@type":"ImageObject","inLanguage":"en-US","@id":"https:\/\/www.visit-ulcinj.com\/blog\/2013\/07\/29\/dritan-abazoviq-pushon-ne-bune\/#primaryimage","url":"https:\/\/www.visit-ulcinj.com\/blog\/wp-content\/uploads\/2013\/07\/dritanabazoviq-adabojana.jpg","contentUrl":"https:\/\/www.visit-ulcinj.com\/blog\/wp-content\/uploads\/2013\/07\/dritanabazoviq-adabojana.jpg","width":960,"height":720},{"@type":"WebPage","@id":"https:\/\/www.visit-ulcinj.com\/blog\/2013\/07\/29\/dritan-abazoviq-pushon-ne-bune\/#webpage","url":"https:\/\/www.visit-ulcinj.com\/blog\/2013\/07\/29\/dritan-abazoviq-pushon-ne-bune\/","name":"Dritan Abazoviq pushon n\u00eb Bun\u00eb - Lajme nga Ulqini","isPartOf":{"@id":"https:\/\/www.visit-ulcinj.com\/blog\/#website"},"primaryImageOfPage":{"@id":"https:\/\/www.visit-ulcinj.com\/blog\/2013\/07\/29\/dritan-abazoviq-pushon-ne-bune\/#primaryimage"},"datePublished":"2013-07-29T18:45:00+00:00","dateModified":"2013-07-29T22:31:25+00:00","author":{"@id":"https:\/\/www.visit-ulcinj.com\/blog\/#\/schema\/person\/dcab619c614d3038751c63bc2aadc06d"},"description":"Dritan Abazoviq po k\u00ebnaqet n\u00eb anijen e shok\u00ebve te tij n\u00eb lumin \"Buna\", edhe pse ky bregun e detit nuk po preferohet m\u00eb\u00a0 nga t\u00eb gjith\u00eb pushuesit. Bashk\u00eb me","breadcrumb":{"@id":"https:\/\/www.visit-ulcinj.com\/blog\/2013\/07\/29\/dritan-abazoviq-pushon-ne-bune\/#breadcrumb"},"inLanguage":"en-US","potentialAction":[{"@type":"ReadAction","target":["https:\/\/www.visit-ulcinj.com\/blog\/2013\/07\/29\/dritan-abazoviq-pushon-ne-bune\/"]}]},{"@type":"BreadcrumbList","@id":"https:\/\/www.visit-ulcinj.com\/blog\/2013\/07\/29\/dritan-abazoviq-pushon-ne-bune\/#breadcrumb","itemListElement":[{"@type":"ListItem","position":1,"name":"Dritan Abazoviq pushon n\u00eb Bun\u00eb"}]},{"@type":"Person","@id":"https:\/\/www.visit-ulcinj.com\/blog\/#\/schema\/person\/dcab619c614d3038751c63bc2aadc06d","name":"ulqini","sameAs":["http:\/\/www.visit-ulcinj.com"],"url":"https:\/\/www.visit-ulcinj.com\/blog\/author\/admin\/"}]}},"jetpack_featured_media_url":"","jetpack_sharing_enabled":true,"jetpack_shortlink":"https:\/\/wp.me\/pe6lTn-jd3","_links":{"self":[{"href":"https:\/\/www.visit-ulcinj.com\/blog\/wp-json\/wp\/v2\/posts\/73845"}],"collection":[{"href":"https:\/\/www.visit-ulcinj.com\/blog\/wp-json\/wp\/v2\/posts"}],"about":[{"href":"https:\/\/www.visit-ulcinj.com\/blog\/wp-json\/wp\/v2\/types\/post"}],"author":[{"embeddable":true,"href":"https:\/\/www.visit-ulcinj.com\/blog\/wp-json\/wp\/v2\/users\/1"}],"replies":[{"embeddable":true,"href":"https:\/\/www.visit-ulcinj.com\/blog\/wp-json\/wp\/v2\/comments?post=73845"}],"version-history":[{"count":4,"href":"https:\/\/www.visit-ulcinj.com\/blog\/wp-json\/wp\/v2\/posts\/73845\/revisions"}],"predecessor-version":[{"id":73848,"href":"https:\/\/www.visit-ulcinj.com\/blog\/wp-json\/wp\/v2\/posts\/73845\/revisions\/73848"}],"wp:attachment":[{"href":"https:\/\/www.visit-ulcinj.com\/blog\/wp-json\/wp\/v2\/media?parent=73845"}],"wp:term":[{"taxonomy":"category","embeddable":true,"href":"https:\/\/www.visit-ulcinj.com\/blog\/wp-json\/wp\/v2\/categories?post=73845"},{"taxonomy":"post_tag","embeddable":true,"href":"https:\/\/www.visit-ulcinj.com\/blog\/wp-json\/wp\/v2\/tags?post=73845"}],"curies":[{"name":"wp","href":"https:\/\/api.w.org\/{rel}","templated":true}]}}