{"id":73849,"date":"2013-07-26T05:38:14","date_gmt":"2013-07-26T04:38:14","guid":{"rendered":"http:\/\/www.visit-ulcinj.com\/blog\/?p=73849"},"modified":"2013-07-30T07:44:10","modified_gmt":"2013-07-30T06:44:10","slug":"amir-hollaj-me-frizure-te-re","status":"publish","type":"post","link":"https:\/\/www.visit-ulcinj.com\/blog\/2013\/07\/26\/amir-hollaj-me-frizure-te-re\/","title":{"rendered":"Amir Hollaj me frizure te re"},"content":{"rendered":"<p><span><a href=\"http:\/\/www.visit-ulcinj.com\/blog\/wp-content\/uploads\/2013\/07\/AmirHollaj-Ulqin.jpg\"><img loading=\"lazy\" class=\"alignleft  wp-image-73850\" alt=\"AmirHollaj-Ulqin\" src=\"http:\/\/www.visit-ulcinj.com\/blog\/wp-content\/uploads\/2013\/07\/AmirHollaj-Ulqin.jpg\" width=\"508\" height=\"400\" \/><\/a>Politikan\u00ebt jan\u00eb ata q\u00eb po i shijojn\u00eb m\u00eb shum\u00eb pushimet k\u00ebt\u00eb vit. Madje, jan\u00eb shum\u00eb t\u00eb pakt\u00eb ata q\u00eb po i kalojn\u00eb n\u00eb Ulqin. Pjesa m\u00eb e madhe kan\u00eb prenotuar prej koh\u00ebsh jasht\u00eb vendit, kurse Amir Hollaj vendosi ti kaloj pushimet n\u00eb bregun e detit t\u00eb Ulqinit &#8220;Sapore di Mare&#8221;. <\/span><\/p>\n<p>&nbsp;<\/p>\n<p>&nbsp;<\/p>\n<p>&nbsp;<\/p>\n<p><iframe loading=\"lazy\" src=\"\/\/www.youtube.com\/embed\/krenWSTS1dY?list=UULgnXP0SncIxkn_rX-K1L3w\" height=\"360\" width=\"508\" allowfullscreen=\"\" frameborder=\"0\"><\/iframe><\/p>\n","protected":false},"excerpt":{"rendered":"<p>Politikan\u00ebt jan\u00eb ata q\u00eb po i shijojn\u00eb m\u00eb shum\u00eb pushimet k\u00ebt\u00eb vit. Madje, jan\u00eb shum\u00eb t\u00eb pakt\u00eb ata q\u00eb po i kalojn\u00eb n\u00eb Ulqin. Pjesa m\u00eb e madhe kan\u00eb prenotuar prej koh\u00ebsh jasht\u00eb vendit, kurse Amir Hollaj vendosi ti kaloj pushimet n\u00eb bregun e detit t\u00eb Ulqinit &#8220;Sapore di Mare&#8221;. &nbsp; &nbsp; &nbsp;<\/p>\n","protected":false},"author":1,"featured_media":0,"comment_status":"closed","ping_status":"closed","sticky":false,"template":"","format":"standard","meta":{"spay_email":"","jetpack_publicize_message":"","jetpack_is_tweetstorm":false,"jetpack_publicize_feature_enabled":true},"categories":[1],"tags":[],"jetpack_publicize_connections":[],"yoast_head":"<!-- This site is optimized with the Yoast SEO plugin v19.1 - https:\/\/yoast.com\/wordpress\/plugins\/seo\/ -->\n<title>Amir Hollaj me frizure te re - Lajme nga Ulqini<\/title>\n<meta name=\"description\" content=\"Politikan\u00ebt jan\u00eb ata q\u00eb po i shijojn\u00eb m\u00eb shum\u00eb pushimet k\u00ebt\u00eb vit. Madje, jan\u00eb shum\u00eb t\u00eb pakt\u00eb ata q\u00eb po i kalojn\u00eb n\u00eb Ulqin. Pjesa m\u00eb e madhe kan\u00eb prenotuar\" \/>\n<meta name=\"robots\" content=\"index, follow, max-snippet:-1, max-image-preview:large, max-video-preview:-1\" \/>\n<link rel=\"canonical\" href=\"https:\/\/www.visit-ulcinj.com\/blog\/2013\/07\/26\/amir-hollaj-me-frizure-te-re\/\" \/>\n<meta property=\"og:locale\" content=\"en_US\" \/>\n<meta property=\"og:type\" content=\"article\" \/>\n<meta property=\"og:title\" content=\"Amir Hollaj me frizure te re - Lajme nga Ulqini\" \/>\n<meta property=\"og:description\" content=\"Politikan\u00ebt jan\u00eb ata q\u00eb po i shijojn\u00eb m\u00eb shum\u00eb pushimet k\u00ebt\u00eb vit. Madje, jan\u00eb shum\u00eb t\u00eb pakt\u00eb ata q\u00eb po i kalojn\u00eb n\u00eb Ulqin. Pjesa m\u00eb e madhe kan\u00eb prenotuar\" \/>\n<meta property=\"og:url\" content=\"https:\/\/www.visit-ulcinj.com\/blog\/2013\/07\/26\/amir-hollaj-me-frizure-te-re\/\" \/>\n<meta property=\"og:site_name\" content=\"Lajme nga Ulqini\" \/>\n<meta property=\"article:published_time\" content=\"2013-07-26T04:38:14+00:00\" \/>\n<meta property=\"article:modified_time\" content=\"2013-07-30T06:44:10+00:00\" \/>\n<meta property=\"og:image\" content=\"http:\/\/www.visit-ulcinj.com\/blog\/wp-content\/uploads\/2013\/07\/AmirHollaj-Ulqin.jpg\" \/>\n<meta name=\"twitter:label1\" content=\"Written by\" \/>\n\t<meta name=\"twitter:data1\" content=\"ulqini\" \/>\n<script type=\"application\/ld+json\" class=\"yoast-schema-graph\">{\"@context\":\"https:\/\/schema.org\",\"@graph\":[{\"@type\":\"WebSite\",\"@id\":\"https:\/\/www.visit-ulcinj.com\/blog\/#website\",\"url\":\"https:\/\/www.visit-ulcinj.com\/blog\/\",\"name\":\"Lajme nga Ulqini\",\"description\":\"Lajme,Vijesti,Ulqini,Ulqin,Crna Gora,Mali i Zi\",\"potentialAction\":[{\"@type\":\"SearchAction\",\"target\":{\"@type\":\"EntryPoint\",\"urlTemplate\":\"https:\/\/www.visit-ulcinj.com\/blog\/?s={search_term_string}\"},\"query-input\":\"required name=search_term_string\"}],\"inLanguage\":\"en-US\"},{\"@type\":\"ImageObject\",\"inLanguage\":\"en-US\",\"@id\":\"https:\/\/www.visit-ulcinj.com\/blog\/2013\/07\/26\/amir-hollaj-me-frizure-te-re\/#primaryimage\",\"url\":\"https:\/\/www.visit-ulcinj.com\/blog\/wp-content\/uploads\/2013\/07\/AmirHollaj-Ulqin.jpg\",\"contentUrl\":\"https:\/\/www.visit-ulcinj.com\/blog\/wp-content\/uploads\/2013\/07\/AmirHollaj-Ulqin.jpg\",\"width\":960,\"height\":960},{\"@type\":\"WebPage\",\"@id\":\"https:\/\/www.visit-ulcinj.com\/blog\/2013\/07\/26\/amir-hollaj-me-frizure-te-re\/#webpage\",\"url\":\"https:\/\/www.visit-ulcinj.com\/blog\/2013\/07\/26\/amir-hollaj-me-frizure-te-re\/\",\"name\":\"Amir Hollaj me frizure te re - Lajme nga Ulqini\",\"isPartOf\":{\"@id\":\"https:\/\/www.visit-ulcinj.com\/blog\/#website\"},\"primaryImageOfPage\":{\"@id\":\"https:\/\/www.visit-ulcinj.com\/blog\/2013\/07\/26\/amir-hollaj-me-frizure-te-re\/#primaryimage\"},\"datePublished\":\"2013-07-26T04:38:14+00:00\",\"dateModified\":\"2013-07-30T06:44:10+00:00\",\"author\":{\"@id\":\"https:\/\/www.visit-ulcinj.com\/blog\/#\/schema\/person\/dcab619c614d3038751c63bc2aadc06d\"},\"description\":\"Politikan\u00ebt jan\u00eb ata q\u00eb po i shijojn\u00eb m\u00eb shum\u00eb pushimet k\u00ebt\u00eb vit. Madje, jan\u00eb shum\u00eb t\u00eb pakt\u00eb ata q\u00eb po i kalojn\u00eb n\u00eb Ulqin. Pjesa m\u00eb e madhe kan\u00eb prenotuar\",\"breadcrumb\":{\"@id\":\"https:\/\/www.visit-ulcinj.com\/blog\/2013\/07\/26\/amir-hollaj-me-frizure-te-re\/#breadcrumb\"},\"inLanguage\":\"en-US\",\"potentialAction\":[{\"@type\":\"ReadAction\",\"target\":[\"https:\/\/www.visit-ulcinj.com\/blog\/2013\/07\/26\/amir-hollaj-me-frizure-te-re\/\"]}]},{\"@type\":\"BreadcrumbList\",\"@id\":\"https:\/\/www.visit-ulcinj.com\/blog\/2013\/07\/26\/amir-hollaj-me-frizure-te-re\/#breadcrumb\",\"itemListElement\":[{\"@type\":\"ListItem\",\"position\":1,\"name\":\"Amir Hollaj me frizure te re\"}]},{\"@type\":\"Person\",\"@id\":\"https:\/\/www.visit-ulcinj.com\/blog\/#\/schema\/person\/dcab619c614d3038751c63bc2aadc06d\",\"name\":\"ulqini\",\"sameAs\":[\"http:\/\/www.visit-ulcinj.com\"],\"url\":\"https:\/\/www.visit-ulcinj.com\/blog\/author\/admin\/\"}]}<\/script>\n<!-- \/ Yoast SEO plugin. -->","yoast_head_json":{"title":"Amir Hollaj me frizure te re - Lajme nga Ulqini","description":"Politikan\u00ebt jan\u00eb ata q\u00eb po i shijojn\u00eb m\u00eb shum\u00eb pushimet k\u00ebt\u00eb vit. Madje, jan\u00eb shum\u00eb t\u00eb pakt\u00eb ata q\u00eb po i kalojn\u00eb n\u00eb Ulqin. Pjesa m\u00eb e madhe kan\u00eb prenotuar","robots":{"index":"index","follow":"follow","max-snippet":"max-snippet:-1","max-image-preview":"max-image-preview:large","max-video-preview":"max-video-preview:-1"},"canonical":"https:\/\/www.visit-ulcinj.com\/blog\/2013\/07\/26\/amir-hollaj-me-frizure-te-re\/","og_locale":"en_US","og_type":"article","og_title":"Amir Hollaj me frizure te re - Lajme nga Ulqini","og_description":"Politikan\u00ebt jan\u00eb ata q\u00eb po i shijojn\u00eb m\u00eb shum\u00eb pushimet k\u00ebt\u00eb vit. Madje, jan\u00eb shum\u00eb t\u00eb pakt\u00eb ata q\u00eb po i kalojn\u00eb n\u00eb Ulqin. Pjesa m\u00eb e madhe kan\u00eb prenotuar","og_url":"https:\/\/www.visit-ulcinj.com\/blog\/2013\/07\/26\/amir-hollaj-me-frizure-te-re\/","og_site_name":"Lajme nga Ulqini","article_published_time":"2013-07-26T04:38:14+00:00","article_modified_time":"2013-07-30T06:44:10+00:00","og_image":[{"url":"http:\/\/www.visit-ulcinj.com\/blog\/wp-content\/uploads\/2013\/07\/AmirHollaj-Ulqin.jpg"}],"twitter_misc":{"Written by":"ulqini"},"schema":{"@context":"https:\/\/schema.org","@graph":[{"@type":"WebSite","@id":"https:\/\/www.visit-ulcinj.com\/blog\/#website","url":"https:\/\/www.visit-ulcinj.com\/blog\/","name":"Lajme nga Ulqini","description":"Lajme,Vijesti,Ulqini,Ulqin,Crna Gora,Mali i Zi","potentialAction":[{"@type":"SearchAction","target":{"@type":"EntryPoint","urlTemplate":"https:\/\/www.visit-ulcinj.com\/blog\/?s={search_term_string}"},"query-input":"required name=search_term_string"}],"inLanguage":"en-US"},{"@type":"ImageObject","inLanguage":"en-US","@id":"https:\/\/www.visit-ulcinj.com\/blog\/2013\/07\/26\/amir-hollaj-me-frizure-te-re\/#primaryimage","url":"https:\/\/www.visit-ulcinj.com\/blog\/wp-content\/uploads\/2013\/07\/AmirHollaj-Ulqin.jpg","contentUrl":"https:\/\/www.visit-ulcinj.com\/blog\/wp-content\/uploads\/2013\/07\/AmirHollaj-Ulqin.jpg","width":960,"height":960},{"@type":"WebPage","@id":"https:\/\/www.visit-ulcinj.com\/blog\/2013\/07\/26\/amir-hollaj-me-frizure-te-re\/#webpage","url":"https:\/\/www.visit-ulcinj.com\/blog\/2013\/07\/26\/amir-hollaj-me-frizure-te-re\/","name":"Amir Hollaj me frizure te re - Lajme nga Ulqini","isPartOf":{"@id":"https:\/\/www.visit-ulcinj.com\/blog\/#website"},"primaryImageOfPage":{"@id":"https:\/\/www.visit-ulcinj.com\/blog\/2013\/07\/26\/amir-hollaj-me-frizure-te-re\/#primaryimage"},"datePublished":"2013-07-26T04:38:14+00:00","dateModified":"2013-07-30T06:44:10+00:00","author":{"@id":"https:\/\/www.visit-ulcinj.com\/blog\/#\/schema\/person\/dcab619c614d3038751c63bc2aadc06d"},"description":"Politikan\u00ebt jan\u00eb ata q\u00eb po i shijojn\u00eb m\u00eb shum\u00eb pushimet k\u00ebt\u00eb vit. Madje, jan\u00eb shum\u00eb t\u00eb pakt\u00eb ata q\u00eb po i kalojn\u00eb n\u00eb Ulqin. Pjesa m\u00eb e madhe kan\u00eb prenotuar","breadcrumb":{"@id":"https:\/\/www.visit-ulcinj.com\/blog\/2013\/07\/26\/amir-hollaj-me-frizure-te-re\/#breadcrumb"},"inLanguage":"en-US","potentialAction":[{"@type":"ReadAction","target":["https:\/\/www.visit-ulcinj.com\/blog\/2013\/07\/26\/amir-hollaj-me-frizure-te-re\/"]}]},{"@type":"BreadcrumbList","@id":"https:\/\/www.visit-ulcinj.com\/blog\/2013\/07\/26\/amir-hollaj-me-frizure-te-re\/#breadcrumb","itemListElement":[{"@type":"ListItem","position":1,"name":"Amir Hollaj me frizure te re"}]},{"@type":"Person","@id":"https:\/\/www.visit-ulcinj.com\/blog\/#\/schema\/person\/dcab619c614d3038751c63bc2aadc06d","name":"ulqini","sameAs":["http:\/\/www.visit-ulcinj.com"],"url":"https:\/\/www.visit-ulcinj.com\/blog\/author\/admin\/"}]}},"jetpack_featured_media_url":"","jetpack_sharing_enabled":true,"jetpack_shortlink":"https:\/\/wp.me\/pe6lTn-jd7","_links":{"self":[{"href":"https:\/\/www.visit-ulcinj.com\/blog\/wp-json\/wp\/v2\/posts\/73849"}],"collection":[{"href":"https:\/\/www.visit-ulcinj.com\/blog\/wp-json\/wp\/v2\/posts"}],"about":[{"href":"https:\/\/www.visit-ulcinj.com\/blog\/wp-json\/wp\/v2\/types\/post"}],"author":[{"embeddable":true,"href":"https:\/\/www.visit-ulcinj.com\/blog\/wp-json\/wp\/v2\/users\/1"}],"replies":[{"embeddable":true,"href":"https:\/\/www.visit-ulcinj.com\/blog\/wp-json\/wp\/v2\/comments?post=73849"}],"version-history":[{"count":4,"href":"https:\/\/www.visit-ulcinj.com\/blog\/wp-json\/wp\/v2\/posts\/73849\/revisions"}],"predecessor-version":[{"id":73869,"href":"https:\/\/www.visit-ulcinj.com\/blog\/wp-json\/wp\/v2\/posts\/73849\/revisions\/73869"}],"wp:attachment":[{"href":"https:\/\/www.visit-ulcinj.com\/blog\/wp-json\/wp\/v2\/media?parent=73849"}],"wp:term":[{"taxonomy":"category","embeddable":true,"href":"https:\/\/www.visit-ulcinj.com\/blog\/wp-json\/wp\/v2\/categories?post=73849"},{"taxonomy":"post_tag","embeddable":true,"href":"https:\/\/www.visit-ulcinj.com\/blog\/wp-json\/wp\/v2\/tags?post=73849"}],"curies":[{"name":"wp","href":"https:\/\/api.w.org\/{rel}","templated":true}]}}