{"id":73859,"date":"2013-07-30T07:20:20","date_gmt":"2013-07-30T06:20:20","guid":{"rendered":"http:\/\/www.visit-ulcinj.com\/blog\/?p=73859"},"modified":"2013-07-30T07:20:37","modified_gmt":"2013-07-30T06:20:37","slug":"flori-dhe-elvana-kallin-tiranen","status":"publish","type":"post","link":"https:\/\/www.visit-ulcinj.com\/blog\/2013\/07\/30\/flori-dhe-elvana-kallin-tiranen\/","title":{"rendered":"Flori dhe Elvana \u2018kallin\u2019 Tiran\u00ebn"},"content":{"rendered":"<p><a href=\"http:\/\/www.visit-ulcinj.com\/blog\/wp-content\/uploads\/2013\/07\/Flori-Mumajesi-dhe-Elvana-Gjata.jpg\"><img loading=\"lazy\" class=\"alignleft  wp-image-73860\" alt=\"Flori Mumajesi dhe Elvana Gjata\" src=\"http:\/\/www.visit-ulcinj.com\/blog\/wp-content\/uploads\/2013\/07\/Flori-Mumajesi-dhe-Elvana-Gjata.jpg\" width=\"508\" height=\"360\" \/><\/a>Flori Mumajesi dhe Elvana Gjata kan\u00eb \u2018djegur\u2019 Tiran\u00ebn. Shum\u00eb selektiv\u00eb n\u00eb p\u00ebrzgjedhjen e vendeve ku k\u00ebndojn\u00eb, ata k\u00ebt\u00eb her\u00eb vendos\u00ebn t\u00eb k\u00ebnaqin fansat e kryeqytetit, q\u00eb jan\u00eb v\u00ebrtet t\u00eb shumt\u00eb. Ashtu si\u00e7 pritej, dyshja Flori \u2013 Elvana realizuan nj\u00eb performanc\u00eb t\u00eb rrall\u00eb, duke b\u00ebr\u00eb q\u00eb publiku i pranish\u00ebm n\u00eb \u2018Lollipop Summer\u2019 t\u00eb kalonte n\u00eb ekstaz\u00eb. Show filloi me performanc\u00ebn e grupit kosovar \u201cKaos\u201d, me t\u00eb cil\u00ebt Elvana dhe Flori kan\u00eb bashk\u00ebpunuar s\u00eb fundmi. Djemt\u00eb ia dol\u00ebn t\u00eb \u00e7onin pluhur me k\u00ebng\u00ebt e tyre, duke e \u00e7uar publikun t\u00eb k\u00ebrcej\u00eb. M\u00eb pas sken\u00ebn e zaptoi Elvana, e veshur me t\u00eb bardha, nj\u00eb veshje q\u00eb ia ekspozonte format e trupit dhe q\u00eb e b\u00ebnte t\u00eb dukej shum\u00eb seksi. K\u00ebng\u00ebtarja e suksesshme kishte zgjedhur hitin \u201cKudo q\u00eb jam\u201d si performanc\u00eb t\u00eb par\u00eb, p\u00ebr t\u00eb treguar se, edhe pse n\u00eb kryeqytet ku k\u00ebndon rrall\u00eb, ajo ishte e sigurt n\u00eb suksesin q\u00eb do t\u00eb merrte e q\u00eb n\u00eb fakt e mori. Nj\u00eb vullkan i v\u00ebrtet\u00eb, Elvana Gjata, n\u00ebn shoq\u00ebrin\u00eb e instrumentist\u00ebve dhe DJ Andy Gramm, ia doli t\u00eb ngrinte pesh\u00eb publikun e pranish\u00ebm me performanc\u00ebn \u2018live\u2019.<\/p>\n<p><a href=\"http:\/\/www.visit-ulcinj.com\/blog\/wp-content\/uploads\/2013\/07\/flori.jpg\"><img loading=\"lazy\" class=\"alignleft  wp-image-73861\" alt=\"flori\" src=\"http:\/\/www.visit-ulcinj.com\/blog\/wp-content\/uploads\/2013\/07\/flori.jpg\" width=\"508\" height=\"360\" \/><\/a><\/p>\n<p>Pas Elvan\u00ebs, publiku priti me ovacione dhe shum\u00eb duartrokitje Flori Mumajesin, i cili tashm\u00eb \u00ebsht\u00eb nd\u00ebr emrat m\u00eb t\u00eb dashur e m\u00eb t\u00eb k\u00ebrkuar t\u00eb muzik\u00ebs shqiptare. Kantautori fantastik, q\u00eb nuk njeh d\u00ebshtim, tregoi gjat\u00eb s\u00eb enjtes edhe vlera shum\u00eb t\u00eb mira vokale. Mbr\u00ebmja e organizuar nga \u201cEagle Mobile\u201d dhe \u201cAlbtelecom\u201d u mbyll nga performanca e p\u00ebrbashk\u00ebt e Elvan\u00ebs dhe Florit n\u00eb k\u00ebng\u00ebn \u201cXhamadani vija-vija\u201d, q\u00eb e ndezi publikun akoma m\u00eb shum\u00eb. Edhe pse hyrja p\u00ebr t\u00eb par\u00eb Elvan\u00ebn dhe Florin k\u00ebrkonte nj\u00eb pages\u00eb \u2018t\u00eb shtrenjt\u00eb\u2019 krahasuar me koncertet e tjera t\u00eb organizuara n\u00eb Tiran\u00eb, ambientet e \u201cLollipop Summer\u201d n\u00eb Tiran\u00eb nuk ishin mbushur kurr\u00eb asnj\u00ebher\u00eb aq sa nat\u00ebn e s\u00eb enjtes.<\/p>\n<p><strong>Bluetooth<\/strong><\/p>\n<p><iframe loading=\"lazy\" width=\"508\" height=\"360\" src=\"\/\/www.youtube.com\/embed\/Y32n7kNlxmc\" frameborder=\"0\" allowfullscreen><\/iframe><\/p>\n","protected":false},"excerpt":{"rendered":"<p>Flori Mumajesi dhe Elvana Gjata kan\u00eb \u2018djegur\u2019 Tiran\u00ebn. Shum\u00eb selektiv\u00eb n\u00eb p\u00ebrzgjedhjen e vendeve ku k\u00ebndojn\u00eb, ata k\u00ebt\u00eb her\u00eb vendos\u00ebn t\u00eb k\u00ebnaqin fansat e kryeqytetit, q\u00eb jan\u00eb v\u00ebrtet t\u00eb shumt\u00eb. Ashtu si\u00e7 pritej, dyshja Flori \u2013 Elvana realizuan nj\u00eb performanc\u00eb t\u00eb rrall\u00eb, duke b\u00ebr\u00eb q\u00eb publiku i pranish\u00ebm n\u00eb \u2018Lollipop Summer\u2019 t\u00eb kalonte n\u00eb ekstaz\u00eb. [&hellip;]<\/p>\n","protected":false},"author":1,"featured_media":0,"comment_status":"closed","ping_status":"closed","sticky":false,"template":"","format":"standard","meta":{"spay_email":"","jetpack_publicize_message":"","jetpack_is_tweetstorm":false,"jetpack_publicize_feature_enabled":true},"categories":[1],"tags":[],"jetpack_publicize_connections":[],"yoast_head":"<!-- This site is optimized with the Yoast SEO plugin v19.1 - https:\/\/yoast.com\/wordpress\/plugins\/seo\/ -->\n<title>Flori dhe Elvana \u2018kallin\u2019 Tiran\u00ebn - Lajme nga Ulqini<\/title>\n<meta name=\"description\" content=\"Flori Mumajesi dhe Elvana Gjata kan\u00eb \u2018djegur\u2019 Tiran\u00ebn. Shum\u00eb selektiv\u00eb n\u00eb p\u00ebrzgjedhjen e vendeve ku k\u00ebndojn\u00eb, ata k\u00ebt\u00eb her\u00eb vendos\u00ebn t\u00eb k\u00ebnaqin fansat e\" \/>\n<meta name=\"robots\" content=\"index, follow, max-snippet:-1, max-image-preview:large, max-video-preview:-1\" \/>\n<link rel=\"canonical\" href=\"https:\/\/www.visit-ulcinj.com\/blog\/2013\/07\/30\/flori-dhe-elvana-kallin-tiranen\/\" \/>\n<meta property=\"og:locale\" content=\"en_US\" \/>\n<meta property=\"og:type\" content=\"article\" \/>\n<meta property=\"og:title\" content=\"Flori dhe Elvana \u2018kallin\u2019 Tiran\u00ebn - Lajme nga Ulqini\" \/>\n<meta property=\"og:description\" content=\"Flori Mumajesi dhe Elvana Gjata kan\u00eb \u2018djegur\u2019 Tiran\u00ebn. Shum\u00eb selektiv\u00eb n\u00eb p\u00ebrzgjedhjen e vendeve ku k\u00ebndojn\u00eb, ata k\u00ebt\u00eb her\u00eb vendos\u00ebn t\u00eb k\u00ebnaqin fansat e\" \/>\n<meta property=\"og:url\" content=\"https:\/\/www.visit-ulcinj.com\/blog\/2013\/07\/30\/flori-dhe-elvana-kallin-tiranen\/\" \/>\n<meta property=\"og:site_name\" content=\"Lajme nga Ulqini\" \/>\n<meta property=\"article:published_time\" content=\"2013-07-30T06:20:20+00:00\" \/>\n<meta property=\"article:modified_time\" content=\"2013-07-30T06:20:37+00:00\" \/>\n<meta property=\"og:image\" content=\"http:\/\/www.visit-ulcinj.com\/blog\/wp-content\/uploads\/2013\/07\/Flori-Mumajesi-dhe-Elvana-Gjata.jpg\" \/>\n<meta name=\"twitter:label1\" content=\"Written by\" \/>\n\t<meta name=\"twitter:data1\" content=\"ulqini\" \/>\n\t<meta name=\"twitter:label2\" content=\"Est. reading time\" \/>\n\t<meta name=\"twitter:data2\" content=\"2 minutes\" \/>\n<script type=\"application\/ld+json\" class=\"yoast-schema-graph\">{\"@context\":\"https:\/\/schema.org\",\"@graph\":[{\"@type\":\"WebSite\",\"@id\":\"https:\/\/www.visit-ulcinj.com\/blog\/#website\",\"url\":\"https:\/\/www.visit-ulcinj.com\/blog\/\",\"name\":\"Lajme nga Ulqini\",\"description\":\"Lajme,Vijesti,Ulqini,Ulqin,Crna Gora,Mali i Zi\",\"potentialAction\":[{\"@type\":\"SearchAction\",\"target\":{\"@type\":\"EntryPoint\",\"urlTemplate\":\"https:\/\/www.visit-ulcinj.com\/blog\/?s={search_term_string}\"},\"query-input\":\"required name=search_term_string\"}],\"inLanguage\":\"en-US\"},{\"@type\":\"ImageObject\",\"inLanguage\":\"en-US\",\"@id\":\"https:\/\/www.visit-ulcinj.com\/blog\/2013\/07\/30\/flori-dhe-elvana-kallin-tiranen\/#primaryimage\",\"url\":\"https:\/\/www.visit-ulcinj.com\/blog\/wp-content\/uploads\/2013\/07\/Flori-Mumajesi-dhe-Elvana-Gjata.jpg\",\"contentUrl\":\"https:\/\/www.visit-ulcinj.com\/blog\/wp-content\/uploads\/2013\/07\/Flori-Mumajesi-dhe-Elvana-Gjata.jpg\",\"width\":960,\"height\":637},{\"@type\":\"WebPage\",\"@id\":\"https:\/\/www.visit-ulcinj.com\/blog\/2013\/07\/30\/flori-dhe-elvana-kallin-tiranen\/#webpage\",\"url\":\"https:\/\/www.visit-ulcinj.com\/blog\/2013\/07\/30\/flori-dhe-elvana-kallin-tiranen\/\",\"name\":\"Flori dhe Elvana \u2018kallin\u2019 Tiran\u00ebn - Lajme nga Ulqini\",\"isPartOf\":{\"@id\":\"https:\/\/www.visit-ulcinj.com\/blog\/#website\"},\"primaryImageOfPage\":{\"@id\":\"https:\/\/www.visit-ulcinj.com\/blog\/2013\/07\/30\/flori-dhe-elvana-kallin-tiranen\/#primaryimage\"},\"datePublished\":\"2013-07-30T06:20:20+00:00\",\"dateModified\":\"2013-07-30T06:20:37+00:00\",\"author\":{\"@id\":\"https:\/\/www.visit-ulcinj.com\/blog\/#\/schema\/person\/dcab619c614d3038751c63bc2aadc06d\"},\"description\":\"Flori Mumajesi dhe Elvana Gjata kan\u00eb \u2018djegur\u2019 Tiran\u00ebn. Shum\u00eb selektiv\u00eb n\u00eb p\u00ebrzgjedhjen e vendeve ku k\u00ebndojn\u00eb, ata k\u00ebt\u00eb her\u00eb vendos\u00ebn t\u00eb k\u00ebnaqin fansat e\",\"breadcrumb\":{\"@id\":\"https:\/\/www.visit-ulcinj.com\/blog\/2013\/07\/30\/flori-dhe-elvana-kallin-tiranen\/#breadcrumb\"},\"inLanguage\":\"en-US\",\"potentialAction\":[{\"@type\":\"ReadAction\",\"target\":[\"https:\/\/www.visit-ulcinj.com\/blog\/2013\/07\/30\/flori-dhe-elvana-kallin-tiranen\/\"]}]},{\"@type\":\"BreadcrumbList\",\"@id\":\"https:\/\/www.visit-ulcinj.com\/blog\/2013\/07\/30\/flori-dhe-elvana-kallin-tiranen\/#breadcrumb\",\"itemListElement\":[{\"@type\":\"ListItem\",\"position\":1,\"name\":\"Flori dhe Elvana \u2018kallin\u2019 Tiran\u00ebn\"}]},{\"@type\":\"Person\",\"@id\":\"https:\/\/www.visit-ulcinj.com\/blog\/#\/schema\/person\/dcab619c614d3038751c63bc2aadc06d\",\"name\":\"ulqini\",\"sameAs\":[\"http:\/\/www.visit-ulcinj.com\"],\"url\":\"https:\/\/www.visit-ulcinj.com\/blog\/author\/admin\/\"}]}<\/script>\n<!-- \/ Yoast SEO plugin. -->","yoast_head_json":{"title":"Flori dhe Elvana \u2018kallin\u2019 Tiran\u00ebn - Lajme nga Ulqini","description":"Flori Mumajesi dhe Elvana Gjata kan\u00eb \u2018djegur\u2019 Tiran\u00ebn. Shum\u00eb selektiv\u00eb n\u00eb p\u00ebrzgjedhjen e vendeve ku k\u00ebndojn\u00eb, ata k\u00ebt\u00eb her\u00eb vendos\u00ebn t\u00eb k\u00ebnaqin fansat e","robots":{"index":"index","follow":"follow","max-snippet":"max-snippet:-1","max-image-preview":"max-image-preview:large","max-video-preview":"max-video-preview:-1"},"canonical":"https:\/\/www.visit-ulcinj.com\/blog\/2013\/07\/30\/flori-dhe-elvana-kallin-tiranen\/","og_locale":"en_US","og_type":"article","og_title":"Flori dhe Elvana \u2018kallin\u2019 Tiran\u00ebn - Lajme nga Ulqini","og_description":"Flori Mumajesi dhe Elvana Gjata kan\u00eb \u2018djegur\u2019 Tiran\u00ebn. Shum\u00eb selektiv\u00eb n\u00eb p\u00ebrzgjedhjen e vendeve ku k\u00ebndojn\u00eb, ata k\u00ebt\u00eb her\u00eb vendos\u00ebn t\u00eb k\u00ebnaqin fansat e","og_url":"https:\/\/www.visit-ulcinj.com\/blog\/2013\/07\/30\/flori-dhe-elvana-kallin-tiranen\/","og_site_name":"Lajme nga Ulqini","article_published_time":"2013-07-30T06:20:20+00:00","article_modified_time":"2013-07-30T06:20:37+00:00","og_image":[{"url":"http:\/\/www.visit-ulcinj.com\/blog\/wp-content\/uploads\/2013\/07\/Flori-Mumajesi-dhe-Elvana-Gjata.jpg"}],"twitter_misc":{"Written by":"ulqini","Est. reading time":"2 minutes"},"schema":{"@context":"https:\/\/schema.org","@graph":[{"@type":"WebSite","@id":"https:\/\/www.visit-ulcinj.com\/blog\/#website","url":"https:\/\/www.visit-ulcinj.com\/blog\/","name":"Lajme nga Ulqini","description":"Lajme,Vijesti,Ulqini,Ulqin,Crna Gora,Mali i Zi","potentialAction":[{"@type":"SearchAction","target":{"@type":"EntryPoint","urlTemplate":"https:\/\/www.visit-ulcinj.com\/blog\/?s={search_term_string}"},"query-input":"required name=search_term_string"}],"inLanguage":"en-US"},{"@type":"ImageObject","inLanguage":"en-US","@id":"https:\/\/www.visit-ulcinj.com\/blog\/2013\/07\/30\/flori-dhe-elvana-kallin-tiranen\/#primaryimage","url":"https:\/\/www.visit-ulcinj.com\/blog\/wp-content\/uploads\/2013\/07\/Flori-Mumajesi-dhe-Elvana-Gjata.jpg","contentUrl":"https:\/\/www.visit-ulcinj.com\/blog\/wp-content\/uploads\/2013\/07\/Flori-Mumajesi-dhe-Elvana-Gjata.jpg","width":960,"height":637},{"@type":"WebPage","@id":"https:\/\/www.visit-ulcinj.com\/blog\/2013\/07\/30\/flori-dhe-elvana-kallin-tiranen\/#webpage","url":"https:\/\/www.visit-ulcinj.com\/blog\/2013\/07\/30\/flori-dhe-elvana-kallin-tiranen\/","name":"Flori dhe Elvana \u2018kallin\u2019 Tiran\u00ebn - Lajme nga Ulqini","isPartOf":{"@id":"https:\/\/www.visit-ulcinj.com\/blog\/#website"},"primaryImageOfPage":{"@id":"https:\/\/www.visit-ulcinj.com\/blog\/2013\/07\/30\/flori-dhe-elvana-kallin-tiranen\/#primaryimage"},"datePublished":"2013-07-30T06:20:20+00:00","dateModified":"2013-07-30T06:20:37+00:00","author":{"@id":"https:\/\/www.visit-ulcinj.com\/blog\/#\/schema\/person\/dcab619c614d3038751c63bc2aadc06d"},"description":"Flori Mumajesi dhe Elvana Gjata kan\u00eb \u2018djegur\u2019 Tiran\u00ebn. Shum\u00eb selektiv\u00eb n\u00eb p\u00ebrzgjedhjen e vendeve ku k\u00ebndojn\u00eb, ata k\u00ebt\u00eb her\u00eb vendos\u00ebn t\u00eb k\u00ebnaqin fansat e","breadcrumb":{"@id":"https:\/\/www.visit-ulcinj.com\/blog\/2013\/07\/30\/flori-dhe-elvana-kallin-tiranen\/#breadcrumb"},"inLanguage":"en-US","potentialAction":[{"@type":"ReadAction","target":["https:\/\/www.visit-ulcinj.com\/blog\/2013\/07\/30\/flori-dhe-elvana-kallin-tiranen\/"]}]},{"@type":"BreadcrumbList","@id":"https:\/\/www.visit-ulcinj.com\/blog\/2013\/07\/30\/flori-dhe-elvana-kallin-tiranen\/#breadcrumb","itemListElement":[{"@type":"ListItem","position":1,"name":"Flori dhe Elvana \u2018kallin\u2019 Tiran\u00ebn"}]},{"@type":"Person","@id":"https:\/\/www.visit-ulcinj.com\/blog\/#\/schema\/person\/dcab619c614d3038751c63bc2aadc06d","name":"ulqini","sameAs":["http:\/\/www.visit-ulcinj.com"],"url":"https:\/\/www.visit-ulcinj.com\/blog\/author\/admin\/"}]}},"jetpack_featured_media_url":"","jetpack_sharing_enabled":true,"jetpack_shortlink":"https:\/\/wp.me\/pe6lTn-jdh","_links":{"self":[{"href":"https:\/\/www.visit-ulcinj.com\/blog\/wp-json\/wp\/v2\/posts\/73859"}],"collection":[{"href":"https:\/\/www.visit-ulcinj.com\/blog\/wp-json\/wp\/v2\/posts"}],"about":[{"href":"https:\/\/www.visit-ulcinj.com\/blog\/wp-json\/wp\/v2\/types\/post"}],"author":[{"embeddable":true,"href":"https:\/\/www.visit-ulcinj.com\/blog\/wp-json\/wp\/v2\/users\/1"}],"replies":[{"embeddable":true,"href":"https:\/\/www.visit-ulcinj.com\/blog\/wp-json\/wp\/v2\/comments?post=73859"}],"version-history":[{"count":2,"href":"https:\/\/www.visit-ulcinj.com\/blog\/wp-json\/wp\/v2\/posts\/73859\/revisions"}],"predecessor-version":[{"id":73863,"href":"https:\/\/www.visit-ulcinj.com\/blog\/wp-json\/wp\/v2\/posts\/73859\/revisions\/73863"}],"wp:attachment":[{"href":"https:\/\/www.visit-ulcinj.com\/blog\/wp-json\/wp\/v2\/media?parent=73859"}],"wp:term":[{"taxonomy":"category","embeddable":true,"href":"https:\/\/www.visit-ulcinj.com\/blog\/wp-json\/wp\/v2\/categories?post=73859"},{"taxonomy":"post_tag","embeddable":true,"href":"https:\/\/www.visit-ulcinj.com\/blog\/wp-json\/wp\/v2\/tags?post=73859"}],"curies":[{"name":"wp","href":"https:\/\/api.w.org\/{rel}","templated":true}]}}