{"id":73870,"date":"2013-07-30T08:20:53","date_gmt":"2013-07-30T07:20:53","guid":{"rendered":"http:\/\/www.visit-ulcinj.com\/blog\/?p=73870"},"modified":"2013-07-30T08:21:15","modified_gmt":"2013-07-30T07:21:15","slug":"pushimet-dhe-xhepat-e-artisteve-shqiptare-ne-ulqi","status":"publish","type":"post","link":"https:\/\/www.visit-ulcinj.com\/blog\/2013\/07\/30\/pushimet-dhe-xhepat-e-artisteve-shqiptare-ne-ulqi\/","title":{"rendered":"Pushimet dhe \u201cxhepat\u201d e artist\u00ebve shqiptar\u00eb &#8211; Video"},"content":{"rendered":"<p><a href=\"http:\/\/www.visit-ulcinj.com\/blog\/wp-content\/uploads\/2013\/07\/plazhi-ne-ulqin.jpg\"><img loading=\"lazy\" class=\"alignleft  wp-image-73871\" alt=\"plazhi ne ulqin\" src=\"http:\/\/www.visit-ulcinj.com\/blog\/wp-content\/uploads\/2013\/07\/plazhi-ne-ulqin.jpg\" width=\"508\" height=\"360\" \/><\/a>Deri n\u00eb 1400 euro mund t\u00eb kushtoj\u00eb nj\u00eb pushim mesatar p\u00ebr nj\u00eb artist shqiptar. Derisa vendet q\u00eb preferojn\u00eb jan\u00eb ato t\u00eb zakonshmet q\u00eb i vizitojn\u00eb qytetar\u00ebt shqiptar\u00eb, statusi i artistit n\u00eb Kosov\u00eb nuk t\u00eb jep ndonj\u00eb luks material. Aktor\u00eb, k\u00ebng\u00ebtar\u00eb, shkrimtar\u00eb e regjisor\u00eb kan\u00eb treguar p\u00ebr rivierat verore ku e \u201czbrazin xhepin\u201d, q\u00eb kryesisht jan\u00eb Vlora, Dh\u00ebrmia, Ulqini dhe Turqia.<\/p>\n<p>Regjisori Ujkan Hysaj, ka th\u00ebn\u00eb p\u00ebr gazet\u00ebn se ka disa preferenca, por q\u00eb ende \u00ebsht\u00eb n\u00eb dilem\u00eb se cil\u00ebn rivier\u00eb turistike t\u00eb zgjedh\u00eb.<\/p>\n<p>\u201cJam n\u00eb mes t\u00eb Dh\u00ebrmiut dhe Turqis\u00eb. Koh\u00ebve t\u00eb fundit m\u00eb shum\u00eb kam preferuar bregdetin shqiptar, besoj q\u00eb do t\u2019i kaloj disa dit\u00eb n\u00eb Dh\u00ebrmi\u201d, ka treguar Hysaj.<\/p>\n<p>Ai ka treguar edhe p\u00ebr nj\u00eb shum\u00eb t\u00eb mundshme q\u00eb do t\u00eb shpenzoj\u00eb p\u00ebr pushime. \u201cGjat\u00eb pushimeve shpenzoj 600 deri n\u00eb 800 euro\u201d, ka shtuar regjisori Hysaj. Kthimi nga pushimet do t\u00eb pasohet me disa aktivitete, t\u00eb cilat ai \u00ebsht\u00eb duke i p\u00ebrgatitur. N\u00eb tetor Hysaj do t\u00eb udh\u00ebtoj\u00eb p\u00ebr n\u00eb Qipro, n\u00eb nj\u00eb festival ku filmi i tij i shp\u00ebrblyer me disa \u00e7mime \u201cKolona\u201d, do t\u00eb jet\u00eb pjes\u00eb e pjes\u00ebmarr\u00ebsve.<\/p>\n<p>\u201cEdhe ky do t\u00eb jet\u00eb nj\u00eb pushim i vog\u00ebl. N\u00eb nd\u00ebrkoh\u00eb pres n\u00ebntorin dhe nominimet p\u00ebr Oscar&#8221;, vazhdon Hysaj.<br \/>\nRegjisorin Bekim Lumi edhe gjat\u00eb ver\u00ebs angazhimet nuk e l\u00ebn\u00eb t\u00eb mendoj\u00eb shum\u00eb p\u00ebr pushime. Ai ende nuk ka ve\u00e7uar ndonj\u00eb vend se ku do t\u2019i kaloj\u00eb pushimet, megjithat\u00eb thot\u00eb se do t\u00eb gjej\u00eb koh\u00eb edhe p\u00ebr pak shk\u00ebputje.<\/p>\n<p>\u201cEnde jam i z\u00ebn\u00eb, meq\u00eb pas disa dit\u00ebsh e kemi provimin pranues t\u00eb student\u00ebve n\u00eb Fakultetin e Arteve. Por, pasi t\u00eb kemi mbaruar me k\u00ebt\u00eb \u00e7\u00ebshtje, me siguri do t\u00eb shkoj diku p\u00ebr pushime\u201d, ka th\u00ebn\u00eb regjisori Lumi.<\/p>\n<p>Artist\u00ebt thon\u00eb se pushimi disaditor af\u00ebr detit, i ndihmon t\u00eb \u201cmbushen energji\u201d n\u00eb m\u00ebnyr\u00eb q\u00eb m\u00eb pas t\u2019u kthehen plot forc\u00eb angazhimeve t\u00eb shumta q\u00eb i kan\u00eb gjat\u00eb vitit.<\/p>\n<p>Shkrimtari, Albatros Rexhaj, thot\u00eb se n\u00eb pushime do t\u00eb shkoj\u00eb m\u00eb von\u00eb. Ai do t\u00eb b\u00ebj\u00eb dy pushime, nj\u00ebrin me familje, nd\u00ebrsa tjetrin vet\u00ebm p\u00ebr t\u00eb \u201cikur\u201d n\u00eb qet\u00ebsin\u00eb q\u00eb i mungon Prishtin\u00ebs. \u201cDo t\u00eb kem nj\u00eb pushim familjar, dhe nj\u00eb tjet\u00ebr do t\u00eb shkoj n\u00eb ndonj\u00eb vend m\u00eb t\u00eb qet\u00eb p\u00ebr t\u00eb ikur nga zhurma e Prishtin\u00ebs\u201d, ka th\u00ebn\u00eb Rexhaj p\u00ebr \u201cZ\u00ebrin\u201d.<\/p>\n<p>M\u00eb tej Rexhaj ka treguar vendet ku ai preferon t\u2019i kaloj\u00eb pushimet e tij, derisa nuk ka p\u00ebrmendur ndonj\u00eb shum\u00eb t\u00eb mundshme t\u00eb shpenzimeve. \u201cVend t\u00eb preferuar e kam bregdetin e Malit t\u00eb Zi dhe Vlor\u00ebn. Nuk kam ide sa para do t\u00eb shpenzoj\u201d, \u00ebsht\u00eb shrehur Rexhaj.<\/p>\n<p>Shkrimtari Ardian Haxhaj nga vendet e tij t\u00eb preferuara ka ve\u00e7uar Turqin\u00eb. Atje mendon t\u2019i kaloj\u00eb disa dit\u00eb n\u00eb rivier\u00ebn turke. Ai ka treguar edhe nj\u00eb shum\u00eb potenciale t\u00eb shpenzimeve.<\/p>\n<p>\u201cMendoj t\u00eb shkoj n\u00eb bregdet diku p\u00ebr nj\u00eb jav\u00eb. Ende nuk kam zgjedhur vendin sepse dhe me familje duhet t\u00eb koordinohem. Vend t\u00eb preferuar e kam Turqin\u00eb por nuk e di n\u00ebse k\u00ebt\u00eb vit do t\u00eb shkoj atje. Nuk do t\u00eb shpenzojm\u00eb shum\u00eb, bashk\u00eb me gruan do t\u00eb shpenzojm\u00eb 1000 deri n\u00eb 1400 euro\u201d, ka th\u00ebn\u00eb Haxhaj.<\/p>\n<p>Ndon\u00ebse vazhdimisht me shum\u00eb pun\u00eb, aktorja Arb\u00ebresha Grabovci, thot\u00eb se bashk\u00eb me familjen, gjat\u00eb ver\u00ebs, \u00e7do tri jav\u00eb shkon p\u00ebr pushime n\u00eb Shqip\u00ebrin\u00eb e Jugut.<\/p>\n<p>\u201cP\u00ebr pushime preferoj t\u00eb shkoj n\u00eb Shqip\u00ebrin\u00eb e Jugut, n\u00eb Dh\u00ebrmi. Shkoj \u00e7do tri jav\u00eb, nga 4 deri n\u00eb 5 dit\u00eb\u201d, ka treguar aktorja Grabovci. Ajo i ka krahasuar \u00e7mimet q\u00eb jan\u00eb atje me ato n\u00eb Kosov\u00eb, duke th\u00ebn\u00eb se nuk ka ndonj\u00eb diferenc\u00eb t\u00eb madhe.<\/p>\n<p>\u201c\u00c7mimet n\u00eb vendet turistike pran\u00eb bregdetit Jon, jan\u00eb t\u00eb nj\u00ebjta me ato k\u00ebtu n\u00eb Kosov\u00eb, n\u00eb Kosov\u00eb nj\u00eb drek\u00eb me nj\u00eb got\u00eb ver\u00eb, si e ham\u00eb k\u00ebtu edhe atje ashtu \u00ebsht\u00eb, bile atje han\u00eb para detit\u201d, thot\u00eb Grabovci.<\/p>\n<p>\u201cVaret nga akomodimi, sepse asnj\u00ebher\u00eb nuk e gjen vendin e nj\u00ebjt\u00eb. Neve na nevojiten dy dhoma, \u00e7mimi nd\u00ebrron, paguajm\u00eb 70 deri n\u00eb 80 euro p\u00ebr nj\u00eb nat\u00eb n\u00eb hotel\u201d, p\u00ebrfundon aktorja Grabovci.<\/p>\n<p>Aktorja Anisa Ismajli, ka th\u00ebn\u00eb se tashm\u00eb i ka p\u00ebrfunduar pushimet e saj, p\u00ebr 10 dit\u00eb ka q\u00ebndruar n\u00eb Dh\u00ebrmi. Nuk ka treguar shum\u00ebn e shpenzimeve, por ka shtuar se k\u00ebto kan\u00eb qen\u00eb pushimet e saj m\u00eb ekonomike.<\/p>\n<p>\u201cUn\u00eb i kam kryer pushimet, kam qen\u00eb n\u00eb Dh\u00ebrmi\u00b8 dhe kam q\u00ebndruar atje 10 dit\u00eb. Nuk mund t\u00eb jap ndonj\u00eb \u00e7mim p\u00ebr shpenzime, por deri m\u00eb tani kan\u00eb qen\u00eb pushimet m\u00eb ekonomike sepse edhe vendi ishte i till\u00eb\u201d, ka treguar Ismajli.<\/p>\n<p>&nbsp;<\/p>\n<p><strong>\/Telegrafi\/Z\u00ebri\/<\/strong><\/p>\n<p><iframe loading=\"lazy\" src=\"\/\/www.youtube.com\/embed\/TIyP8KdskEo?list=PLdZvL5MTAKShlg-pT3qAysJtw59XYuoqj\" height=\"360\" width=\"508\" allowfullscreen=\"\" frameborder=\"0\"><\/iframe><\/p>\n","protected":false},"excerpt":{"rendered":"<p>Deri n\u00eb 1400 euro mund t\u00eb kushtoj\u00eb nj\u00eb pushim mesatar p\u00ebr nj\u00eb artist shqiptar. Derisa vendet q\u00eb preferojn\u00eb jan\u00eb ato t\u00eb zakonshmet q\u00eb i vizitojn\u00eb qytetar\u00ebt shqiptar\u00eb, statusi i artistit n\u00eb Kosov\u00eb nuk t\u00eb jep ndonj\u00eb luks material. Aktor\u00eb, k\u00ebng\u00ebtar\u00eb, shkrimtar\u00eb e regjisor\u00eb kan\u00eb treguar p\u00ebr rivierat verore ku e \u201czbrazin xhepin\u201d, q\u00eb kryesisht jan\u00eb [&hellip;]<\/p>\n","protected":false},"author":1,"featured_media":0,"comment_status":"closed","ping_status":"closed","sticky":false,"template":"","format":"standard","meta":{"spay_email":"","jetpack_publicize_message":"","jetpack_is_tweetstorm":false,"jetpack_publicize_feature_enabled":true},"categories":[1],"tags":[],"jetpack_publicize_connections":[],"yoast_head":"<!-- This site is optimized with the Yoast SEO plugin v19.1 - https:\/\/yoast.com\/wordpress\/plugins\/seo\/ -->\n<title>Pushimet dhe \u201cxhepat\u201d e artist\u00ebve shqiptar\u00eb - Video - Lajme nga Ulqini<\/title>\n<meta name=\"description\" content=\"Deri n\u00eb 1400 euro mund t\u00eb kushtoj\u00eb nj\u00eb pushim mesatar p\u00ebr nj\u00eb artist shqiptar. Derisa vendet q\u00eb preferojn\u00eb jan\u00eb ato t\u00eb zakonshmet q\u00eb i vizitojn\u00eb qytetar\u00ebt\" \/>\n<meta name=\"robots\" content=\"index, follow, max-snippet:-1, max-image-preview:large, max-video-preview:-1\" \/>\n<link rel=\"canonical\" href=\"https:\/\/www.visit-ulcinj.com\/blog\/2013\/07\/30\/pushimet-dhe-xhepat-e-artisteve-shqiptare-ne-ulqi\/\" \/>\n<meta property=\"og:locale\" content=\"en_US\" \/>\n<meta property=\"og:type\" content=\"article\" \/>\n<meta property=\"og:title\" content=\"Pushimet dhe \u201cxhepat\u201d e artist\u00ebve shqiptar\u00eb - Video - Lajme nga Ulqini\" \/>\n<meta property=\"og:description\" content=\"Deri n\u00eb 1400 euro mund t\u00eb kushtoj\u00eb nj\u00eb pushim mesatar p\u00ebr nj\u00eb artist shqiptar. Derisa vendet q\u00eb preferojn\u00eb jan\u00eb ato t\u00eb zakonshmet q\u00eb i vizitojn\u00eb qytetar\u00ebt\" \/>\n<meta property=\"og:url\" content=\"https:\/\/www.visit-ulcinj.com\/blog\/2013\/07\/30\/pushimet-dhe-xhepat-e-artisteve-shqiptare-ne-ulqi\/\" \/>\n<meta property=\"og:site_name\" content=\"Lajme nga Ulqini\" \/>\n<meta property=\"article:published_time\" content=\"2013-07-30T07:20:53+00:00\" \/>\n<meta property=\"article:modified_time\" content=\"2013-07-30T07:21:15+00:00\" \/>\n<meta property=\"og:image\" content=\"http:\/\/www.visit-ulcinj.com\/blog\/wp-content\/uploads\/2013\/07\/plazhi-ne-ulqin.jpg\" \/>\n<meta name=\"twitter:label1\" content=\"Written by\" \/>\n\t<meta name=\"twitter:data1\" content=\"ulqini\" \/>\n\t<meta name=\"twitter:label2\" content=\"Est. reading time\" \/>\n\t<meta name=\"twitter:data2\" content=\"4 minutes\" \/>\n<script type=\"application\/ld+json\" class=\"yoast-schema-graph\">{\"@context\":\"https:\/\/schema.org\",\"@graph\":[{\"@type\":\"WebSite\",\"@id\":\"https:\/\/www.visit-ulcinj.com\/blog\/#website\",\"url\":\"https:\/\/www.visit-ulcinj.com\/blog\/\",\"name\":\"Lajme nga Ulqini\",\"description\":\"Lajme,Vijesti,Ulqini,Ulqin,Crna Gora,Mali i Zi\",\"potentialAction\":[{\"@type\":\"SearchAction\",\"target\":{\"@type\":\"EntryPoint\",\"urlTemplate\":\"https:\/\/www.visit-ulcinj.com\/blog\/?s={search_term_string}\"},\"query-input\":\"required name=search_term_string\"}],\"inLanguage\":\"en-US\"},{\"@type\":\"ImageObject\",\"inLanguage\":\"en-US\",\"@id\":\"https:\/\/www.visit-ulcinj.com\/blog\/2013\/07\/30\/pushimet-dhe-xhepat-e-artisteve-shqiptare-ne-ulqi\/#primaryimage\",\"url\":\"https:\/\/www.visit-ulcinj.com\/blog\/wp-content\/uploads\/2013\/07\/plazhi-ne-ulqin.jpg\",\"contentUrl\":\"https:\/\/www.visit-ulcinj.com\/blog\/wp-content\/uploads\/2013\/07\/plazhi-ne-ulqin.jpg\",\"width\":596,\"height\":395},{\"@type\":\"WebPage\",\"@id\":\"https:\/\/www.visit-ulcinj.com\/blog\/2013\/07\/30\/pushimet-dhe-xhepat-e-artisteve-shqiptare-ne-ulqi\/#webpage\",\"url\":\"https:\/\/www.visit-ulcinj.com\/blog\/2013\/07\/30\/pushimet-dhe-xhepat-e-artisteve-shqiptare-ne-ulqi\/\",\"name\":\"Pushimet dhe \u201cxhepat\u201d e artist\u00ebve shqiptar\u00eb - Video - Lajme nga Ulqini\",\"isPartOf\":{\"@id\":\"https:\/\/www.visit-ulcinj.com\/blog\/#website\"},\"primaryImageOfPage\":{\"@id\":\"https:\/\/www.visit-ulcinj.com\/blog\/2013\/07\/30\/pushimet-dhe-xhepat-e-artisteve-shqiptare-ne-ulqi\/#primaryimage\"},\"datePublished\":\"2013-07-30T07:20:53+00:00\",\"dateModified\":\"2013-07-30T07:21:15+00:00\",\"author\":{\"@id\":\"https:\/\/www.visit-ulcinj.com\/blog\/#\/schema\/person\/dcab619c614d3038751c63bc2aadc06d\"},\"description\":\"Deri n\u00eb 1400 euro mund t\u00eb kushtoj\u00eb nj\u00eb pushim mesatar p\u00ebr nj\u00eb artist shqiptar. Derisa vendet q\u00eb preferojn\u00eb jan\u00eb ato t\u00eb zakonshmet q\u00eb i vizitojn\u00eb qytetar\u00ebt\",\"breadcrumb\":{\"@id\":\"https:\/\/www.visit-ulcinj.com\/blog\/2013\/07\/30\/pushimet-dhe-xhepat-e-artisteve-shqiptare-ne-ulqi\/#breadcrumb\"},\"inLanguage\":\"en-US\",\"potentialAction\":[{\"@type\":\"ReadAction\",\"target\":[\"https:\/\/www.visit-ulcinj.com\/blog\/2013\/07\/30\/pushimet-dhe-xhepat-e-artisteve-shqiptare-ne-ulqi\/\"]}]},{\"@type\":\"BreadcrumbList\",\"@id\":\"https:\/\/www.visit-ulcinj.com\/blog\/2013\/07\/30\/pushimet-dhe-xhepat-e-artisteve-shqiptare-ne-ulqi\/#breadcrumb\",\"itemListElement\":[{\"@type\":\"ListItem\",\"position\":1,\"name\":\"Pushimet dhe \u201cxhepat\u201d e artist\u00ebve shqiptar\u00eb &#8211; Video\"}]},{\"@type\":\"Person\",\"@id\":\"https:\/\/www.visit-ulcinj.com\/blog\/#\/schema\/person\/dcab619c614d3038751c63bc2aadc06d\",\"name\":\"ulqini\",\"sameAs\":[\"http:\/\/www.visit-ulcinj.com\"],\"url\":\"https:\/\/www.visit-ulcinj.com\/blog\/author\/admin\/\"}]}<\/script>\n<!-- \/ Yoast SEO plugin. -->","yoast_head_json":{"title":"Pushimet dhe \u201cxhepat\u201d e artist\u00ebve shqiptar\u00eb - Video - Lajme nga Ulqini","description":"Deri n\u00eb 1400 euro mund t\u00eb kushtoj\u00eb nj\u00eb pushim mesatar p\u00ebr nj\u00eb artist shqiptar. Derisa vendet q\u00eb preferojn\u00eb jan\u00eb ato t\u00eb zakonshmet q\u00eb i vizitojn\u00eb qytetar\u00ebt","robots":{"index":"index","follow":"follow","max-snippet":"max-snippet:-1","max-image-preview":"max-image-preview:large","max-video-preview":"max-video-preview:-1"},"canonical":"https:\/\/www.visit-ulcinj.com\/blog\/2013\/07\/30\/pushimet-dhe-xhepat-e-artisteve-shqiptare-ne-ulqi\/","og_locale":"en_US","og_type":"article","og_title":"Pushimet dhe \u201cxhepat\u201d e artist\u00ebve shqiptar\u00eb - Video - Lajme nga Ulqini","og_description":"Deri n\u00eb 1400 euro mund t\u00eb kushtoj\u00eb nj\u00eb pushim mesatar p\u00ebr nj\u00eb artist shqiptar. Derisa vendet q\u00eb preferojn\u00eb jan\u00eb ato t\u00eb zakonshmet q\u00eb i vizitojn\u00eb qytetar\u00ebt","og_url":"https:\/\/www.visit-ulcinj.com\/blog\/2013\/07\/30\/pushimet-dhe-xhepat-e-artisteve-shqiptare-ne-ulqi\/","og_site_name":"Lajme nga Ulqini","article_published_time":"2013-07-30T07:20:53+00:00","article_modified_time":"2013-07-30T07:21:15+00:00","og_image":[{"url":"http:\/\/www.visit-ulcinj.com\/blog\/wp-content\/uploads\/2013\/07\/plazhi-ne-ulqin.jpg"}],"twitter_misc":{"Written by":"ulqini","Est. reading time":"4 minutes"},"schema":{"@context":"https:\/\/schema.org","@graph":[{"@type":"WebSite","@id":"https:\/\/www.visit-ulcinj.com\/blog\/#website","url":"https:\/\/www.visit-ulcinj.com\/blog\/","name":"Lajme nga Ulqini","description":"Lajme,Vijesti,Ulqini,Ulqin,Crna Gora,Mali i Zi","potentialAction":[{"@type":"SearchAction","target":{"@type":"EntryPoint","urlTemplate":"https:\/\/www.visit-ulcinj.com\/blog\/?s={search_term_string}"},"query-input":"required name=search_term_string"}],"inLanguage":"en-US"},{"@type":"ImageObject","inLanguage":"en-US","@id":"https:\/\/www.visit-ulcinj.com\/blog\/2013\/07\/30\/pushimet-dhe-xhepat-e-artisteve-shqiptare-ne-ulqi\/#primaryimage","url":"https:\/\/www.visit-ulcinj.com\/blog\/wp-content\/uploads\/2013\/07\/plazhi-ne-ulqin.jpg","contentUrl":"https:\/\/www.visit-ulcinj.com\/blog\/wp-content\/uploads\/2013\/07\/plazhi-ne-ulqin.jpg","width":596,"height":395},{"@type":"WebPage","@id":"https:\/\/www.visit-ulcinj.com\/blog\/2013\/07\/30\/pushimet-dhe-xhepat-e-artisteve-shqiptare-ne-ulqi\/#webpage","url":"https:\/\/www.visit-ulcinj.com\/blog\/2013\/07\/30\/pushimet-dhe-xhepat-e-artisteve-shqiptare-ne-ulqi\/","name":"Pushimet dhe \u201cxhepat\u201d e artist\u00ebve shqiptar\u00eb - Video - Lajme nga Ulqini","isPartOf":{"@id":"https:\/\/www.visit-ulcinj.com\/blog\/#website"},"primaryImageOfPage":{"@id":"https:\/\/www.visit-ulcinj.com\/blog\/2013\/07\/30\/pushimet-dhe-xhepat-e-artisteve-shqiptare-ne-ulqi\/#primaryimage"},"datePublished":"2013-07-30T07:20:53+00:00","dateModified":"2013-07-30T07:21:15+00:00","author":{"@id":"https:\/\/www.visit-ulcinj.com\/blog\/#\/schema\/person\/dcab619c614d3038751c63bc2aadc06d"},"description":"Deri n\u00eb 1400 euro mund t\u00eb kushtoj\u00eb nj\u00eb pushim mesatar p\u00ebr nj\u00eb artist shqiptar. Derisa vendet q\u00eb preferojn\u00eb jan\u00eb ato t\u00eb zakonshmet q\u00eb i vizitojn\u00eb qytetar\u00ebt","breadcrumb":{"@id":"https:\/\/www.visit-ulcinj.com\/blog\/2013\/07\/30\/pushimet-dhe-xhepat-e-artisteve-shqiptare-ne-ulqi\/#breadcrumb"},"inLanguage":"en-US","potentialAction":[{"@type":"ReadAction","target":["https:\/\/www.visit-ulcinj.com\/blog\/2013\/07\/30\/pushimet-dhe-xhepat-e-artisteve-shqiptare-ne-ulqi\/"]}]},{"@type":"BreadcrumbList","@id":"https:\/\/www.visit-ulcinj.com\/blog\/2013\/07\/30\/pushimet-dhe-xhepat-e-artisteve-shqiptare-ne-ulqi\/#breadcrumb","itemListElement":[{"@type":"ListItem","position":1,"name":"Pushimet dhe \u201cxhepat\u201d e artist\u00ebve shqiptar\u00eb &#8211; Video"}]},{"@type":"Person","@id":"https:\/\/www.visit-ulcinj.com\/blog\/#\/schema\/person\/dcab619c614d3038751c63bc2aadc06d","name":"ulqini","sameAs":["http:\/\/www.visit-ulcinj.com"],"url":"https:\/\/www.visit-ulcinj.com\/blog\/author\/admin\/"}]}},"jetpack_featured_media_url":"","jetpack_sharing_enabled":true,"jetpack_shortlink":"https:\/\/wp.me\/pe6lTn-jds","_links":{"self":[{"href":"https:\/\/www.visit-ulcinj.com\/blog\/wp-json\/wp\/v2\/posts\/73870"}],"collection":[{"href":"https:\/\/www.visit-ulcinj.com\/blog\/wp-json\/wp\/v2\/posts"}],"about":[{"href":"https:\/\/www.visit-ulcinj.com\/blog\/wp-json\/wp\/v2\/types\/post"}],"author":[{"embeddable":true,"href":"https:\/\/www.visit-ulcinj.com\/blog\/wp-json\/wp\/v2\/users\/1"}],"replies":[{"embeddable":true,"href":"https:\/\/www.visit-ulcinj.com\/blog\/wp-json\/wp\/v2\/comments?post=73870"}],"version-history":[{"count":2,"href":"https:\/\/www.visit-ulcinj.com\/blog\/wp-json\/wp\/v2\/posts\/73870\/revisions"}],"predecessor-version":[{"id":73873,"href":"https:\/\/www.visit-ulcinj.com\/blog\/wp-json\/wp\/v2\/posts\/73870\/revisions\/73873"}],"wp:attachment":[{"href":"https:\/\/www.visit-ulcinj.com\/blog\/wp-json\/wp\/v2\/media?parent=73870"}],"wp:term":[{"taxonomy":"category","embeddable":true,"href":"https:\/\/www.visit-ulcinj.com\/blog\/wp-json\/wp\/v2\/categories?post=73870"},{"taxonomy":"post_tag","embeddable":true,"href":"https:\/\/www.visit-ulcinj.com\/blog\/wp-json\/wp\/v2\/tags?post=73870"}],"curies":[{"name":"wp","href":"https:\/\/api.w.org\/{rel}","templated":true}]}}