{"id":73874,"date":"2013-07-30T08:35:30","date_gmt":"2013-07-30T07:35:30","guid":{"rendered":"http:\/\/www.visit-ulcinj.com\/blog\/?p=73874"},"modified":"2013-07-30T08:35:50","modified_gmt":"2013-07-30T07:35:50","slug":"vera-e-nxehte-ku-po-e-kalojne-vip-at-video","status":"publish","type":"post","link":"https:\/\/www.visit-ulcinj.com\/blog\/2013\/07\/30\/vera-e-nxehte-ku-po-e-kalojne-vip-at-video\/","title":{"rendered":"Vera e nxeht\u00eb, ku po e kalojn\u00eb VIP-at? &#8211; Video"},"content":{"rendered":"<p><a href=\"http:\/\/www.visit-ulcinj.com\/blog\/wp-content\/uploads\/2013\/07\/showbiz-vipat.jpg\"><img loading=\"lazy\" class=\"alignleft  wp-image-73875\" alt=\"showbiz-vipat\" src=\"http:\/\/www.visit-ulcinj.com\/blog\/wp-content\/uploads\/2013\/07\/showbiz-vipat.jpg\" width=\"350\" height=\"300\" \/><\/a>Dit\u00ebt e nxehta t\u00eb korrikut kan\u00eb b\u00ebr\u00eb q\u00eb shum\u00eb prej personazheve tona publike t\u00eb arratisen nga sht\u00ebpia p\u00ebr t\u2019u relaksuar n\u00eb det, liqen e pishina&#8230; Ja destinacionet q\u00eb kan\u00eb zgjedhur ata<\/p>\n<p><strong>Elton Deda \u201charrohet\u201d n\u00eb Jal\u00eb<br \/>\n<\/strong>K\u00ebshtu shkruan kantautori Elton Deda n\u00eb profilin e tij t\u00eb \u201cFacebook\u201d-ut: \u201cHarruar. Jal\u00eb\u201d. Eltoni ka zgjedhur pik\u00ebrisht bregdetin e jugut p\u00ebr t\u00eb pushuar e p\u00ebr t\u00eb mbledhur energji. Sezoni i ri televiziv po afron!<\/p>\n<p><strong>Xhesika Berberi, pran\u00eb dashuris\u00eb&#8230;<br \/>\n<\/strong>E bukur, elegante, \u2018miss\u2019 Xhesika Berberi shfaqet e buz\u00ebqeshur n\u00eb fotot e saj t\u00eb plazhit. Ajo pozon p\u00ebrkrah nj\u00eb djali po ashtu bukurosh, q\u00eb \u00ebsht\u00eb i dashuri i Xhesik\u00ebs. Bashk\u00eb b\u00ebjn\u00eb nj\u00eb prej \u00e7ifteve m\u00eb t\u00eb bukura t\u00eb bregdetit.<\/p>\n<p><strong>Af\u00ebrdita Dreshaj, \u2018hot like fire\u2019<br \/>\n<\/strong>E nxeht\u00eb si zjarri, \u00ebsht\u00eb nj\u00eb nga vargjet e k\u00ebng\u00ebs s\u00eb fundit t\u00eb k\u00ebng\u00ebtares super seksi, Af\u00ebrdita Dreshaj. Ylli i sken\u00ebs shqiptare ka publikuar s\u00eb fundmi n\u00eb \u2018Instagram\u2019 k\u00ebt\u00eb foto t\u00eb saj\u00ebn n\u00ebn rroba banje, ku shfaqet mjaft josh\u00ebse dhe me linja perfekte.<\/p>\n<p><strong>Ledri vishet me stil edhe n\u00eb r\u00ebr\u00eb<br \/>\n<\/strong>P\u00ebrve\u00e7se si rrepist i talentuar dhe regjisor premtues, Ledri Vula p\u00eblqehet shum\u00eb edhe p\u00ebr pamjen e tij. Me siguri ai duhet t\u00eb jet\u00eb i vet\u00ebdijsh\u00ebm p\u00ebr k\u00ebt\u00eb pjes\u00eb, pasi edhe n\u00eb r\u00ebr\u00ebn e nxeht\u00eb, p\u00ebrpiqet t\u00eb duket ndryshe, duke zgjedhur nj\u00eb veshje \u201ckarakteristike\u201d, si kjo me vija q\u00eb shihni.<\/p>\n<p><strong>Kaltrina p\u00ebrk\u00ebdhelet me ngjyra e det<br \/>\n<\/strong>Kjo \u00ebsht\u00eb Kaltri na Selimi teksa pushon pran\u00eb detit e veshur me ngjyr\u00eb. Nga krehja, thonjt\u00eb dhe veshja nuk duket shum\u00eb si nj\u00eb pushim \u201cprej v\u00ebrteti\u201d. Mund t\u00eb jet\u00eb edhe ndonj\u00eb sken\u00eb xhirimi p\u00ebr videoklip. Presim ta zbulojm\u00eb e t\u2019ju tregojm\u00eb s\u00eb shpejti.<\/p>\n<p><strong>Jeta Faqolli del p\u00ebr peshk<br \/>\n<\/strong>Jemi t\u00eb bindur q\u00eb asnj\u00ebri prej jush nuk e di q\u00eb k\u00ebng\u00ebtarja Jeta Faqolli e ka pasion peshkimin&#8230; Po p\u00ebr k\u00ebt\u00eb \u00ebsht\u00eb \u201cBluetooth\u201d, q\u00eb t\u2019ju zbuloj\u00eb t\u00eb fshehtat e personazheve tona publike. Fotot q\u00eb sjellim sot, tregojn\u00eb nj\u00eb an\u00eb t\u00eb panjohur t\u00eb k\u00ebng\u00ebtares simpatike, e cila, pas disa or\u00ebve t\u00eb kaluara n\u00eb det, ia ka dal\u00eb t\u00eb z\u00ebr\u00eb nj\u00eb peshk. Jeta shfaqet n\u00eb form\u00eb shum\u00eb t\u00eb mir\u00eb trupore n\u00eb k\u00ebto foto, q\u00eb jan\u00eb ekskluzive p\u00ebr suplementin e s\u00eb shtun\u00ebs&#8230;<\/p>\n<p><strong>Valbona \u00c7oba nxjerr djalin p\u00ebr xhiro n\u00eb liqen<br \/>\n<\/strong>Kjo \u00ebsht\u00eb xhiroja e par\u00eb e Aiden me anije n\u00eb liqen\u201d, &#8211; shkroi supermodelja shqiptare, Valbona \u00c7oba n\u00eb \u2018Facebook\u2019, duke e shoq\u00ebruar postimin, me k\u00ebto foto t\u00eb t\u00eb birit dhe bashk\u00ebshortit t\u00eb saj Tod n\u00eb nj\u00eb vark\u00eb&#8230;<\/p>\n<p><strong>Arjon Mu\u00e7a, djaloshi i detit<br \/>\n<\/strong>Ka lindur n\u00eb Vlor\u00eb dhe ka nj\u00eb lidhje t\u00eb ve\u00e7ant\u00eb me detin. Bashk\u00eb prezantuesi i Ardit Gjebreas n\u00eb \u201cE Diela Shqiptare\u201d, shfaqet me muskuj n\u00eb k\u00ebto foto plazhi, ku nuk i ka munguar as shoq\u00ebria e t\u00eb dashur\u00ebs s\u00eb tij, biondes Viola dhe motr\u00ebs s\u00eb saj Petrula.<\/p>\n<p><strong>Linda Halimi \u2018shokon\u2019 me linjat<br \/>\n<\/strong>\u00c7do dit\u00eb e m\u00eb shum\u00eb, Linda Halimi na befason me pamjen e saj. K\u00ebng\u00ebtarja e njohur kosovare ka arritur t\u00eb ket\u00eb trupin e nj\u00eb modeleje, fal\u00eb trajtimeve t\u00eb shumta dhe t\u00eb vazhdueshme q\u00eb i ka b\u00ebr\u00eb trupit t\u00eb saj.<\/p>\n<p><strong>Vildane Zeneli, gjithmon\u00eb josh\u00ebse<br \/>\n<\/strong>Ja ku vjen dhe fotoja e radh\u00ebs nga Vildane Zeneli, e cila shfaqet si gjithmon\u00eb provokuese n\u00ebn rroba banje. Ajo q\u00eb bie n\u00eb sy n\u00eb k\u00ebt\u00eb foto ve\u00e7 pamjes fantastike \u00ebsht\u00eb edhe ngjyra \u00e7okollat\u00eb q\u00eb ka marr\u00eb Viki.<\/p>\n<p><strong>Shtatz\u00ebnia e bukur e Rezit<br \/>\n<\/strong>Kush e ka th\u00ebn\u00eb q\u00eb shtatz\u00ebnat nuk b\u00ebjn\u00eb dot plazh? Rasti m\u00eb i mir\u00eb p\u00ebr t\u00eb provuar t\u00eb anasjellt\u00ebn e k\u00ebtij konstatimi \u00ebsht\u00eb k\u00ebng\u00ebtarja Rezarta Shkurta, e cila shfaqet m\u00eb e qet\u00eb se kurr\u00eb duke notuar n\u00eb det, sport q\u00eb si\u00e7 thuhet i b\u00ebn shum\u00eb mir\u00eb f\u00ebmij\u00ebs. Rezi Shkurta \u00ebsht\u00eb duke kaluar momente shum\u00eb t\u00eb mira n\u00eb jet\u00ebn e saj private, nd\u00ebrsa \u00ebsht\u00eb n\u00eb pritje t\u00eb nj\u00eb vajze.<\/p>\n<p>&nbsp;<\/p>\n<p><strong>(er.nu\/summerpages\/GSH\/BalkanWeb)<\/strong><\/p>\n<p><iframe loading=\"lazy\" src=\"\/\/www.youtube.com\/embed\/0JFU3Iwy34M\" height=\"360\" width=\"508\" allowfullscreen=\"\" frameborder=\"0\"><\/iframe><\/p>\n","protected":false},"excerpt":{"rendered":"<p>Dit\u00ebt e nxehta t\u00eb korrikut kan\u00eb b\u00ebr\u00eb q\u00eb shum\u00eb prej personazheve tona publike t\u00eb arratisen nga sht\u00ebpia p\u00ebr t\u2019u relaksuar n\u00eb det, liqen e pishina&#8230; Ja destinacionet q\u00eb kan\u00eb zgjedhur ata Elton Deda \u201charrohet\u201d n\u00eb Jal\u00eb K\u00ebshtu shkruan kantautori Elton Deda n\u00eb profilin e tij t\u00eb \u201cFacebook\u201d-ut: \u201cHarruar. Jal\u00eb\u201d. Eltoni ka zgjedhur pik\u00ebrisht bregdetin e [&hellip;]<\/p>\n","protected":false},"author":1,"featured_media":0,"comment_status":"closed","ping_status":"closed","sticky":false,"template":"","format":"standard","meta":{"spay_email":"","jetpack_publicize_message":"","jetpack_is_tweetstorm":false,"jetpack_publicize_feature_enabled":true},"categories":[1],"tags":[],"jetpack_publicize_connections":[],"yoast_head":"<!-- This site is optimized with the Yoast SEO plugin v19.1 - https:\/\/yoast.com\/wordpress\/plugins\/seo\/ -->\n<title>Vera e nxeht\u00eb, ku po e kalojn\u00eb VIP-at? - Video - Lajme nga Ulqini<\/title>\n<meta name=\"description\" content=\"Dit\u00ebt e nxehta t\u00eb korrikut kan\u00eb b\u00ebr\u00eb q\u00eb shum\u00eb prej personazheve tona publike t\u00eb arratisen nga sht\u00ebpia p\u00ebr t\u2019u relaksuar n\u00eb det, liqen e pishina... Ja\" \/>\n<meta name=\"robots\" content=\"index, follow, max-snippet:-1, max-image-preview:large, max-video-preview:-1\" \/>\n<link rel=\"canonical\" href=\"https:\/\/www.visit-ulcinj.com\/blog\/2013\/07\/30\/vera-e-nxehte-ku-po-e-kalojne-vip-at-video\/\" \/>\n<meta property=\"og:locale\" content=\"en_US\" \/>\n<meta property=\"og:type\" content=\"article\" \/>\n<meta property=\"og:title\" content=\"Vera e nxeht\u00eb, ku po e kalojn\u00eb VIP-at? - Video - Lajme nga Ulqini\" \/>\n<meta property=\"og:description\" content=\"Dit\u00ebt e nxehta t\u00eb korrikut kan\u00eb b\u00ebr\u00eb q\u00eb shum\u00eb prej personazheve tona publike t\u00eb arratisen nga sht\u00ebpia p\u00ebr t\u2019u relaksuar n\u00eb det, liqen e pishina... Ja\" \/>\n<meta property=\"og:url\" content=\"https:\/\/www.visit-ulcinj.com\/blog\/2013\/07\/30\/vera-e-nxehte-ku-po-e-kalojne-vip-at-video\/\" \/>\n<meta property=\"og:site_name\" content=\"Lajme nga Ulqini\" \/>\n<meta property=\"article:published_time\" content=\"2013-07-30T07:35:30+00:00\" \/>\n<meta property=\"article:modified_time\" content=\"2013-07-30T07:35:50+00:00\" \/>\n<meta property=\"og:image\" content=\"http:\/\/www.visit-ulcinj.com\/blog\/wp-content\/uploads\/2013\/07\/showbiz-vipat.jpg\" \/>\n<meta name=\"twitter:label1\" content=\"Written by\" \/>\n\t<meta name=\"twitter:data1\" content=\"ulqini\" \/>\n\t<meta name=\"twitter:label2\" content=\"Est. reading time\" \/>\n\t<meta name=\"twitter:data2\" content=\"3 minutes\" \/>\n<script type=\"application\/ld+json\" class=\"yoast-schema-graph\">{\"@context\":\"https:\/\/schema.org\",\"@graph\":[{\"@type\":\"WebSite\",\"@id\":\"https:\/\/www.visit-ulcinj.com\/blog\/#website\",\"url\":\"https:\/\/www.visit-ulcinj.com\/blog\/\",\"name\":\"Lajme nga Ulqini\",\"description\":\"Lajme,Vijesti,Ulqini,Ulqin,Crna Gora,Mali i Zi\",\"potentialAction\":[{\"@type\":\"SearchAction\",\"target\":{\"@type\":\"EntryPoint\",\"urlTemplate\":\"https:\/\/www.visit-ulcinj.com\/blog\/?s={search_term_string}\"},\"query-input\":\"required name=search_term_string\"}],\"inLanguage\":\"en-US\"},{\"@type\":\"ImageObject\",\"inLanguage\":\"en-US\",\"@id\":\"https:\/\/www.visit-ulcinj.com\/blog\/2013\/07\/30\/vera-e-nxehte-ku-po-e-kalojne-vip-at-video\/#primaryimage\",\"url\":\"http:\/\/www.visit-ulcinj.com\/blog\/wp-content\/uploads\/2013\/07\/showbiz-vipat.jpg\",\"contentUrl\":\"http:\/\/www.visit-ulcinj.com\/blog\/wp-content\/uploads\/2013\/07\/showbiz-vipat.jpg\"},{\"@type\":\"WebPage\",\"@id\":\"https:\/\/www.visit-ulcinj.com\/blog\/2013\/07\/30\/vera-e-nxehte-ku-po-e-kalojne-vip-at-video\/#webpage\",\"url\":\"https:\/\/www.visit-ulcinj.com\/blog\/2013\/07\/30\/vera-e-nxehte-ku-po-e-kalojne-vip-at-video\/\",\"name\":\"Vera e nxeht\u00eb, ku po e kalojn\u00eb VIP-at? - Video - Lajme nga Ulqini\",\"isPartOf\":{\"@id\":\"https:\/\/www.visit-ulcinj.com\/blog\/#website\"},\"primaryImageOfPage\":{\"@id\":\"https:\/\/www.visit-ulcinj.com\/blog\/2013\/07\/30\/vera-e-nxehte-ku-po-e-kalojne-vip-at-video\/#primaryimage\"},\"datePublished\":\"2013-07-30T07:35:30+00:00\",\"dateModified\":\"2013-07-30T07:35:50+00:00\",\"author\":{\"@id\":\"https:\/\/www.visit-ulcinj.com\/blog\/#\/schema\/person\/dcab619c614d3038751c63bc2aadc06d\"},\"description\":\"Dit\u00ebt e nxehta t\u00eb korrikut kan\u00eb b\u00ebr\u00eb q\u00eb shum\u00eb prej personazheve tona publike t\u00eb arratisen nga sht\u00ebpia p\u00ebr t\u2019u relaksuar n\u00eb det, liqen e pishina... Ja\",\"breadcrumb\":{\"@id\":\"https:\/\/www.visit-ulcinj.com\/blog\/2013\/07\/30\/vera-e-nxehte-ku-po-e-kalojne-vip-at-video\/#breadcrumb\"},\"inLanguage\":\"en-US\",\"potentialAction\":[{\"@type\":\"ReadAction\",\"target\":[\"https:\/\/www.visit-ulcinj.com\/blog\/2013\/07\/30\/vera-e-nxehte-ku-po-e-kalojne-vip-at-video\/\"]}]},{\"@type\":\"BreadcrumbList\",\"@id\":\"https:\/\/www.visit-ulcinj.com\/blog\/2013\/07\/30\/vera-e-nxehte-ku-po-e-kalojne-vip-at-video\/#breadcrumb\",\"itemListElement\":[{\"@type\":\"ListItem\",\"position\":1,\"name\":\"Vera e nxeht\u00eb, ku po e kalojn\u00eb VIP-at? &#8211; Video\"}]},{\"@type\":\"Person\",\"@id\":\"https:\/\/www.visit-ulcinj.com\/blog\/#\/schema\/person\/dcab619c614d3038751c63bc2aadc06d\",\"name\":\"ulqini\",\"sameAs\":[\"http:\/\/www.visit-ulcinj.com\"],\"url\":\"https:\/\/www.visit-ulcinj.com\/blog\/author\/admin\/\"}]}<\/script>\n<!-- \/ Yoast SEO plugin. -->","yoast_head_json":{"title":"Vera e nxeht\u00eb, ku po e kalojn\u00eb VIP-at? - Video - Lajme nga Ulqini","description":"Dit\u00ebt e nxehta t\u00eb korrikut kan\u00eb b\u00ebr\u00eb q\u00eb shum\u00eb prej personazheve tona publike t\u00eb arratisen nga sht\u00ebpia p\u00ebr t\u2019u relaksuar n\u00eb det, liqen e pishina... Ja","robots":{"index":"index","follow":"follow","max-snippet":"max-snippet:-1","max-image-preview":"max-image-preview:large","max-video-preview":"max-video-preview:-1"},"canonical":"https:\/\/www.visit-ulcinj.com\/blog\/2013\/07\/30\/vera-e-nxehte-ku-po-e-kalojne-vip-at-video\/","og_locale":"en_US","og_type":"article","og_title":"Vera e nxeht\u00eb, ku po e kalojn\u00eb VIP-at? - Video - Lajme nga Ulqini","og_description":"Dit\u00ebt e nxehta t\u00eb korrikut kan\u00eb b\u00ebr\u00eb q\u00eb shum\u00eb prej personazheve tona publike t\u00eb arratisen nga sht\u00ebpia p\u00ebr t\u2019u relaksuar n\u00eb det, liqen e pishina... Ja","og_url":"https:\/\/www.visit-ulcinj.com\/blog\/2013\/07\/30\/vera-e-nxehte-ku-po-e-kalojne-vip-at-video\/","og_site_name":"Lajme nga Ulqini","article_published_time":"2013-07-30T07:35:30+00:00","article_modified_time":"2013-07-30T07:35:50+00:00","og_image":[{"url":"http:\/\/www.visit-ulcinj.com\/blog\/wp-content\/uploads\/2013\/07\/showbiz-vipat.jpg"}],"twitter_misc":{"Written by":"ulqini","Est. reading time":"3 minutes"},"schema":{"@context":"https:\/\/schema.org","@graph":[{"@type":"WebSite","@id":"https:\/\/www.visit-ulcinj.com\/blog\/#website","url":"https:\/\/www.visit-ulcinj.com\/blog\/","name":"Lajme nga Ulqini","description":"Lajme,Vijesti,Ulqini,Ulqin,Crna Gora,Mali i Zi","potentialAction":[{"@type":"SearchAction","target":{"@type":"EntryPoint","urlTemplate":"https:\/\/www.visit-ulcinj.com\/blog\/?s={search_term_string}"},"query-input":"required name=search_term_string"}],"inLanguage":"en-US"},{"@type":"ImageObject","inLanguage":"en-US","@id":"https:\/\/www.visit-ulcinj.com\/blog\/2013\/07\/30\/vera-e-nxehte-ku-po-e-kalojne-vip-at-video\/#primaryimage","url":"http:\/\/www.visit-ulcinj.com\/blog\/wp-content\/uploads\/2013\/07\/showbiz-vipat.jpg","contentUrl":"http:\/\/www.visit-ulcinj.com\/blog\/wp-content\/uploads\/2013\/07\/showbiz-vipat.jpg"},{"@type":"WebPage","@id":"https:\/\/www.visit-ulcinj.com\/blog\/2013\/07\/30\/vera-e-nxehte-ku-po-e-kalojne-vip-at-video\/#webpage","url":"https:\/\/www.visit-ulcinj.com\/blog\/2013\/07\/30\/vera-e-nxehte-ku-po-e-kalojne-vip-at-video\/","name":"Vera e nxeht\u00eb, ku po e kalojn\u00eb VIP-at? - Video - Lajme nga Ulqini","isPartOf":{"@id":"https:\/\/www.visit-ulcinj.com\/blog\/#website"},"primaryImageOfPage":{"@id":"https:\/\/www.visit-ulcinj.com\/blog\/2013\/07\/30\/vera-e-nxehte-ku-po-e-kalojne-vip-at-video\/#primaryimage"},"datePublished":"2013-07-30T07:35:30+00:00","dateModified":"2013-07-30T07:35:50+00:00","author":{"@id":"https:\/\/www.visit-ulcinj.com\/blog\/#\/schema\/person\/dcab619c614d3038751c63bc2aadc06d"},"description":"Dit\u00ebt e nxehta t\u00eb korrikut kan\u00eb b\u00ebr\u00eb q\u00eb shum\u00eb prej personazheve tona publike t\u00eb arratisen nga sht\u00ebpia p\u00ebr t\u2019u relaksuar n\u00eb det, liqen e pishina... Ja","breadcrumb":{"@id":"https:\/\/www.visit-ulcinj.com\/blog\/2013\/07\/30\/vera-e-nxehte-ku-po-e-kalojne-vip-at-video\/#breadcrumb"},"inLanguage":"en-US","potentialAction":[{"@type":"ReadAction","target":["https:\/\/www.visit-ulcinj.com\/blog\/2013\/07\/30\/vera-e-nxehte-ku-po-e-kalojne-vip-at-video\/"]}]},{"@type":"BreadcrumbList","@id":"https:\/\/www.visit-ulcinj.com\/blog\/2013\/07\/30\/vera-e-nxehte-ku-po-e-kalojne-vip-at-video\/#breadcrumb","itemListElement":[{"@type":"ListItem","position":1,"name":"Vera e nxeht\u00eb, ku po e kalojn\u00eb VIP-at? &#8211; Video"}]},{"@type":"Person","@id":"https:\/\/www.visit-ulcinj.com\/blog\/#\/schema\/person\/dcab619c614d3038751c63bc2aadc06d","name":"ulqini","sameAs":["http:\/\/www.visit-ulcinj.com"],"url":"https:\/\/www.visit-ulcinj.com\/blog\/author\/admin\/"}]}},"jetpack_featured_media_url":"","jetpack_sharing_enabled":true,"jetpack_shortlink":"https:\/\/wp.me\/pe6lTn-jdw","_links":{"self":[{"href":"https:\/\/www.visit-ulcinj.com\/blog\/wp-json\/wp\/v2\/posts\/73874"}],"collection":[{"href":"https:\/\/www.visit-ulcinj.com\/blog\/wp-json\/wp\/v2\/posts"}],"about":[{"href":"https:\/\/www.visit-ulcinj.com\/blog\/wp-json\/wp\/v2\/types\/post"}],"author":[{"embeddable":true,"href":"https:\/\/www.visit-ulcinj.com\/blog\/wp-json\/wp\/v2\/users\/1"}],"replies":[{"embeddable":true,"href":"https:\/\/www.visit-ulcinj.com\/blog\/wp-json\/wp\/v2\/comments?post=73874"}],"version-history":[{"count":2,"href":"https:\/\/www.visit-ulcinj.com\/blog\/wp-json\/wp\/v2\/posts\/73874\/revisions"}],"predecessor-version":[{"id":73877,"href":"https:\/\/www.visit-ulcinj.com\/blog\/wp-json\/wp\/v2\/posts\/73874\/revisions\/73877"}],"wp:attachment":[{"href":"https:\/\/www.visit-ulcinj.com\/blog\/wp-json\/wp\/v2\/media?parent=73874"}],"wp:term":[{"taxonomy":"category","embeddable":true,"href":"https:\/\/www.visit-ulcinj.com\/blog\/wp-json\/wp\/v2\/categories?post=73874"},{"taxonomy":"post_tag","embeddable":true,"href":"https:\/\/www.visit-ulcinj.com\/blog\/wp-json\/wp\/v2\/tags?post=73874"}],"curies":[{"name":"wp","href":"https:\/\/api.w.org\/{rel}","templated":true}]}}