{"id":73879,"date":"2013-07-30T09:46:34","date_gmt":"2013-07-30T08:46:34","guid":{"rendered":"http:\/\/www.visit-ulcinj.com\/blog\/?p=73879"},"modified":"2013-07-30T09:46:53","modified_gmt":"2013-07-30T08:46:53","slug":"karamanaga-o-dr-ahmet-maraj","status":"publish","type":"post","link":"https:\/\/www.visit-ulcinj.com\/blog\/2013\/07\/30\/karamanaga-o-dr-ahmet-maraj\/","title":{"rendered":"Karamanaga o Dr. Ahmet Maraj"},"content":{"rendered":"<p><a href=\"http:\/\/www.visit-ulcinj.com\/blog\/wp-content\/uploads\/2013\/07\/Karamanaga-o-Dr.-Ahmet-Maraj.jpg\"><img loading=\"lazy\" class=\"alignleft  wp-image-73880\" alt=\"Karamanaga o Dr. Ahmet Maraj\" src=\"http:\/\/www.visit-ulcinj.com\/blog\/wp-content\/uploads\/2013\/07\/Karamanaga-o-Dr.-Ahmet-Maraj.jpg\" width=\"508\" height=\"360\" \/><\/a>Dr. Ahmet Maraj je skroman, miran i nenametliv \u010dovjek. Uvijek je bio takav, i kao u\u010denik u srednjoj \u0161koli u Ulcinju, kasnije i kao student na univerzitetu u Pri\u0161tini, gdje je i zavr\u0161io studije op\u0161te medicine. Specijalizaciju je zavr\u0161io u Zagrebu, dok kardiologiju u Beogradu. Ovaj interesantan trougao od Pri\u0161tine, Zagreba i Beograda je uticalo da ovaj vrstan ljekar i humanista, postane jedan od najpoznatijih kardiologa i stru\u010dnjaka u svojoj profesiji.<\/p>\n<p>On je pravi kosmopolita u pravom smislu te rije\u010di. Pacijenti iz svih krajeva na\u0161e Republike dolaze kod njega na lije\u010denje, na savjete. Nikad ne\u0107e nikoga odbiti, bez obzira na svakodnevan naporan tempo koji iziskuje njegov rad, posebno sada za vrieme turisti\u010dke sezone. Uvijek je ljubazan, nasmijan i nadasve nje\u017ean prema svojim pacijentima, i u svojoj ordinaciji \u0107e vas primiti u bilo koje doba dana ili no\u0107i. Dr. Ahmet Maraj radi vi\u0161e od tridesetak godina, i njegova je ordinacija, odnosno nekoliko prostorija prizemlja njegove ku\u0107e, prava mala klinika, snadbijevena sa skupim i vrijednim aparaturama i insrtrumentima. Sje\u0107am se, jedne posjete jednog od najve\u0107ih kardiologa biv\u0161e Jugoslavije Dr. Dodi\u0107a, njegovoj ordinaciji 1996. god. U to vrijeme sam ja radio kao menager u aparmanskom komleksu &#8220;Dvori Bal\u0161i\u0107a&#8221; i &#8220;Palata Venecija&#8221; u Starom gradu. Bilo je to vrijeme gostiju, visoke plate\u017ene mo\u0107i iz Ukraine i ostalih zemalja u tranziciji.<\/p>\n<p>Mi smo tada uspjeli da animiramo i velike centre Beograd i Novi sad, posebno smo imali veze u velikim klinikama. U Ulcinju su tada ljetovali i direktor velike bolnice na Banjici, kao i mnogi drugi ljekari poznati u zemlji i u inostranstvu. Izme\u0111u ostalih je bio i Dr. Dodi\u0107, jedan od najpoznatijih kardiologa iz Sremske kamenice, \u010dovjek koji je tada dr\u017eao predavanja lljekarima i studentima i u Tokiju i u Milanu. Ja sam iskoristio svoje prijateljstvo i svoje poznanstvo sa dr. Dodi\u0107em, i mojim &#8220;Yugom&#8221; ga odvezao do Dr. Maraja, kako bih ga upoznao i jednostavno mu podigao rejting. Nakon kratkog razgovora i posjete ordinaciji vratili smo se u Stari grad. Ostao sam zapanjem i odu\u0161evljen mi\u0161ljenjem Dr. Dodi\u0107a, koji je jo\u0161 dok je bio u ordinaciji glasno rekao, da on ima, \u010dak bolje i modernije aparature od njih u Kamenici. Usput je meni ispri\u010dao, da bi Dr. Ahmet Maraj u nekoj drugoj stedini postao stru\u010dnjak svjetskog ranga.<\/p>\n<p>Naravno, ja nijesam kompetentan da dam stru\u010dna mi\u0161ljenja iz medicine, posebno kod ovakvih stru\u010dnjaka, kod kojih svi mi, \u010dim osjetimo bolove ili promjenu krvnog pritiska, idemo sa strahom, ali prenosim ono \u0161to sam vidio ili \u010duo. Znam sigurno da je bilo slu\u010dajeva, da su ljudi i\u0161li \u010dak do Amerike, jer su imali rodbinu i mogu\u0107nost da se tamo lije\u010de, ali i tamo u Americi su ti stru\u010dnjaci i vrhunski ljekari potvr\u0111ivali, dijagnoze koje je postavljao D. Ahmet Maraj. Meni je izmjerio pritisak i uradio EKG.<\/p>\n<p>Po\u0111em ponekad da me oslu\u0161ne, i ljiepo je \u010duti njegove rije\u010di &#8221; nije ti ni\u0161ta&#8221; ali , strah je ljudska kategorija , a svi smo mi ljudi. Jednom godi\u0161nje odnesem mu kalendar na\u0161eg Uru\u017eenja, i on godinama visi u negovoj ordinaciji. Hipoktatovu zakletvu, nijesam uspio da vidim, mogu\u0107e da ona visi negdje u jednoj od njegovih prostorija, ali svakako je ona usa\u0111ena u njegovom bi\u0107u i njegovom velikom srcu.<\/p>\n<p>&nbsp;<\/p>\n<p><strong><a id=\"js_714\" href=\"https:\/\/www.facebook.com\/ismet.karamanaga\" data-tag=\"1359492972\" data-hovercard=\"\/ajax\/hovercard\/hovercard.php?id=1359492972&amp;media_info=6.10201571531714353&amp;type=mediatag\" data-hovercard-instant=\"1\">Ismet Karamanaga Facebook<\/a><\/strong><\/p>\n","protected":false},"excerpt":{"rendered":"<p>Dr. Ahmet Maraj je skroman, miran i nenametliv \u010dovjek. Uvijek je bio takav, i kao u\u010denik u srednjoj \u0161koli u Ulcinju, kasnije i kao student na univerzitetu u Pri\u0161tini, gdje je i zavr\u0161io studije op\u0161te medicine. Specijalizaciju je zavr\u0161io u Zagrebu, dok kardiologiju u Beogradu. Ovaj interesantan trougao od Pri\u0161tine, Zagreba i Beograda je uticalo [&hellip;]<\/p>\n","protected":false},"author":1,"featured_media":0,"comment_status":"closed","ping_status":"closed","sticky":false,"template":"","format":"standard","meta":{"spay_email":"","jetpack_publicize_message":"","jetpack_is_tweetstorm":false,"jetpack_publicize_feature_enabled":true},"categories":[8337],"tags":[],"jetpack_publicize_connections":[],"yoast_head":"<!-- This site is optimized with the Yoast SEO plugin v19.1 - https:\/\/yoast.com\/wordpress\/plugins\/seo\/ -->\n<title>Karamanaga o Dr. Ahmet Maraj - Lajme nga Ulqini<\/title>\n<meta name=\"description\" content=\"Dr. Ahmet Maraj je skroman, miran i nenametliv \u010dovjek. Uvijek je bio takav, i kao u\u010denik u srednjoj \u0161koli u Ulcinju, kasnije i kao student na univerzitetu\" \/>\n<meta name=\"robots\" content=\"index, follow, max-snippet:-1, max-image-preview:large, max-video-preview:-1\" \/>\n<link rel=\"canonical\" href=\"https:\/\/www.visit-ulcinj.com\/blog\/2013\/07\/30\/karamanaga-o-dr-ahmet-maraj\/\" \/>\n<meta property=\"og:locale\" content=\"en_US\" \/>\n<meta property=\"og:type\" content=\"article\" \/>\n<meta property=\"og:title\" content=\"Karamanaga o Dr. Ahmet Maraj - Lajme nga Ulqini\" \/>\n<meta property=\"og:description\" content=\"Dr. Ahmet Maraj je skroman, miran i nenametliv \u010dovjek. Uvijek je bio takav, i kao u\u010denik u srednjoj \u0161koli u Ulcinju, kasnije i kao student na univerzitetu\" \/>\n<meta property=\"og:url\" content=\"https:\/\/www.visit-ulcinj.com\/blog\/2013\/07\/30\/karamanaga-o-dr-ahmet-maraj\/\" \/>\n<meta property=\"og:site_name\" content=\"Lajme nga Ulqini\" \/>\n<meta property=\"article:published_time\" content=\"2013-07-30T08:46:34+00:00\" \/>\n<meta property=\"article:modified_time\" content=\"2013-07-30T08:46:53+00:00\" \/>\n<meta property=\"og:image\" content=\"http:\/\/www.visit-ulcinj.com\/blog\/wp-content\/uploads\/2013\/07\/Karamanaga-o-Dr.-Ahmet-Maraj.jpg\" \/>\n<meta name=\"twitter:label1\" content=\"Written by\" \/>\n\t<meta name=\"twitter:data1\" content=\"ulqini\" \/>\n\t<meta name=\"twitter:label2\" content=\"Est. reading time\" \/>\n\t<meta name=\"twitter:data2\" content=\"3 minutes\" \/>\n<script type=\"application\/ld+json\" class=\"yoast-schema-graph\">{\"@context\":\"https:\/\/schema.org\",\"@graph\":[{\"@type\":\"WebSite\",\"@id\":\"https:\/\/www.visit-ulcinj.com\/blog\/#website\",\"url\":\"https:\/\/www.visit-ulcinj.com\/blog\/\",\"name\":\"Lajme nga Ulqini\",\"description\":\"Lajme,Vijesti,Ulqini,Ulqin,Crna Gora,Mali i Zi\",\"potentialAction\":[{\"@type\":\"SearchAction\",\"target\":{\"@type\":\"EntryPoint\",\"urlTemplate\":\"https:\/\/www.visit-ulcinj.com\/blog\/?s={search_term_string}\"},\"query-input\":\"required name=search_term_string\"}],\"inLanguage\":\"en-US\"},{\"@type\":\"ImageObject\",\"inLanguage\":\"en-US\",\"@id\":\"https:\/\/www.visit-ulcinj.com\/blog\/2013\/07\/30\/karamanaga-o-dr-ahmet-maraj\/#primaryimage\",\"url\":\"https:\/\/www.visit-ulcinj.com\/blog\/wp-content\/uploads\/2013\/07\/Karamanaga-o-Dr.-Ahmet-Maraj.jpg\",\"contentUrl\":\"https:\/\/www.visit-ulcinj.com\/blog\/wp-content\/uploads\/2013\/07\/Karamanaga-o-Dr.-Ahmet-Maraj.jpg\",\"width\":960,\"height\":720},{\"@type\":\"WebPage\",\"@id\":\"https:\/\/www.visit-ulcinj.com\/blog\/2013\/07\/30\/karamanaga-o-dr-ahmet-maraj\/#webpage\",\"url\":\"https:\/\/www.visit-ulcinj.com\/blog\/2013\/07\/30\/karamanaga-o-dr-ahmet-maraj\/\",\"name\":\"Karamanaga o Dr. Ahmet Maraj - Lajme nga Ulqini\",\"isPartOf\":{\"@id\":\"https:\/\/www.visit-ulcinj.com\/blog\/#website\"},\"primaryImageOfPage\":{\"@id\":\"https:\/\/www.visit-ulcinj.com\/blog\/2013\/07\/30\/karamanaga-o-dr-ahmet-maraj\/#primaryimage\"},\"datePublished\":\"2013-07-30T08:46:34+00:00\",\"dateModified\":\"2013-07-30T08:46:53+00:00\",\"author\":{\"@id\":\"https:\/\/www.visit-ulcinj.com\/blog\/#\/schema\/person\/dcab619c614d3038751c63bc2aadc06d\"},\"description\":\"Dr. Ahmet Maraj je skroman, miran i nenametliv \u010dovjek. Uvijek je bio takav, i kao u\u010denik u srednjoj \u0161koli u Ulcinju, kasnije i kao student na univerzitetu\",\"breadcrumb\":{\"@id\":\"https:\/\/www.visit-ulcinj.com\/blog\/2013\/07\/30\/karamanaga-o-dr-ahmet-maraj\/#breadcrumb\"},\"inLanguage\":\"en-US\",\"potentialAction\":[{\"@type\":\"ReadAction\",\"target\":[\"https:\/\/www.visit-ulcinj.com\/blog\/2013\/07\/30\/karamanaga-o-dr-ahmet-maraj\/\"]}]},{\"@type\":\"BreadcrumbList\",\"@id\":\"https:\/\/www.visit-ulcinj.com\/blog\/2013\/07\/30\/karamanaga-o-dr-ahmet-maraj\/#breadcrumb\",\"itemListElement\":[{\"@type\":\"ListItem\",\"position\":1,\"name\":\"Karamanaga o Dr. Ahmet Maraj\"}]},{\"@type\":\"Person\",\"@id\":\"https:\/\/www.visit-ulcinj.com\/blog\/#\/schema\/person\/dcab619c614d3038751c63bc2aadc06d\",\"name\":\"ulqini\",\"sameAs\":[\"http:\/\/www.visit-ulcinj.com\"],\"url\":\"https:\/\/www.visit-ulcinj.com\/blog\/author\/admin\/\"}]}<\/script>\n<!-- \/ Yoast SEO plugin. -->","yoast_head_json":{"title":"Karamanaga o Dr. Ahmet Maraj - Lajme nga Ulqini","description":"Dr. Ahmet Maraj je skroman, miran i nenametliv \u010dovjek. Uvijek je bio takav, i kao u\u010denik u srednjoj \u0161koli u Ulcinju, kasnije i kao student na univerzitetu","robots":{"index":"index","follow":"follow","max-snippet":"max-snippet:-1","max-image-preview":"max-image-preview:large","max-video-preview":"max-video-preview:-1"},"canonical":"https:\/\/www.visit-ulcinj.com\/blog\/2013\/07\/30\/karamanaga-o-dr-ahmet-maraj\/","og_locale":"en_US","og_type":"article","og_title":"Karamanaga o Dr. Ahmet Maraj - Lajme nga Ulqini","og_description":"Dr. Ahmet Maraj je skroman, miran i nenametliv \u010dovjek. Uvijek je bio takav, i kao u\u010denik u srednjoj \u0161koli u Ulcinju, kasnije i kao student na univerzitetu","og_url":"https:\/\/www.visit-ulcinj.com\/blog\/2013\/07\/30\/karamanaga-o-dr-ahmet-maraj\/","og_site_name":"Lajme nga Ulqini","article_published_time":"2013-07-30T08:46:34+00:00","article_modified_time":"2013-07-30T08:46:53+00:00","og_image":[{"url":"http:\/\/www.visit-ulcinj.com\/blog\/wp-content\/uploads\/2013\/07\/Karamanaga-o-Dr.-Ahmet-Maraj.jpg"}],"twitter_misc":{"Written by":"ulqini","Est. reading time":"3 minutes"},"schema":{"@context":"https:\/\/schema.org","@graph":[{"@type":"WebSite","@id":"https:\/\/www.visit-ulcinj.com\/blog\/#website","url":"https:\/\/www.visit-ulcinj.com\/blog\/","name":"Lajme nga Ulqini","description":"Lajme,Vijesti,Ulqini,Ulqin,Crna Gora,Mali i Zi","potentialAction":[{"@type":"SearchAction","target":{"@type":"EntryPoint","urlTemplate":"https:\/\/www.visit-ulcinj.com\/blog\/?s={search_term_string}"},"query-input":"required name=search_term_string"}],"inLanguage":"en-US"},{"@type":"ImageObject","inLanguage":"en-US","@id":"https:\/\/www.visit-ulcinj.com\/blog\/2013\/07\/30\/karamanaga-o-dr-ahmet-maraj\/#primaryimage","url":"https:\/\/www.visit-ulcinj.com\/blog\/wp-content\/uploads\/2013\/07\/Karamanaga-o-Dr.-Ahmet-Maraj.jpg","contentUrl":"https:\/\/www.visit-ulcinj.com\/blog\/wp-content\/uploads\/2013\/07\/Karamanaga-o-Dr.-Ahmet-Maraj.jpg","width":960,"height":720},{"@type":"WebPage","@id":"https:\/\/www.visit-ulcinj.com\/blog\/2013\/07\/30\/karamanaga-o-dr-ahmet-maraj\/#webpage","url":"https:\/\/www.visit-ulcinj.com\/blog\/2013\/07\/30\/karamanaga-o-dr-ahmet-maraj\/","name":"Karamanaga o Dr. Ahmet Maraj - Lajme nga Ulqini","isPartOf":{"@id":"https:\/\/www.visit-ulcinj.com\/blog\/#website"},"primaryImageOfPage":{"@id":"https:\/\/www.visit-ulcinj.com\/blog\/2013\/07\/30\/karamanaga-o-dr-ahmet-maraj\/#primaryimage"},"datePublished":"2013-07-30T08:46:34+00:00","dateModified":"2013-07-30T08:46:53+00:00","author":{"@id":"https:\/\/www.visit-ulcinj.com\/blog\/#\/schema\/person\/dcab619c614d3038751c63bc2aadc06d"},"description":"Dr. Ahmet Maraj je skroman, miran i nenametliv \u010dovjek. Uvijek je bio takav, i kao u\u010denik u srednjoj \u0161koli u Ulcinju, kasnije i kao student na univerzitetu","breadcrumb":{"@id":"https:\/\/www.visit-ulcinj.com\/blog\/2013\/07\/30\/karamanaga-o-dr-ahmet-maraj\/#breadcrumb"},"inLanguage":"en-US","potentialAction":[{"@type":"ReadAction","target":["https:\/\/www.visit-ulcinj.com\/blog\/2013\/07\/30\/karamanaga-o-dr-ahmet-maraj\/"]}]},{"@type":"BreadcrumbList","@id":"https:\/\/www.visit-ulcinj.com\/blog\/2013\/07\/30\/karamanaga-o-dr-ahmet-maraj\/#breadcrumb","itemListElement":[{"@type":"ListItem","position":1,"name":"Karamanaga o Dr. Ahmet Maraj"}]},{"@type":"Person","@id":"https:\/\/www.visit-ulcinj.com\/blog\/#\/schema\/person\/dcab619c614d3038751c63bc2aadc06d","name":"ulqini","sameAs":["http:\/\/www.visit-ulcinj.com"],"url":"https:\/\/www.visit-ulcinj.com\/blog\/author\/admin\/"}]}},"jetpack_featured_media_url":"","jetpack_sharing_enabled":true,"jetpack_shortlink":"https:\/\/wp.me\/pe6lTn-jdB","_links":{"self":[{"href":"https:\/\/www.visit-ulcinj.com\/blog\/wp-json\/wp\/v2\/posts\/73879"}],"collection":[{"href":"https:\/\/www.visit-ulcinj.com\/blog\/wp-json\/wp\/v2\/posts"}],"about":[{"href":"https:\/\/www.visit-ulcinj.com\/blog\/wp-json\/wp\/v2\/types\/post"}],"author":[{"embeddable":true,"href":"https:\/\/www.visit-ulcinj.com\/blog\/wp-json\/wp\/v2\/users\/1"}],"replies":[{"embeddable":true,"href":"https:\/\/www.visit-ulcinj.com\/blog\/wp-json\/wp\/v2\/comments?post=73879"}],"version-history":[{"count":2,"href":"https:\/\/www.visit-ulcinj.com\/blog\/wp-json\/wp\/v2\/posts\/73879\/revisions"}],"predecessor-version":[{"id":73882,"href":"https:\/\/www.visit-ulcinj.com\/blog\/wp-json\/wp\/v2\/posts\/73879\/revisions\/73882"}],"wp:attachment":[{"href":"https:\/\/www.visit-ulcinj.com\/blog\/wp-json\/wp\/v2\/media?parent=73879"}],"wp:term":[{"taxonomy":"category","embeddable":true,"href":"https:\/\/www.visit-ulcinj.com\/blog\/wp-json\/wp\/v2\/categories?post=73879"},{"taxonomy":"post_tag","embeddable":true,"href":"https:\/\/www.visit-ulcinj.com\/blog\/wp-json\/wp\/v2\/tags?post=73879"}],"curies":[{"name":"wp","href":"https:\/\/api.w.org\/{rel}","templated":true}]}}