{"id":73886,"date":"2013-07-30T10:28:55","date_gmt":"2013-07-30T09:28:55","guid":{"rendered":"http:\/\/www.visit-ulcinj.com\/blog\/?p=73886"},"modified":"2022-06-13T12:51:51","modified_gmt":"2022-06-13T11:51:51","slug":"wakacje-noclegi-ulcinj-czarnogora","status":"publish","type":"post","link":"https:\/\/www.visit-ulcinj.com\/blog\/2013\/07\/30\/wakacje-noclegi-ulcinj-czarnogora\/","title":{"rendered":"Wakacje, Noclegi, Ulcinj, Czarnog\u00f3ra"},"content":{"rendered":"<p><strong><a href=\"http:\/\/www.visit-ulcinj.com\/blog\/wp-content\/uploads\/2010\/09\/Zakwaterowanie-Ulcinj-Czarnog\u00f3ra.1.jpg\"><img loading=\"lazy\" class=\"alignleft size-large wp-image-37842\" title=\"Zakwaterowanie Ulcinj, Czarnog\u00f3ra.1,Zakwaterowanie Ulcinj, Czarnog\u00f3ra hotele, pensjonaty, apartamenty,Apartamenty, zakwaterowanie, noclegi,kwatery prywatne, Czarnog\u00f3ra,apartamenty, zakwaterowanie, noclegi,kwatery prywatne,bezpo\u015bred, rezerwacja, dom, mieszkania, odnowa biologiczna, kwatery prywatne, pensjonat, tanie noclegi, oferty specjalne, podr\u00f3\u017ce, wakacje, podr\u00f3\u017ce, podr\u00f3\u017ce, last minute, wellness, hotele, turystyka, rekreacja, program\u00f3w, imprez rekreacyjnych, mieszkania, domy prywatne, restauracje,\" src=\"http:\/\/www.visit-ulcinj.com\/blog\/wp-content\/uploads\/2010\/09\/Zakwaterowanie-Ulcinj-Czarnog\u00f3ra.1-1024x1004.jpg\" alt=\"\" width=\"490\" height=\"390\" \/><\/a><a href=\"skype:ulqinaku1?call\"><img loading=\"lazy\" class=\"alignleft size-full wp-image-3933\" src=\"http:\/\/www.visit-ulcinj.com\/blog\/wp-content\/uploads\/2013\/07\/c70e_skype.jpg\" alt=\"skype\" width=\"121\" height=\"91\" \/><\/a><\/strong><\/p>\n<p><strong><br \/>\n<\/strong><\/p>\n<p><strong>Email: Holiday House@gmail.com<\/strong><\/p>\n<p><strong>Ulcinj<\/strong><a href=\"http:\/\/www.visit-ulcinj.com\/apartments-in-ulcinj\/holiday-house-last-minute-ulcinj-ulqini-montenegro-of-7e-bed\/\" target=\"_blank\" rel=\"noopener\">jest najbardziej na po\u0142udnie wysuni\u0119tego miasta na wybrze\u017cu Czarnog\u00f3ra , kt\u00f3ra oferuje najd\u0142u\u017csza pla\u017ca na Adriatyku. Lokalna Velika Plaza ci\u0105gnie 13 km. Jest to jedno z najstarszych miast na Adriatyku. Pierwszy mieszka\u0144cy byli Ilirowie, kt\u00f3rzy byli pochodzenia indoeuropejskiego. 2-ga pne miasto zosta\u0142o podbite przez Rzymian, kt\u00f3rzy dali mu obecn\u0105 nazw\u0119 <strong>Ulcinj<\/strong> (Ulcinijum). P\u00f3\u017aniej miasto docelowe wielu zwyci\u0119zc\u00f3w. W 1405 r. miasto otrzyma\u0142o z Wenecj\u0105. O 150 lat p\u00f3\u017aniej Turk\u00f3w. W 1880 roku zosta\u0142 <strong>Ulcinj<\/strong> po\u0142\u0105czony Ksi\u0119stwo Czarnog\u00f3ry.<\/a><\/p>\n<p><a href=\"http:\/\/www.visit-ulcinj.com\/apartments-in-ulcinj\/holiday-house-last-minute-ulcinj-ulqini-montenegro-of-7e-bed\/\" target=\"_blank\" rel=\"noopener\">D\u00edky bogate <strong>Ulcinj<\/strong> historii oferuje nie tylko pi\u0119kn\u0105 przyrod\u0119 i wiele atrakcji. W\u015br\u00f3d najwa\u017cniejszych zabytk\u00f3w nale\u017c\u0105 Ulcinjsk\u00fd Zamek (grad <strong>Ulcinj<\/strong>ski), Pa\u0142ac Venezia (Palata Ven\u0113cija) Bal\u0161i\u0107\u016f Palace (Palata Bal\u0161i\u0107a), meczet Bregut (Dzamija Bregut), meczet Namazdjah (Dzamija Namazdjah), wie\u017ca zegarowa, spa i ko\u015bcio\u0142a. Miko\u0142aja (St. Nikola) i sv. Joseph (Josip St). Na pla\u017cy jest drobny piasek, kt\u00f3ry ma mie\u0107 dzia\u0142anie lecznicze. Ze wzgl\u0119du na du\u017c\u0105 zawarto\u015b\u0107 minera\u0142\u00f3w nadaje si\u0119 do chor\u00f3b reumatycznych. Dwa bardziej przyjemne miejsce do p\u0142ywania na pla\u017cy s\u0105 r\u00f3wnie\u017c wielkie &#8220;Tropikana&#8221; oraz &#8220;Majai&#8221; gospodarstwo Blue Flag. Opr\u00f3cz wynajmu jednostek p\u0142ywaj\u0105cych, deski surfingowe i rowery wodne s\u0105 r\u00f3wnie\u017c zbudowa\u0142 tam specjalny pomost dla w\u0119dkarzy sportowych. Get pieni\u0105dze przyjecha\u0142 i mi\u0142o\u015bnik\u00f3w nurkowania i jazdy na nartach wodnych. Znany jest r\u00f3wnie\u017c do k\u0105pieli wysp\u0119 Ada Bojana, kt\u00f3ry jest poza pi\u0119knych pla\u017c znany o\u015brodek konny, gdzie opr\u00f3cz nauki organizujemy wycieczki na koniach w okolicy.<\/a><br \/>\n<a href=\"http:\/\/www.visit-ulcinj.com\/apartments-in-ulcinj\/holiday-house-last-minute-ulcinj-ulqini-montenegro-of-7e-bed\/\" target=\"_blank\" rel=\"noopener\"> <img loading=\"lazy\" class=\"alignleft size-full wp-image-37843\" title=\"Zakwaterowanie Ulcinj, Czarnog\u00f3ra.2Zakwaterowanie Ulcinj, Czarnog\u00f3ra.1,Zakwaterowanie Ulcinj, Czarnog\u00f3ra hotele, pensjonaty, apartamenty,Apartamenty, zakwaterowanie, noclegi,kwatery prywatne, Czarnog\u00f3ra,apartamenty, zakwaterowanie, noclegi,kwatery prywatne,bezpo\u015bred, rezerwacja, dom, mieszkania, odnowa biologiczna, kwatery prywatne, pensjonat, tanie noclegi, oferty specjalne, podr\u00f3\u017ce, wakacje, podr\u00f3\u017ce, podr\u00f3\u017ce, last minute, wellness, hotele, turystyka, rekreacja, program\u00f3w, imprez rekreacyjnych, mieszkania, domy prywatne, restauracje\" src=\"http:\/\/www.visit-ulcinj.com\/blog\/wp-content\/uploads\/2010\/09\/Zakwaterowanie-Ulcinj-Czarnog\u00f3ra.2.jpg\" alt=\"\" width=\"490\" height=\"390\" \/> <\/a><br \/>\n<a href=\"http:\/\/www.visit-ulcinj.com\/apartments-in-ulcinj\/holiday-house-last-minute-ulcinj-ulqini-montenegro-of-7e-bed\/\" target=\"_blank\" rel=\"noopener\"> <strong>Ulcinj<\/strong> oferuje bogaty program kulturalny. W lecie, latem dniach otwartej scenie, gdzie teatr regularnie wykonywa\u0107 r\u00f3\u017cnych stowarzysze\u0144, grup i orkiestr. W sierpniu, znajduje si\u0119 r\u00f3wnie\u017c popularne imprezy organizowane <strong>Miss Ulcinj.<\/strong> Jednak najbardziej popularne noc <strong>Ulcinj<\/strong>sk\u00e1 turystycznych (w nocy <strong>Ulcinj<\/strong>ska), kt\u00f3ry jest rozrywka \u015bpiewem i programu odby\u0142a si\u0119 na pla\u017cy, dobrego jedzenia i picia.<\/a><\/p>\n<p><a href=\"http:\/\/www.visit-ulcinj.com\/apartments-in-ulcinj\/holiday-house-last-minute-ulcinj-ulqini-montenegro-of-7e-bed\/\" target=\"_blank\" rel=\"noopener\"><strong>Ulcinjsk\u00fd Zamek<\/strong> s\u0105 w stron\u0119 najlepszy le\u017c\u0105ce wzmacniane punkt\u00f3w by Adriatyku. Po\u0142o\u017cony w Czarny Mount , w jeden z najlepszych przybrze\u017cnych miejsc Ulcinj . Wart by rock przyl\u0105dek mi\u0119dzy Dwa zatok. Najstarsze cz\u0119\u015bci Zamek jest szczyt Militaria cz\u0119\u015bci gdzie s\u0105 zakonserwowane cyclopean \u015bciany, kt\u00f3ry Rok budowy ju\u017c w 5-szy Century Pne n. l. Illyrians. Po im wtedy by Dzisiaj Godziny rozwi\u0144<\/a><\/p>\n<p><a href=\"http:\/\/www.visit-ulcinj.com\/apartments-in-ulcinj\/holiday-house-last-minute-ulcinj-ulqini-montenegro-of-7e-bed\/\" target=\"_blank\" rel=\"noopener\"><strong><img loading=\"lazy\" class=\"alignleft size-full wp-image-37844\" title=\"Zakwaterowanie Ulcinj, Czarnog\u00f3ra.3,Zakwaterowanie Ulcinj, Czarnog\u00f3ra.1,Zakwaterowanie Ulcinj, Czarnog\u00f3ra hotele, pensjonaty, apartamenty,Apartamenty, zakwaterowanie, noclegi,kwatery prywatne, Czarnog\u00f3ra,apartamenty, zakwaterowanie, noclegi,kwatery prywatne,bezpo\u015bred, rezerwacja, dom, mieszkania, odnowa biologiczna, kwatery prywatne, pensjonat, tanie noclegi, oferty specjalne, podr\u00f3\u017ce, wakacje, podr\u00f3\u017ce, podr\u00f3\u017ce, last minute, wellness, hotele, turystyka, rekreacja, program\u00f3w, imprez rekreacyjnych, mieszkania, domy prywatne, restauracje\" src=\"http:\/\/www.visit-ulcinj.com\/blog\/wp-content\/uploads\/2010\/09\/Zakwaterowanie-Ulcinj-Czarnog\u00f3ra.3.jpg\" alt=\"\" width=\"490\" height=\"380\" \/>Ulcinjsk\u00fd Zamek<\/strong>pierwszy Wenecjanie i po im Turk\u00f3w. Zamek w sk\u0142adzie: z dwa cz\u0119\u015bci. Z ju\u017c powiedzia\u0142 szczyt cz\u0119\u015bci kt\u00f3ry jest Militaria i Obrona natura i jest by Wysoki Cz\u0119\u015b\u0107 rock platformy. Po drugie cz\u0119\u015bci wtedy s\u0105 sama biurowych, rozproszonych w nachylenie ponad morze kierunek by Po\u0142udnie. Ca\u0142y <strong>Ulcinjsk\u00fd Zamek<\/strong> jest wtedy otoczony \u015bciany. North strona jest otwarty z l\u0105dowa\u0107 Szczyt Gateway (Gornja Kapija) i od estakada Dolna Gateway (Donja Kapija) . Cz\u0119\u015b\u0107 Z\u0142o\u017cona jest ja Stary miasto, gdzie u\u017cywane Rynek z niewolnik\u00f3w i gdzie jest resort ulcinjsk\u00e9ho Muzea (Olcinium) . Wart Tam tak\u017ce Meczet, kt\u00f3ry by\u0142 pocz\u0105tkowo Christian Ko\u015bci\u00f3\u0142 Bal\u0161i\u0107ova Tower (Kula Bal\u0161i\u0107a) , Arcybiskup Pa\u0142ac wi\u0119zienie i wi\u0119cej kilka wi\u0119cej budynk\u00f3w.<\/a><\/p>\n<p><a href=\"http:\/\/www.visit-ulcinj.com\/apartments-in-ulcinj\/holiday-house-last-minute-ulcinj-ulqini-montenegro-of-7e-bed\/\" target=\"_blank\" rel=\"noopener\"><strong>Ulcinj Riwiera<\/strong><\/a><\/p>\n<p><a href=\"http:\/\/www.visit-ulcinj.com\/apartments-in-ulcinj\/holiday-house-last-minute-ulcinj-ulqini-montenegro-of-7e-bed\/\" target=\"_blank\" rel=\"noopener\">Cieple, turkusowe wody Morza Adriatyckiego, b\u0142\u0119kitne bezchmurne niebo, s\u0142o\u0144ce, niezmierzone po\u0142acie piaszczystych pla\u017c otoczonych subtropikaln\u0105 ro\u015blinno\u015bci\u0105 wp\u0142ywaj\u0105 na nies\u0142abn\u0105c\u0105 popularno\u015b\u0107 regionu Ulcinj. Na ka\u017cdym kroku spotkamy tutaj pozosta\u0142o\u015bci bogatej historii tej cz\u0119\u015bci wybrze\u017ca Czarnog\u00f3ry. Tutaj znajduje si\u0119 najd\u0142u\u017csza pla\u017ca na Adriatyku &#8211; liczy 13 kilometr\u00f3w. Riwiera s\u0142ynie r\u00f3wnie\u017c ze stabilnej, s\u0142onecznej pogody oraz malowniczych widok\u00f3w. O regionie m\u00f3wi si\u0119, \u017ce mo\u017cna tutaj poczu\u0107 dotyk Matki Natury.<\/a><br \/>\n<a href=\"http:\/\/www.visit-ulcinj.com\/apartments-in-ulcinj\/holiday-house-last-minute-ulcinj-ulqini-montenegro-of-7e-bed\/\" target=\"_blank\" rel=\"noopener\"> <img loading=\"lazy\" class=\"alignleft size-full wp-image-37847\" title=\"Zakwaterowanie Ulcinj, Czarnog\u00f3ra.4,Zakwaterowanie Ulcinj, Czarnog\u00f3ra.1,Zakwaterowanie Ulcinj, Czarnog\u00f3ra hotele, pensjonaty, apartamenty,Apartamenty, zakwaterowanie, noclegi,kwatery prywatne, Czarnog\u00f3ra,apartamenty, zakwaterowanie, noclegi,kwatery prywatne,bezpo\u015bred, rezerwacja, dom, mieszkania, odnowa biologiczna, kwatery prywatne, pensjonat, tanie noclegi, oferty specjalne, podr\u00f3\u017ce, wakacje, podr\u00f3\u017ce, podr\u00f3\u017ce, last minute, wellness, hotele, turystyka, rekreacja, program\u00f3w, imprez rekreacyjnych, mieszkania, domy prywatne, restauracje\" src=\"http:\/\/www.visit-ulcinj.com\/blog\/wp-content\/uploads\/2010\/09\/Zakwaterowanie-Ulcinj-Czarnog\u00f3ra.4.jpg\" alt=\"\" width=\"490\" height=\"390\" \/><\/a><\/p>\n<p><a href=\"http:\/\/www.visit-ulcinj.com\/apartments-in-ulcinj\/holiday-house-last-minute-ulcinj-ulqini-montenegro-of-7e-bed\/\" target=\"_blank\" rel=\"noopener\"><strong>Geografia, historia i zwiedzanie<\/strong><\/a><\/p>\n<p><a href=\"http:\/\/www.visit-ulcinj.com\/apartments-in-ulcinj\/holiday-house-last-minute-ulcinj-ulqini-montenegro-of-7e-bed\/\" target=\"_blank\" rel=\"noopener\"><strong>Ulcinj Riwiera <\/strong>po\u0142o\u017cona jest w po\u0142udniowej cz\u0119\u015bci czarnog\u00f3rskiego wybrze\u017ca Adriatyku. Linia brzegowa wynosi ponad 32 km. Geograficznie jej granice wyznaczaj\u0105 przyl\u0105dek Stari Ulcinj oraz uj\u015bcie do morza rzeki Bojana. W rejonie riwiery znajduj\u0105 si\u0119 dwa malownicze p\u00f3\u0142wyspy &#8211; Marjan i Mandra oraz osiemna\u015bcie przepi\u0119knych zatoczek.<\/a><\/p>\n<p><a href=\"http:\/\/www.visit-ulcinj.com\/apartments-in-ulcinj\/holiday-house-last-minute-ulcinj-ulqini-montenegro-of-7e-bed\/\" target=\"_blank\" rel=\"noopener\"><img loading=\"lazy\" class=\"alignleft size-full wp-image-37846\" title=\"Zakwaterowanie Ulcinj, Czarnog\u00f3ra.5,Zakwaterowanie Ulcinj, Czarnog\u00f3ra.1,Zakwaterowanie Ulcinj, Czarnog\u00f3ra hotele, pensjonaty, apartamenty,Apartamenty, zakwaterowanie, noclegi,kwatery prywatne, Czarnog\u00f3ra,apartamenty, zakwaterowanie, noclegi,kwatery prywatne,bezpo\u015bred, rezerwacja, dom, mieszkania, odnowa biologiczna, kwatery prywatne, pensjonat, tanie noclegi, oferty specjalne, podr\u00f3\u017ce, wakacje, podr\u00f3\u017ce, podr\u00f3\u017ce, last minute, wellness, hotele, turystyka, rekreacja, program\u00f3w, imprez rekreacyjnych, mieszkania, domy prywatne, restauracje\" src=\"http:\/\/www.visit-ulcinj.com\/blog\/wp-content\/uploads\/2010\/09\/Zakwaterowanie-Ulcinj-Czarnog\u00f3ra.5.jpg\" alt=\"\" width=\"490\" height=\"382\" \/><\/a><\/p>\n<p><a href=\"http:\/\/www.visit-ulcinj.com\/apartments-in-ulcinj\/holiday-house-last-minute-ulcinj-ulqini-montenegro-of-7e-bed\/\" target=\"_blank\" rel=\"noopener\"><strong>Historia:<\/strong><\/a><\/p>\n<p><a href=\"http:\/\/www.visit-ulcinj.com\/apartments-in-ulcinj\/holiday-house-last-minute-ulcinj-ulqini-montenegro-of-7e-bed\/\" target=\"_blank\" rel=\"noopener\">Centralnym punktem riwiery jest Ulcinj &#8211; historia miasta liczy sobie 3 tysi\u0105ce lat. Na przestrzeni wiek\u00f3w miastem w\u0142adali mi\u0119dzy innymi Grecy, Rzymianie, Wenecjanie, Turcy.<\/a><\/p>\n<p><a href=\"http:\/\/www.visit-ulcinj.com\/apartments-in-ulcinj\/holiday-house-last-minute-ulcinj-ulqini-montenegro-of-7e-bed\/\" target=\"_blank\" rel=\"noopener\"><strong>Pla\u017ce, sporty i rekreacja<\/strong><\/a><\/p>\n<p><a href=\"http:\/\/www.visit-ulcinj.com\/apartments-in-ulcinj\/holiday-house-last-minute-ulcinj-ulqini-montenegro-of-7e-bed\/\" target=\"_blank\" rel=\"noopener\">wymarzone warunki pogodowe.<\/a><\/p>\n<p><a href=\"http:\/\/www.visit-ulcinj.com\/apartments-in-ulcinj\/holiday-house-last-minute-ulcinj-ulqini-montenegro-of-7e-bed\/\" target=\"_blank\" rel=\"noopener\">\u015bwietnie rozbudowana baza sportowa i rekreacyjna &#8211; boiska, miejsca spacerowe, itd.<\/a><\/p>\n<p><a href=\"http:\/\/www.visit-ulcinj.com\/apartments-in-ulcinj\/holiday-house-last-minute-ulcinj-ulqini-montenegro-of-7e-bed\/\" target=\"_blank\" rel=\"noopener\">zar\u00f3wno na pla\u017cach, jak i w hotelach, znajduj\u0105 si\u0119 miejsca do zabawy dla najm\u0142odszych.<\/a><\/p>\n<p><a href=\"http:\/\/www.visit-ulcinj.com\/apartments-in-ulcinj\/holiday-house-last-minute-ulcinj-ulqini-montenegro-of-7e-bed\/\" target=\"_blank\" rel=\"noopener\">raj dla w\u0119dkarzy &#8211; uj\u015bcie rzeki Bojana do Adriatyku s\u0142ynie z obfito\u015bci ryb, podobnie jezioro Sasko.<\/a><\/p>\n<p><a href=\"http:\/\/www.visit-ulcinj.com\/apartments-in-ulcinj\/holiday-house-last-minute-ulcinj-ulqini-montenegro-of-7e-bed\/\" target=\"_blank\" rel=\"noopener\">Wielka Pla\u017ca nazywana r\u00f3wnie\u017c Sahar\u0105 &#8211; piaszczysta, najbardziej popularne miejsce na riwierze. Ka\u017cdy znajdzie tutaj co\u015b dla siebie, r\u00f3wnie\u017c amatorzy spokoju. Pla\u017ca posiada mn\u00f3stwo ustronnych zatoczek, okolonych skalami. Niemniej atrakcyjna jest pla\u017ca Valdanos &#8211; po\u0142o\u017cona w\u015br\u00f3d gaj\u00f3w oliwnych. Oliwki odbijaj\u0105 si\u0119 tam w kryszta\u0142owo czystej, morskiej wodzie. Wielu turyst\u00f3w wybiera Copacaban\u0119, pla\u017ce z najlepsz\u0105 infrastruktur\u0105 w regionie. Do tej pory na jej wyposa\u017cenie wydano oko\u0142o miliona euro. Je\u015bli kto\u015b szuka pla\u017cy kamienistej, godne polecenia s\u0105 przyhotelowe pla\u017ce w centrum miasta.<\/a><br \/>\n<a href=\"http:\/\/www.visit-ulcinj.com\/apartments-in-ulcinj\/holiday-house-last-minute-ulcinj-ulqini-montenegro-of-7e-bed\/\" target=\"_blank\" rel=\"noopener\"> <img loading=\"lazy\" class=\"alignleft size-full wp-image-50405\" title=\"ADA BOJANA_HTP ULCINJSKA RIVIJERA\" src=\"http:\/\/www.visit-ulcinj.com\/blog\/wp-content\/uploads\/2010\/09\/ADA-BOJANA_HTP-ULCINJSKA-RIVIJERA.jpg\" alt=\"\" width=\"508\" height=\"330\" \/> <\/a><\/p>\n<p><a href=\"http:\/\/www.visit-ulcinj.com\/apartments-in-ulcinj\/holiday-house-last-minute-ulcinj-ulqini-montenegro-of-7e-bed\/\" target=\"_blank\" rel=\"noopener\">Na wyspie <strong>Ada Bojana<\/strong> znajduje si\u0119 z kolei jedna z najs\u0142ynniejszych w Europie pla\u017c naturystycznych.<\/a><\/p>\n<p>&nbsp;<\/p>\n<p><a href=\"http:\/\/www.visit-ulcinj.com\/apartments-in-ulcinj\/holiday-house-last-minute-ulcinj-ulqini-montenegro-of-7e-bed\/\" target=\"_blank\" rel=\"noopener\"><strong>Rozrywka i gastronomia<\/strong><\/a><\/p>\n<p><a href=\"http:\/\/www.visit-ulcinj.com\/apartments-in-ulcinj\/holiday-house-last-minute-ulcinj-ulqini-montenegro-of-7e-bed\/\" target=\"_blank\" rel=\"noopener\">Ogromny wyb\u00f3r restauracji, bar\u00f3w, kawiarni, fast-food\u00f3w, cukierni. Mo\u017cna skosztowa\u0107 da\u0144 praktycznie ze wszystkich zak\u0105tk\u00f3w \u015bwiata. Godne polecenia s\u0105 jednak miejscowe potrawy z ryb i innych owoc\u00f3w morza. Miejscowe wino z kolei \u015bwietnie gasi pragnienie.<\/a><\/p>\n<p><a href=\"http:\/\/www.visit-ulcinj.com\/apartments-in-ulcinj\/holiday-house-last-minute-ulcinj-ulqini-montenegro-of-7e-bed\/\" target=\"_blank\" rel=\"noopener\">Dyskoteki i kluby nocne &#8211; zar\u00f3wno w hotelach, jak i w centrach miast.<\/a><\/p>\n<p><a href=\"http:\/\/www.visit-ulcinj.com\/apartments-in-ulcinj\/holiday-house-last-minute-ulcinj-ulqini-montenegro-of-7e-bed\/\" target=\"_blank\" rel=\"noopener\">W sezonie odbywa si\u0119 mn\u00f3stwo imprez, g\u0142\u00f3wnie w Ulcinju &#8211; festiwali, koncert\u00f3w, parad, itd.<\/a><\/p>\n<p><a href=\"http:\/\/www.visit-ulcinj.com\/apartments-in-ulcinj\/holiday-house-last-minute-ulcinj-ulqini-montenegro-of-7e-bed\/\" target=\"_blank\" rel=\"noopener\"><strong>Oferty specjalne z HTP &#8220;Ulcinj Riviera&#8221; \u015bredniej cenie wy\u017cywienie (\u015bniadanie i kolacja, szwedzki st\u00f3\u0142), oko\u0142o 24 euro. &#8230;. Link Riwiera Ulcinj<\/strong><\/a><\/p>\n<p>[flv width=&#8221;490&#8243; height=&#8221;400&#8243;]http:\/\/video.zoover.nl\/media\/play\/2010\/01\/20100125130811_025.flv[\/flv]<br \/>\n<span style=\"color: #ffffff;\">Varsovie ,\u0141\u00f3d\u017a ,Cracovie ,Wroc\u0142aw ,Pozna\u0144 ,Gda\u0144sk ,Szczecin ,Bydgoszcz ,Lublin ,Katowice ,Bia\u0142ystok ,Gdynia ,Cz\u0119stochowa ,Sosnowiec ,Radom ,Kielce ,Toru\u0144 ,Gliwice ,Bytom ,Zabrze ,Bielsko-Bia\u0142a ,Olsztyn,Rzesz\u00f3w ,Ruda \u015al\u0105ska ,Rybnik ,Tychy ,D\u0105browa G\u00f3rnicza ,Opole,Wa\u0142brzych ,P\u0142ock ,Elbl\u0105g ,Gorz\u00f3w Wielkopolski ,W\u0142oc\u0142awek ,Zielona G\u00f3ra ,Tarn\u00f3w ,Chorz\u00f3w ,Kalisz ,Koszalin ,Legnica ,Grudzi\u0105dz ,S\u0142upsk ,Jaworzno ,Jastrz\u0119bie Zdr\u00f3j, Warszawa, Krak\u00f3w, \u0141\u00f3d\u017a, Wroc\u0142aw, Pozna\u0144, Gda\u0144sk, Szczecin,<\/span><\/p>\n","protected":false},"excerpt":{"rendered":"<p>Email: Holiday House@gmail.com Ulcinjjest najbardziej na po\u0142udnie wysuni\u0119tego miasta na wybrze\u017cu Czarnog\u00f3ra , kt\u00f3ra oferuje najd\u0142u\u017csza pla\u017ca na Adriatyku. Lokalna Velika Plaza ci\u0105gnie 13 km. Jest to jedno z najstarszych miast na Adriatyku. Pierwszy mieszka\u0144cy byli Ilirowie, kt\u00f3rzy byli pochodzenia indoeuropejskiego. 2-ga pne miasto zosta\u0142o podbite przez Rzymian, kt\u00f3rzy dali mu obecn\u0105 nazw\u0119 Ulcinj (Ulcinijum). [&hellip;]<\/p>\n","protected":false},"author":1,"featured_media":0,"comment_status":"closed","ping_status":"closed","sticky":false,"template":"","format":"standard","meta":{"spay_email":"","jetpack_publicize_message":"","jetpack_is_tweetstorm":false,"jetpack_publicize_feature_enabled":true},"categories":[7679],"tags":[],"jetpack_publicize_connections":[],"yoast_head":"<!-- This site is optimized with the Yoast SEO plugin v19.1 - https:\/\/yoast.com\/wordpress\/plugins\/seo\/ -->\n<title>Wakacje, Noclegi, Ulcinj, Czarnog\u00f3ra - Lajme nga Ulqini<\/title>\n<meta name=\"description\" content=\"Email: Holiday House@gmail.com Ulcinjjest najbardziej na po\u0142udnie wysuni\u0119tego miasta na wybrze\u017cu Czarnog\u00f3ra , kt\u00f3ra oferuje najd\u0142u\u017csza pla\u017ca na Adriatyku.\" \/>\n<meta name=\"robots\" content=\"index, follow, max-snippet:-1, max-image-preview:large, max-video-preview:-1\" \/>\n<link rel=\"canonical\" href=\"https:\/\/www.visit-ulcinj.com\/blog\/2013\/07\/30\/wakacje-noclegi-ulcinj-czarnogora\/\" \/>\n<meta property=\"og:locale\" content=\"en_US\" \/>\n<meta property=\"og:type\" content=\"article\" \/>\n<meta property=\"og:title\" content=\"Wakacje, Noclegi, Ulcinj, Czarnog\u00f3ra - Lajme nga Ulqini\" \/>\n<meta property=\"og:description\" content=\"Email: Holiday House@gmail.com Ulcinjjest najbardziej na po\u0142udnie wysuni\u0119tego miasta na wybrze\u017cu Czarnog\u00f3ra , kt\u00f3ra oferuje najd\u0142u\u017csza pla\u017ca na Adriatyku.\" \/>\n<meta property=\"og:url\" content=\"https:\/\/www.visit-ulcinj.com\/blog\/2013\/07\/30\/wakacje-noclegi-ulcinj-czarnogora\/\" \/>\n<meta property=\"og:site_name\" content=\"Lajme nga Ulqini\" \/>\n<meta property=\"article:published_time\" content=\"2013-07-30T09:28:55+00:00\" \/>\n<meta property=\"article:modified_time\" content=\"2022-06-13T11:51:51+00:00\" \/>\n<meta property=\"og:image\" content=\"http:\/\/www.visit-ulcinj.com\/blog\/wp-content\/uploads\/2013\/07\/c70e_skype.jpg\" \/>\n<meta name=\"twitter:label1\" content=\"Written by\" \/>\n\t<meta name=\"twitter:data1\" content=\"ulqini\" \/>\n\t<meta name=\"twitter:label2\" content=\"Est. reading time\" \/>\n\t<meta name=\"twitter:data2\" content=\"5 minutes\" \/>\n<script type=\"application\/ld+json\" class=\"yoast-schema-graph\">{\"@context\":\"https:\/\/schema.org\",\"@graph\":[{\"@type\":\"WebSite\",\"@id\":\"https:\/\/www.visit-ulcinj.com\/blog\/#website\",\"url\":\"https:\/\/www.visit-ulcinj.com\/blog\/\",\"name\":\"Lajme nga Ulqini\",\"description\":\"Lajme,Vijesti,Ulqini,Ulqin,Crna Gora,Mali i Zi\",\"potentialAction\":[{\"@type\":\"SearchAction\",\"target\":{\"@type\":\"EntryPoint\",\"urlTemplate\":\"https:\/\/www.visit-ulcinj.com\/blog\/?s={search_term_string}\"},\"query-input\":\"required name=search_term_string\"}],\"inLanguage\":\"en-US\"},{\"@type\":\"ImageObject\",\"inLanguage\":\"en-US\",\"@id\":\"https:\/\/www.visit-ulcinj.com\/blog\/2013\/07\/30\/wakacje-noclegi-ulcinj-czarnogora\/#primaryimage\",\"url\":\"https:\/\/www.visit-ulcinj.com\/blog\/wp-content\/uploads\/2013\/07\/c70e_skype.jpg\",\"contentUrl\":\"https:\/\/www.visit-ulcinj.com\/blog\/wp-content\/uploads\/2013\/07\/c70e_skype.jpg\",\"width\":121,\"height\":91},{\"@type\":\"WebPage\",\"@id\":\"https:\/\/www.visit-ulcinj.com\/blog\/2013\/07\/30\/wakacje-noclegi-ulcinj-czarnogora\/#webpage\",\"url\":\"https:\/\/www.visit-ulcinj.com\/blog\/2013\/07\/30\/wakacje-noclegi-ulcinj-czarnogora\/\",\"name\":\"Wakacje, Noclegi, Ulcinj, Czarnog\u00f3ra - Lajme nga Ulqini\",\"isPartOf\":{\"@id\":\"https:\/\/www.visit-ulcinj.com\/blog\/#website\"},\"primaryImageOfPage\":{\"@id\":\"https:\/\/www.visit-ulcinj.com\/blog\/2013\/07\/30\/wakacje-noclegi-ulcinj-czarnogora\/#primaryimage\"},\"datePublished\":\"2013-07-30T09:28:55+00:00\",\"dateModified\":\"2022-06-13T11:51:51+00:00\",\"author\":{\"@id\":\"https:\/\/www.visit-ulcinj.com\/blog\/#\/schema\/person\/dcab619c614d3038751c63bc2aadc06d\"},\"description\":\"Email: Holiday House@gmail.com Ulcinjjest najbardziej na po\u0142udnie wysuni\u0119tego miasta na wybrze\u017cu Czarnog\u00f3ra , kt\u00f3ra oferuje najd\u0142u\u017csza pla\u017ca na Adriatyku.\",\"breadcrumb\":{\"@id\":\"https:\/\/www.visit-ulcinj.com\/blog\/2013\/07\/30\/wakacje-noclegi-ulcinj-czarnogora\/#breadcrumb\"},\"inLanguage\":\"en-US\",\"potentialAction\":[{\"@type\":\"ReadAction\",\"target\":[\"https:\/\/www.visit-ulcinj.com\/blog\/2013\/07\/30\/wakacje-noclegi-ulcinj-czarnogora\/\"]}]},{\"@type\":\"BreadcrumbList\",\"@id\":\"https:\/\/www.visit-ulcinj.com\/blog\/2013\/07\/30\/wakacje-noclegi-ulcinj-czarnogora\/#breadcrumb\",\"itemListElement\":[{\"@type\":\"ListItem\",\"position\":1,\"name\":\"Wakacje, Noclegi, Ulcinj, Czarnog\u00f3ra\"}]},{\"@type\":\"Person\",\"@id\":\"https:\/\/www.visit-ulcinj.com\/blog\/#\/schema\/person\/dcab619c614d3038751c63bc2aadc06d\",\"name\":\"ulqini\",\"sameAs\":[\"http:\/\/www.visit-ulcinj.com\"],\"url\":\"https:\/\/www.visit-ulcinj.com\/blog\/author\/admin\/\"}]}<\/script>\n<!-- \/ Yoast SEO plugin. -->","yoast_head_json":{"title":"Wakacje, Noclegi, Ulcinj, Czarnog\u00f3ra - Lajme nga Ulqini","description":"Email: Holiday House@gmail.com Ulcinjjest najbardziej na po\u0142udnie wysuni\u0119tego miasta na wybrze\u017cu Czarnog\u00f3ra , kt\u00f3ra oferuje najd\u0142u\u017csza pla\u017ca na Adriatyku.","robots":{"index":"index","follow":"follow","max-snippet":"max-snippet:-1","max-image-preview":"max-image-preview:large","max-video-preview":"max-video-preview:-1"},"canonical":"https:\/\/www.visit-ulcinj.com\/blog\/2013\/07\/30\/wakacje-noclegi-ulcinj-czarnogora\/","og_locale":"en_US","og_type":"article","og_title":"Wakacje, Noclegi, Ulcinj, Czarnog\u00f3ra - Lajme nga Ulqini","og_description":"Email: Holiday House@gmail.com Ulcinjjest najbardziej na po\u0142udnie wysuni\u0119tego miasta na wybrze\u017cu Czarnog\u00f3ra , kt\u00f3ra oferuje najd\u0142u\u017csza pla\u017ca na Adriatyku.","og_url":"https:\/\/www.visit-ulcinj.com\/blog\/2013\/07\/30\/wakacje-noclegi-ulcinj-czarnogora\/","og_site_name":"Lajme nga Ulqini","article_published_time":"2013-07-30T09:28:55+00:00","article_modified_time":"2022-06-13T11:51:51+00:00","og_image":[{"url":"http:\/\/www.visit-ulcinj.com\/blog\/wp-content\/uploads\/2013\/07\/c70e_skype.jpg"}],"twitter_misc":{"Written by":"ulqini","Est. reading time":"5 minutes"},"schema":{"@context":"https:\/\/schema.org","@graph":[{"@type":"WebSite","@id":"https:\/\/www.visit-ulcinj.com\/blog\/#website","url":"https:\/\/www.visit-ulcinj.com\/blog\/","name":"Lajme nga Ulqini","description":"Lajme,Vijesti,Ulqini,Ulqin,Crna Gora,Mali i Zi","potentialAction":[{"@type":"SearchAction","target":{"@type":"EntryPoint","urlTemplate":"https:\/\/www.visit-ulcinj.com\/blog\/?s={search_term_string}"},"query-input":"required name=search_term_string"}],"inLanguage":"en-US"},{"@type":"ImageObject","inLanguage":"en-US","@id":"https:\/\/www.visit-ulcinj.com\/blog\/2013\/07\/30\/wakacje-noclegi-ulcinj-czarnogora\/#primaryimage","url":"https:\/\/www.visit-ulcinj.com\/blog\/wp-content\/uploads\/2013\/07\/c70e_skype.jpg","contentUrl":"https:\/\/www.visit-ulcinj.com\/blog\/wp-content\/uploads\/2013\/07\/c70e_skype.jpg","width":121,"height":91},{"@type":"WebPage","@id":"https:\/\/www.visit-ulcinj.com\/blog\/2013\/07\/30\/wakacje-noclegi-ulcinj-czarnogora\/#webpage","url":"https:\/\/www.visit-ulcinj.com\/blog\/2013\/07\/30\/wakacje-noclegi-ulcinj-czarnogora\/","name":"Wakacje, Noclegi, Ulcinj, Czarnog\u00f3ra - Lajme nga Ulqini","isPartOf":{"@id":"https:\/\/www.visit-ulcinj.com\/blog\/#website"},"primaryImageOfPage":{"@id":"https:\/\/www.visit-ulcinj.com\/blog\/2013\/07\/30\/wakacje-noclegi-ulcinj-czarnogora\/#primaryimage"},"datePublished":"2013-07-30T09:28:55+00:00","dateModified":"2022-06-13T11:51:51+00:00","author":{"@id":"https:\/\/www.visit-ulcinj.com\/blog\/#\/schema\/person\/dcab619c614d3038751c63bc2aadc06d"},"description":"Email: Holiday House@gmail.com Ulcinjjest najbardziej na po\u0142udnie wysuni\u0119tego miasta na wybrze\u017cu Czarnog\u00f3ra , kt\u00f3ra oferuje najd\u0142u\u017csza pla\u017ca na Adriatyku.","breadcrumb":{"@id":"https:\/\/www.visit-ulcinj.com\/blog\/2013\/07\/30\/wakacje-noclegi-ulcinj-czarnogora\/#breadcrumb"},"inLanguage":"en-US","potentialAction":[{"@type":"ReadAction","target":["https:\/\/www.visit-ulcinj.com\/blog\/2013\/07\/30\/wakacje-noclegi-ulcinj-czarnogora\/"]}]},{"@type":"BreadcrumbList","@id":"https:\/\/www.visit-ulcinj.com\/blog\/2013\/07\/30\/wakacje-noclegi-ulcinj-czarnogora\/#breadcrumb","itemListElement":[{"@type":"ListItem","position":1,"name":"Wakacje, Noclegi, Ulcinj, Czarnog\u00f3ra"}]},{"@type":"Person","@id":"https:\/\/www.visit-ulcinj.com\/blog\/#\/schema\/person\/dcab619c614d3038751c63bc2aadc06d","name":"ulqini","sameAs":["http:\/\/www.visit-ulcinj.com"],"url":"https:\/\/www.visit-ulcinj.com\/blog\/author\/admin\/"}]}},"jetpack_featured_media_url":"","jetpack_sharing_enabled":true,"jetpack_shortlink":"https:\/\/wp.me\/pe6lTn-jdI","_links":{"self":[{"href":"https:\/\/www.visit-ulcinj.com\/blog\/wp-json\/wp\/v2\/posts\/73886"}],"collection":[{"href":"https:\/\/www.visit-ulcinj.com\/blog\/wp-json\/wp\/v2\/posts"}],"about":[{"href":"https:\/\/www.visit-ulcinj.com\/blog\/wp-json\/wp\/v2\/types\/post"}],"author":[{"embeddable":true,"href":"https:\/\/www.visit-ulcinj.com\/blog\/wp-json\/wp\/v2\/users\/1"}],"replies":[{"embeddable":true,"href":"https:\/\/www.visit-ulcinj.com\/blog\/wp-json\/wp\/v2\/comments?post=73886"}],"version-history":[{"count":6,"href":"https:\/\/www.visit-ulcinj.com\/blog\/wp-json\/wp\/v2\/posts\/73886\/revisions"}],"predecessor-version":[{"id":106684,"href":"https:\/\/www.visit-ulcinj.com\/blog\/wp-json\/wp\/v2\/posts\/73886\/revisions\/106684"}],"wp:attachment":[{"href":"https:\/\/www.visit-ulcinj.com\/blog\/wp-json\/wp\/v2\/media?parent=73886"}],"wp:term":[{"taxonomy":"category","embeddable":true,"href":"https:\/\/www.visit-ulcinj.com\/blog\/wp-json\/wp\/v2\/categories?post=73886"},{"taxonomy":"post_tag","embeddable":true,"href":"https:\/\/www.visit-ulcinj.com\/blog\/wp-json\/wp\/v2\/tags?post=73886"}],"curies":[{"name":"wp","href":"https:\/\/api.w.org\/{rel}","templated":true}]}}