{"id":73901,"date":"2013-07-30T17:35:44","date_gmt":"2013-07-30T16:35:44","guid":{"rendered":"http:\/\/www.visit-ulcinj.com\/blog\/?p=73901"},"modified":"2013-07-30T17:36:05","modified_gmt":"2013-07-30T16:36:05","slug":"mali-i-zi-hapi-ambasaden-ne-prishtine","status":"publish","type":"post","link":"https:\/\/www.visit-ulcinj.com\/blog\/2013\/07\/30\/mali-i-zi-hapi-ambasaden-ne-prishtine\/","title":{"rendered":"Mali i Zi hapi ambasad\u00ebn n\u00eb Prishtin\u00eb"},"content":{"rendered":"<p><a href=\"http:\/\/www.visit-ulcinj.com\/blog\/wp-content\/uploads\/2013\/07\/Milaniq-Hoxhaj.jpg\"><img loading=\"lazy\" class=\"alignleft  wp-image-73902\" alt=\"Milaniq-Hoxhaj\" src=\"http:\/\/www.visit-ulcinj.com\/blog\/wp-content\/uploads\/2013\/07\/Milaniq-Hoxhaj.jpg\" width=\"508\" height=\"360\" \/><\/a>Mali i Zi ka hapur ambasad\u00ebn e vet n\u00eb Kosov\u00eb. Ministri i Pun\u00ebve t\u00eb Jashtme, Enver Hoxhaj, ka pritur Radovan Milaniqin, i cili ka dor\u00ebzuar letrat e em\u00ebrimit n\u00eb pozit\u00ebn e t\u00eb ngarkuarit me pun\u00eb n\u00eb Ambasad\u00ebn e Malit t\u00eb Zi n\u00eb Kosov\u00eb.<\/p>\n<p>\u201cGjat\u00eb takimit, ministri Hoxhaj ka vler\u00ebsuar bashk\u00ebpunimin bilateral nd\u00ebrmjet dy shteteve, duke shprehur vullnetin e Republik\u00ebs s\u00eb Kosov\u00ebs p\u00ebr fuqizimin e k\u00ebtyre marr\u00ebdh\u00ebnieve me Malin e Zi n\u00eb shum\u00eb fusha\u201d, thuhet n\u00eb nj\u00eb njoftim t\u00eb MPJ-s\u00eb.<\/p>\n<p>Hoxhaj ka b\u00ebr\u00eb t\u00eb ditur se s\u00eb shpejti edhe Kosova do t\u00eb caktoj\u00eb p\u00ebrfaq\u00ebsuesin e saj diplomatik n\u00eb Mal t\u00eb Zi, duke e vler\u00ebsuar shum\u00eb t\u00eb r\u00ebnd\u00ebsish\u00ebm p\u00ebr marr\u00ebdh\u00ebniet nd\u00ebrmjet dy vendeve fqinje, funksionalizimin e misioneve diplomatike n\u00eb dy kryeqytetet.<\/p>\n<p>Milaniq ka shprehur p\u00ebrkushtimin e tij q\u00eb gjat\u00eb pun\u00ebs n\u00eb Kosov\u00eb, do t\u00eb jet\u00eb n\u00eb sh\u00ebrbim t\u00eb fuqizimit t\u00eb marr\u00ebdh\u00ebnieve dhe shk\u00ebmbimeve t\u00eb gjithanshme nd\u00ebrmjet dy shteteve.<\/p>\n<p>&nbsp;<\/p>\n<p><strong>Koha Net<\/strong><\/p>\n","protected":false},"excerpt":{"rendered":"<p>Mali i Zi ka hapur ambasad\u00ebn e vet n\u00eb Kosov\u00eb. Ministri i Pun\u00ebve t\u00eb Jashtme, Enver Hoxhaj, ka pritur Radovan Milaniqin, i cili ka dor\u00ebzuar letrat e em\u00ebrimit n\u00eb pozit\u00ebn e t\u00eb ngarkuarit me pun\u00eb n\u00eb Ambasad\u00ebn e Malit t\u00eb Zi n\u00eb Kosov\u00eb. \u201cGjat\u00eb takimit, ministri Hoxhaj ka vler\u00ebsuar bashk\u00ebpunimin bilateral nd\u00ebrmjet dy shteteve, duke [&hellip;]<\/p>\n","protected":false},"author":1,"featured_media":0,"comment_status":"closed","ping_status":"closed","sticky":false,"template":"","format":"standard","meta":{"spay_email":"","jetpack_publicize_message":"","jetpack_is_tweetstorm":false,"jetpack_publicize_feature_enabled":true},"categories":[14],"tags":[],"jetpack_publicize_connections":[],"yoast_head":"<!-- This site is optimized with the Yoast SEO plugin v19.1 - https:\/\/yoast.com\/wordpress\/plugins\/seo\/ -->\n<title>Mali i Zi hapi ambasad\u00ebn n\u00eb Prishtin\u00eb - Lajme nga Ulqini<\/title>\n<meta name=\"description\" content=\"Mali i Zi ka hapur ambasad\u00ebn e vet n\u00eb Kosov\u00eb. Ministri i Pun\u00ebve t\u00eb Jashtme, Enver Hoxhaj, ka pritur Radovan Milaniqin, i cili ka dor\u00ebzuar letrat e\" \/>\n<meta name=\"robots\" content=\"index, follow, max-snippet:-1, max-image-preview:large, max-video-preview:-1\" \/>\n<link rel=\"canonical\" href=\"https:\/\/www.visit-ulcinj.com\/blog\/2013\/07\/30\/mali-i-zi-hapi-ambasaden-ne-prishtine\/\" \/>\n<meta property=\"og:locale\" content=\"en_US\" \/>\n<meta property=\"og:type\" content=\"article\" \/>\n<meta property=\"og:title\" content=\"Mali i Zi hapi ambasad\u00ebn n\u00eb Prishtin\u00eb - Lajme nga Ulqini\" \/>\n<meta property=\"og:description\" content=\"Mali i Zi ka hapur ambasad\u00ebn e vet n\u00eb Kosov\u00eb. Ministri i Pun\u00ebve t\u00eb Jashtme, Enver Hoxhaj, ka pritur Radovan Milaniqin, i cili ka dor\u00ebzuar letrat e\" \/>\n<meta property=\"og:url\" content=\"https:\/\/www.visit-ulcinj.com\/blog\/2013\/07\/30\/mali-i-zi-hapi-ambasaden-ne-prishtine\/\" \/>\n<meta property=\"og:site_name\" content=\"Lajme nga Ulqini\" \/>\n<meta property=\"article:published_time\" content=\"2013-07-30T16:35:44+00:00\" \/>\n<meta property=\"article:modified_time\" content=\"2013-07-30T16:36:05+00:00\" \/>\n<meta property=\"og:image\" content=\"http:\/\/www.visit-ulcinj.com\/blog\/wp-content\/uploads\/2013\/07\/Milaniq-Hoxhaj.jpg\" \/>\n<meta name=\"twitter:label1\" content=\"Written by\" \/>\n\t<meta name=\"twitter:data1\" content=\"ulqini\" \/>\n\t<meta name=\"twitter:label2\" content=\"Est. reading time\" \/>\n\t<meta name=\"twitter:data2\" content=\"1 minute\" \/>\n<script type=\"application\/ld+json\" class=\"yoast-schema-graph\">{\"@context\":\"https:\/\/schema.org\",\"@graph\":[{\"@type\":\"WebSite\",\"@id\":\"https:\/\/www.visit-ulcinj.com\/blog\/#website\",\"url\":\"https:\/\/www.visit-ulcinj.com\/blog\/\",\"name\":\"Lajme nga Ulqini\",\"description\":\"Lajme,Vijesti,Ulqini,Ulqin,Crna Gora,Mali i Zi\",\"potentialAction\":[{\"@type\":\"SearchAction\",\"target\":{\"@type\":\"EntryPoint\",\"urlTemplate\":\"https:\/\/www.visit-ulcinj.com\/blog\/?s={search_term_string}\"},\"query-input\":\"required name=search_term_string\"}],\"inLanguage\":\"en-US\"},{\"@type\":\"ImageObject\",\"inLanguage\":\"en-US\",\"@id\":\"https:\/\/www.visit-ulcinj.com\/blog\/2013\/07\/30\/mali-i-zi-hapi-ambasaden-ne-prishtine\/#primaryimage\",\"url\":\"https:\/\/www.visit-ulcinj.com\/blog\/wp-content\/uploads\/2013\/07\/Milaniq-Hoxhaj.jpg\",\"contentUrl\":\"https:\/\/www.visit-ulcinj.com\/blog\/wp-content\/uploads\/2013\/07\/Milaniq-Hoxhaj.jpg\",\"width\":629,\"height\":367},{\"@type\":\"WebPage\",\"@id\":\"https:\/\/www.visit-ulcinj.com\/blog\/2013\/07\/30\/mali-i-zi-hapi-ambasaden-ne-prishtine\/#webpage\",\"url\":\"https:\/\/www.visit-ulcinj.com\/blog\/2013\/07\/30\/mali-i-zi-hapi-ambasaden-ne-prishtine\/\",\"name\":\"Mali i Zi hapi ambasad\u00ebn n\u00eb Prishtin\u00eb - Lajme nga Ulqini\",\"isPartOf\":{\"@id\":\"https:\/\/www.visit-ulcinj.com\/blog\/#website\"},\"primaryImageOfPage\":{\"@id\":\"https:\/\/www.visit-ulcinj.com\/blog\/2013\/07\/30\/mali-i-zi-hapi-ambasaden-ne-prishtine\/#primaryimage\"},\"datePublished\":\"2013-07-30T16:35:44+00:00\",\"dateModified\":\"2013-07-30T16:36:05+00:00\",\"author\":{\"@id\":\"https:\/\/www.visit-ulcinj.com\/blog\/#\/schema\/person\/dcab619c614d3038751c63bc2aadc06d\"},\"description\":\"Mali i Zi ka hapur ambasad\u00ebn e vet n\u00eb Kosov\u00eb. Ministri i Pun\u00ebve t\u00eb Jashtme, Enver Hoxhaj, ka pritur Radovan Milaniqin, i cili ka dor\u00ebzuar letrat e\",\"breadcrumb\":{\"@id\":\"https:\/\/www.visit-ulcinj.com\/blog\/2013\/07\/30\/mali-i-zi-hapi-ambasaden-ne-prishtine\/#breadcrumb\"},\"inLanguage\":\"en-US\",\"potentialAction\":[{\"@type\":\"ReadAction\",\"target\":[\"https:\/\/www.visit-ulcinj.com\/blog\/2013\/07\/30\/mali-i-zi-hapi-ambasaden-ne-prishtine\/\"]}]},{\"@type\":\"BreadcrumbList\",\"@id\":\"https:\/\/www.visit-ulcinj.com\/blog\/2013\/07\/30\/mali-i-zi-hapi-ambasaden-ne-prishtine\/#breadcrumb\",\"itemListElement\":[{\"@type\":\"ListItem\",\"position\":1,\"name\":\"Mali i Zi hapi ambasad\u00ebn n\u00eb Prishtin\u00eb\"}]},{\"@type\":\"Person\",\"@id\":\"https:\/\/www.visit-ulcinj.com\/blog\/#\/schema\/person\/dcab619c614d3038751c63bc2aadc06d\",\"name\":\"ulqini\",\"sameAs\":[\"http:\/\/www.visit-ulcinj.com\"],\"url\":\"https:\/\/www.visit-ulcinj.com\/blog\/author\/admin\/\"}]}<\/script>\n<!-- \/ Yoast SEO plugin. -->","yoast_head_json":{"title":"Mali i Zi hapi ambasad\u00ebn n\u00eb Prishtin\u00eb - Lajme nga Ulqini","description":"Mali i Zi ka hapur ambasad\u00ebn e vet n\u00eb Kosov\u00eb. Ministri i Pun\u00ebve t\u00eb Jashtme, Enver Hoxhaj, ka pritur Radovan Milaniqin, i cili ka dor\u00ebzuar letrat e","robots":{"index":"index","follow":"follow","max-snippet":"max-snippet:-1","max-image-preview":"max-image-preview:large","max-video-preview":"max-video-preview:-1"},"canonical":"https:\/\/www.visit-ulcinj.com\/blog\/2013\/07\/30\/mali-i-zi-hapi-ambasaden-ne-prishtine\/","og_locale":"en_US","og_type":"article","og_title":"Mali i Zi hapi ambasad\u00ebn n\u00eb Prishtin\u00eb - Lajme nga Ulqini","og_description":"Mali i Zi ka hapur ambasad\u00ebn e vet n\u00eb Kosov\u00eb. Ministri i Pun\u00ebve t\u00eb Jashtme, Enver Hoxhaj, ka pritur Radovan Milaniqin, i cili ka dor\u00ebzuar letrat e","og_url":"https:\/\/www.visit-ulcinj.com\/blog\/2013\/07\/30\/mali-i-zi-hapi-ambasaden-ne-prishtine\/","og_site_name":"Lajme nga Ulqini","article_published_time":"2013-07-30T16:35:44+00:00","article_modified_time":"2013-07-30T16:36:05+00:00","og_image":[{"url":"http:\/\/www.visit-ulcinj.com\/blog\/wp-content\/uploads\/2013\/07\/Milaniq-Hoxhaj.jpg"}],"twitter_misc":{"Written by":"ulqini","Est. reading time":"1 minute"},"schema":{"@context":"https:\/\/schema.org","@graph":[{"@type":"WebSite","@id":"https:\/\/www.visit-ulcinj.com\/blog\/#website","url":"https:\/\/www.visit-ulcinj.com\/blog\/","name":"Lajme nga Ulqini","description":"Lajme,Vijesti,Ulqini,Ulqin,Crna Gora,Mali i Zi","potentialAction":[{"@type":"SearchAction","target":{"@type":"EntryPoint","urlTemplate":"https:\/\/www.visit-ulcinj.com\/blog\/?s={search_term_string}"},"query-input":"required name=search_term_string"}],"inLanguage":"en-US"},{"@type":"ImageObject","inLanguage":"en-US","@id":"https:\/\/www.visit-ulcinj.com\/blog\/2013\/07\/30\/mali-i-zi-hapi-ambasaden-ne-prishtine\/#primaryimage","url":"https:\/\/www.visit-ulcinj.com\/blog\/wp-content\/uploads\/2013\/07\/Milaniq-Hoxhaj.jpg","contentUrl":"https:\/\/www.visit-ulcinj.com\/blog\/wp-content\/uploads\/2013\/07\/Milaniq-Hoxhaj.jpg","width":629,"height":367},{"@type":"WebPage","@id":"https:\/\/www.visit-ulcinj.com\/blog\/2013\/07\/30\/mali-i-zi-hapi-ambasaden-ne-prishtine\/#webpage","url":"https:\/\/www.visit-ulcinj.com\/blog\/2013\/07\/30\/mali-i-zi-hapi-ambasaden-ne-prishtine\/","name":"Mali i Zi hapi ambasad\u00ebn n\u00eb Prishtin\u00eb - Lajme nga Ulqini","isPartOf":{"@id":"https:\/\/www.visit-ulcinj.com\/blog\/#website"},"primaryImageOfPage":{"@id":"https:\/\/www.visit-ulcinj.com\/blog\/2013\/07\/30\/mali-i-zi-hapi-ambasaden-ne-prishtine\/#primaryimage"},"datePublished":"2013-07-30T16:35:44+00:00","dateModified":"2013-07-30T16:36:05+00:00","author":{"@id":"https:\/\/www.visit-ulcinj.com\/blog\/#\/schema\/person\/dcab619c614d3038751c63bc2aadc06d"},"description":"Mali i Zi ka hapur ambasad\u00ebn e vet n\u00eb Kosov\u00eb. Ministri i Pun\u00ebve t\u00eb Jashtme, Enver Hoxhaj, ka pritur Radovan Milaniqin, i cili ka dor\u00ebzuar letrat e","breadcrumb":{"@id":"https:\/\/www.visit-ulcinj.com\/blog\/2013\/07\/30\/mali-i-zi-hapi-ambasaden-ne-prishtine\/#breadcrumb"},"inLanguage":"en-US","potentialAction":[{"@type":"ReadAction","target":["https:\/\/www.visit-ulcinj.com\/blog\/2013\/07\/30\/mali-i-zi-hapi-ambasaden-ne-prishtine\/"]}]},{"@type":"BreadcrumbList","@id":"https:\/\/www.visit-ulcinj.com\/blog\/2013\/07\/30\/mali-i-zi-hapi-ambasaden-ne-prishtine\/#breadcrumb","itemListElement":[{"@type":"ListItem","position":1,"name":"Mali i Zi hapi ambasad\u00ebn n\u00eb Prishtin\u00eb"}]},{"@type":"Person","@id":"https:\/\/www.visit-ulcinj.com\/blog\/#\/schema\/person\/dcab619c614d3038751c63bc2aadc06d","name":"ulqini","sameAs":["http:\/\/www.visit-ulcinj.com"],"url":"https:\/\/www.visit-ulcinj.com\/blog\/author\/admin\/"}]}},"jetpack_featured_media_url":"","jetpack_sharing_enabled":true,"jetpack_shortlink":"https:\/\/wp.me\/pe6lTn-jdX","_links":{"self":[{"href":"https:\/\/www.visit-ulcinj.com\/blog\/wp-json\/wp\/v2\/posts\/73901"}],"collection":[{"href":"https:\/\/www.visit-ulcinj.com\/blog\/wp-json\/wp\/v2\/posts"}],"about":[{"href":"https:\/\/www.visit-ulcinj.com\/blog\/wp-json\/wp\/v2\/types\/post"}],"author":[{"embeddable":true,"href":"https:\/\/www.visit-ulcinj.com\/blog\/wp-json\/wp\/v2\/users\/1"}],"replies":[{"embeddable":true,"href":"https:\/\/www.visit-ulcinj.com\/blog\/wp-json\/wp\/v2\/comments?post=73901"}],"version-history":[{"count":2,"href":"https:\/\/www.visit-ulcinj.com\/blog\/wp-json\/wp\/v2\/posts\/73901\/revisions"}],"predecessor-version":[{"id":73904,"href":"https:\/\/www.visit-ulcinj.com\/blog\/wp-json\/wp\/v2\/posts\/73901\/revisions\/73904"}],"wp:attachment":[{"href":"https:\/\/www.visit-ulcinj.com\/blog\/wp-json\/wp\/v2\/media?parent=73901"}],"wp:term":[{"taxonomy":"category","embeddable":true,"href":"https:\/\/www.visit-ulcinj.com\/blog\/wp-json\/wp\/v2\/categories?post=73901"},{"taxonomy":"post_tag","embeddable":true,"href":"https:\/\/www.visit-ulcinj.com\/blog\/wp-json\/wp\/v2\/tags?post=73901"}],"curies":[{"name":"wp","href":"https:\/\/api.w.org\/{rel}","templated":true}]}}