{"id":73910,"date":"2013-07-30T17:59:05","date_gmt":"2013-07-30T16:59:05","guid":{"rendered":"http:\/\/www.visit-ulcinj.com\/blog\/?p=73910"},"modified":"2013-07-30T18:00:01","modified_gmt":"2013-07-30T17:00:01","slug":"neozbiljnost-bez-granica-opstine-ulcinj","status":"publish","type":"post","link":"https:\/\/www.visit-ulcinj.com\/blog\/2013\/07\/30\/neozbiljnost-bez-granica-opstine-ulcinj\/","title":{"rendered":"SNP: Neozbiljnost bez granica Op\u0161tine Ulcinj"},"content":{"rendered":"<p><a href=\"http:\/\/www.visit-ulcinj.com\/blog\/wp-content\/uploads\/2013\/07\/Opstina-Ulcinj.jpg\"><img loading=\"lazy\" class=\"alignleft  wp-image-73911\" alt=\"Opstina-Ulcinj\" src=\"http:\/\/www.visit-ulcinj.com\/blog\/wp-content\/uploads\/2013\/07\/Opstina-Ulcinj.jpg\" width=\"508\" height=\"360\" \/><\/a>Op\u0161tinski odbor SNP Ulcinj izra\u017eava veliko \u017ealjenje \u0161to se obistinilo sve ono na \u0161ta smo prethodnih mjeseci upozoravali lokalnu vlast. Problemi sa kojima, ve\u0107 du\u017ee vrijeme, kuburi Op\u0161tina Ulcinj, u ovoj turisti\u010dkoj sezoni su eskalirali. O\u010digledno je da \u0107e ova sezona biti mnogo manje uspje\u0161na od nekih prethodnih, iako u poslednje dvije decenije, tiristi\u010dke sezone nijesu ni izbliza onakve kakve ovaj grad, po svojim prirodnim potencijalima, zaslu\u017euje.Lokalna vlast ve\u0107 du\u017ee vrijeme ne\u0107e da prizna da je njihov koncept propao. Sude\u0107i po nedavnim izjavama najodgovornijih funkcionera vlasti, njihov koncept se i zasnivao na zadovoljavanju li\u010dnih potreba, a ono za \u0161ta ih je narod birao stavili su u drugi plan.<\/p>\n<p>Predsjednik SO Ulcinj i visoki funkcioner Demokratske partije (DP), Miljazim Mustafa, izjavio je da na Dnevnom redu Skup\u0161tine ima ta\u010daka koje se ne odnose na gradjane Ulcinja, kao i da nisu sve vezane za koalicionu vlast. Na taj na\u010din slikovito je pokazao kako on do\u017eivljava funkciju na koju je izabran, izmedju ostalog, i voljom gradjana. Tako\u0111e, predsjednik odborni\u010dkog kluba Force, Fuad Hadzibeti, izjavio je da su njegovi odbornici prezauzeti privatnim poslovima, te da iz tog razloga ne mogu prisustvovati zakazanim skup\u0161tinskim sjednicama.<\/p>\n<p>Op\u0161tinski odbor SNP Ulcinj \u017eeli da upozna javnost da se na Dnevnom redu tre\u0107eg redovnog zasijedanja SO Ulcinj, izmedju ostalog, nalazi i potvr\u0111ivanje Odluke Predsjednika Op\u0161tine o komunalnom redu, kao i Odluka o regulisanju saobra\u0107aja za vrijeme trajanja turisti\u010dke sezone, dopuni programa privremenih lokacija za 2013. godinu i izbor Glavnog administratora Op\u0161tine Ulcinj. Ukoliko SO navedene odluke ne potvrdi do 31.jula, one \u0107e po sili zakona biti stavljene van snage i na taj na\u010din \u0107e postoje\u0107i kolaps biti jo\u0161 vi\u0161e produbljen.<\/p>\n<p>Op\u0161tinski odbor SNP Ulcinj napominje da u ovoj najju\u017enijoj op\u0161tini, i pored toga \u0161to je znatno manji broj turista u turisti\u010dkoj sezoni, sna\u017eno su izra\u017eeni nedostaci u vodosnabdijevanju, \u0161to je posledica neorganizovanosti u u JP \u201cVodovod i kanalzacija\u201d.<\/p>\n<p>Iako se ulcinjski vodovod pro\u0161le godine priklju\u010dio na Regionalni vodovod, zbog neispla\u0107enih pro\u0161logodi\u010dnjih dugovanja, i nemogu\u0107nosti da se ista reprogamiraju, izvjesno je da \u0107e se u ovoj sezoni gradjani Ulcinja, zbog neodgovornosti aktuelne vlasti, morati zadovoljiti sopstvenim vodo-kapacitetima. A oni su zbog stanja na vodovodnoj mre\u017ei, na kojoj su, u ovom trenutku, gubici 87% , bez obzira na mali broj turista, nedovoljni, pa ve\u0107 danas imamo najave lokalnog Vodovoda da \u0107e se u narednom periodu po\u010deti sa restrikcijama.<\/p>\n<p>Hroni\u010dni nedostatak parkinga i nesno\u0161ljiva buku u urbanim sredinama, koja se ovih dana \u010duje iz polupraznih restorana, dovoljno ukazuju na organizacione kapacitete da ova lokalna vlast nema organizacionih kapaciteta.<\/p>\n<p>OO SNP Ulcinj podsje\u0107a javnost da Op\u0161tina Ulcinj, jedina na Crnogorskom primorju, ove godine nije potpisala Ugovor sa institucijama za kontrolu ja\u010dine buke. S druge strane, njihova saradnja sa nadle\u017enim inspekcijskim slu\u017ebama je o\u010dito na visokom nivou, a tu njihovu \u201csaradnju\u201d ovih dana najbolje osje\u0107aju vlasnici i zakupci ugostiteljskih, zanatskih i trgovinskih objekata, koji pla\u0107aju enormno visoke nov\u010dane kazne, koje \u0107e ugu\u0161iti i ono malo preduzetni\u010dkog duha koji je preostao.<\/p>\n<p>To \u0161to kod lokalnih preduzetnika ima puno nepravilnosti u radu, odgovornost snosi i lokalna administarcija, koja svoj posao ne radi na efikasan i kvalitetan na\u010din.<\/p>\n<p>OO SNP Ulcinj je svih ovih godina upozoravao i pozivao lokalnu vlast da otpo\u010dnu da rade u interesu grada Ulcinja i njegovih gra\u0111ana. Me\u0111utim, potpuno je jasno da sada\u0161nja vladaju\u0107a garnitura to niti mo\u017ee, niti ho\u0107e, jer njihova neozbiljnost nema granica.<\/p>\n<p><strong>Izvor: SN CG<\/strong><\/p>\n","protected":false},"excerpt":{"rendered":"<p>Op\u0161tinski odbor SNP Ulcinj izra\u017eava veliko \u017ealjenje \u0161to se obistinilo sve ono na \u0161ta smo prethodnih mjeseci upozoravali lokalnu vlast. Problemi sa kojima, ve\u0107 du\u017ee vrijeme, kuburi Op\u0161tina Ulcinj, u ovoj turisti\u010dkoj sezoni su eskalirali. O\u010digledno je da \u0107e ova sezona biti mnogo manje uspje\u0161na od nekih prethodnih, iako u poslednje dvije decenije, tiristi\u010dke sezone [&hellip;]<\/p>\n","protected":false},"author":1,"featured_media":0,"comment_status":"closed","ping_status":"closed","sticky":false,"template":"","format":"standard","meta":{"spay_email":"","jetpack_publicize_message":"","jetpack_is_tweetstorm":false,"jetpack_publicize_feature_enabled":true},"categories":[6950],"tags":[],"jetpack_publicize_connections":[],"yoast_head":"<!-- This site is optimized with the Yoast SEO plugin v19.1 - https:\/\/yoast.com\/wordpress\/plugins\/seo\/ -->\n<title>SNP: Neozbiljnost bez granica Op\u0161tine Ulcinj - Lajme nga Ulqini<\/title>\n<meta name=\"description\" content=\"Op\u0161tinski odbor SNP Ulcinj izra\u017eava veliko \u017ealjenje \u0161to se obistinilo sve ono na \u0161ta smo prethodnih mjeseci upozoravali lokalnu vlast. Problemi sa kojima,\" \/>\n<meta name=\"robots\" content=\"index, follow, max-snippet:-1, max-image-preview:large, max-video-preview:-1\" \/>\n<link rel=\"canonical\" href=\"https:\/\/www.visit-ulcinj.com\/blog\/2013\/07\/30\/neozbiljnost-bez-granica-opstine-ulcinj\/\" \/>\n<meta property=\"og:locale\" content=\"en_US\" \/>\n<meta property=\"og:type\" content=\"article\" \/>\n<meta property=\"og:title\" content=\"SNP: Neozbiljnost bez granica Op\u0161tine Ulcinj - Lajme nga Ulqini\" \/>\n<meta property=\"og:description\" content=\"Op\u0161tinski odbor SNP Ulcinj izra\u017eava veliko \u017ealjenje \u0161to se obistinilo sve ono na \u0161ta smo prethodnih mjeseci upozoravali lokalnu vlast. Problemi sa kojima,\" \/>\n<meta property=\"og:url\" content=\"https:\/\/www.visit-ulcinj.com\/blog\/2013\/07\/30\/neozbiljnost-bez-granica-opstine-ulcinj\/\" \/>\n<meta property=\"og:site_name\" content=\"Lajme nga Ulqini\" \/>\n<meta property=\"article:published_time\" content=\"2013-07-30T16:59:05+00:00\" \/>\n<meta property=\"article:modified_time\" content=\"2013-07-30T17:00:01+00:00\" \/>\n<meta property=\"og:image\" content=\"http:\/\/www.visit-ulcinj.com\/blog\/wp-content\/uploads\/2013\/07\/Opstina-Ulcinj.jpg\" \/>\n<meta name=\"twitter:label1\" content=\"Written by\" \/>\n\t<meta name=\"twitter:data1\" content=\"ulqini\" \/>\n\t<meta name=\"twitter:label2\" content=\"Est. reading time\" \/>\n\t<meta name=\"twitter:data2\" content=\"3 minutes\" \/>\n<script type=\"application\/ld+json\" class=\"yoast-schema-graph\">{\"@context\":\"https:\/\/schema.org\",\"@graph\":[{\"@type\":\"WebSite\",\"@id\":\"https:\/\/www.visit-ulcinj.com\/blog\/#website\",\"url\":\"https:\/\/www.visit-ulcinj.com\/blog\/\",\"name\":\"Lajme nga Ulqini\",\"description\":\"Lajme,Vijesti,Ulqini,Ulqin,Crna Gora,Mali i Zi\",\"potentialAction\":[{\"@type\":\"SearchAction\",\"target\":{\"@type\":\"EntryPoint\",\"urlTemplate\":\"https:\/\/www.visit-ulcinj.com\/blog\/?s={search_term_string}\"},\"query-input\":\"required name=search_term_string\"}],\"inLanguage\":\"en-US\"},{\"@type\":\"ImageObject\",\"inLanguage\":\"en-US\",\"@id\":\"https:\/\/www.visit-ulcinj.com\/blog\/2013\/07\/30\/neozbiljnost-bez-granica-opstine-ulcinj\/#primaryimage\",\"url\":\"https:\/\/www.visit-ulcinj.com\/blog\/wp-content\/uploads\/2013\/07\/Opstina-Ulcinj.jpg\",\"contentUrl\":\"https:\/\/www.visit-ulcinj.com\/blog\/wp-content\/uploads\/2013\/07\/Opstina-Ulcinj.jpg\",\"width\":830,\"height\":380},{\"@type\":\"WebPage\",\"@id\":\"https:\/\/www.visit-ulcinj.com\/blog\/2013\/07\/30\/neozbiljnost-bez-granica-opstine-ulcinj\/#webpage\",\"url\":\"https:\/\/www.visit-ulcinj.com\/blog\/2013\/07\/30\/neozbiljnost-bez-granica-opstine-ulcinj\/\",\"name\":\"SNP: Neozbiljnost bez granica Op\u0161tine Ulcinj - Lajme nga Ulqini\",\"isPartOf\":{\"@id\":\"https:\/\/www.visit-ulcinj.com\/blog\/#website\"},\"primaryImageOfPage\":{\"@id\":\"https:\/\/www.visit-ulcinj.com\/blog\/2013\/07\/30\/neozbiljnost-bez-granica-opstine-ulcinj\/#primaryimage\"},\"datePublished\":\"2013-07-30T16:59:05+00:00\",\"dateModified\":\"2013-07-30T17:00:01+00:00\",\"author\":{\"@id\":\"https:\/\/www.visit-ulcinj.com\/blog\/#\/schema\/person\/dcab619c614d3038751c63bc2aadc06d\"},\"description\":\"Op\u0161tinski odbor SNP Ulcinj izra\u017eava veliko \u017ealjenje \u0161to se obistinilo sve ono na \u0161ta smo prethodnih mjeseci upozoravali lokalnu vlast. Problemi sa kojima,\",\"breadcrumb\":{\"@id\":\"https:\/\/www.visit-ulcinj.com\/blog\/2013\/07\/30\/neozbiljnost-bez-granica-opstine-ulcinj\/#breadcrumb\"},\"inLanguage\":\"en-US\",\"potentialAction\":[{\"@type\":\"ReadAction\",\"target\":[\"https:\/\/www.visit-ulcinj.com\/blog\/2013\/07\/30\/neozbiljnost-bez-granica-opstine-ulcinj\/\"]}]},{\"@type\":\"BreadcrumbList\",\"@id\":\"https:\/\/www.visit-ulcinj.com\/blog\/2013\/07\/30\/neozbiljnost-bez-granica-opstine-ulcinj\/#breadcrumb\",\"itemListElement\":[{\"@type\":\"ListItem\",\"position\":1,\"name\":\"SNP: Neozbiljnost bez granica Op\u0161tine Ulcinj\"}]},{\"@type\":\"Person\",\"@id\":\"https:\/\/www.visit-ulcinj.com\/blog\/#\/schema\/person\/dcab619c614d3038751c63bc2aadc06d\",\"name\":\"ulqini\",\"sameAs\":[\"http:\/\/www.visit-ulcinj.com\"],\"url\":\"https:\/\/www.visit-ulcinj.com\/blog\/author\/admin\/\"}]}<\/script>\n<!-- \/ Yoast SEO plugin. -->","yoast_head_json":{"title":"SNP: Neozbiljnost bez granica Op\u0161tine Ulcinj - Lajme nga Ulqini","description":"Op\u0161tinski odbor SNP Ulcinj izra\u017eava veliko \u017ealjenje \u0161to se obistinilo sve ono na \u0161ta smo prethodnih mjeseci upozoravali lokalnu vlast. Problemi sa kojima,","robots":{"index":"index","follow":"follow","max-snippet":"max-snippet:-1","max-image-preview":"max-image-preview:large","max-video-preview":"max-video-preview:-1"},"canonical":"https:\/\/www.visit-ulcinj.com\/blog\/2013\/07\/30\/neozbiljnost-bez-granica-opstine-ulcinj\/","og_locale":"en_US","og_type":"article","og_title":"SNP: Neozbiljnost bez granica Op\u0161tine Ulcinj - Lajme nga Ulqini","og_description":"Op\u0161tinski odbor SNP Ulcinj izra\u017eava veliko \u017ealjenje \u0161to se obistinilo sve ono na \u0161ta smo prethodnih mjeseci upozoravali lokalnu vlast. Problemi sa kojima,","og_url":"https:\/\/www.visit-ulcinj.com\/blog\/2013\/07\/30\/neozbiljnost-bez-granica-opstine-ulcinj\/","og_site_name":"Lajme nga Ulqini","article_published_time":"2013-07-30T16:59:05+00:00","article_modified_time":"2013-07-30T17:00:01+00:00","og_image":[{"url":"http:\/\/www.visit-ulcinj.com\/blog\/wp-content\/uploads\/2013\/07\/Opstina-Ulcinj.jpg"}],"twitter_misc":{"Written by":"ulqini","Est. reading time":"3 minutes"},"schema":{"@context":"https:\/\/schema.org","@graph":[{"@type":"WebSite","@id":"https:\/\/www.visit-ulcinj.com\/blog\/#website","url":"https:\/\/www.visit-ulcinj.com\/blog\/","name":"Lajme nga Ulqini","description":"Lajme,Vijesti,Ulqini,Ulqin,Crna Gora,Mali i Zi","potentialAction":[{"@type":"SearchAction","target":{"@type":"EntryPoint","urlTemplate":"https:\/\/www.visit-ulcinj.com\/blog\/?s={search_term_string}"},"query-input":"required name=search_term_string"}],"inLanguage":"en-US"},{"@type":"ImageObject","inLanguage":"en-US","@id":"https:\/\/www.visit-ulcinj.com\/blog\/2013\/07\/30\/neozbiljnost-bez-granica-opstine-ulcinj\/#primaryimage","url":"https:\/\/www.visit-ulcinj.com\/blog\/wp-content\/uploads\/2013\/07\/Opstina-Ulcinj.jpg","contentUrl":"https:\/\/www.visit-ulcinj.com\/blog\/wp-content\/uploads\/2013\/07\/Opstina-Ulcinj.jpg","width":830,"height":380},{"@type":"WebPage","@id":"https:\/\/www.visit-ulcinj.com\/blog\/2013\/07\/30\/neozbiljnost-bez-granica-opstine-ulcinj\/#webpage","url":"https:\/\/www.visit-ulcinj.com\/blog\/2013\/07\/30\/neozbiljnost-bez-granica-opstine-ulcinj\/","name":"SNP: Neozbiljnost bez granica Op\u0161tine Ulcinj - Lajme nga Ulqini","isPartOf":{"@id":"https:\/\/www.visit-ulcinj.com\/blog\/#website"},"primaryImageOfPage":{"@id":"https:\/\/www.visit-ulcinj.com\/blog\/2013\/07\/30\/neozbiljnost-bez-granica-opstine-ulcinj\/#primaryimage"},"datePublished":"2013-07-30T16:59:05+00:00","dateModified":"2013-07-30T17:00:01+00:00","author":{"@id":"https:\/\/www.visit-ulcinj.com\/blog\/#\/schema\/person\/dcab619c614d3038751c63bc2aadc06d"},"description":"Op\u0161tinski odbor SNP Ulcinj izra\u017eava veliko \u017ealjenje \u0161to se obistinilo sve ono na \u0161ta smo prethodnih mjeseci upozoravali lokalnu vlast. Problemi sa kojima,","breadcrumb":{"@id":"https:\/\/www.visit-ulcinj.com\/blog\/2013\/07\/30\/neozbiljnost-bez-granica-opstine-ulcinj\/#breadcrumb"},"inLanguage":"en-US","potentialAction":[{"@type":"ReadAction","target":["https:\/\/www.visit-ulcinj.com\/blog\/2013\/07\/30\/neozbiljnost-bez-granica-opstine-ulcinj\/"]}]},{"@type":"BreadcrumbList","@id":"https:\/\/www.visit-ulcinj.com\/blog\/2013\/07\/30\/neozbiljnost-bez-granica-opstine-ulcinj\/#breadcrumb","itemListElement":[{"@type":"ListItem","position":1,"name":"SNP: Neozbiljnost bez granica Op\u0161tine Ulcinj"}]},{"@type":"Person","@id":"https:\/\/www.visit-ulcinj.com\/blog\/#\/schema\/person\/dcab619c614d3038751c63bc2aadc06d","name":"ulqini","sameAs":["http:\/\/www.visit-ulcinj.com"],"url":"https:\/\/www.visit-ulcinj.com\/blog\/author\/admin\/"}]}},"jetpack_featured_media_url":"","jetpack_sharing_enabled":true,"jetpack_shortlink":"https:\/\/wp.me\/pe6lTn-je6","_links":{"self":[{"href":"https:\/\/www.visit-ulcinj.com\/blog\/wp-json\/wp\/v2\/posts\/73910"}],"collection":[{"href":"https:\/\/www.visit-ulcinj.com\/blog\/wp-json\/wp\/v2\/posts"}],"about":[{"href":"https:\/\/www.visit-ulcinj.com\/blog\/wp-json\/wp\/v2\/types\/post"}],"author":[{"embeddable":true,"href":"https:\/\/www.visit-ulcinj.com\/blog\/wp-json\/wp\/v2\/users\/1"}],"replies":[{"embeddable":true,"href":"https:\/\/www.visit-ulcinj.com\/blog\/wp-json\/wp\/v2\/comments?post=73910"}],"version-history":[{"count":3,"href":"https:\/\/www.visit-ulcinj.com\/blog\/wp-json\/wp\/v2\/posts\/73910\/revisions"}],"predecessor-version":[{"id":73913,"href":"https:\/\/www.visit-ulcinj.com\/blog\/wp-json\/wp\/v2\/posts\/73910\/revisions\/73913"}],"wp:attachment":[{"href":"https:\/\/www.visit-ulcinj.com\/blog\/wp-json\/wp\/v2\/media?parent=73910"}],"wp:term":[{"taxonomy":"category","embeddable":true,"href":"https:\/\/www.visit-ulcinj.com\/blog\/wp-json\/wp\/v2\/categories?post=73910"},{"taxonomy":"post_tag","embeddable":true,"href":"https:\/\/www.visit-ulcinj.com\/blog\/wp-json\/wp\/v2\/tags?post=73910"}],"curies":[{"name":"wp","href":"https:\/\/api.w.org\/{rel}","templated":true}]}}