{"id":73918,"date":"2013-07-30T18:13:55","date_gmt":"2013-07-30T17:13:55","guid":{"rendered":"http:\/\/www.visit-ulcinj.com\/blog\/?p=73918"},"modified":"2013-07-30T18:13:55","modified_gmt":"2013-07-30T17:13:55","slug":"homoseksualizmi-cmend-malazezet","status":"publish","type":"post","link":"https:\/\/www.visit-ulcinj.com\/blog\/2013\/07\/30\/homoseksualizmi-cmend-malazezet\/","title":{"rendered":"Homoseksualizmi \u2018\u00e7mend\u2019 malazez\u00ebt"},"content":{"rendered":"<p><a href=\"http:\/\/www.visit-ulcinj.com\/blog\/wp-content\/uploads\/2013\/07\/homoseksualet-ne-MZ.jpg\"><img loading=\"lazy\" class=\"alignleft  wp-image-73919\" alt=\"homoseksualet ne MZ\" src=\"http:\/\/www.visit-ulcinj.com\/blog\/wp-content\/uploads\/2013\/07\/homoseksualet-ne-MZ.jpg\" width=\"508\" height=\"360\" \/><\/a>Budva, 30 korrik &#8211; Qeveria malazeze ishte angazhuar p\u00ebr parad\u00ebn e LGBT-ve n\u00eb Budva, por ka mendime se k\u00ebt\u00eb gj\u00eb ata e b\u00ebjn\u00eb vet\u00ebm p\u00ebr t\u00eb treguar se Mali i Zi e ka arritur pjekurin\u00eb politike p\u00ebr t&#8217;u an\u00ebtar\u00ebsuar n\u00eb BE.<\/p>\n<p>Shum\u00eb t\u00eb plagosur dhe m\u00eb shum\u00eb se 20 arrestime: ky \u00ebsht\u00eb rezultati i trishtuar i parad\u00ebs s\u00eb par\u00eb LGBT (Pride Parade) n\u00eb historin\u00eb e Malit t\u00eb Zi. M\u00eb shum\u00eb se 1.000 kund\u00ebrprotestues t\u00eb zem\u00ebruar i sulmuan rreth 30 homoseksual\u00eb protestues n\u00eb Budva me gur\u00eb, shishe dhe vez\u00eb. Disa or\u00eb m\u00eb von\u00eb nj\u00eb prift ortodoks erdhi p\u00ebr t\u00eb shp\u00eblar\u00eb me uj\u00eb t\u00eb bekuar\u00a0 vendin e &#8220;p\u00ebrdhosur&#8221; prej takimit t\u00eb homoseksual\u00ebve dhe t\u00eb lezbikeve dhe p\u00ebr t\u00eb &#8220;larguar t\u00eb keqen&#8221;, raportoi DW.<\/p>\n<p><strong>Diskriminimi ndaj homoseksual\u00ebve \u00ebsht\u00eb nj\u00eb gj\u00eb e p\u00ebrditshme<\/strong><\/p>\n<p>K\u00ebto trazira priteshin, thot\u00eb Jelena Da\u00e7i\u00e7, Drejtore p\u00ebr t\u00eb Drejtat e Njeriut pran\u00eb organizat\u00ebs jo-qeveritare malazeze Juventas. Duhej t\u00eb b\u00ebhet m\u00eb shum\u00eb p\u00ebr barazin\u00eb dhe t\u00eb drejtat e homoseksual\u00ebve n\u00eb Mal t\u00eb Zi, paralajm\u00ebron Franziska Brantner eurodeputete e t\u00eb Gjelb\u00ebrve n\u00eb nj\u00eb intervist\u00eb me DW. &#8220;Kjo nuk ka lidhje vet\u00ebm me k\u00ebt\u00eb demonstrat\u00eb. K\u00ebta njer\u00ebz jetojn\u00eb \u00e7do dit\u00eb me diskriminimin.&#8221;<\/p>\n<p>N\u00eb Mal t\u00eb Zi ka nj\u00eb ligj kund\u00ebr diskriminimit t\u00eb homoseksual\u00ebve dhe ligje p\u00ebr mbrojtjen e tyre, por nj\u00eb barazi ligjore e \u00e7ifteve homoseksuale nuk ekziston. Dhe sulmet kund\u00ebr homoseksual\u00ebve dhe lezbikeve jan\u00eb shtuar vitet e fundit.<\/p>\n<p>Aktivistja Da\u00e7i\u00e7 beson se frika nga stigma \u00ebsht\u00eb arsyeja kryesore, pse n\u00eb parad\u00ebn e par\u00eb n\u00eb Budva u shfaq\u00ebn vet\u00ebm dy duzina homoseksual\u00ebsh dhe lezbikesh. Shum\u00eb prej tyre madje e kishin fshehur fytyr\u00ebn pas maskave. &#8220;Frika e refuzimit \u00ebsht\u00eb e lart\u00eb, madje edhe n\u00eb familje. Shum\u00eb homoseksual\u00eb nuk jan\u00eb t\u00eb gatsh\u00ebm t\u00eb dalin n\u00eb publik,&#8221; tha Da\u00e7i\u00e7.<\/p>\n<p><strong>Q\u00ebndrimi i politikan\u00ebve<\/strong><\/p>\n<p>Qeveria malazeze ishte angazhuar p\u00ebr parad\u00ebn e LGBT-ve n\u00eb Budva, por ka mendime se k\u00ebt\u00eb gj\u00eb ata e b\u00ebjn\u00eb vet\u00ebm p\u00ebr t\u00eb treguar se Mali i Zi e ka arritur pjekurin\u00eb poltike p\u00ebr t&#8217;u an\u00ebtar\u00ebsuar n\u00eb BE. &#8220;Presioni vjen nga Brukseli dhe kjo \u00ebsht\u00eb nj\u00eb gj\u00eb e mir\u00eb&#8221;, thot\u00eb eurodeputetja Franziska Brantner. Por Mali i Zi nuk duhet t&#8217;i zbatoj\u00eb reformat n\u00eb k\u00ebt\u00eb fush\u00eb p\u00ebr shkak t\u00eb BE-s\u00eb, por p\u00ebr hir vet\u00ebs, paralajm\u00ebron aktivistja Jelena Da\u00e7iq:.&#8221;N\u00ebse ne e b\u00ebjm\u00eb t\u00eb t\u00ebr\u00ebn vet\u00ebm p\u00ebr shkak t\u00eb an\u00ebtar\u00ebsimit n\u00eb BE, at\u00ebher\u00eb un\u00eb jam shum\u00eb pesimiste.&#8221;<\/p>\n<p>Da\u00e7i\u00e7 beson se problemi q\u00ebndron m\u00eb thell\u00eb dhe \u00ebsht\u00eb tipik edhe p\u00ebr vendet e tjera t\u00eb Ballkanit. Ka njer\u00ebz, q\u00eb &#8220;mendojn\u00eb se homoseksualiteti \u00ebsht\u00eb nj\u00eb s\u00ebmundje, apo \u00ebsht\u00eb nj\u00eb lloj\u00a0 bastardimi.&#8221; Prandaj rruga p\u00ebr pranimin e LGBT-ve n\u00eb shoq\u00ebri \u00ebsht\u00eb mjaft e gjat\u00eb.<\/p>\n<p><strong>Koha Net<\/strong><\/p>\n","protected":false},"excerpt":{"rendered":"<p>Budva, 30 korrik &#8211; Qeveria malazeze ishte angazhuar p\u00ebr parad\u00ebn e LGBT-ve n\u00eb Budva, por ka mendime se k\u00ebt\u00eb gj\u00eb ata e b\u00ebjn\u00eb vet\u00ebm p\u00ebr t\u00eb treguar se Mali i Zi e ka arritur pjekurin\u00eb politike p\u00ebr t&#8217;u an\u00ebtar\u00ebsuar n\u00eb BE. Shum\u00eb t\u00eb plagosur dhe m\u00eb shum\u00eb se 20 arrestime: ky \u00ebsht\u00eb rezultati i trishtuar [&hellip;]<\/p>\n","protected":false},"author":1,"featured_media":0,"comment_status":"closed","ping_status":"closed","sticky":false,"template":"","format":"standard","meta":{"spay_email":"","jetpack_publicize_message":"","jetpack_is_tweetstorm":false,"jetpack_publicize_feature_enabled":true},"categories":[6950],"tags":[],"jetpack_publicize_connections":[],"yoast_head":"<!-- This site is optimized with the Yoast SEO plugin v19.1 - https:\/\/yoast.com\/wordpress\/plugins\/seo\/ -->\n<title>Homoseksualizmi \u2018\u00e7mend\u2019 malazez\u00ebt - Lajme nga Ulqini<\/title>\n<meta name=\"description\" content=\"Budva, 30 korrik - Qeveria malazeze ishte angazhuar p\u00ebr parad\u00ebn e LGBT-ve n\u00eb Budva, por ka mendime se k\u00ebt\u00eb gj\u00eb ata e b\u00ebjn\u00eb vet\u00ebm p\u00ebr t\u00eb treguar se Mali i\" \/>\n<meta name=\"robots\" content=\"index, follow, max-snippet:-1, max-image-preview:large, max-video-preview:-1\" \/>\n<link rel=\"canonical\" href=\"https:\/\/www.visit-ulcinj.com\/blog\/2013\/07\/30\/homoseksualizmi-cmend-malazezet\/\" \/>\n<meta property=\"og:locale\" content=\"en_US\" \/>\n<meta property=\"og:type\" content=\"article\" \/>\n<meta property=\"og:title\" content=\"Homoseksualizmi \u2018\u00e7mend\u2019 malazez\u00ebt - Lajme nga Ulqini\" \/>\n<meta property=\"og:description\" content=\"Budva, 30 korrik - Qeveria malazeze ishte angazhuar p\u00ebr parad\u00ebn e LGBT-ve n\u00eb Budva, por ka mendime se k\u00ebt\u00eb gj\u00eb ata e b\u00ebjn\u00eb vet\u00ebm p\u00ebr t\u00eb treguar se Mali i\" \/>\n<meta property=\"og:url\" content=\"https:\/\/www.visit-ulcinj.com\/blog\/2013\/07\/30\/homoseksualizmi-cmend-malazezet\/\" \/>\n<meta property=\"og:site_name\" content=\"Lajme nga Ulqini\" \/>\n<meta property=\"article:published_time\" content=\"2013-07-30T17:13:55+00:00\" \/>\n<meta property=\"og:image\" content=\"http:\/\/www.visit-ulcinj.com\/blog\/wp-content\/uploads\/2013\/07\/homoseksualet-ne-MZ.jpg\" \/>\n<meta name=\"twitter:label1\" content=\"Written by\" \/>\n\t<meta name=\"twitter:data1\" content=\"ulqini\" \/>\n\t<meta name=\"twitter:label2\" content=\"Est. reading time\" \/>\n\t<meta name=\"twitter:data2\" content=\"2 minutes\" \/>\n<script type=\"application\/ld+json\" class=\"yoast-schema-graph\">{\"@context\":\"https:\/\/schema.org\",\"@graph\":[{\"@type\":\"WebSite\",\"@id\":\"https:\/\/www.visit-ulcinj.com\/blog\/#website\",\"url\":\"https:\/\/www.visit-ulcinj.com\/blog\/\",\"name\":\"Lajme nga Ulqini\",\"description\":\"Lajme,Vijesti,Ulqini,Ulqin,Crna Gora,Mali i Zi\",\"potentialAction\":[{\"@type\":\"SearchAction\",\"target\":{\"@type\":\"EntryPoint\",\"urlTemplate\":\"https:\/\/www.visit-ulcinj.com\/blog\/?s={search_term_string}\"},\"query-input\":\"required name=search_term_string\"}],\"inLanguage\":\"en-US\"},{\"@type\":\"ImageObject\",\"inLanguage\":\"en-US\",\"@id\":\"https:\/\/www.visit-ulcinj.com\/blog\/2013\/07\/30\/homoseksualizmi-cmend-malazezet\/#primaryimage\",\"url\":\"https:\/\/www.visit-ulcinj.com\/blog\/wp-content\/uploads\/2013\/07\/homoseksualet-ne-MZ.jpg\",\"contentUrl\":\"https:\/\/www.visit-ulcinj.com\/blog\/wp-content\/uploads\/2013\/07\/homoseksualet-ne-MZ.jpg\",\"width\":629,\"height\":367},{\"@type\":\"WebPage\",\"@id\":\"https:\/\/www.visit-ulcinj.com\/blog\/2013\/07\/30\/homoseksualizmi-cmend-malazezet\/#webpage\",\"url\":\"https:\/\/www.visit-ulcinj.com\/blog\/2013\/07\/30\/homoseksualizmi-cmend-malazezet\/\",\"name\":\"Homoseksualizmi \u2018\u00e7mend\u2019 malazez\u00ebt - Lajme nga Ulqini\",\"isPartOf\":{\"@id\":\"https:\/\/www.visit-ulcinj.com\/blog\/#website\"},\"primaryImageOfPage\":{\"@id\":\"https:\/\/www.visit-ulcinj.com\/blog\/2013\/07\/30\/homoseksualizmi-cmend-malazezet\/#primaryimage\"},\"datePublished\":\"2013-07-30T17:13:55+00:00\",\"dateModified\":\"2013-07-30T17:13:55+00:00\",\"author\":{\"@id\":\"https:\/\/www.visit-ulcinj.com\/blog\/#\/schema\/person\/dcab619c614d3038751c63bc2aadc06d\"},\"description\":\"Budva, 30 korrik - Qeveria malazeze ishte angazhuar p\u00ebr parad\u00ebn e LGBT-ve n\u00eb Budva, por ka mendime se k\u00ebt\u00eb gj\u00eb ata e b\u00ebjn\u00eb vet\u00ebm p\u00ebr t\u00eb treguar se Mali i\",\"breadcrumb\":{\"@id\":\"https:\/\/www.visit-ulcinj.com\/blog\/2013\/07\/30\/homoseksualizmi-cmend-malazezet\/#breadcrumb\"},\"inLanguage\":\"en-US\",\"potentialAction\":[{\"@type\":\"ReadAction\",\"target\":[\"https:\/\/www.visit-ulcinj.com\/blog\/2013\/07\/30\/homoseksualizmi-cmend-malazezet\/\"]}]},{\"@type\":\"BreadcrumbList\",\"@id\":\"https:\/\/www.visit-ulcinj.com\/blog\/2013\/07\/30\/homoseksualizmi-cmend-malazezet\/#breadcrumb\",\"itemListElement\":[{\"@type\":\"ListItem\",\"position\":1,\"name\":\"Homoseksualizmi \u2018\u00e7mend\u2019 malazez\u00ebt\"}]},{\"@type\":\"Person\",\"@id\":\"https:\/\/www.visit-ulcinj.com\/blog\/#\/schema\/person\/dcab619c614d3038751c63bc2aadc06d\",\"name\":\"ulqini\",\"sameAs\":[\"http:\/\/www.visit-ulcinj.com\"],\"url\":\"https:\/\/www.visit-ulcinj.com\/blog\/author\/admin\/\"}]}<\/script>\n<!-- \/ Yoast SEO plugin. -->","yoast_head_json":{"title":"Homoseksualizmi \u2018\u00e7mend\u2019 malazez\u00ebt - Lajme nga Ulqini","description":"Budva, 30 korrik - Qeveria malazeze ishte angazhuar p\u00ebr parad\u00ebn e LGBT-ve n\u00eb Budva, por ka mendime se k\u00ebt\u00eb gj\u00eb ata e b\u00ebjn\u00eb vet\u00ebm p\u00ebr t\u00eb treguar se Mali i","robots":{"index":"index","follow":"follow","max-snippet":"max-snippet:-1","max-image-preview":"max-image-preview:large","max-video-preview":"max-video-preview:-1"},"canonical":"https:\/\/www.visit-ulcinj.com\/blog\/2013\/07\/30\/homoseksualizmi-cmend-malazezet\/","og_locale":"en_US","og_type":"article","og_title":"Homoseksualizmi \u2018\u00e7mend\u2019 malazez\u00ebt - Lajme nga Ulqini","og_description":"Budva, 30 korrik - Qeveria malazeze ishte angazhuar p\u00ebr parad\u00ebn e LGBT-ve n\u00eb Budva, por ka mendime se k\u00ebt\u00eb gj\u00eb ata e b\u00ebjn\u00eb vet\u00ebm p\u00ebr t\u00eb treguar se Mali i","og_url":"https:\/\/www.visit-ulcinj.com\/blog\/2013\/07\/30\/homoseksualizmi-cmend-malazezet\/","og_site_name":"Lajme nga Ulqini","article_published_time":"2013-07-30T17:13:55+00:00","og_image":[{"url":"http:\/\/www.visit-ulcinj.com\/blog\/wp-content\/uploads\/2013\/07\/homoseksualet-ne-MZ.jpg"}],"twitter_misc":{"Written by":"ulqini","Est. reading time":"2 minutes"},"schema":{"@context":"https:\/\/schema.org","@graph":[{"@type":"WebSite","@id":"https:\/\/www.visit-ulcinj.com\/blog\/#website","url":"https:\/\/www.visit-ulcinj.com\/blog\/","name":"Lajme nga Ulqini","description":"Lajme,Vijesti,Ulqini,Ulqin,Crna Gora,Mali i Zi","potentialAction":[{"@type":"SearchAction","target":{"@type":"EntryPoint","urlTemplate":"https:\/\/www.visit-ulcinj.com\/blog\/?s={search_term_string}"},"query-input":"required name=search_term_string"}],"inLanguage":"en-US"},{"@type":"ImageObject","inLanguage":"en-US","@id":"https:\/\/www.visit-ulcinj.com\/blog\/2013\/07\/30\/homoseksualizmi-cmend-malazezet\/#primaryimage","url":"https:\/\/www.visit-ulcinj.com\/blog\/wp-content\/uploads\/2013\/07\/homoseksualet-ne-MZ.jpg","contentUrl":"https:\/\/www.visit-ulcinj.com\/blog\/wp-content\/uploads\/2013\/07\/homoseksualet-ne-MZ.jpg","width":629,"height":367},{"@type":"WebPage","@id":"https:\/\/www.visit-ulcinj.com\/blog\/2013\/07\/30\/homoseksualizmi-cmend-malazezet\/#webpage","url":"https:\/\/www.visit-ulcinj.com\/blog\/2013\/07\/30\/homoseksualizmi-cmend-malazezet\/","name":"Homoseksualizmi \u2018\u00e7mend\u2019 malazez\u00ebt - Lajme nga Ulqini","isPartOf":{"@id":"https:\/\/www.visit-ulcinj.com\/blog\/#website"},"primaryImageOfPage":{"@id":"https:\/\/www.visit-ulcinj.com\/blog\/2013\/07\/30\/homoseksualizmi-cmend-malazezet\/#primaryimage"},"datePublished":"2013-07-30T17:13:55+00:00","dateModified":"2013-07-30T17:13:55+00:00","author":{"@id":"https:\/\/www.visit-ulcinj.com\/blog\/#\/schema\/person\/dcab619c614d3038751c63bc2aadc06d"},"description":"Budva, 30 korrik - Qeveria malazeze ishte angazhuar p\u00ebr parad\u00ebn e LGBT-ve n\u00eb Budva, por ka mendime se k\u00ebt\u00eb gj\u00eb ata e b\u00ebjn\u00eb vet\u00ebm p\u00ebr t\u00eb treguar se Mali i","breadcrumb":{"@id":"https:\/\/www.visit-ulcinj.com\/blog\/2013\/07\/30\/homoseksualizmi-cmend-malazezet\/#breadcrumb"},"inLanguage":"en-US","potentialAction":[{"@type":"ReadAction","target":["https:\/\/www.visit-ulcinj.com\/blog\/2013\/07\/30\/homoseksualizmi-cmend-malazezet\/"]}]},{"@type":"BreadcrumbList","@id":"https:\/\/www.visit-ulcinj.com\/blog\/2013\/07\/30\/homoseksualizmi-cmend-malazezet\/#breadcrumb","itemListElement":[{"@type":"ListItem","position":1,"name":"Homoseksualizmi \u2018\u00e7mend\u2019 malazez\u00ebt"}]},{"@type":"Person","@id":"https:\/\/www.visit-ulcinj.com\/blog\/#\/schema\/person\/dcab619c614d3038751c63bc2aadc06d","name":"ulqini","sameAs":["http:\/\/www.visit-ulcinj.com"],"url":"https:\/\/www.visit-ulcinj.com\/blog\/author\/admin\/"}]}},"jetpack_featured_media_url":"","jetpack_sharing_enabled":true,"jetpack_shortlink":"https:\/\/wp.me\/pe6lTn-jee","_links":{"self":[{"href":"https:\/\/www.visit-ulcinj.com\/blog\/wp-json\/wp\/v2\/posts\/73918"}],"collection":[{"href":"https:\/\/www.visit-ulcinj.com\/blog\/wp-json\/wp\/v2\/posts"}],"about":[{"href":"https:\/\/www.visit-ulcinj.com\/blog\/wp-json\/wp\/v2\/types\/post"}],"author":[{"embeddable":true,"href":"https:\/\/www.visit-ulcinj.com\/blog\/wp-json\/wp\/v2\/users\/1"}],"replies":[{"embeddable":true,"href":"https:\/\/www.visit-ulcinj.com\/blog\/wp-json\/wp\/v2\/comments?post=73918"}],"version-history":[{"count":1,"href":"https:\/\/www.visit-ulcinj.com\/blog\/wp-json\/wp\/v2\/posts\/73918\/revisions"}],"predecessor-version":[{"id":73920,"href":"https:\/\/www.visit-ulcinj.com\/blog\/wp-json\/wp\/v2\/posts\/73918\/revisions\/73920"}],"wp:attachment":[{"href":"https:\/\/www.visit-ulcinj.com\/blog\/wp-json\/wp\/v2\/media?parent=73918"}],"wp:term":[{"taxonomy":"category","embeddable":true,"href":"https:\/\/www.visit-ulcinj.com\/blog\/wp-json\/wp\/v2\/categories?post=73918"},{"taxonomy":"post_tag","embeddable":true,"href":"https:\/\/www.visit-ulcinj.com\/blog\/wp-json\/wp\/v2\/tags?post=73918"}],"curies":[{"name":"wp","href":"https:\/\/api.w.org\/{rel}","templated":true}]}}