{"id":73932,"date":"2013-07-31T08:36:58","date_gmt":"2013-07-31T07:36:58","guid":{"rendered":"http:\/\/www.visit-ulcinj.com\/blog\/?p=73932"},"modified":"2013-07-31T08:40:22","modified_gmt":"2013-07-31T07:40:22","slug":"genta-ismajli-ne-restaurant-bar-castello-ulqin","status":"publish","type":"post","link":"https:\/\/www.visit-ulcinj.com\/blog\/2013\/07\/31\/genta-ismajli-ne-restaurant-bar-castello-ulqin\/","title":{"rendered":"Genta Ismajli ne Restaurant-Bar Castello Ulqin"},"content":{"rendered":"<p>Rikthimi i k\u00ebng\u00ebtares Genta Ismajlit n\u00ebp\u00ebr koncerte n\u00eb bregdetin e Ulqinit nuk ka kaluar pa v\u00ebmendje, madje si gjithmon\u00eb \u00ebsht\u00eb komentuar nga fansat e saj si &#8220;Rikthimi i Sex Bomb\u00ebs&#8221;.<br \/>\n<a href=\"http:\/\/www.visit-ulcinj.com\/blog\/wp-content\/uploads\/2013\/07\/Genta-Ismajli-Restaurant-Bar-Castello-Ulqin.jpg\"><img loading=\"lazy\" class=\"alignleft  wp-image-73933\" alt=\"Genta-Ismajli-Restaurant-Bar-Castello-Ulqin\" src=\"http:\/\/www.visit-ulcinj.com\/blog\/wp-content\/uploads\/2013\/07\/Genta-Ismajli-Restaurant-Bar-Castello-Ulqin.jpg\" width=\"508\" height=\"600\" \/><\/a><\/p>\n<p>Por duke ditur edhe reputacionin e nj\u00eb prej ikonave t\u00eb sken\u00ebs shqiptare, Genta Ismajli \u00ebsht\u00eb pritur shum\u00eb mir\u00eb nga fansat t\u00eb cil\u00ebt kishin zgjedhur at\u00eb vend ku ajo k\u00ebndoi p\u00ebr t\u00eb pushuar. Ajo mbas koncertit kaloj edhe \u00a0Restaurant-Bar Castello, ku u prit nga Jusuf Elezaga dhe Artan Osmani (majtas) ekonomista te rinje nga Ulqini, ku presin vipat dhe njerezit e famshem nga rajoni,kryesisht nga Kosova.<\/p>\n<p><a href=\"http:\/\/www.visit-ulcinj.com\/blog\/wp-content\/uploads\/2013\/07\/Restaurant-Bar-Castello-ne-Ulqin-1.jpg\"><img loading=\"lazy\" class=\"alignleft  wp-image-73732\" alt=\"Restaurant-Bar Castello ne Ulqin-1\" src=\"http:\/\/www.visit-ulcinj.com\/blog\/wp-content\/uploads\/2013\/07\/Restaurant-Bar-Castello-ne-Ulqin-1.jpg\" width=\"508\" height=\"360\" \/><\/a><br \/>\nNe zbuluam k\u00ebt\u00eb foto q\u00eb e shihni, ndr\u00ebsa natyrisht se ajo do t\u00eb jet\u00eb e ftuar edhe n\u00eb vende t\u00eb tjera t\u00eb rajonit. Genta k\u00ebt\u00eb ver\u00eb solli nj\u00eb hit &#8220;Si Ty Nuk Ka&#8221; , por ndoshta nuk i dihet deri n\u00eb fund t\u00eb k\u00ebtij sezoni mund t\u00eb ket\u00eb ndonj\u00eb k\u00ebng\u00eb t\u00eb re si befasi.\u00a0 Genta faliminderoj Restaurant-Bar Castello p\u00ebr pritjen e ber\u00eb.<\/p>\n<p><strong>Lajme nga Ulqini<\/strong><\/p>\n<p><iframe loading=\"lazy\" src=\"\/\/www.youtube.com\/embed\/umWSF49DBgU\" height=\"360\" width=\"508\" allowfullscreen=\"\" frameborder=\"0\"><\/iframe><\/p>\n","protected":false},"excerpt":{"rendered":"<p>Rikthimi i k\u00ebng\u00ebtares Genta Ismajlit n\u00ebp\u00ebr koncerte n\u00eb bregdetin e Ulqinit nuk ka kaluar pa v\u00ebmendje, madje si gjithmon\u00eb \u00ebsht\u00eb komentuar nga fansat e saj si &#8220;Rikthimi i Sex Bomb\u00ebs&#8221;. Por duke ditur edhe reputacionin e nj\u00eb prej ikonave t\u00eb sken\u00ebs shqiptare, Genta Ismajli \u00ebsht\u00eb pritur shum\u00eb mir\u00eb nga fansat t\u00eb cil\u00ebt kishin zgjedhur at\u00eb [&hellip;]<\/p>\n","protected":false},"author":1,"featured_media":0,"comment_status":"closed","ping_status":"closed","sticky":false,"template":"","format":"standard","meta":{"spay_email":"","jetpack_publicize_message":"","jetpack_is_tweetstorm":false,"jetpack_publicize_feature_enabled":true},"categories":[1],"tags":[],"jetpack_publicize_connections":[],"yoast_head":"<!-- This site is optimized with the Yoast SEO plugin v19.1 - https:\/\/yoast.com\/wordpress\/plugins\/seo\/ -->\n<title>Genta Ismajli ne Restaurant-Bar Castello Ulqin - Lajme nga Ulqini<\/title>\n<meta name=\"description\" content=\"Rikthimi i k\u00ebng\u00ebtares Genta Ismajlit n\u00ebp\u00ebr koncerte n\u00eb bregdetin e Ulqinit nuk ka kaluar pa v\u00ebmendje, madje si gjithmon\u00eb \u00ebsht\u00eb komentuar nga fansat e saj\" \/>\n<meta name=\"robots\" content=\"index, follow, max-snippet:-1, max-image-preview:large, max-video-preview:-1\" \/>\n<link rel=\"canonical\" href=\"https:\/\/www.visit-ulcinj.com\/blog\/2013\/07\/31\/genta-ismajli-ne-restaurant-bar-castello-ulqin\/\" \/>\n<meta property=\"og:locale\" content=\"en_US\" \/>\n<meta property=\"og:type\" content=\"article\" \/>\n<meta property=\"og:title\" content=\"Genta Ismajli ne Restaurant-Bar Castello Ulqin - Lajme nga Ulqini\" \/>\n<meta property=\"og:description\" content=\"Rikthimi i k\u00ebng\u00ebtares Genta Ismajlit n\u00ebp\u00ebr koncerte n\u00eb bregdetin e Ulqinit nuk ka kaluar pa v\u00ebmendje, madje si gjithmon\u00eb \u00ebsht\u00eb komentuar nga fansat e saj\" \/>\n<meta property=\"og:url\" content=\"https:\/\/www.visit-ulcinj.com\/blog\/2013\/07\/31\/genta-ismajli-ne-restaurant-bar-castello-ulqin\/\" \/>\n<meta property=\"og:site_name\" content=\"Lajme nga Ulqini\" \/>\n<meta property=\"article:published_time\" content=\"2013-07-31T07:36:58+00:00\" \/>\n<meta property=\"article:modified_time\" content=\"2013-07-31T07:40:22+00:00\" \/>\n<meta property=\"og:image\" content=\"http:\/\/www.visit-ulcinj.com\/blog\/wp-content\/uploads\/2013\/07\/Genta-Ismajli-Restaurant-Bar-Castello-Ulqin.jpg\" \/>\n<meta name=\"twitter:label1\" content=\"Written by\" \/>\n\t<meta name=\"twitter:data1\" content=\"ulqini\" \/>\n\t<meta name=\"twitter:label2\" content=\"Est. reading time\" \/>\n\t<meta name=\"twitter:data2\" content=\"1 minute\" \/>\n<script type=\"application\/ld+json\" class=\"yoast-schema-graph\">{\"@context\":\"https:\/\/schema.org\",\"@graph\":[{\"@type\":\"WebSite\",\"@id\":\"https:\/\/www.visit-ulcinj.com\/blog\/#website\",\"url\":\"https:\/\/www.visit-ulcinj.com\/blog\/\",\"name\":\"Lajme nga Ulqini\",\"description\":\"Lajme,Vijesti,Ulqini,Ulqin,Crna Gora,Mali i Zi\",\"potentialAction\":[{\"@type\":\"SearchAction\",\"target\":{\"@type\":\"EntryPoint\",\"urlTemplate\":\"https:\/\/www.visit-ulcinj.com\/blog\/?s={search_term_string}\"},\"query-input\":\"required name=search_term_string\"}],\"inLanguage\":\"en-US\"},{\"@type\":\"ImageObject\",\"inLanguage\":\"en-US\",\"@id\":\"https:\/\/www.visit-ulcinj.com\/blog\/2013\/07\/31\/genta-ismajli-ne-restaurant-bar-castello-ulqin\/#primaryimage\",\"url\":\"http:\/\/www.visit-ulcinj.com\/blog\/wp-content\/uploads\/2013\/07\/Genta-Ismajli-Restaurant-Bar-Castello-Ulqin.jpg\",\"contentUrl\":\"http:\/\/www.visit-ulcinj.com\/blog\/wp-content\/uploads\/2013\/07\/Genta-Ismajli-Restaurant-Bar-Castello-Ulqin.jpg\"},{\"@type\":\"WebPage\",\"@id\":\"https:\/\/www.visit-ulcinj.com\/blog\/2013\/07\/31\/genta-ismajli-ne-restaurant-bar-castello-ulqin\/#webpage\",\"url\":\"https:\/\/www.visit-ulcinj.com\/blog\/2013\/07\/31\/genta-ismajli-ne-restaurant-bar-castello-ulqin\/\",\"name\":\"Genta Ismajli ne Restaurant-Bar Castello Ulqin - Lajme nga Ulqini\",\"isPartOf\":{\"@id\":\"https:\/\/www.visit-ulcinj.com\/blog\/#website\"},\"primaryImageOfPage\":{\"@id\":\"https:\/\/www.visit-ulcinj.com\/blog\/2013\/07\/31\/genta-ismajli-ne-restaurant-bar-castello-ulqin\/#primaryimage\"},\"datePublished\":\"2013-07-31T07:36:58+00:00\",\"dateModified\":\"2013-07-31T07:40:22+00:00\",\"author\":{\"@id\":\"https:\/\/www.visit-ulcinj.com\/blog\/#\/schema\/person\/dcab619c614d3038751c63bc2aadc06d\"},\"description\":\"Rikthimi i k\u00ebng\u00ebtares Genta Ismajlit n\u00ebp\u00ebr koncerte n\u00eb bregdetin e Ulqinit nuk ka kaluar pa v\u00ebmendje, madje si gjithmon\u00eb \u00ebsht\u00eb komentuar nga fansat e saj\",\"breadcrumb\":{\"@id\":\"https:\/\/www.visit-ulcinj.com\/blog\/2013\/07\/31\/genta-ismajli-ne-restaurant-bar-castello-ulqin\/#breadcrumb\"},\"inLanguage\":\"en-US\",\"potentialAction\":[{\"@type\":\"ReadAction\",\"target\":[\"https:\/\/www.visit-ulcinj.com\/blog\/2013\/07\/31\/genta-ismajli-ne-restaurant-bar-castello-ulqin\/\"]}]},{\"@type\":\"BreadcrumbList\",\"@id\":\"https:\/\/www.visit-ulcinj.com\/blog\/2013\/07\/31\/genta-ismajli-ne-restaurant-bar-castello-ulqin\/#breadcrumb\",\"itemListElement\":[{\"@type\":\"ListItem\",\"position\":1,\"name\":\"Genta Ismajli ne Restaurant-Bar Castello Ulqin\"}]},{\"@type\":\"Person\",\"@id\":\"https:\/\/www.visit-ulcinj.com\/blog\/#\/schema\/person\/dcab619c614d3038751c63bc2aadc06d\",\"name\":\"ulqini\",\"sameAs\":[\"http:\/\/www.visit-ulcinj.com\"],\"url\":\"https:\/\/www.visit-ulcinj.com\/blog\/author\/admin\/\"}]}<\/script>\n<!-- \/ Yoast SEO plugin. -->","yoast_head_json":{"title":"Genta Ismajli ne Restaurant-Bar Castello Ulqin - Lajme nga Ulqini","description":"Rikthimi i k\u00ebng\u00ebtares Genta Ismajlit n\u00ebp\u00ebr koncerte n\u00eb bregdetin e Ulqinit nuk ka kaluar pa v\u00ebmendje, madje si gjithmon\u00eb \u00ebsht\u00eb komentuar nga fansat e saj","robots":{"index":"index","follow":"follow","max-snippet":"max-snippet:-1","max-image-preview":"max-image-preview:large","max-video-preview":"max-video-preview:-1"},"canonical":"https:\/\/www.visit-ulcinj.com\/blog\/2013\/07\/31\/genta-ismajli-ne-restaurant-bar-castello-ulqin\/","og_locale":"en_US","og_type":"article","og_title":"Genta Ismajli ne Restaurant-Bar Castello Ulqin - Lajme nga Ulqini","og_description":"Rikthimi i k\u00ebng\u00ebtares Genta Ismajlit n\u00ebp\u00ebr koncerte n\u00eb bregdetin e Ulqinit nuk ka kaluar pa v\u00ebmendje, madje si gjithmon\u00eb \u00ebsht\u00eb komentuar nga fansat e saj","og_url":"https:\/\/www.visit-ulcinj.com\/blog\/2013\/07\/31\/genta-ismajli-ne-restaurant-bar-castello-ulqin\/","og_site_name":"Lajme nga Ulqini","article_published_time":"2013-07-31T07:36:58+00:00","article_modified_time":"2013-07-31T07:40:22+00:00","og_image":[{"url":"http:\/\/www.visit-ulcinj.com\/blog\/wp-content\/uploads\/2013\/07\/Genta-Ismajli-Restaurant-Bar-Castello-Ulqin.jpg"}],"twitter_misc":{"Written by":"ulqini","Est. reading time":"1 minute"},"schema":{"@context":"https:\/\/schema.org","@graph":[{"@type":"WebSite","@id":"https:\/\/www.visit-ulcinj.com\/blog\/#website","url":"https:\/\/www.visit-ulcinj.com\/blog\/","name":"Lajme nga Ulqini","description":"Lajme,Vijesti,Ulqini,Ulqin,Crna Gora,Mali i Zi","potentialAction":[{"@type":"SearchAction","target":{"@type":"EntryPoint","urlTemplate":"https:\/\/www.visit-ulcinj.com\/blog\/?s={search_term_string}"},"query-input":"required name=search_term_string"}],"inLanguage":"en-US"},{"@type":"ImageObject","inLanguage":"en-US","@id":"https:\/\/www.visit-ulcinj.com\/blog\/2013\/07\/31\/genta-ismajli-ne-restaurant-bar-castello-ulqin\/#primaryimage","url":"http:\/\/www.visit-ulcinj.com\/blog\/wp-content\/uploads\/2013\/07\/Genta-Ismajli-Restaurant-Bar-Castello-Ulqin.jpg","contentUrl":"http:\/\/www.visit-ulcinj.com\/blog\/wp-content\/uploads\/2013\/07\/Genta-Ismajli-Restaurant-Bar-Castello-Ulqin.jpg"},{"@type":"WebPage","@id":"https:\/\/www.visit-ulcinj.com\/blog\/2013\/07\/31\/genta-ismajli-ne-restaurant-bar-castello-ulqin\/#webpage","url":"https:\/\/www.visit-ulcinj.com\/blog\/2013\/07\/31\/genta-ismajli-ne-restaurant-bar-castello-ulqin\/","name":"Genta Ismajli ne Restaurant-Bar Castello Ulqin - Lajme nga Ulqini","isPartOf":{"@id":"https:\/\/www.visit-ulcinj.com\/blog\/#website"},"primaryImageOfPage":{"@id":"https:\/\/www.visit-ulcinj.com\/blog\/2013\/07\/31\/genta-ismajli-ne-restaurant-bar-castello-ulqin\/#primaryimage"},"datePublished":"2013-07-31T07:36:58+00:00","dateModified":"2013-07-31T07:40:22+00:00","author":{"@id":"https:\/\/www.visit-ulcinj.com\/blog\/#\/schema\/person\/dcab619c614d3038751c63bc2aadc06d"},"description":"Rikthimi i k\u00ebng\u00ebtares Genta Ismajlit n\u00ebp\u00ebr koncerte n\u00eb bregdetin e Ulqinit nuk ka kaluar pa v\u00ebmendje, madje si gjithmon\u00eb \u00ebsht\u00eb komentuar nga fansat e saj","breadcrumb":{"@id":"https:\/\/www.visit-ulcinj.com\/blog\/2013\/07\/31\/genta-ismajli-ne-restaurant-bar-castello-ulqin\/#breadcrumb"},"inLanguage":"en-US","potentialAction":[{"@type":"ReadAction","target":["https:\/\/www.visit-ulcinj.com\/blog\/2013\/07\/31\/genta-ismajli-ne-restaurant-bar-castello-ulqin\/"]}]},{"@type":"BreadcrumbList","@id":"https:\/\/www.visit-ulcinj.com\/blog\/2013\/07\/31\/genta-ismajli-ne-restaurant-bar-castello-ulqin\/#breadcrumb","itemListElement":[{"@type":"ListItem","position":1,"name":"Genta Ismajli ne Restaurant-Bar Castello Ulqin"}]},{"@type":"Person","@id":"https:\/\/www.visit-ulcinj.com\/blog\/#\/schema\/person\/dcab619c614d3038751c63bc2aadc06d","name":"ulqini","sameAs":["http:\/\/www.visit-ulcinj.com"],"url":"https:\/\/www.visit-ulcinj.com\/blog\/author\/admin\/"}]}},"jetpack_featured_media_url":"","jetpack_sharing_enabled":true,"jetpack_shortlink":"https:\/\/wp.me\/pe6lTn-jes","_links":{"self":[{"href":"https:\/\/www.visit-ulcinj.com\/blog\/wp-json\/wp\/v2\/posts\/73932"}],"collection":[{"href":"https:\/\/www.visit-ulcinj.com\/blog\/wp-json\/wp\/v2\/posts"}],"about":[{"href":"https:\/\/www.visit-ulcinj.com\/blog\/wp-json\/wp\/v2\/types\/post"}],"author":[{"embeddable":true,"href":"https:\/\/www.visit-ulcinj.com\/blog\/wp-json\/wp\/v2\/users\/1"}],"replies":[{"embeddable":true,"href":"https:\/\/www.visit-ulcinj.com\/blog\/wp-json\/wp\/v2\/comments?post=73932"}],"version-history":[{"count":3,"href":"https:\/\/www.visit-ulcinj.com\/blog\/wp-json\/wp\/v2\/posts\/73932\/revisions"}],"predecessor-version":[{"id":73936,"href":"https:\/\/www.visit-ulcinj.com\/blog\/wp-json\/wp\/v2\/posts\/73932\/revisions\/73936"}],"wp:attachment":[{"href":"https:\/\/www.visit-ulcinj.com\/blog\/wp-json\/wp\/v2\/media?parent=73932"}],"wp:term":[{"taxonomy":"category","embeddable":true,"href":"https:\/\/www.visit-ulcinj.com\/blog\/wp-json\/wp\/v2\/categories?post=73932"},{"taxonomy":"post_tag","embeddable":true,"href":"https:\/\/www.visit-ulcinj.com\/blog\/wp-json\/wp\/v2\/tags?post=73932"}],"curies":[{"name":"wp","href":"https:\/\/api.w.org\/{rel}","templated":true}]}}