{"id":73944,"date":"2013-07-31T17:56:10","date_gmt":"2013-07-31T16:56:10","guid":{"rendered":"http:\/\/www.visit-ulcinj.com\/blog\/?p=73944"},"modified":"2013-07-31T17:56:10","modified_gmt":"2013-07-31T16:56:10","slug":"vota-e-gjekes-ishte-vendimtare","status":"publish","type":"post","link":"https:\/\/www.visit-ulcinj.com\/blog\/2013\/07\/31\/vota-e-gjekes-ishte-vendimtare\/","title":{"rendered":"Vota e Gjek\u00ebs  ishte vendimtare"},"content":{"rendered":"<p><a href=\"http:\/\/www.visit-ulcinj.com\/blog\/wp-content\/uploads\/2013\/07\/Fatmir-Gjeka1.jpg\"><img loading=\"lazy\" class=\"alignleft size-full wp-image-73945\" alt=\"Fatmir-Gjeka\" src=\"http:\/\/www.visit-ulcinj.com\/blog\/wp-content\/uploads\/2013\/07\/Fatmir-Gjeka1.jpg\" width=\"474\" height=\"400\" srcset=\"https:\/\/www.visit-ulcinj.com\/blog\/wp-content\/uploads\/2013\/07\/Fatmir-Gjeka1.jpg 474w, https:\/\/www.visit-ulcinj.com\/blog\/wp-content\/uploads\/2013\/07\/Fatmir-Gjeka1-300x253.jpg 300w\" sizes=\"(max-width: 474px) 100vw, 474px\" \/><\/a>Podgoric\u00eb, 31 korrik-\u00a0 Ligjven\u00ebsit \u00a0malazias ,dit\u00ebn e m\u00ebrkur\u00eb\u00a0 nuk e p\u00ebrkrahen \u00a0riorganizimin e sistemit\u00a0 sh\u00ebndet\u00ebsor\u00a0 n\u00eb Malin e Zi.K\u00ebsisoj ,Propozimligji i Ministris\u00eb s\u00eb sh\u00ebndet\u00ebsis\u00eb s\u00eb Malit t\u00eb Zi, i cili tash disa\u00a0 koh\u00eb \u00a0\u00ebsht\u00eb b\u00ebr\u00eb\u00a0 objekt\u00a0 i polemikave, sidomos\u00a0 n\u00eb Ulqin,u refuzua.<\/p>\n<p>Vota\u00a0 e\u00a0 deputetit \u00a0t\u00eb\u00a0 Koalicio0nit shqiptar,Fatmir Gjeka\u00a0 ishte vendimtare q\u00eb\u00a0 ky\u00a0 \u201criorganizim\u201d t\u00eb hudhet posht\u00eb, edhe me k\u00ebt\u00eb\u00a0 refuzohen tendencat e\u00a0 p\u00ebrngjitjes s\u00eb Sht\u00ebpis\u00eb s\u00eb sh\u00ebndetit n\u00eb Ulqin\u00a0 Spitalit t\u00eb Tivarit.<\/p>\n<p>Propozimi\u00a0 i Ministris\u00eb s\u00eb\u00a0 sh\u00ebndet\u00ebsis\u00eb\u00a0 nuk u p\u00ebrkrah as nga deputeti i\u00a0 Forc\u00ebs p\u00ebr bashkim, Genci Nimanbegu.<\/p>\n<p>Q\u00eb n\u00eb fillim t\u00eb k\u00ebtij mandati, kjo \u00ebsht\u00eb hera e par\u00eb q\u00eb deputet\u00ebt\u00a0 shqiptar\u00eb \u00a0nuk e p\u00ebrkrahin nj\u00eb propozimligj\u00a0 q\u00eb ekzekutivi\u00a0 d\u00ebrgon n\u00eb Parlamentin shtet\u00ebror.<\/p>\n<p>Hudhja posht\u00eb e k\u00ebtij kuadri ligjor,Sht\u00ebpia e sh\u00ebndetit n\u00eb Ulqin mbetet me statusin q\u00eb ka aktualisht,por duhet unitet i plot\u00eb i\u00a0 forcave politike shqiptare, n\u00eb radh\u00eb t\u00eb par\u00eb t\u00eb kuvendar\u00ebve p\u00ebr t\u00eb mbrojtur interesat e qytetar\u00ebve t\u00eb Komun\u00ebs s\u00eb Ulqinit.<\/p>\n","protected":false},"excerpt":{"rendered":"<p>Podgoric\u00eb, 31 korrik-\u00a0 Ligjven\u00ebsit \u00a0malazias ,dit\u00ebn e m\u00ebrkur\u00eb\u00a0 nuk e p\u00ebrkrahen \u00a0riorganizimin e sistemit\u00a0 sh\u00ebndet\u00ebsor\u00a0 n\u00eb Malin e Zi.K\u00ebsisoj ,Propozimligji i Ministris\u00eb s\u00eb sh\u00ebndet\u00ebsis\u00eb s\u00eb Malit t\u00eb Zi, i cili tash disa\u00a0 koh\u00eb \u00a0\u00ebsht\u00eb b\u00ebr\u00eb\u00a0 objekt\u00a0 i polemikave, sidomos\u00a0 n\u00eb Ulqin,u refuzua. Vota\u00a0 e\u00a0 deputetit \u00a0t\u00eb\u00a0 Koalicio0nit shqiptar,Fatmir Gjeka\u00a0 ishte vendimtare q\u00eb\u00a0 ky\u00a0 \u201criorganizim\u201d t\u00eb [&hellip;]<\/p>\n","protected":false},"author":1,"featured_media":0,"comment_status":"closed","ping_status":"closed","sticky":false,"template":"","format":"standard","meta":{"spay_email":"","jetpack_publicize_message":"","jetpack_is_tweetstorm":false,"jetpack_publicize_feature_enabled":true},"categories":[6],"tags":[],"jetpack_publicize_connections":[],"yoast_head":"<!-- This site is optimized with the Yoast SEO plugin v19.1 - https:\/\/yoast.com\/wordpress\/plugins\/seo\/ -->\n<title>Vota e Gjek\u00ebs ishte vendimtare - Lajme nga Ulqini<\/title>\n<meta name=\"description\" content=\"Podgoric\u00eb, 31 korrik-\u00a0 Ligjven\u00ebsit \u00a0malazias ,dit\u00ebn e m\u00ebrkur\u00eb\u00a0 nuk e p\u00ebrkrahen \u00a0riorganizimin e sistemit\u00a0 sh\u00ebndet\u00ebsor\u00a0 n\u00eb Malin e Zi.K\u00ebsisoj\" \/>\n<meta name=\"robots\" content=\"index, follow, max-snippet:-1, max-image-preview:large, max-video-preview:-1\" \/>\n<link rel=\"canonical\" href=\"https:\/\/www.visit-ulcinj.com\/blog\/2013\/07\/31\/vota-e-gjekes-ishte-vendimtare\/\" \/>\n<meta property=\"og:locale\" content=\"en_US\" \/>\n<meta property=\"og:type\" content=\"article\" \/>\n<meta property=\"og:title\" content=\"Vota e Gjek\u00ebs ishte vendimtare - Lajme nga Ulqini\" \/>\n<meta property=\"og:description\" content=\"Podgoric\u00eb, 31 korrik-\u00a0 Ligjven\u00ebsit \u00a0malazias ,dit\u00ebn e m\u00ebrkur\u00eb\u00a0 nuk e p\u00ebrkrahen \u00a0riorganizimin e sistemit\u00a0 sh\u00ebndet\u00ebsor\u00a0 n\u00eb Malin e Zi.K\u00ebsisoj\" \/>\n<meta property=\"og:url\" content=\"https:\/\/www.visit-ulcinj.com\/blog\/2013\/07\/31\/vota-e-gjekes-ishte-vendimtare\/\" \/>\n<meta property=\"og:site_name\" content=\"Lajme nga Ulqini\" \/>\n<meta property=\"article:published_time\" content=\"2013-07-31T16:56:10+00:00\" \/>\n<meta property=\"og:image\" content=\"http:\/\/www.visit-ulcinj.com\/blog\/wp-content\/uploads\/2013\/07\/Fatmir-Gjeka1.jpg\" \/>\n<meta name=\"twitter:label1\" content=\"Written by\" \/>\n\t<meta name=\"twitter:data1\" content=\"ulqini\" \/>\n\t<meta name=\"twitter:label2\" content=\"Est. reading time\" \/>\n\t<meta name=\"twitter:data2\" content=\"1 minute\" \/>\n<script type=\"application\/ld+json\" class=\"yoast-schema-graph\">{\"@context\":\"https:\/\/schema.org\",\"@graph\":[{\"@type\":\"WebSite\",\"@id\":\"https:\/\/www.visit-ulcinj.com\/blog\/#website\",\"url\":\"https:\/\/www.visit-ulcinj.com\/blog\/\",\"name\":\"Lajme nga Ulqini\",\"description\":\"Lajme,Vijesti,Ulqini,Ulqin,Crna Gora,Mali i Zi\",\"potentialAction\":[{\"@type\":\"SearchAction\",\"target\":{\"@type\":\"EntryPoint\",\"urlTemplate\":\"https:\/\/www.visit-ulcinj.com\/blog\/?s={search_term_string}\"},\"query-input\":\"required name=search_term_string\"}],\"inLanguage\":\"en-US\"},{\"@type\":\"ImageObject\",\"inLanguage\":\"en-US\",\"@id\":\"https:\/\/www.visit-ulcinj.com\/blog\/2013\/07\/31\/vota-e-gjekes-ishte-vendimtare\/#primaryimage\",\"url\":\"https:\/\/www.visit-ulcinj.com\/blog\/wp-content\/uploads\/2013\/07\/Fatmir-Gjeka1.jpg\",\"contentUrl\":\"https:\/\/www.visit-ulcinj.com\/blog\/wp-content\/uploads\/2013\/07\/Fatmir-Gjeka1.jpg\",\"width\":474,\"height\":400},{\"@type\":\"WebPage\",\"@id\":\"https:\/\/www.visit-ulcinj.com\/blog\/2013\/07\/31\/vota-e-gjekes-ishte-vendimtare\/#webpage\",\"url\":\"https:\/\/www.visit-ulcinj.com\/blog\/2013\/07\/31\/vota-e-gjekes-ishte-vendimtare\/\",\"name\":\"Vota e Gjek\u00ebs ishte vendimtare - Lajme nga Ulqini\",\"isPartOf\":{\"@id\":\"https:\/\/www.visit-ulcinj.com\/blog\/#website\"},\"primaryImageOfPage\":{\"@id\":\"https:\/\/www.visit-ulcinj.com\/blog\/2013\/07\/31\/vota-e-gjekes-ishte-vendimtare\/#primaryimage\"},\"datePublished\":\"2013-07-31T16:56:10+00:00\",\"dateModified\":\"2013-07-31T16:56:10+00:00\",\"author\":{\"@id\":\"https:\/\/www.visit-ulcinj.com\/blog\/#\/schema\/person\/dcab619c614d3038751c63bc2aadc06d\"},\"description\":\"Podgoric\u00eb, 31 korrik-\u00a0 Ligjven\u00ebsit \u00a0malazias ,dit\u00ebn e m\u00ebrkur\u00eb\u00a0 nuk e p\u00ebrkrahen \u00a0riorganizimin e sistemit\u00a0 sh\u00ebndet\u00ebsor\u00a0 n\u00eb Malin e Zi.K\u00ebsisoj\",\"breadcrumb\":{\"@id\":\"https:\/\/www.visit-ulcinj.com\/blog\/2013\/07\/31\/vota-e-gjekes-ishte-vendimtare\/#breadcrumb\"},\"inLanguage\":\"en-US\",\"potentialAction\":[{\"@type\":\"ReadAction\",\"target\":[\"https:\/\/www.visit-ulcinj.com\/blog\/2013\/07\/31\/vota-e-gjekes-ishte-vendimtare\/\"]}]},{\"@type\":\"BreadcrumbList\",\"@id\":\"https:\/\/www.visit-ulcinj.com\/blog\/2013\/07\/31\/vota-e-gjekes-ishte-vendimtare\/#breadcrumb\",\"itemListElement\":[{\"@type\":\"ListItem\",\"position\":1,\"name\":\"Vota e Gjek\u00ebs ishte vendimtare\"}]},{\"@type\":\"Person\",\"@id\":\"https:\/\/www.visit-ulcinj.com\/blog\/#\/schema\/person\/dcab619c614d3038751c63bc2aadc06d\",\"name\":\"ulqini\",\"sameAs\":[\"http:\/\/www.visit-ulcinj.com\"],\"url\":\"https:\/\/www.visit-ulcinj.com\/blog\/author\/admin\/\"}]}<\/script>\n<!-- \/ Yoast SEO plugin. -->","yoast_head_json":{"title":"Vota e Gjek\u00ebs ishte vendimtare - Lajme nga Ulqini","description":"Podgoric\u00eb, 31 korrik-\u00a0 Ligjven\u00ebsit \u00a0malazias ,dit\u00ebn e m\u00ebrkur\u00eb\u00a0 nuk e p\u00ebrkrahen \u00a0riorganizimin e sistemit\u00a0 sh\u00ebndet\u00ebsor\u00a0 n\u00eb Malin e Zi.K\u00ebsisoj","robots":{"index":"index","follow":"follow","max-snippet":"max-snippet:-1","max-image-preview":"max-image-preview:large","max-video-preview":"max-video-preview:-1"},"canonical":"https:\/\/www.visit-ulcinj.com\/blog\/2013\/07\/31\/vota-e-gjekes-ishte-vendimtare\/","og_locale":"en_US","og_type":"article","og_title":"Vota e Gjek\u00ebs ishte vendimtare - Lajme nga Ulqini","og_description":"Podgoric\u00eb, 31 korrik-\u00a0 Ligjven\u00ebsit \u00a0malazias ,dit\u00ebn e m\u00ebrkur\u00eb\u00a0 nuk e p\u00ebrkrahen \u00a0riorganizimin e sistemit\u00a0 sh\u00ebndet\u00ebsor\u00a0 n\u00eb Malin e Zi.K\u00ebsisoj","og_url":"https:\/\/www.visit-ulcinj.com\/blog\/2013\/07\/31\/vota-e-gjekes-ishte-vendimtare\/","og_site_name":"Lajme nga Ulqini","article_published_time":"2013-07-31T16:56:10+00:00","og_image":[{"url":"http:\/\/www.visit-ulcinj.com\/blog\/wp-content\/uploads\/2013\/07\/Fatmir-Gjeka1.jpg"}],"twitter_misc":{"Written by":"ulqini","Est. reading time":"1 minute"},"schema":{"@context":"https:\/\/schema.org","@graph":[{"@type":"WebSite","@id":"https:\/\/www.visit-ulcinj.com\/blog\/#website","url":"https:\/\/www.visit-ulcinj.com\/blog\/","name":"Lajme nga Ulqini","description":"Lajme,Vijesti,Ulqini,Ulqin,Crna Gora,Mali i Zi","potentialAction":[{"@type":"SearchAction","target":{"@type":"EntryPoint","urlTemplate":"https:\/\/www.visit-ulcinj.com\/blog\/?s={search_term_string}"},"query-input":"required name=search_term_string"}],"inLanguage":"en-US"},{"@type":"ImageObject","inLanguage":"en-US","@id":"https:\/\/www.visit-ulcinj.com\/blog\/2013\/07\/31\/vota-e-gjekes-ishte-vendimtare\/#primaryimage","url":"https:\/\/www.visit-ulcinj.com\/blog\/wp-content\/uploads\/2013\/07\/Fatmir-Gjeka1.jpg","contentUrl":"https:\/\/www.visit-ulcinj.com\/blog\/wp-content\/uploads\/2013\/07\/Fatmir-Gjeka1.jpg","width":474,"height":400},{"@type":"WebPage","@id":"https:\/\/www.visit-ulcinj.com\/blog\/2013\/07\/31\/vota-e-gjekes-ishte-vendimtare\/#webpage","url":"https:\/\/www.visit-ulcinj.com\/blog\/2013\/07\/31\/vota-e-gjekes-ishte-vendimtare\/","name":"Vota e Gjek\u00ebs ishte vendimtare - Lajme nga Ulqini","isPartOf":{"@id":"https:\/\/www.visit-ulcinj.com\/blog\/#website"},"primaryImageOfPage":{"@id":"https:\/\/www.visit-ulcinj.com\/blog\/2013\/07\/31\/vota-e-gjekes-ishte-vendimtare\/#primaryimage"},"datePublished":"2013-07-31T16:56:10+00:00","dateModified":"2013-07-31T16:56:10+00:00","author":{"@id":"https:\/\/www.visit-ulcinj.com\/blog\/#\/schema\/person\/dcab619c614d3038751c63bc2aadc06d"},"description":"Podgoric\u00eb, 31 korrik-\u00a0 Ligjven\u00ebsit \u00a0malazias ,dit\u00ebn e m\u00ebrkur\u00eb\u00a0 nuk e p\u00ebrkrahen \u00a0riorganizimin e sistemit\u00a0 sh\u00ebndet\u00ebsor\u00a0 n\u00eb Malin e Zi.K\u00ebsisoj","breadcrumb":{"@id":"https:\/\/www.visit-ulcinj.com\/blog\/2013\/07\/31\/vota-e-gjekes-ishte-vendimtare\/#breadcrumb"},"inLanguage":"en-US","potentialAction":[{"@type":"ReadAction","target":["https:\/\/www.visit-ulcinj.com\/blog\/2013\/07\/31\/vota-e-gjekes-ishte-vendimtare\/"]}]},{"@type":"BreadcrumbList","@id":"https:\/\/www.visit-ulcinj.com\/blog\/2013\/07\/31\/vota-e-gjekes-ishte-vendimtare\/#breadcrumb","itemListElement":[{"@type":"ListItem","position":1,"name":"Vota e Gjek\u00ebs ishte vendimtare"}]},{"@type":"Person","@id":"https:\/\/www.visit-ulcinj.com\/blog\/#\/schema\/person\/dcab619c614d3038751c63bc2aadc06d","name":"ulqini","sameAs":["http:\/\/www.visit-ulcinj.com"],"url":"https:\/\/www.visit-ulcinj.com\/blog\/author\/admin\/"}]}},"jetpack_featured_media_url":"","jetpack_sharing_enabled":true,"jetpack_shortlink":"https:\/\/wp.me\/pe6lTn-jeE","_links":{"self":[{"href":"https:\/\/www.visit-ulcinj.com\/blog\/wp-json\/wp\/v2\/posts\/73944"}],"collection":[{"href":"https:\/\/www.visit-ulcinj.com\/blog\/wp-json\/wp\/v2\/posts"}],"about":[{"href":"https:\/\/www.visit-ulcinj.com\/blog\/wp-json\/wp\/v2\/types\/post"}],"author":[{"embeddable":true,"href":"https:\/\/www.visit-ulcinj.com\/blog\/wp-json\/wp\/v2\/users\/1"}],"replies":[{"embeddable":true,"href":"https:\/\/www.visit-ulcinj.com\/blog\/wp-json\/wp\/v2\/comments?post=73944"}],"version-history":[{"count":1,"href":"https:\/\/www.visit-ulcinj.com\/blog\/wp-json\/wp\/v2\/posts\/73944\/revisions"}],"predecessor-version":[{"id":73947,"href":"https:\/\/www.visit-ulcinj.com\/blog\/wp-json\/wp\/v2\/posts\/73944\/revisions\/73947"}],"wp:attachment":[{"href":"https:\/\/www.visit-ulcinj.com\/blog\/wp-json\/wp\/v2\/media?parent=73944"}],"wp:term":[{"taxonomy":"category","embeddable":true,"href":"https:\/\/www.visit-ulcinj.com\/blog\/wp-json\/wp\/v2\/categories?post=73944"},{"taxonomy":"post_tag","embeddable":true,"href":"https:\/\/www.visit-ulcinj.com\/blog\/wp-json\/wp\/v2\/tags?post=73944"}],"curies":[{"name":"wp","href":"https:\/\/api.w.org\/{rel}","templated":true}]}}