{"id":73953,"date":"2013-08-01T16:47:16","date_gmt":"2013-08-01T15:47:16","guid":{"rendered":"http:\/\/www.visit-ulcinj.com\/blog\/?p=73953"},"modified":"2013-08-02T08:36:20","modified_gmt":"2013-08-02T07:36:20","slug":"nise-festivali-skena-verore-2013-ne-ulqin","status":"publish","type":"post","link":"https:\/\/www.visit-ulcinj.com\/blog\/2013\/08\/01\/nise-festivali-skena-verore-2013-ne-ulqin\/","title":{"rendered":"Nis\u00eb festivali &#8220;Skena Verore 2013&#8221; ne Ulqin"},"content":{"rendered":"<p><a href=\"http:\/\/www.visit-ulcinj.com\/blog\/wp-content\/uploads\/2013\/08\/Skena-verore-Ulqin.jpg\"><img loading=\"lazy\" class=\"alignleft  wp-image-73954\" alt=\"Skena verore Ulqin\" src=\"http:\/\/www.visit-ulcinj.com\/blog\/wp-content\/uploads\/2013\/08\/Skena-verore-Ulqin.jpg\" width=\"508\" height=\"354\" \/><\/a>P\u00ebr t\u00eb 25 her\u00eb me rrall\u00eb nes\u00ebr n\u00eb Ulqin, n\u00ebn patronatin e Komun\u00ebs s\u00eb Ulqinit dhe organizimin e Nd\u00ebrmarrjes publike\u00a0 Qendra Kulturore, nis Festivali &#8221;Skena Verore 2013&#8221;.<\/p>\n<p>Sipas fjal\u00ebve t\u00eb organizator\u00ebve, edhe k\u00ebt\u00eb vit \u201cSkena\u201d do t\u00eb jet\u00eb e pasur me programe t\u00eb llojllojshme, sepse, si\u00e7 na thane ata, p\u00ebr 20 net me radh\u00eb n\u00eb Kala,\u00a0 qytetaret e Ulqinit dhe mysafir\u00ebt e shumt\u00eb do te ken\u00eb mund\u00ebsi t\u00eb p\u00ebrcjellin ekspozita t\u00eb ndryshme, mbr\u00ebmje muzikore, mbr\u00ebmje letrare, shfaqje teatrore etj. \u201cSkena Verore\u201d do t\u00eb hapet me ekspozit\u00ebn e piktor\u00ebve nga Shkodra n\u00eb Kull\u00ebn e Ballshajve ku do t\u00eb b\u00ebhet edhe hapja solemne n\u00eb ora 21 e 30, nd\u00ebrsa do t\u00eb pasojn\u00eb me tri net\u00ebt e kalimer\u00ebs poetike me poetet e njohur, Kim Mehmetin,\u00a0 Sllavko Preg\u00ebll dhe Mehmet Kraja.<\/p>\n<p>Ne net\u00ebt n\u00eb vazhdim do t\u00eb jet\u00eb nj\u00eb program i pasur me poet\u00eb, aktor, muzicinet\u00eb, dramaturg e ansamble t\u00eb ndryshme, kurse mysafir t\u00eb \u201cSken\u00ebs \u201c s\u00eb sivjetme jan\u00eb asamblet teatrore nga Tirana, Beogradi, Prishtina, Podujeva, Prijepola, Bijellopola, e Kollashini etj,. N\u00eb fund t\u00eb gushtit, me 20, do t\u00eb mbyllet edhe ky manifestim me mbr\u00ebmjen e sopranos Gjylie Pelingu me mysafir\u00ebt.<br \/>\n<strong><br \/>\nTVCG<\/strong><\/p>\n<p><iframe loading=\"lazy\" src=\"\/\/www.youtube.com\/embed\/krenWSTS1dY?list=UULgnXP0SncIxkn_rX-K1L3w\" height=\"360\" width=\"508\" allowfullscreen=\"\" frameborder=\"0\"><\/iframe><\/p>\n","protected":false},"excerpt":{"rendered":"<p>P\u00ebr t\u00eb 25 her\u00eb me rrall\u00eb nes\u00ebr n\u00eb Ulqin, n\u00ebn patronatin e Komun\u00ebs s\u00eb Ulqinit dhe organizimin e Nd\u00ebrmarrjes publike\u00a0 Qendra Kulturore, nis Festivali &#8221;Skena Verore 2013&#8221;. Sipas fjal\u00ebve t\u00eb organizator\u00ebve, edhe k\u00ebt\u00eb vit \u201cSkena\u201d do t\u00eb jet\u00eb e pasur me programe t\u00eb llojllojshme, sepse, si\u00e7 na thane ata, p\u00ebr 20 net me radh\u00eb n\u00eb [&hellip;]<\/p>\n","protected":false},"author":1,"featured_media":0,"comment_status":"closed","ping_status":"closed","sticky":false,"template":"","format":"standard","meta":{"spay_email":"","jetpack_publicize_message":"","jetpack_is_tweetstorm":false,"jetpack_publicize_feature_enabled":true},"categories":[4,1],"tags":[],"jetpack_publicize_connections":[],"yoast_head":"<!-- This site is optimized with the Yoast SEO plugin v19.1 - https:\/\/yoast.com\/wordpress\/plugins\/seo\/ -->\n<title>Nis\u00eb festivali &quot;Skena Verore 2013&quot; ne Ulqin - Lajme nga Ulqini<\/title>\n<meta name=\"description\" content=\"P\u00ebr t\u00eb 25 her\u00eb me rrall\u00eb nes\u00ebr n\u00eb Ulqin, n\u00ebn patronatin e Komun\u00ebs s\u00eb Ulqinit dhe organizimin e Nd\u00ebrmarrjes publike\u00a0 Qendra Kulturore, nis Festivali\" \/>\n<meta name=\"robots\" content=\"index, follow, max-snippet:-1, max-image-preview:large, max-video-preview:-1\" \/>\n<link rel=\"canonical\" href=\"https:\/\/www.visit-ulcinj.com\/blog\/2013\/08\/01\/nise-festivali-skena-verore-2013-ne-ulqin\/\" \/>\n<meta property=\"og:locale\" content=\"en_US\" \/>\n<meta property=\"og:type\" content=\"article\" \/>\n<meta property=\"og:title\" content=\"Nis\u00eb festivali &quot;Skena Verore 2013&quot; ne Ulqin - Lajme nga Ulqini\" \/>\n<meta property=\"og:description\" content=\"P\u00ebr t\u00eb 25 her\u00eb me rrall\u00eb nes\u00ebr n\u00eb Ulqin, n\u00ebn patronatin e Komun\u00ebs s\u00eb Ulqinit dhe organizimin e Nd\u00ebrmarrjes publike\u00a0 Qendra Kulturore, nis Festivali\" \/>\n<meta property=\"og:url\" content=\"https:\/\/www.visit-ulcinj.com\/blog\/2013\/08\/01\/nise-festivali-skena-verore-2013-ne-ulqin\/\" \/>\n<meta property=\"og:site_name\" content=\"Lajme nga Ulqini\" \/>\n<meta property=\"article:published_time\" content=\"2013-08-01T15:47:16+00:00\" \/>\n<meta property=\"article:modified_time\" content=\"2013-08-02T07:36:20+00:00\" \/>\n<meta property=\"og:image\" content=\"http:\/\/www.visit-ulcinj.com\/blog\/wp-content\/uploads\/2013\/08\/Skena-verore-Ulqin.jpg\" \/>\n<meta name=\"twitter:label1\" content=\"Written by\" \/>\n\t<meta name=\"twitter:data1\" content=\"ulqini\" \/>\n\t<meta name=\"twitter:label2\" content=\"Est. reading time\" \/>\n\t<meta name=\"twitter:data2\" content=\"1 minute\" \/>\n<script type=\"application\/ld+json\" class=\"yoast-schema-graph\">{\"@context\":\"https:\/\/schema.org\",\"@graph\":[{\"@type\":\"WebSite\",\"@id\":\"https:\/\/www.visit-ulcinj.com\/blog\/#website\",\"url\":\"https:\/\/www.visit-ulcinj.com\/blog\/\",\"name\":\"Lajme nga Ulqini\",\"description\":\"Lajme,Vijesti,Ulqini,Ulqin,Crna Gora,Mali i Zi\",\"potentialAction\":[{\"@type\":\"SearchAction\",\"target\":{\"@type\":\"EntryPoint\",\"urlTemplate\":\"https:\/\/www.visit-ulcinj.com\/blog\/?s={search_term_string}\"},\"query-input\":\"required name=search_term_string\"}],\"inLanguage\":\"en-US\"},{\"@type\":\"ImageObject\",\"inLanguage\":\"en-US\",\"@id\":\"https:\/\/www.visit-ulcinj.com\/blog\/2013\/08\/01\/nise-festivali-skena-verore-2013-ne-ulqin\/#primaryimage\",\"url\":\"https:\/\/www.visit-ulcinj.com\/blog\/wp-content\/uploads\/2013\/08\/Skena-verore-Ulqin.jpg\",\"contentUrl\":\"https:\/\/www.visit-ulcinj.com\/blog\/wp-content\/uploads\/2013\/08\/Skena-verore-Ulqin.jpg\",\"width\":472,\"height\":354},{\"@type\":\"WebPage\",\"@id\":\"https:\/\/www.visit-ulcinj.com\/blog\/2013\/08\/01\/nise-festivali-skena-verore-2013-ne-ulqin\/#webpage\",\"url\":\"https:\/\/www.visit-ulcinj.com\/blog\/2013\/08\/01\/nise-festivali-skena-verore-2013-ne-ulqin\/\",\"name\":\"Nis\u00eb festivali \\\"Skena Verore 2013\\\" ne Ulqin - Lajme nga Ulqini\",\"isPartOf\":{\"@id\":\"https:\/\/www.visit-ulcinj.com\/blog\/#website\"},\"primaryImageOfPage\":{\"@id\":\"https:\/\/www.visit-ulcinj.com\/blog\/2013\/08\/01\/nise-festivali-skena-verore-2013-ne-ulqin\/#primaryimage\"},\"datePublished\":\"2013-08-01T15:47:16+00:00\",\"dateModified\":\"2013-08-02T07:36:20+00:00\",\"author\":{\"@id\":\"https:\/\/www.visit-ulcinj.com\/blog\/#\/schema\/person\/dcab619c614d3038751c63bc2aadc06d\"},\"description\":\"P\u00ebr t\u00eb 25 her\u00eb me rrall\u00eb nes\u00ebr n\u00eb Ulqin, n\u00ebn patronatin e Komun\u00ebs s\u00eb Ulqinit dhe organizimin e Nd\u00ebrmarrjes publike\u00a0 Qendra Kulturore, nis Festivali\",\"breadcrumb\":{\"@id\":\"https:\/\/www.visit-ulcinj.com\/blog\/2013\/08\/01\/nise-festivali-skena-verore-2013-ne-ulqin\/#breadcrumb\"},\"inLanguage\":\"en-US\",\"potentialAction\":[{\"@type\":\"ReadAction\",\"target\":[\"https:\/\/www.visit-ulcinj.com\/blog\/2013\/08\/01\/nise-festivali-skena-verore-2013-ne-ulqin\/\"]}]},{\"@type\":\"BreadcrumbList\",\"@id\":\"https:\/\/www.visit-ulcinj.com\/blog\/2013\/08\/01\/nise-festivali-skena-verore-2013-ne-ulqin\/#breadcrumb\",\"itemListElement\":[{\"@type\":\"ListItem\",\"position\":1,\"name\":\"Nis\u00eb festivali &#8220;Skena Verore 2013&#8221; ne Ulqin\"}]},{\"@type\":\"Person\",\"@id\":\"https:\/\/www.visit-ulcinj.com\/blog\/#\/schema\/person\/dcab619c614d3038751c63bc2aadc06d\",\"name\":\"ulqini\",\"sameAs\":[\"http:\/\/www.visit-ulcinj.com\"],\"url\":\"https:\/\/www.visit-ulcinj.com\/blog\/author\/admin\/\"}]}<\/script>\n<!-- \/ Yoast SEO plugin. -->","yoast_head_json":{"title":"Nis\u00eb festivali \"Skena Verore 2013\" ne Ulqin - Lajme nga Ulqini","description":"P\u00ebr t\u00eb 25 her\u00eb me rrall\u00eb nes\u00ebr n\u00eb Ulqin, n\u00ebn patronatin e Komun\u00ebs s\u00eb Ulqinit dhe organizimin e Nd\u00ebrmarrjes publike\u00a0 Qendra Kulturore, nis Festivali","robots":{"index":"index","follow":"follow","max-snippet":"max-snippet:-1","max-image-preview":"max-image-preview:large","max-video-preview":"max-video-preview:-1"},"canonical":"https:\/\/www.visit-ulcinj.com\/blog\/2013\/08\/01\/nise-festivali-skena-verore-2013-ne-ulqin\/","og_locale":"en_US","og_type":"article","og_title":"Nis\u00eb festivali \"Skena Verore 2013\" ne Ulqin - Lajme nga Ulqini","og_description":"P\u00ebr t\u00eb 25 her\u00eb me rrall\u00eb nes\u00ebr n\u00eb Ulqin, n\u00ebn patronatin e Komun\u00ebs s\u00eb Ulqinit dhe organizimin e Nd\u00ebrmarrjes publike\u00a0 Qendra Kulturore, nis Festivali","og_url":"https:\/\/www.visit-ulcinj.com\/blog\/2013\/08\/01\/nise-festivali-skena-verore-2013-ne-ulqin\/","og_site_name":"Lajme nga Ulqini","article_published_time":"2013-08-01T15:47:16+00:00","article_modified_time":"2013-08-02T07:36:20+00:00","og_image":[{"url":"http:\/\/www.visit-ulcinj.com\/blog\/wp-content\/uploads\/2013\/08\/Skena-verore-Ulqin.jpg"}],"twitter_misc":{"Written by":"ulqini","Est. reading time":"1 minute"},"schema":{"@context":"https:\/\/schema.org","@graph":[{"@type":"WebSite","@id":"https:\/\/www.visit-ulcinj.com\/blog\/#website","url":"https:\/\/www.visit-ulcinj.com\/blog\/","name":"Lajme nga Ulqini","description":"Lajme,Vijesti,Ulqini,Ulqin,Crna Gora,Mali i Zi","potentialAction":[{"@type":"SearchAction","target":{"@type":"EntryPoint","urlTemplate":"https:\/\/www.visit-ulcinj.com\/blog\/?s={search_term_string}"},"query-input":"required name=search_term_string"}],"inLanguage":"en-US"},{"@type":"ImageObject","inLanguage":"en-US","@id":"https:\/\/www.visit-ulcinj.com\/blog\/2013\/08\/01\/nise-festivali-skena-verore-2013-ne-ulqin\/#primaryimage","url":"https:\/\/www.visit-ulcinj.com\/blog\/wp-content\/uploads\/2013\/08\/Skena-verore-Ulqin.jpg","contentUrl":"https:\/\/www.visit-ulcinj.com\/blog\/wp-content\/uploads\/2013\/08\/Skena-verore-Ulqin.jpg","width":472,"height":354},{"@type":"WebPage","@id":"https:\/\/www.visit-ulcinj.com\/blog\/2013\/08\/01\/nise-festivali-skena-verore-2013-ne-ulqin\/#webpage","url":"https:\/\/www.visit-ulcinj.com\/blog\/2013\/08\/01\/nise-festivali-skena-verore-2013-ne-ulqin\/","name":"Nis\u00eb festivali \"Skena Verore 2013\" ne Ulqin - Lajme nga Ulqini","isPartOf":{"@id":"https:\/\/www.visit-ulcinj.com\/blog\/#website"},"primaryImageOfPage":{"@id":"https:\/\/www.visit-ulcinj.com\/blog\/2013\/08\/01\/nise-festivali-skena-verore-2013-ne-ulqin\/#primaryimage"},"datePublished":"2013-08-01T15:47:16+00:00","dateModified":"2013-08-02T07:36:20+00:00","author":{"@id":"https:\/\/www.visit-ulcinj.com\/blog\/#\/schema\/person\/dcab619c614d3038751c63bc2aadc06d"},"description":"P\u00ebr t\u00eb 25 her\u00eb me rrall\u00eb nes\u00ebr n\u00eb Ulqin, n\u00ebn patronatin e Komun\u00ebs s\u00eb Ulqinit dhe organizimin e Nd\u00ebrmarrjes publike\u00a0 Qendra Kulturore, nis Festivali","breadcrumb":{"@id":"https:\/\/www.visit-ulcinj.com\/blog\/2013\/08\/01\/nise-festivali-skena-verore-2013-ne-ulqin\/#breadcrumb"},"inLanguage":"en-US","potentialAction":[{"@type":"ReadAction","target":["https:\/\/www.visit-ulcinj.com\/blog\/2013\/08\/01\/nise-festivali-skena-verore-2013-ne-ulqin\/"]}]},{"@type":"BreadcrumbList","@id":"https:\/\/www.visit-ulcinj.com\/blog\/2013\/08\/01\/nise-festivali-skena-verore-2013-ne-ulqin\/#breadcrumb","itemListElement":[{"@type":"ListItem","position":1,"name":"Nis\u00eb festivali &#8220;Skena Verore 2013&#8221; ne Ulqin"}]},{"@type":"Person","@id":"https:\/\/www.visit-ulcinj.com\/blog\/#\/schema\/person\/dcab619c614d3038751c63bc2aadc06d","name":"ulqini","sameAs":["http:\/\/www.visit-ulcinj.com"],"url":"https:\/\/www.visit-ulcinj.com\/blog\/author\/admin\/"}]}},"jetpack_featured_media_url":"","jetpack_sharing_enabled":true,"jetpack_shortlink":"https:\/\/wp.me\/pe6lTn-jeN","_links":{"self":[{"href":"https:\/\/www.visit-ulcinj.com\/blog\/wp-json\/wp\/v2\/posts\/73953"}],"collection":[{"href":"https:\/\/www.visit-ulcinj.com\/blog\/wp-json\/wp\/v2\/posts"}],"about":[{"href":"https:\/\/www.visit-ulcinj.com\/blog\/wp-json\/wp\/v2\/types\/post"}],"author":[{"embeddable":true,"href":"https:\/\/www.visit-ulcinj.com\/blog\/wp-json\/wp\/v2\/users\/1"}],"replies":[{"embeddable":true,"href":"https:\/\/www.visit-ulcinj.com\/blog\/wp-json\/wp\/v2\/comments?post=73953"}],"version-history":[{"count":5,"href":"https:\/\/www.visit-ulcinj.com\/blog\/wp-json\/wp\/v2\/posts\/73953\/revisions"}],"predecessor-version":[{"id":73973,"href":"https:\/\/www.visit-ulcinj.com\/blog\/wp-json\/wp\/v2\/posts\/73953\/revisions\/73973"}],"wp:attachment":[{"href":"https:\/\/www.visit-ulcinj.com\/blog\/wp-json\/wp\/v2\/media?parent=73953"}],"wp:term":[{"taxonomy":"category","embeddable":true,"href":"https:\/\/www.visit-ulcinj.com\/blog\/wp-json\/wp\/v2\/categories?post=73953"},{"taxonomy":"post_tag","embeddable":true,"href":"https:\/\/www.visit-ulcinj.com\/blog\/wp-json\/wp\/v2\/tags?post=73953"}],"curies":[{"name":"wp","href":"https:\/\/api.w.org\/{rel}","templated":true}]}}