{"id":73963,"date":"2013-08-02T08:16:27","date_gmt":"2013-08-02T07:16:27","guid":{"rendered":"http:\/\/www.visit-ulcinj.com\/blog\/?p=73963"},"modified":"2013-08-02T15:46:20","modified_gmt":"2013-08-02T14:46:20","slug":"cungu-eshte-takon-ndihmesministrin-per-zhvillim-te-qendrueshem-dhe-turizem-nebojsha-popoviq","status":"publish","type":"post","link":"https:\/\/www.visit-ulcinj.com\/blog\/2013\/08\/02\/cungu-eshte-takon-ndihmesministrin-per-zhvillim-te-qendrueshem-dhe-turizem-nebojsha-popoviq\/","title":{"rendered":"Cungu \u00ebsht\u00eb takon ndihm\u00ebsministrin p\u00ebr zhvillim t\u00eb q\u00ebndruesh\u00ebm dhe turiz\u00ebm Nebojsha Popoviq"},"content":{"rendered":"<div>\n<div><strong><a href=\"http:\/\/www.visit-ulcinj.com\/blog\/wp-content\/uploads\/2013\/08\/Cungu-Popovic-Ulcinj.jpg\"><img loading=\"lazy\" class=\"alignleft  wp-image-73960\" alt=\"Cungu-Popovic-Ulcinj\" src=\"http:\/\/www.visit-ulcinj.com\/blog\/wp-content\/uploads\/2013\/08\/Cungu-Popovic-Ulcinj.jpg\" width=\"508\" height=\"360\" \/><\/a>Kryetari Cungu \u00ebsht\u00eb takuar me ndihm\u00ebsmin<wbr \/>istrin p\u00ebr zhvillim t\u00eb q\u00ebndruesh\u00eb<wbr \/>m dhe turiz\u00ebm Nebojsha Popoviq<\/strong><\/div>\n<div><\/div>\n<div><\/div>\n<div>Sot Kryetari Cungu \u00ebsht\u00eb takuar me ndihm\u00ebsministrin p\u00ebr zhvillim t\u00eb q\u00ebndruesh\u00ebm dhe turiz\u00ebm, Nebojsha Popoviq. Objektiv i k\u00ebtij takimi ka qen\u00eb analiza e aktiviteteve n\u00eb p\u00ebrgatitjen e realizimit t\u00eb disa projekteve t\u00eb r\u00ebnd\u00ebsishme p\u00ebr fillimin e investimeve n\u00eb Komun\u00ebn e Ulqinit, k\u00ebmbimi i informatave p\u00ebr aktivitetet e deritashme si dhe p\u00ebrgatitjet dhe marr\u00ebveshjet p\u00ebr hapat e ardhshme me q\u00ebllim t\u00eb nxitjes s\u00eb investimeve t\u00eb ardhshme n\u00eb Ulqin, duke p\u00ebrfshir\u00eb edhe paraqitjen e p\u00ebrbashk\u00ebt n\u00eb Panairin nd\u00ebrkomb\u00ebtar t\u00eb investimeve n\u00eb Mynih.<\/div>\n<div><\/div>\n<div>Kryetari Cungu shkurtimisht ka b\u00ebr\u00eb nj\u00eb rezyme t\u00eb t\u00eb gjitha p\u00ebrgatitjeve n\u00eb infrastruktur\u00ebn e furnizimit me uj\u00eb dhe sistemit t\u00eb kanalizimit pa t\u00eb cilat k\u00ebto investime as q\u00eb mund t\u00eb paramendohen. Ai ka p\u00ebrmendur se me ardhjen e p\u00ebrfaq\u00ebsuesit t\u00eb KVF Bank\u00ebs n\u00eb Mal t\u00eb Zi, nga data 5 deri me dat\u00ebn 10 gusht e pret finalizimin e p\u00ebrgatitjeve dhe rrumbullak\u00ebsimin e t\u00ebr\u00ebsis\u00eb p\u00ebr fillimin e rregullimit t\u00eb sistemit t\u00eb kanalizimit. Cungu ka theksuar se prej disa projekteve t\u00eb r\u00ebnd\u00ebsishme n\u00eb faz\u00ebn e pun\u00ebve para nd\u00ebrtimore jan\u00eb hoteli Mediteran dhe hoteli Jadran.<\/div>\n<div><\/div>\n<div>Sa i p\u00ebrket Panairit t\u00eb investimeve n\u00eb Mynih, Komuna e Ulqinit tashm\u00eb e ka bler\u00eb banakun dhe n\u00eb takimin i cili \u00ebsht\u00eb organizuar pak m\u00eb heret jan\u00eb ftuar t\u00eb gjith\u00eb investitor\u00ebt q\u00eb t\u00eb marrin pjes\u00eb n\u00eb k\u00ebt\u00eb panair, q\u00eb bashkarisht t&#8217;i prezantojn\u00eb projektet e tyre. Panairi nd\u00ebrkomb\u00ebtar i investimeve dhe patundshm\u00ebrive Expo Real, i cili do t\u00eb mbahet prej, m\u00eb 7 deri, m\u00eb 9 tetor n\u00eb Mynih, \u00ebsht\u00eb panairi i dyt\u00eb m\u00eb i madh n\u00eb Europ\u00eb dhe paraqet nj\u00eb mund\u00ebsi t\u00eb r\u00ebnd\u00ebsishme p\u00ebr Komun\u00ebn e Ulqinit. Kryetari Cungu ka shtuar se krahas Mynihut nj\u00eb mund\u00ebsi t\u00eb madhe paraqet edhe vizita n\u00eb Arabin\u00eb Saudite si dhe panairi nd\u00ebrkomb\u00ebtar n\u00eb Kan, n\u00eb t\u00eb cilin Komuna e Ulqinit gjithashtu do t\u00eb marr\u00eb pjes\u00eb.<\/div>\n<div>&#8220;Ajo q\u00eb na g\u00ebzon \u00ebsht\u00eb se n\u00eb mas\u00ebn m\u00eb t\u00eb madhe jan\u00eb punuar dhe realizuar premisat p\u00ebr fillimin e disa projekteve t\u00eb r\u00ebnd\u00ebsishme, e kjo \u00ebsht\u00eb ajo q\u00eb paraqet nj\u00eb baz\u00eb shum\u00eb t\u00eb r\u00ebnd\u00ebsishme dhe cil\u00ebsore p\u00ebr vet\u00eb investitor\u00ebt q\u00eb n\u00eb nj\u00eb afat sa m\u00eb t\u00eb shkurt\u00ebr mund t\u00eb realizojn\u00eb at\u00eb q\u00eb kan\u00eb planifikuar&#8221;, ka theksuar z. Popoviq. Ai ka konfirmuar pjes\u00ebmarrjen e tij n\u00eb panairin e Mynihut dhe ka theksuar q\u00eb Sekretariati p\u00ebr zhvillim t\u00eb q\u00ebndruesh\u00ebm do t\u00eb angazhohet maksimalisht n\u00eb realizimin e p\u00ebrgatitjeve p\u00ebr k\u00ebt\u00eb panair duke p\u00ebrfshir\u00eb edhe realizimin e kontakteve t\u00eb nevojshme me qeverin\u00eb dhe investitor\u00ebt dhe instrukcionet p\u00ebr nj\u00eb paraqitje sa m\u00eb t\u00eb suksesshme n\u00eb k\u00ebt\u00eb panair.<\/div>\n<div><\/div>\n<div><\/div>\n<div><\/div>\n<\/div>\n","protected":false},"excerpt":{"rendered":"<p>Kryetari Cungu \u00ebsht\u00eb takuar me ndihm\u00ebsministrin p\u00ebr zhvillim t\u00eb q\u00ebndruesh\u00ebm dhe turiz\u00ebm Nebojsha Popoviq Sot Kryetari Cungu \u00ebsht\u00eb takuar me ndihm\u00ebsministrin p\u00ebr zhvillim t\u00eb q\u00ebndruesh\u00ebm dhe turiz\u00ebm, Nebojsha Popoviq. Objektiv i k\u00ebtij takimi ka qen\u00eb analiza e aktiviteteve n\u00eb p\u00ebrgatitjen e realizimit t\u00eb disa projekteve t\u00eb r\u00ebnd\u00ebsishme p\u00ebr fillimin e investimeve n\u00eb Komun\u00ebn e Ulqinit, [&hellip;]<\/p>\n","protected":false},"author":1,"featured_media":0,"comment_status":"closed","ping_status":"closed","sticky":false,"template":"","format":"standard","meta":{"spay_email":"","jetpack_publicize_message":"","jetpack_is_tweetstorm":false,"jetpack_publicize_feature_enabled":true},"categories":[1,15],"tags":[],"jetpack_publicize_connections":[],"yoast_head":"<!-- This site is optimized with the Yoast SEO plugin v19.1 - https:\/\/yoast.com\/wordpress\/plugins\/seo\/ -->\n<title>Cungu \u00ebsht\u00eb takon ndihm\u00ebsministrin p\u00ebr zhvillim t\u00eb q\u00ebndruesh\u00ebm dhe turiz\u00ebm Nebojsha Popoviq - Lajme nga Ulqini<\/title>\n<meta name=\"description\" content=\"Kryetari Cungu \u00ebsht\u00eb takuar me ndihm\u00ebsministrin p\u00ebr zhvillim t\u00eb q\u00ebndruesh\u00ebm dhe turiz\u00ebm Nebojsha Popoviq Sot Kryetari Cungu \u00ebsht\u00eb takuar me\" \/>\n<meta name=\"robots\" content=\"index, follow, max-snippet:-1, max-image-preview:large, max-video-preview:-1\" \/>\n<link rel=\"canonical\" href=\"https:\/\/www.visit-ulcinj.com\/blog\/2013\/08\/02\/cungu-eshte-takon-ndihmesministrin-per-zhvillim-te-qendrueshem-dhe-turizem-nebojsha-popoviq\/\" \/>\n<meta property=\"og:locale\" content=\"en_US\" \/>\n<meta property=\"og:type\" content=\"article\" \/>\n<meta property=\"og:title\" content=\"Cungu \u00ebsht\u00eb takon ndihm\u00ebsministrin p\u00ebr zhvillim t\u00eb q\u00ebndruesh\u00ebm dhe turiz\u00ebm Nebojsha Popoviq - Lajme nga Ulqini\" \/>\n<meta property=\"og:description\" content=\"Kryetari Cungu \u00ebsht\u00eb takuar me ndihm\u00ebsministrin p\u00ebr zhvillim t\u00eb q\u00ebndruesh\u00ebm dhe turiz\u00ebm Nebojsha Popoviq Sot Kryetari Cungu \u00ebsht\u00eb takuar me\" \/>\n<meta property=\"og:url\" content=\"https:\/\/www.visit-ulcinj.com\/blog\/2013\/08\/02\/cungu-eshte-takon-ndihmesministrin-per-zhvillim-te-qendrueshem-dhe-turizem-nebojsha-popoviq\/\" \/>\n<meta property=\"og:site_name\" content=\"Lajme nga Ulqini\" \/>\n<meta property=\"article:published_time\" content=\"2013-08-02T07:16:27+00:00\" \/>\n<meta property=\"article:modified_time\" content=\"2013-08-02T14:46:20+00:00\" \/>\n<meta property=\"og:image\" content=\"http:\/\/www.visit-ulcinj.com\/blog\/wp-content\/uploads\/2013\/08\/Cungu-Popovic-Ulcinj.jpg\" \/>\n<meta name=\"twitter:label1\" content=\"Written by\" \/>\n\t<meta name=\"twitter:data1\" content=\"ulqini\" \/>\n\t<meta name=\"twitter:label2\" content=\"Est. reading time\" \/>\n\t<meta name=\"twitter:data2\" content=\"2 minutes\" \/>\n<script type=\"application\/ld+json\" class=\"yoast-schema-graph\">{\"@context\":\"https:\/\/schema.org\",\"@graph\":[{\"@type\":\"WebSite\",\"@id\":\"https:\/\/www.visit-ulcinj.com\/blog\/#website\",\"url\":\"https:\/\/www.visit-ulcinj.com\/blog\/\",\"name\":\"Lajme nga Ulqini\",\"description\":\"Lajme,Vijesti,Ulqini,Ulqin,Crna Gora,Mali i Zi\",\"potentialAction\":[{\"@type\":\"SearchAction\",\"target\":{\"@type\":\"EntryPoint\",\"urlTemplate\":\"https:\/\/www.visit-ulcinj.com\/blog\/?s={search_term_string}\"},\"query-input\":\"required name=search_term_string\"}],\"inLanguage\":\"en-US\"},{\"@type\":\"ImageObject\",\"inLanguage\":\"en-US\",\"@id\":\"https:\/\/www.visit-ulcinj.com\/blog\/2013\/08\/02\/cungu-eshte-takon-ndihmesministrin-per-zhvillim-te-qendrueshem-dhe-turizem-nebojsha-popoviq\/#primaryimage\",\"url\":\"https:\/\/www.visit-ulcinj.com\/blog\/wp-content\/uploads\/2013\/08\/Cungu-Popovic-Ulcinj.jpg\",\"contentUrl\":\"https:\/\/www.visit-ulcinj.com\/blog\/wp-content\/uploads\/2013\/08\/Cungu-Popovic-Ulcinj.jpg\",\"width\":768,\"height\":509},{\"@type\":\"WebPage\",\"@id\":\"https:\/\/www.visit-ulcinj.com\/blog\/2013\/08\/02\/cungu-eshte-takon-ndihmesministrin-per-zhvillim-te-qendrueshem-dhe-turizem-nebojsha-popoviq\/#webpage\",\"url\":\"https:\/\/www.visit-ulcinj.com\/blog\/2013\/08\/02\/cungu-eshte-takon-ndihmesministrin-per-zhvillim-te-qendrueshem-dhe-turizem-nebojsha-popoviq\/\",\"name\":\"Cungu \u00ebsht\u00eb takon ndihm\u00ebsministrin p\u00ebr zhvillim t\u00eb q\u00ebndruesh\u00ebm dhe turiz\u00ebm Nebojsha Popoviq - Lajme nga Ulqini\",\"isPartOf\":{\"@id\":\"https:\/\/www.visit-ulcinj.com\/blog\/#website\"},\"primaryImageOfPage\":{\"@id\":\"https:\/\/www.visit-ulcinj.com\/blog\/2013\/08\/02\/cungu-eshte-takon-ndihmesministrin-per-zhvillim-te-qendrueshem-dhe-turizem-nebojsha-popoviq\/#primaryimage\"},\"datePublished\":\"2013-08-02T07:16:27+00:00\",\"dateModified\":\"2013-08-02T14:46:20+00:00\",\"author\":{\"@id\":\"https:\/\/www.visit-ulcinj.com\/blog\/#\/schema\/person\/dcab619c614d3038751c63bc2aadc06d\"},\"description\":\"Kryetari Cungu \u00ebsht\u00eb takuar me ndihm\u00ebsministrin p\u00ebr zhvillim t\u00eb q\u00ebndruesh\u00ebm dhe turiz\u00ebm Nebojsha Popoviq Sot Kryetari Cungu \u00ebsht\u00eb takuar me\",\"breadcrumb\":{\"@id\":\"https:\/\/www.visit-ulcinj.com\/blog\/2013\/08\/02\/cungu-eshte-takon-ndihmesministrin-per-zhvillim-te-qendrueshem-dhe-turizem-nebojsha-popoviq\/#breadcrumb\"},\"inLanguage\":\"en-US\",\"potentialAction\":[{\"@type\":\"ReadAction\",\"target\":[\"https:\/\/www.visit-ulcinj.com\/blog\/2013\/08\/02\/cungu-eshte-takon-ndihmesministrin-per-zhvillim-te-qendrueshem-dhe-turizem-nebojsha-popoviq\/\"]}]},{\"@type\":\"BreadcrumbList\",\"@id\":\"https:\/\/www.visit-ulcinj.com\/blog\/2013\/08\/02\/cungu-eshte-takon-ndihmesministrin-per-zhvillim-te-qendrueshem-dhe-turizem-nebojsha-popoviq\/#breadcrumb\",\"itemListElement\":[{\"@type\":\"ListItem\",\"position\":1,\"name\":\"Cungu \u00ebsht\u00eb takon ndihm\u00ebsministrin p\u00ebr zhvillim t\u00eb q\u00ebndruesh\u00ebm dhe turiz\u00ebm Nebojsha Popoviq\"}]},{\"@type\":\"Person\",\"@id\":\"https:\/\/www.visit-ulcinj.com\/blog\/#\/schema\/person\/dcab619c614d3038751c63bc2aadc06d\",\"name\":\"ulqini\",\"sameAs\":[\"http:\/\/www.visit-ulcinj.com\"],\"url\":\"https:\/\/www.visit-ulcinj.com\/blog\/author\/admin\/\"}]}<\/script>\n<!-- \/ Yoast SEO plugin. -->","yoast_head_json":{"title":"Cungu \u00ebsht\u00eb takon ndihm\u00ebsministrin p\u00ebr zhvillim t\u00eb q\u00ebndruesh\u00ebm dhe turiz\u00ebm Nebojsha Popoviq - Lajme nga Ulqini","description":"Kryetari Cungu \u00ebsht\u00eb takuar me ndihm\u00ebsministrin p\u00ebr zhvillim t\u00eb q\u00ebndruesh\u00ebm dhe turiz\u00ebm Nebojsha Popoviq Sot Kryetari Cungu \u00ebsht\u00eb takuar me","robots":{"index":"index","follow":"follow","max-snippet":"max-snippet:-1","max-image-preview":"max-image-preview:large","max-video-preview":"max-video-preview:-1"},"canonical":"https:\/\/www.visit-ulcinj.com\/blog\/2013\/08\/02\/cungu-eshte-takon-ndihmesministrin-per-zhvillim-te-qendrueshem-dhe-turizem-nebojsha-popoviq\/","og_locale":"en_US","og_type":"article","og_title":"Cungu \u00ebsht\u00eb takon ndihm\u00ebsministrin p\u00ebr zhvillim t\u00eb q\u00ebndruesh\u00ebm dhe turiz\u00ebm Nebojsha Popoviq - Lajme nga Ulqini","og_description":"Kryetari Cungu \u00ebsht\u00eb takuar me ndihm\u00ebsministrin p\u00ebr zhvillim t\u00eb q\u00ebndruesh\u00ebm dhe turiz\u00ebm Nebojsha Popoviq Sot Kryetari Cungu \u00ebsht\u00eb takuar me","og_url":"https:\/\/www.visit-ulcinj.com\/blog\/2013\/08\/02\/cungu-eshte-takon-ndihmesministrin-per-zhvillim-te-qendrueshem-dhe-turizem-nebojsha-popoviq\/","og_site_name":"Lajme nga Ulqini","article_published_time":"2013-08-02T07:16:27+00:00","article_modified_time":"2013-08-02T14:46:20+00:00","og_image":[{"url":"http:\/\/www.visit-ulcinj.com\/blog\/wp-content\/uploads\/2013\/08\/Cungu-Popovic-Ulcinj.jpg"}],"twitter_misc":{"Written by":"ulqini","Est. reading time":"2 minutes"},"schema":{"@context":"https:\/\/schema.org","@graph":[{"@type":"WebSite","@id":"https:\/\/www.visit-ulcinj.com\/blog\/#website","url":"https:\/\/www.visit-ulcinj.com\/blog\/","name":"Lajme nga Ulqini","description":"Lajme,Vijesti,Ulqini,Ulqin,Crna Gora,Mali i Zi","potentialAction":[{"@type":"SearchAction","target":{"@type":"EntryPoint","urlTemplate":"https:\/\/www.visit-ulcinj.com\/blog\/?s={search_term_string}"},"query-input":"required name=search_term_string"}],"inLanguage":"en-US"},{"@type":"ImageObject","inLanguage":"en-US","@id":"https:\/\/www.visit-ulcinj.com\/blog\/2013\/08\/02\/cungu-eshte-takon-ndihmesministrin-per-zhvillim-te-qendrueshem-dhe-turizem-nebojsha-popoviq\/#primaryimage","url":"https:\/\/www.visit-ulcinj.com\/blog\/wp-content\/uploads\/2013\/08\/Cungu-Popovic-Ulcinj.jpg","contentUrl":"https:\/\/www.visit-ulcinj.com\/blog\/wp-content\/uploads\/2013\/08\/Cungu-Popovic-Ulcinj.jpg","width":768,"height":509},{"@type":"WebPage","@id":"https:\/\/www.visit-ulcinj.com\/blog\/2013\/08\/02\/cungu-eshte-takon-ndihmesministrin-per-zhvillim-te-qendrueshem-dhe-turizem-nebojsha-popoviq\/#webpage","url":"https:\/\/www.visit-ulcinj.com\/blog\/2013\/08\/02\/cungu-eshte-takon-ndihmesministrin-per-zhvillim-te-qendrueshem-dhe-turizem-nebojsha-popoviq\/","name":"Cungu \u00ebsht\u00eb takon ndihm\u00ebsministrin p\u00ebr zhvillim t\u00eb q\u00ebndruesh\u00ebm dhe turiz\u00ebm Nebojsha Popoviq - Lajme nga Ulqini","isPartOf":{"@id":"https:\/\/www.visit-ulcinj.com\/blog\/#website"},"primaryImageOfPage":{"@id":"https:\/\/www.visit-ulcinj.com\/blog\/2013\/08\/02\/cungu-eshte-takon-ndihmesministrin-per-zhvillim-te-qendrueshem-dhe-turizem-nebojsha-popoviq\/#primaryimage"},"datePublished":"2013-08-02T07:16:27+00:00","dateModified":"2013-08-02T14:46:20+00:00","author":{"@id":"https:\/\/www.visit-ulcinj.com\/blog\/#\/schema\/person\/dcab619c614d3038751c63bc2aadc06d"},"description":"Kryetari Cungu \u00ebsht\u00eb takuar me ndihm\u00ebsministrin p\u00ebr zhvillim t\u00eb q\u00ebndruesh\u00ebm dhe turiz\u00ebm Nebojsha Popoviq Sot Kryetari Cungu \u00ebsht\u00eb takuar me","breadcrumb":{"@id":"https:\/\/www.visit-ulcinj.com\/blog\/2013\/08\/02\/cungu-eshte-takon-ndihmesministrin-per-zhvillim-te-qendrueshem-dhe-turizem-nebojsha-popoviq\/#breadcrumb"},"inLanguage":"en-US","potentialAction":[{"@type":"ReadAction","target":["https:\/\/www.visit-ulcinj.com\/blog\/2013\/08\/02\/cungu-eshte-takon-ndihmesministrin-per-zhvillim-te-qendrueshem-dhe-turizem-nebojsha-popoviq\/"]}]},{"@type":"BreadcrumbList","@id":"https:\/\/www.visit-ulcinj.com\/blog\/2013\/08\/02\/cungu-eshte-takon-ndihmesministrin-per-zhvillim-te-qendrueshem-dhe-turizem-nebojsha-popoviq\/#breadcrumb","itemListElement":[{"@type":"ListItem","position":1,"name":"Cungu \u00ebsht\u00eb takon ndihm\u00ebsministrin p\u00ebr zhvillim t\u00eb q\u00ebndruesh\u00ebm dhe turiz\u00ebm Nebojsha Popoviq"}]},{"@type":"Person","@id":"https:\/\/www.visit-ulcinj.com\/blog\/#\/schema\/person\/dcab619c614d3038751c63bc2aadc06d","name":"ulqini","sameAs":["http:\/\/www.visit-ulcinj.com"],"url":"https:\/\/www.visit-ulcinj.com\/blog\/author\/admin\/"}]}},"jetpack_featured_media_url":"","jetpack_sharing_enabled":true,"jetpack_shortlink":"https:\/\/wp.me\/pe6lTn-jeX","_links":{"self":[{"href":"https:\/\/www.visit-ulcinj.com\/blog\/wp-json\/wp\/v2\/posts\/73963"}],"collection":[{"href":"https:\/\/www.visit-ulcinj.com\/blog\/wp-json\/wp\/v2\/posts"}],"about":[{"href":"https:\/\/www.visit-ulcinj.com\/blog\/wp-json\/wp\/v2\/types\/post"}],"author":[{"embeddable":true,"href":"https:\/\/www.visit-ulcinj.com\/blog\/wp-json\/wp\/v2\/users\/1"}],"replies":[{"embeddable":true,"href":"https:\/\/www.visit-ulcinj.com\/blog\/wp-json\/wp\/v2\/comments?post=73963"}],"version-history":[{"count":9,"href":"https:\/\/www.visit-ulcinj.com\/blog\/wp-json\/wp\/v2\/posts\/73963\/revisions"}],"predecessor-version":[{"id":73966,"href":"https:\/\/www.visit-ulcinj.com\/blog\/wp-json\/wp\/v2\/posts\/73963\/revisions\/73966"}],"wp:attachment":[{"href":"https:\/\/www.visit-ulcinj.com\/blog\/wp-json\/wp\/v2\/media?parent=73963"}],"wp:term":[{"taxonomy":"category","embeddable":true,"href":"https:\/\/www.visit-ulcinj.com\/blog\/wp-json\/wp\/v2\/categories?post=73963"},{"taxonomy":"post_tag","embeddable":true,"href":"https:\/\/www.visit-ulcinj.com\/blog\/wp-json\/wp\/v2\/tags?post=73963"}],"curies":[{"name":"wp","href":"https:\/\/api.w.org\/{rel}","templated":true}]}}