{"id":7397,"date":"2008-12-17T20:18:04","date_gmt":"2008-12-17T19:18:04","guid":{"rendered":"http:\/\/www.visit-ulcinj.com\/blog\/?p=7397"},"modified":"2008-12-17T20:18:04","modified_gmt":"2008-12-17T19:18:04","slug":"alberie-hadergjonaj-i-kendon-ibrahim-rugoves","status":"publish","type":"post","link":"https:\/\/www.visit-ulcinj.com\/blog\/2008\/12\/17\/alberie-hadergjonaj-i-kendon-ibrahim-rugoves\/","title":{"rendered":"Alb\u00ebrie Had\u00ebrgjonaj i k\u00ebndon Ibrahim Rugov\u00ebs"},"content":{"rendered":"<p><a href=\"http:\/\/www.visit-ulcinj.com\/blog\/wp-content\/uploads\/2008\/12\/alberie-hadergjonaj-5.jpg\"><img loading=\"lazy\" class=\"alignleft size-medium wp-image-7403\" title=\"alberie-hadergjonaj-5\" src=\"http:\/\/www.visit-ulcinj.com\/blog\/wp-content\/uploads\/2008\/12\/alberie-hadergjonaj-5-300x199.jpg\" alt=\"\" width=\"335\" height=\"235\" \/><\/a>Nj\u00eb k\u00ebng\u00eb kushtuar ish-presidentit kosovar, t\u00eb ndjerit Ibrahim Rugova, \u00ebsht\u00eb p\u00ebrfshir\u00eb n\u00eb albumin m\u00eb t\u00eb ri t\u00eb k\u00ebng\u00ebtares Alb\u00ebrie Had\u00ebrgjonaj, i cili do t\u00eb nxirret n\u00eb shitje gjat\u00eb 2009-\u00ebs. K\u00ebng\u00ebtarja k\u00ebt\u00eb e ka b\u00ebr\u00eb t\u00eb ditur p\u00ebr mediat n\u00eb Shqip\u00ebri. Alb\u00ebria ka th\u00ebn\u00eb se publiku nuk duhet ta kuptoj k\u00ebt\u00eb si di\u00e7ka politike, por q\u00eb ka qen\u00eb thjesht d\u00ebshira e saj p\u00ebr t\u2019ia dedikuar nj\u00eb k\u00ebng\u00eb ish-presidentit, ngase, si\u00e7 ka th\u00ebn\u00eb ajo, \u201cRugova do t\u00eb mbetet p\u00ebr t\u00eb nj\u00eb mit\u201d. Albumi i ri i k\u00ebng\u00ebtares Had\u00ebrgjonaj do t\u00eb p\u00ebrmbaj\u00eb 9 k\u00ebng\u00eb. Bashk\u00ebpun\u00ebtor\u00ebt e k\u00ebng\u00ebtares p\u00ebr k\u00ebt\u00eb album jan\u00eb: Enis Presheva, Edmond Zhulali, Florian Mumajesi dhe t\u00eb tjer\u00eb. Krahas pun\u00ebs rreth albumit, Had\u00ebrgjonaj do t\u00eb marr\u00eb pjes\u00eb n\u00eb edicionin e sivjetsh\u00ebm t\u00eb Festivalit t\u00eb K\u00ebng\u00ebs n\u00eb Radiotelevizionin Shqiptar, nga i cili ka th\u00ebn\u00eb se pret m\u00eb t\u00eb mir\u00ebn, sepse ka nj\u00eb k\u00ebng\u00eb shum\u00eb t\u00eb mir\u00eb. Videoprojekti i fundit muzikor i Alb\u00ebrie Had\u00ebrgjonajt \u00ebsht\u00eb \u201cE ndezim pak\u201d n\u00eb bashk\u00ebpunim me reperin kosovar Don Pizhi.<br \/>\n<strong>Koha Vizion<\/strong><\/p>\n\n<!--YouTube Error: bad URL entered-->\n","protected":false},"excerpt":{"rendered":"<p>Nj\u00eb k\u00ebng\u00eb kushtuar ish-presidentit kosovar, t\u00eb ndjerit Ibrahim Rugova, \u00ebsht\u00eb p\u00ebrfshir\u00eb n\u00eb albumin m\u00eb t\u00eb ri t\u00eb k\u00ebng\u00ebtares Alb\u00ebrie Had\u00ebrgjonaj, i cili do t\u00eb nxirret n\u00eb shitje gjat\u00eb 2009-\u00ebs. K\u00ebng\u00ebtarja k\u00ebt\u00eb e ka b\u00ebr\u00eb t\u00eb ditur p\u00ebr mediat n\u00eb Shqip\u00ebri. Alb\u00ebria ka th\u00ebn\u00eb se publiku nuk duhet ta kuptoj k\u00ebt\u00eb si di\u00e7ka politike, por q\u00eb [&hellip;]<\/p>\n","protected":false},"author":1,"featured_media":0,"comment_status":"open","ping_status":"closed","sticky":false,"template":"","format":"standard","meta":{"spay_email":"","jetpack_publicize_message":"","jetpack_is_tweetstorm":false,"jetpack_publicize_feature_enabled":true},"categories":[1],"tags":[4567,5292,5291],"jetpack_publicize_connections":[],"yoast_head":"<!-- This site is optimized with the Yoast SEO plugin v19.1 - https:\/\/yoast.com\/wordpress\/plugins\/seo\/ -->\n<title>Alb\u00ebrie Had\u00ebrgjonaj i k\u00ebndon Ibrahim Rugov\u00ebs - Lajme nga Ulqini<\/title>\n<meta name=\"description\" content=\"Nj\u00eb k\u00ebng\u00eb kushtuar ish-presidentit kosovar, t\u00eb ndjerit Ibrahim Rugova, \u00ebsht\u00eb p\u00ebrfshir\u00eb n\u00eb albumin m\u00eb t\u00eb ri t\u00eb k\u00ebng\u00ebtares Alb\u00ebrie Had\u00ebrgjonaj, i cili do t\u00eb\" \/>\n<meta name=\"robots\" content=\"index, follow, max-snippet:-1, max-image-preview:large, max-video-preview:-1\" \/>\n<link rel=\"canonical\" href=\"https:\/\/www.visit-ulcinj.com\/blog\/2008\/12\/17\/alberie-hadergjonaj-i-kendon-ibrahim-rugoves\/\" \/>\n<meta property=\"og:locale\" content=\"en_US\" \/>\n<meta property=\"og:type\" content=\"article\" \/>\n<meta property=\"og:title\" content=\"Alb\u00ebrie Had\u00ebrgjonaj i k\u00ebndon Ibrahim Rugov\u00ebs - Lajme nga Ulqini\" \/>\n<meta property=\"og:description\" content=\"Nj\u00eb k\u00ebng\u00eb kushtuar ish-presidentit kosovar, t\u00eb ndjerit Ibrahim Rugova, \u00ebsht\u00eb p\u00ebrfshir\u00eb n\u00eb albumin m\u00eb t\u00eb ri t\u00eb k\u00ebng\u00ebtares Alb\u00ebrie Had\u00ebrgjonaj, i cili do t\u00eb\" \/>\n<meta property=\"og:url\" content=\"https:\/\/www.visit-ulcinj.com\/blog\/2008\/12\/17\/alberie-hadergjonaj-i-kendon-ibrahim-rugoves\/\" \/>\n<meta property=\"og:site_name\" content=\"Lajme nga Ulqini\" \/>\n<meta property=\"article:published_time\" content=\"2008-12-17T19:18:04+00:00\" \/>\n<meta property=\"og:image\" content=\"https:\/\/www.visit-ulcinj.com\/blog\/wp-content\/uploads\/2008\/12\/alberie-hadergjonaj-3-150x150.jpg\" \/>\n<meta name=\"twitter:label1\" content=\"Written by\" \/>\n\t<meta name=\"twitter:data1\" content=\"ulqini\" \/>\n\t<meta name=\"twitter:label2\" content=\"Est. reading time\" \/>\n\t<meta name=\"twitter:data2\" content=\"1 minute\" \/>\n<script type=\"application\/ld+json\" class=\"yoast-schema-graph\">{\"@context\":\"https:\/\/schema.org\",\"@graph\":[{\"@type\":\"WebSite\",\"@id\":\"https:\/\/www.visit-ulcinj.com\/blog\/#website\",\"url\":\"https:\/\/www.visit-ulcinj.com\/blog\/\",\"name\":\"Lajme nga Ulqini\",\"description\":\"Lajme,Vijesti,Ulqini,Ulqin,Crna Gora,Mali i Zi\",\"potentialAction\":[{\"@type\":\"SearchAction\",\"target\":{\"@type\":\"EntryPoint\",\"urlTemplate\":\"https:\/\/www.visit-ulcinj.com\/blog\/?s={search_term_string}\"},\"query-input\":\"required name=search_term_string\"}],\"inLanguage\":\"en-US\"},{\"@type\":\"ImageObject\",\"inLanguage\":\"en-US\",\"@id\":\"https:\/\/www.visit-ulcinj.com\/blog\/2008\/12\/17\/alberie-hadergjonaj-i-kendon-ibrahim-rugoves\/#primaryimage\",\"url\":\"http:\/\/www.visit-ulcinj.com\/blog\/wp-content\/uploads\/2008\/12\/alberie-hadergjonaj-5-300x199.jpg\",\"contentUrl\":\"http:\/\/www.visit-ulcinj.com\/blog\/wp-content\/uploads\/2008\/12\/alberie-hadergjonaj-5-300x199.jpg\"},{\"@type\":\"WebPage\",\"@id\":\"https:\/\/www.visit-ulcinj.com\/blog\/2008\/12\/17\/alberie-hadergjonaj-i-kendon-ibrahim-rugoves\/#webpage\",\"url\":\"https:\/\/www.visit-ulcinj.com\/blog\/2008\/12\/17\/alberie-hadergjonaj-i-kendon-ibrahim-rugoves\/\",\"name\":\"Alb\u00ebrie Had\u00ebrgjonaj i k\u00ebndon Ibrahim Rugov\u00ebs - Lajme nga Ulqini\",\"isPartOf\":{\"@id\":\"https:\/\/www.visit-ulcinj.com\/blog\/#website\"},\"primaryImageOfPage\":{\"@id\":\"https:\/\/www.visit-ulcinj.com\/blog\/2008\/12\/17\/alberie-hadergjonaj-i-kendon-ibrahim-rugoves\/#primaryimage\"},\"datePublished\":\"2008-12-17T19:18:04+00:00\",\"dateModified\":\"2008-12-17T19:18:04+00:00\",\"author\":{\"@id\":\"https:\/\/www.visit-ulcinj.com\/blog\/#\/schema\/person\/dcab619c614d3038751c63bc2aadc06d\"},\"description\":\"Nj\u00eb k\u00ebng\u00eb kushtuar ish-presidentit kosovar, t\u00eb ndjerit Ibrahim Rugova, \u00ebsht\u00eb p\u00ebrfshir\u00eb n\u00eb albumin m\u00eb t\u00eb ri t\u00eb k\u00ebng\u00ebtares Alb\u00ebrie Had\u00ebrgjonaj, i cili do t\u00eb\",\"breadcrumb\":{\"@id\":\"https:\/\/www.visit-ulcinj.com\/blog\/2008\/12\/17\/alberie-hadergjonaj-i-kendon-ibrahim-rugoves\/#breadcrumb\"},\"inLanguage\":\"en-US\",\"potentialAction\":[{\"@type\":\"ReadAction\",\"target\":[\"https:\/\/www.visit-ulcinj.com\/blog\/2008\/12\/17\/alberie-hadergjonaj-i-kendon-ibrahim-rugoves\/\"]}]},{\"@type\":\"BreadcrumbList\",\"@id\":\"https:\/\/www.visit-ulcinj.com\/blog\/2008\/12\/17\/alberie-hadergjonaj-i-kendon-ibrahim-rugoves\/#breadcrumb\",\"itemListElement\":[{\"@type\":\"ListItem\",\"position\":1,\"name\":\"Alb\u00ebrie Had\u00ebrgjonaj i k\u00ebndon Ibrahim Rugov\u00ebs\"}]},{\"@type\":\"Person\",\"@id\":\"https:\/\/www.visit-ulcinj.com\/blog\/#\/schema\/person\/dcab619c614d3038751c63bc2aadc06d\",\"name\":\"ulqini\",\"sameAs\":[\"http:\/\/www.visit-ulcinj.com\"],\"url\":\"https:\/\/www.visit-ulcinj.com\/blog\/author\/admin\/\"}]}<\/script>\n<!-- \/ Yoast SEO plugin. -->","yoast_head_json":{"title":"Alb\u00ebrie Had\u00ebrgjonaj i k\u00ebndon Ibrahim Rugov\u00ebs - Lajme nga Ulqini","description":"Nj\u00eb k\u00ebng\u00eb kushtuar ish-presidentit kosovar, t\u00eb ndjerit Ibrahim Rugova, \u00ebsht\u00eb p\u00ebrfshir\u00eb n\u00eb albumin m\u00eb t\u00eb ri t\u00eb k\u00ebng\u00ebtares Alb\u00ebrie Had\u00ebrgjonaj, i cili do t\u00eb","robots":{"index":"index","follow":"follow","max-snippet":"max-snippet:-1","max-image-preview":"max-image-preview:large","max-video-preview":"max-video-preview:-1"},"canonical":"https:\/\/www.visit-ulcinj.com\/blog\/2008\/12\/17\/alberie-hadergjonaj-i-kendon-ibrahim-rugoves\/","og_locale":"en_US","og_type":"article","og_title":"Alb\u00ebrie Had\u00ebrgjonaj i k\u00ebndon Ibrahim Rugov\u00ebs - Lajme nga Ulqini","og_description":"Nj\u00eb k\u00ebng\u00eb kushtuar ish-presidentit kosovar, t\u00eb ndjerit Ibrahim Rugova, \u00ebsht\u00eb p\u00ebrfshir\u00eb n\u00eb albumin m\u00eb t\u00eb ri t\u00eb k\u00ebng\u00ebtares Alb\u00ebrie Had\u00ebrgjonaj, i cili do t\u00eb","og_url":"https:\/\/www.visit-ulcinj.com\/blog\/2008\/12\/17\/alberie-hadergjonaj-i-kendon-ibrahim-rugoves\/","og_site_name":"Lajme nga Ulqini","article_published_time":"2008-12-17T19:18:04+00:00","og_image":[{"url":"https:\/\/www.visit-ulcinj.com\/blog\/wp-content\/uploads\/2008\/12\/alberie-hadergjonaj-3-150x150.jpg"}],"twitter_misc":{"Written by":"ulqini","Est. reading time":"1 minute"},"schema":{"@context":"https:\/\/schema.org","@graph":[{"@type":"WebSite","@id":"https:\/\/www.visit-ulcinj.com\/blog\/#website","url":"https:\/\/www.visit-ulcinj.com\/blog\/","name":"Lajme nga Ulqini","description":"Lajme,Vijesti,Ulqini,Ulqin,Crna Gora,Mali i Zi","potentialAction":[{"@type":"SearchAction","target":{"@type":"EntryPoint","urlTemplate":"https:\/\/www.visit-ulcinj.com\/blog\/?s={search_term_string}"},"query-input":"required name=search_term_string"}],"inLanguage":"en-US"},{"@type":"ImageObject","inLanguage":"en-US","@id":"https:\/\/www.visit-ulcinj.com\/blog\/2008\/12\/17\/alberie-hadergjonaj-i-kendon-ibrahim-rugoves\/#primaryimage","url":"http:\/\/www.visit-ulcinj.com\/blog\/wp-content\/uploads\/2008\/12\/alberie-hadergjonaj-5-300x199.jpg","contentUrl":"http:\/\/www.visit-ulcinj.com\/blog\/wp-content\/uploads\/2008\/12\/alberie-hadergjonaj-5-300x199.jpg"},{"@type":"WebPage","@id":"https:\/\/www.visit-ulcinj.com\/blog\/2008\/12\/17\/alberie-hadergjonaj-i-kendon-ibrahim-rugoves\/#webpage","url":"https:\/\/www.visit-ulcinj.com\/blog\/2008\/12\/17\/alberie-hadergjonaj-i-kendon-ibrahim-rugoves\/","name":"Alb\u00ebrie Had\u00ebrgjonaj i k\u00ebndon Ibrahim Rugov\u00ebs - Lajme nga Ulqini","isPartOf":{"@id":"https:\/\/www.visit-ulcinj.com\/blog\/#website"},"primaryImageOfPage":{"@id":"https:\/\/www.visit-ulcinj.com\/blog\/2008\/12\/17\/alberie-hadergjonaj-i-kendon-ibrahim-rugoves\/#primaryimage"},"datePublished":"2008-12-17T19:18:04+00:00","dateModified":"2008-12-17T19:18:04+00:00","author":{"@id":"https:\/\/www.visit-ulcinj.com\/blog\/#\/schema\/person\/dcab619c614d3038751c63bc2aadc06d"},"description":"Nj\u00eb k\u00ebng\u00eb kushtuar ish-presidentit kosovar, t\u00eb ndjerit Ibrahim Rugova, \u00ebsht\u00eb p\u00ebrfshir\u00eb n\u00eb albumin m\u00eb t\u00eb ri t\u00eb k\u00ebng\u00ebtares Alb\u00ebrie Had\u00ebrgjonaj, i cili do t\u00eb","breadcrumb":{"@id":"https:\/\/www.visit-ulcinj.com\/blog\/2008\/12\/17\/alberie-hadergjonaj-i-kendon-ibrahim-rugoves\/#breadcrumb"},"inLanguage":"en-US","potentialAction":[{"@type":"ReadAction","target":["https:\/\/www.visit-ulcinj.com\/blog\/2008\/12\/17\/alberie-hadergjonaj-i-kendon-ibrahim-rugoves\/"]}]},{"@type":"BreadcrumbList","@id":"https:\/\/www.visit-ulcinj.com\/blog\/2008\/12\/17\/alberie-hadergjonaj-i-kendon-ibrahim-rugoves\/#breadcrumb","itemListElement":[{"@type":"ListItem","position":1,"name":"Alb\u00ebrie Had\u00ebrgjonaj i k\u00ebndon Ibrahim Rugov\u00ebs"}]},{"@type":"Person","@id":"https:\/\/www.visit-ulcinj.com\/blog\/#\/schema\/person\/dcab619c614d3038751c63bc2aadc06d","name":"ulqini","sameAs":["http:\/\/www.visit-ulcinj.com"],"url":"https:\/\/www.visit-ulcinj.com\/blog\/author\/admin\/"}]}},"jetpack_featured_media_url":"","jetpack_sharing_enabled":true,"jetpack_shortlink":"https:\/\/wp.me\/pe6lTn-1Vj","_links":{"self":[{"href":"https:\/\/www.visit-ulcinj.com\/blog\/wp-json\/wp\/v2\/posts\/7397"}],"collection":[{"href":"https:\/\/www.visit-ulcinj.com\/blog\/wp-json\/wp\/v2\/posts"}],"about":[{"href":"https:\/\/www.visit-ulcinj.com\/blog\/wp-json\/wp\/v2\/types\/post"}],"author":[{"embeddable":true,"href":"https:\/\/www.visit-ulcinj.com\/blog\/wp-json\/wp\/v2\/users\/1"}],"replies":[{"embeddable":true,"href":"https:\/\/www.visit-ulcinj.com\/blog\/wp-json\/wp\/v2\/comments?post=7397"}],"version-history":[{"count":0,"href":"https:\/\/www.visit-ulcinj.com\/blog\/wp-json\/wp\/v2\/posts\/7397\/revisions"}],"wp:attachment":[{"href":"https:\/\/www.visit-ulcinj.com\/blog\/wp-json\/wp\/v2\/media?parent=7397"}],"wp:term":[{"taxonomy":"category","embeddable":true,"href":"https:\/\/www.visit-ulcinj.com\/blog\/wp-json\/wp\/v2\/categories?post=7397"},{"taxonomy":"post_tag","embeddable":true,"href":"https:\/\/www.visit-ulcinj.com\/blog\/wp-json\/wp\/v2\/tags?post=7397"}],"curies":[{"name":"wp","href":"https:\/\/api.w.org\/{rel}","templated":true}]}}