{"id":73981,"date":"2013-08-03T08:04:35","date_gmt":"2013-08-03T07:04:35","guid":{"rendered":"http:\/\/www.visit-ulcinj.com\/blog\/?p=73981"},"modified":"2013-08-03T20:44:34","modified_gmt":"2013-08-03T19:44:34","slug":"fejohet-hana-cakuli","status":"publish","type":"post","link":"https:\/\/www.visit-ulcinj.com\/blog\/2013\/08\/03\/fejohet-hana-cakuli\/","title":{"rendered":"Fejohet Hana Cakuli!"},"content":{"rendered":"<p>Ka shuar shpresat e secilit djal\u00eb q\u00eb do t\u00eb donte t\u00eb ishte mashkulli i saj. K\u00ebng\u00ebtarja e mir\u00ebnjohur Hana Cakuli e cila me plot t\u00eb drejt\u00eb \u00e7doher\u00eb \u00ebsht\u00eb vler\u00ebsuar si e \u00ebmbla e estrad\u00ebs, fund-muajin q\u00eb lam\u00eb pas ka nd\u00ebrruar statusin e saj nga beqare n\u00eb t\u00eb fejuar, duke mbyllur k\u00ebshtu p\u00ebrfundimisht dilem\u00ebn e t\u00eb qenit e \u2018lir\u00eb\u2019.<br \/>\n<a href=\"http:\/\/www.visit-ulcinj.com\/blog\/wp-content\/uploads\/2013\/08\/Fejohet-Hana-Cakuli.jpg\"><img loading=\"lazy\" class=\"alignleft  wp-image-73982\" alt=\"Fejohet Hana Cakuli\" src=\"http:\/\/www.visit-ulcinj.com\/blog\/wp-content\/uploads\/2013\/08\/Fejohet-Hana-Cakuli.jpg\" width=\"508\" height=\"600\" \/><\/a><\/p>\n<p>K\u00ebng\u00ebtarja e preferuar e shum\u00eb shqiptar\u00ebve me 28 korrik ka pranuar propozimin p\u00ebr fejes\u00eb i cili besohet t\u00eb ket\u00eb qen\u00eb momenti m\u00eb i lumtur i jet\u00ebs s\u00eb saj. Kjo sipas nj\u00eb foto-shkrimi i cili \u00ebsht\u00eb publikuar nga vet\u00eb Hana n\u00ebp\u00ebrmjet profilit zyrtar n\u00eb rrjetin social \u2018Facebook\u2019.<\/p>\n<p>\u201cKam k\u00ebnaq\u00ebsi me nda me ju, p\u00ebrve\u00e7 lajmeve p\u00ebr muzik\u00eb, edhe momente t\u00eb r\u00ebnd\u00ebsishme t\u00eb jet\u00ebs teme. Me 28 korrik 2013 kam pas nj\u00eb propozim romantik n\u00eb Munchen t\u00eb Gjermanis\u00eb t\u00eb cilin e kam pranuar pozitivisht &amp; tash jam e fejume!\u201d, ka shkruar mes tjerash k\u00ebng\u00ebtarja, nd\u00ebrsa ka ndar\u00eb momentin e lumtur me miqt\u00eb dhe mediat.<br \/>\n<a href=\"http:\/\/www.visit-ulcinj.com\/blog\/wp-content\/uploads\/2013\/08\/Fejohet-Hana-Cakuli1.jpg\"><img loading=\"lazy\" class=\"alignleft  wp-image-73983\" alt=\"Fejohet Hana Cakuli!\" src=\"http:\/\/www.visit-ulcinj.com\/blog\/wp-content\/uploads\/2013\/08\/Fejohet-Hana-Cakuli1.jpg\" width=\"508\" height=\"360\" \/><\/a><\/p>\n<p>Hana nuk ka dh\u00ebn\u00eb m\u00eb shum\u00eb detaje p\u00ebr djalin fatlum, duke l\u00ebn\u00eb nj\u00eb dilem\u00eb pas p\u00ebr t\u00eb gjith\u00eb! Tribuna i uron \u00e7iftit jet\u00eb t\u00eb gjat\u00eb dhe t\u00eb lumtur bashk\u00eb!<\/p>\n<p><strong>Gazeta Tribuna<\/strong><\/p>\n<p><iframe loading=\"lazy\" width=\"508\" height=\"360\" src=\"\/\/www.youtube.com\/embed\/C8QGFaKC54M\" frameborder=\"0\" allowfullscreen><\/iframe><\/p>\n","protected":false},"excerpt":{"rendered":"<p>Ka shuar shpresat e secilit djal\u00eb q\u00eb do t\u00eb donte t\u00eb ishte mashkulli i saj. K\u00ebng\u00ebtarja e mir\u00ebnjohur Hana Cakuli e cila me plot t\u00eb drejt\u00eb \u00e7doher\u00eb \u00ebsht\u00eb vler\u00ebsuar si e \u00ebmbla e estrad\u00ebs, fund-muajin q\u00eb lam\u00eb pas ka nd\u00ebrruar statusin e saj nga beqare n\u00eb t\u00eb fejuar, duke mbyllur k\u00ebshtu p\u00ebrfundimisht dilem\u00ebn e t\u00eb [&hellip;]<\/p>\n","protected":false},"author":1,"featured_media":0,"comment_status":"closed","ping_status":"closed","sticky":false,"template":"","format":"standard","meta":{"spay_email":"","jetpack_publicize_message":"","jetpack_is_tweetstorm":false,"jetpack_publicize_feature_enabled":true},"categories":[1],"tags":[],"jetpack_publicize_connections":[],"yoast_head":"<!-- This site is optimized with the Yoast SEO plugin v19.1 - https:\/\/yoast.com\/wordpress\/plugins\/seo\/ -->\n<title>Fejohet Hana Cakuli! - Lajme nga Ulqini<\/title>\n<meta name=\"description\" content=\"Ka shuar shpresat e secilit djal\u00eb q\u00eb do t\u00eb donte t\u00eb ishte mashkulli i saj. K\u00ebng\u00ebtarja e mir\u00ebnjohur Hana Cakuli e cila me plot t\u00eb drejt\u00eb \u00e7doher\u00eb \u00ebsht\u00eb\" \/>\n<meta name=\"robots\" content=\"index, follow, max-snippet:-1, max-image-preview:large, max-video-preview:-1\" \/>\n<link rel=\"canonical\" href=\"https:\/\/www.visit-ulcinj.com\/blog\/2013\/08\/03\/fejohet-hana-cakuli\/\" \/>\n<meta property=\"og:locale\" content=\"en_US\" \/>\n<meta property=\"og:type\" content=\"article\" \/>\n<meta property=\"og:title\" content=\"Fejohet Hana Cakuli! - Lajme nga Ulqini\" \/>\n<meta property=\"og:description\" content=\"Ka shuar shpresat e secilit djal\u00eb q\u00eb do t\u00eb donte t\u00eb ishte mashkulli i saj. K\u00ebng\u00ebtarja e mir\u00ebnjohur Hana Cakuli e cila me plot t\u00eb drejt\u00eb \u00e7doher\u00eb \u00ebsht\u00eb\" \/>\n<meta property=\"og:url\" content=\"https:\/\/www.visit-ulcinj.com\/blog\/2013\/08\/03\/fejohet-hana-cakuli\/\" \/>\n<meta property=\"og:site_name\" content=\"Lajme nga Ulqini\" \/>\n<meta property=\"article:published_time\" content=\"2013-08-03T07:04:35+00:00\" \/>\n<meta property=\"article:modified_time\" content=\"2013-08-03T19:44:34+00:00\" \/>\n<meta property=\"og:image\" content=\"http:\/\/www.visit-ulcinj.com\/blog\/wp-content\/uploads\/2013\/08\/Fejohet-Hana-Cakuli.jpg\" \/>\n<meta name=\"twitter:label1\" content=\"Written by\" \/>\n\t<meta name=\"twitter:data1\" content=\"ulqini\" \/>\n\t<meta name=\"twitter:label2\" content=\"Est. reading time\" \/>\n\t<meta name=\"twitter:data2\" content=\"1 minute\" \/>\n<script type=\"application\/ld+json\" class=\"yoast-schema-graph\">{\"@context\":\"https:\/\/schema.org\",\"@graph\":[{\"@type\":\"WebSite\",\"@id\":\"https:\/\/www.visit-ulcinj.com\/blog\/#website\",\"url\":\"https:\/\/www.visit-ulcinj.com\/blog\/\",\"name\":\"Lajme nga Ulqini\",\"description\":\"Lajme,Vijesti,Ulqini,Ulqin,Crna Gora,Mali i Zi\",\"potentialAction\":[{\"@type\":\"SearchAction\",\"target\":{\"@type\":\"EntryPoint\",\"urlTemplate\":\"https:\/\/www.visit-ulcinj.com\/blog\/?s={search_term_string}\"},\"query-input\":\"required name=search_term_string\"}],\"inLanguage\":\"en-US\"},{\"@type\":\"ImageObject\",\"inLanguage\":\"en-US\",\"@id\":\"https:\/\/www.visit-ulcinj.com\/blog\/2013\/08\/03\/fejohet-hana-cakuli\/#primaryimage\",\"url\":\"https:\/\/www.visit-ulcinj.com\/blog\/wp-content\/uploads\/2013\/08\/Fejohet-Hana-Cakuli.jpg\",\"contentUrl\":\"https:\/\/www.visit-ulcinj.com\/blog\/wp-content\/uploads\/2013\/08\/Fejohet-Hana-Cakuli.jpg\",\"width\":410,\"height\":499},{\"@type\":\"WebPage\",\"@id\":\"https:\/\/www.visit-ulcinj.com\/blog\/2013\/08\/03\/fejohet-hana-cakuli\/#webpage\",\"url\":\"https:\/\/www.visit-ulcinj.com\/blog\/2013\/08\/03\/fejohet-hana-cakuli\/\",\"name\":\"Fejohet Hana Cakuli! - Lajme nga Ulqini\",\"isPartOf\":{\"@id\":\"https:\/\/www.visit-ulcinj.com\/blog\/#website\"},\"primaryImageOfPage\":{\"@id\":\"https:\/\/www.visit-ulcinj.com\/blog\/2013\/08\/03\/fejohet-hana-cakuli\/#primaryimage\"},\"datePublished\":\"2013-08-03T07:04:35+00:00\",\"dateModified\":\"2013-08-03T19:44:34+00:00\",\"author\":{\"@id\":\"https:\/\/www.visit-ulcinj.com\/blog\/#\/schema\/person\/dcab619c614d3038751c63bc2aadc06d\"},\"description\":\"Ka shuar shpresat e secilit djal\u00eb q\u00eb do t\u00eb donte t\u00eb ishte mashkulli i saj. K\u00ebng\u00ebtarja e mir\u00ebnjohur Hana Cakuli e cila me plot t\u00eb drejt\u00eb \u00e7doher\u00eb \u00ebsht\u00eb\",\"breadcrumb\":{\"@id\":\"https:\/\/www.visit-ulcinj.com\/blog\/2013\/08\/03\/fejohet-hana-cakuli\/#breadcrumb\"},\"inLanguage\":\"en-US\",\"potentialAction\":[{\"@type\":\"ReadAction\",\"target\":[\"https:\/\/www.visit-ulcinj.com\/blog\/2013\/08\/03\/fejohet-hana-cakuli\/\"]}]},{\"@type\":\"BreadcrumbList\",\"@id\":\"https:\/\/www.visit-ulcinj.com\/blog\/2013\/08\/03\/fejohet-hana-cakuli\/#breadcrumb\",\"itemListElement\":[{\"@type\":\"ListItem\",\"position\":1,\"name\":\"Fejohet Hana Cakuli!\"}]},{\"@type\":\"Person\",\"@id\":\"https:\/\/www.visit-ulcinj.com\/blog\/#\/schema\/person\/dcab619c614d3038751c63bc2aadc06d\",\"name\":\"ulqini\",\"sameAs\":[\"http:\/\/www.visit-ulcinj.com\"],\"url\":\"https:\/\/www.visit-ulcinj.com\/blog\/author\/admin\/\"}]}<\/script>\n<!-- \/ Yoast SEO plugin. -->","yoast_head_json":{"title":"Fejohet Hana Cakuli! - Lajme nga Ulqini","description":"Ka shuar shpresat e secilit djal\u00eb q\u00eb do t\u00eb donte t\u00eb ishte mashkulli i saj. K\u00ebng\u00ebtarja e mir\u00ebnjohur Hana Cakuli e cila me plot t\u00eb drejt\u00eb \u00e7doher\u00eb \u00ebsht\u00eb","robots":{"index":"index","follow":"follow","max-snippet":"max-snippet:-1","max-image-preview":"max-image-preview:large","max-video-preview":"max-video-preview:-1"},"canonical":"https:\/\/www.visit-ulcinj.com\/blog\/2013\/08\/03\/fejohet-hana-cakuli\/","og_locale":"en_US","og_type":"article","og_title":"Fejohet Hana Cakuli! - Lajme nga Ulqini","og_description":"Ka shuar shpresat e secilit djal\u00eb q\u00eb do t\u00eb donte t\u00eb ishte mashkulli i saj. K\u00ebng\u00ebtarja e mir\u00ebnjohur Hana Cakuli e cila me plot t\u00eb drejt\u00eb \u00e7doher\u00eb \u00ebsht\u00eb","og_url":"https:\/\/www.visit-ulcinj.com\/blog\/2013\/08\/03\/fejohet-hana-cakuli\/","og_site_name":"Lajme nga Ulqini","article_published_time":"2013-08-03T07:04:35+00:00","article_modified_time":"2013-08-03T19:44:34+00:00","og_image":[{"url":"http:\/\/www.visit-ulcinj.com\/blog\/wp-content\/uploads\/2013\/08\/Fejohet-Hana-Cakuli.jpg"}],"twitter_misc":{"Written by":"ulqini","Est. reading time":"1 minute"},"schema":{"@context":"https:\/\/schema.org","@graph":[{"@type":"WebSite","@id":"https:\/\/www.visit-ulcinj.com\/blog\/#website","url":"https:\/\/www.visit-ulcinj.com\/blog\/","name":"Lajme nga Ulqini","description":"Lajme,Vijesti,Ulqini,Ulqin,Crna Gora,Mali i Zi","potentialAction":[{"@type":"SearchAction","target":{"@type":"EntryPoint","urlTemplate":"https:\/\/www.visit-ulcinj.com\/blog\/?s={search_term_string}"},"query-input":"required name=search_term_string"}],"inLanguage":"en-US"},{"@type":"ImageObject","inLanguage":"en-US","@id":"https:\/\/www.visit-ulcinj.com\/blog\/2013\/08\/03\/fejohet-hana-cakuli\/#primaryimage","url":"https:\/\/www.visit-ulcinj.com\/blog\/wp-content\/uploads\/2013\/08\/Fejohet-Hana-Cakuli.jpg","contentUrl":"https:\/\/www.visit-ulcinj.com\/blog\/wp-content\/uploads\/2013\/08\/Fejohet-Hana-Cakuli.jpg","width":410,"height":499},{"@type":"WebPage","@id":"https:\/\/www.visit-ulcinj.com\/blog\/2013\/08\/03\/fejohet-hana-cakuli\/#webpage","url":"https:\/\/www.visit-ulcinj.com\/blog\/2013\/08\/03\/fejohet-hana-cakuli\/","name":"Fejohet Hana Cakuli! - Lajme nga Ulqini","isPartOf":{"@id":"https:\/\/www.visit-ulcinj.com\/blog\/#website"},"primaryImageOfPage":{"@id":"https:\/\/www.visit-ulcinj.com\/blog\/2013\/08\/03\/fejohet-hana-cakuli\/#primaryimage"},"datePublished":"2013-08-03T07:04:35+00:00","dateModified":"2013-08-03T19:44:34+00:00","author":{"@id":"https:\/\/www.visit-ulcinj.com\/blog\/#\/schema\/person\/dcab619c614d3038751c63bc2aadc06d"},"description":"Ka shuar shpresat e secilit djal\u00eb q\u00eb do t\u00eb donte t\u00eb ishte mashkulli i saj. K\u00ebng\u00ebtarja e mir\u00ebnjohur Hana Cakuli e cila me plot t\u00eb drejt\u00eb \u00e7doher\u00eb \u00ebsht\u00eb","breadcrumb":{"@id":"https:\/\/www.visit-ulcinj.com\/blog\/2013\/08\/03\/fejohet-hana-cakuli\/#breadcrumb"},"inLanguage":"en-US","potentialAction":[{"@type":"ReadAction","target":["https:\/\/www.visit-ulcinj.com\/blog\/2013\/08\/03\/fejohet-hana-cakuli\/"]}]},{"@type":"BreadcrumbList","@id":"https:\/\/www.visit-ulcinj.com\/blog\/2013\/08\/03\/fejohet-hana-cakuli\/#breadcrumb","itemListElement":[{"@type":"ListItem","position":1,"name":"Fejohet Hana Cakuli!"}]},{"@type":"Person","@id":"https:\/\/www.visit-ulcinj.com\/blog\/#\/schema\/person\/dcab619c614d3038751c63bc2aadc06d","name":"ulqini","sameAs":["http:\/\/www.visit-ulcinj.com"],"url":"https:\/\/www.visit-ulcinj.com\/blog\/author\/admin\/"}]}},"jetpack_featured_media_url":"","jetpack_sharing_enabled":true,"jetpack_shortlink":"https:\/\/wp.me\/pe6lTn-jff","_links":{"self":[{"href":"https:\/\/www.visit-ulcinj.com\/blog\/wp-json\/wp\/v2\/posts\/73981"}],"collection":[{"href":"https:\/\/www.visit-ulcinj.com\/blog\/wp-json\/wp\/v2\/posts"}],"about":[{"href":"https:\/\/www.visit-ulcinj.com\/blog\/wp-json\/wp\/v2\/types\/post"}],"author":[{"embeddable":true,"href":"https:\/\/www.visit-ulcinj.com\/blog\/wp-json\/wp\/v2\/users\/1"}],"replies":[{"embeddable":true,"href":"https:\/\/www.visit-ulcinj.com\/blog\/wp-json\/wp\/v2\/comments?post=73981"}],"version-history":[{"count":2,"href":"https:\/\/www.visit-ulcinj.com\/blog\/wp-json\/wp\/v2\/posts\/73981\/revisions"}],"predecessor-version":[{"id":73997,"href":"https:\/\/www.visit-ulcinj.com\/blog\/wp-json\/wp\/v2\/posts\/73981\/revisions\/73997"}],"wp:attachment":[{"href":"https:\/\/www.visit-ulcinj.com\/blog\/wp-json\/wp\/v2\/media?parent=73981"}],"wp:term":[{"taxonomy":"category","embeddable":true,"href":"https:\/\/www.visit-ulcinj.com\/blog\/wp-json\/wp\/v2\/categories?post=73981"},{"taxonomy":"post_tag","embeddable":true,"href":"https:\/\/www.visit-ulcinj.com\/blog\/wp-json\/wp\/v2\/tags?post=73981"}],"curies":[{"name":"wp","href":"https:\/\/api.w.org\/{rel}","templated":true}]}}