{"id":73989,"date":"2013-08-03T18:08:46","date_gmt":"2013-08-03T17:08:46","guid":{"rendered":"http:\/\/www.visit-ulcinj.com\/blog\/?p=73989"},"modified":"2013-08-03T18:10:26","modified_gmt":"2013-08-03T17:10:26","slug":"ambasada-arabe-e-emirateve-organizon-iftar-sonte-ne-hotel-mediteran","status":"publish","type":"post","link":"https:\/\/www.visit-ulcinj.com\/blog\/2013\/08\/03\/ambasada-arabe-e-emirateve-organizon-iftar-sonte-ne-hotel-mediteran\/","title":{"rendered":"Ambasada Arabe e Emirateve organizon iftar sonte ne Hotel Mediteran"},"content":{"rendered":"<p><a href=\"http:\/\/www.visit-ulcinj.com\/blog\/wp-content\/uploads\/2013\/08\/iftari.jpg\"><img loading=\"lazy\" class=\"alignleft  wp-image-73990\" alt=\"iftari\" src=\"http:\/\/www.visit-ulcinj.com\/blog\/wp-content\/uploads\/2013\/08\/iftari.jpg\" width=\"508\" height=\"360\" \/><\/a>Ambasada Arabe e Emirateve te bashkuara organizon iftar p\u00ebr 200 besimtar\u00eb musliman\u00eb n\u00eb ulqin .<br \/>\nIftari I dates 02.08.2013 bashkon besimtar\u00ebt musliman n\u00eb Hotelin Mediteran p\u00ebr iftar. Ambasada Arabe n\u00eb mb\u00ebshtetje me iniciativ\u00eb t\u00eb komunitetit musliman dhe mb\u00ebshtetjen e departamentit t\u00eb bamir\u00ebsis\u00eb shtrojn\u00eb nj\u00eb tavolin\u00eb iftari t\u00eb begat\u00eb p\u00ebr 200 t\u00eb ftuar.<\/p>\n<p>N\u00eb iftar u bashkangjiten besimtar\u00eb t\u00eb shumt\u00eb nga ulqini, nd\u00ebr t\u00eb cil\u00ebt ishin edhe shum\u00eb zyrtar\u00eb t\u00eb lart\u00eb t\u00eb komun\u00ebs tone. Nisma e ambasad\u00ebs Arabe u mir\u00ebprit nga qytetar\u00ebt e ulqinit , t\u00eb cil\u00ebt shprehen mir\u00ebnjohjen ndaj ambasad\u00ebs.<br \/>\nHotel Mediteran siguroi nj\u00eb menu me ushqim tradicional t\u00eb ulqinit duke krijuar nj\u00eb atmosfere t\u00eb ngroht\u00eb mes mysafir\u00ebve. Pas halves, hurmave dhe cajit tradicional t\u00eb ftuarve ju jan\u00eb siguruar kushtet p\u00ebr marrjen e avdesit dhe faljen e namazit.<br \/>\n<strong>Hotel- Mediteran Resort<\/strong><\/p>\n<div>\n<div>Mujo Ulqinaku b.b, 85360<\/div>\n<div>Ulcinj \u2013 MONTENEGRO<\/div>\n<div>Tel\/Fax: <a href=\"tel:%2B382%2030%2F403-124\" target=\"_blank\">+382 30\/403-124<\/a>; 403-125<\/div>\n<\/div>\n<div>Mobil:<a href=\"tel:00382%2067%20686853\" target=\"_blank\">00382 67 686853<\/a><\/div>\n","protected":false},"excerpt":{"rendered":"<p>Ambasada Arabe e Emirateve te bashkuara organizon iftar p\u00ebr 200 besimtar\u00eb musliman\u00eb n\u00eb ulqin . Iftari I dates 02.08.2013 bashkon besimtar\u00ebt musliman n\u00eb Hotelin Mediteran p\u00ebr iftar. Ambasada Arabe n\u00eb mb\u00ebshtetje me iniciativ\u00eb t\u00eb komunitetit musliman dhe mb\u00ebshtetjen e departamentit t\u00eb bamir\u00ebsis\u00eb shtrojn\u00eb nj\u00eb tavolin\u00eb iftari t\u00eb begat\u00eb p\u00ebr 200 t\u00eb ftuar. N\u00eb iftar u [&hellip;]<\/p>\n","protected":false},"author":1,"featured_media":0,"comment_status":"closed","ping_status":"closed","sticky":false,"template":"","format":"standard","meta":{"spay_email":"","jetpack_publicize_message":"","jetpack_is_tweetstorm":false,"jetpack_publicize_feature_enabled":true},"categories":[6950],"tags":[],"jetpack_publicize_connections":[],"yoast_head":"<!-- This site is optimized with the Yoast SEO plugin v19.1 - https:\/\/yoast.com\/wordpress\/plugins\/seo\/ -->\n<title>Ambasada Arabe e Emirateve organizon iftar sonte ne Hotel Mediteran - Lajme nga Ulqini<\/title>\n<meta name=\"description\" content=\"Ambasada Arabe e Emirateve te bashkuara organizon iftar p\u00ebr 200 besimtar\u00eb musliman\u00eb n\u00eb ulqin . Iftari I dates 02.08.2013 bashkon besimtar\u00ebt musliman n\u00eb\" \/>\n<meta name=\"robots\" content=\"index, follow, max-snippet:-1, max-image-preview:large, max-video-preview:-1\" \/>\n<link rel=\"canonical\" href=\"https:\/\/www.visit-ulcinj.com\/blog\/2013\/08\/03\/ambasada-arabe-e-emirateve-organizon-iftar-sonte-ne-hotel-mediteran\/\" \/>\n<meta property=\"og:locale\" content=\"en_US\" \/>\n<meta property=\"og:type\" content=\"article\" \/>\n<meta property=\"og:title\" content=\"Ambasada Arabe e Emirateve organizon iftar sonte ne Hotel Mediteran - Lajme nga Ulqini\" \/>\n<meta property=\"og:description\" content=\"Ambasada Arabe e Emirateve te bashkuara organizon iftar p\u00ebr 200 besimtar\u00eb musliman\u00eb n\u00eb ulqin . Iftari I dates 02.08.2013 bashkon besimtar\u00ebt musliman n\u00eb\" \/>\n<meta property=\"og:url\" content=\"https:\/\/www.visit-ulcinj.com\/blog\/2013\/08\/03\/ambasada-arabe-e-emirateve-organizon-iftar-sonte-ne-hotel-mediteran\/\" \/>\n<meta property=\"og:site_name\" content=\"Lajme nga Ulqini\" \/>\n<meta property=\"article:published_time\" content=\"2013-08-03T17:08:46+00:00\" \/>\n<meta property=\"article:modified_time\" content=\"2013-08-03T17:10:26+00:00\" \/>\n<meta property=\"og:image\" content=\"http:\/\/www.visit-ulcinj.com\/blog\/wp-content\/uploads\/2013\/08\/iftari.jpg\" \/>\n<meta name=\"twitter:label1\" content=\"Written by\" \/>\n\t<meta name=\"twitter:data1\" content=\"ulqini\" \/>\n\t<meta name=\"twitter:label2\" content=\"Est. reading time\" \/>\n\t<meta name=\"twitter:data2\" content=\"1 minute\" \/>\n<script type=\"application\/ld+json\" class=\"yoast-schema-graph\">{\"@context\":\"https:\/\/schema.org\",\"@graph\":[{\"@type\":\"WebSite\",\"@id\":\"https:\/\/www.visit-ulcinj.com\/blog\/#website\",\"url\":\"https:\/\/www.visit-ulcinj.com\/blog\/\",\"name\":\"Lajme nga Ulqini\",\"description\":\"Lajme,Vijesti,Ulqini,Ulqin,Crna Gora,Mali i Zi\",\"potentialAction\":[{\"@type\":\"SearchAction\",\"target\":{\"@type\":\"EntryPoint\",\"urlTemplate\":\"https:\/\/www.visit-ulcinj.com\/blog\/?s={search_term_string}\"},\"query-input\":\"required name=search_term_string\"}],\"inLanguage\":\"en-US\"},{\"@type\":\"ImageObject\",\"inLanguage\":\"en-US\",\"@id\":\"https:\/\/www.visit-ulcinj.com\/blog\/2013\/08\/03\/ambasada-arabe-e-emirateve-organizon-iftar-sonte-ne-hotel-mediteran\/#primaryimage\",\"url\":\"https:\/\/www.visit-ulcinj.com\/blog\/wp-content\/uploads\/2013\/08\/iftari.jpg\",\"contentUrl\":\"https:\/\/www.visit-ulcinj.com\/blog\/wp-content\/uploads\/2013\/08\/iftari.jpg\",\"width\":1600,\"height\":1200},{\"@type\":\"WebPage\",\"@id\":\"https:\/\/www.visit-ulcinj.com\/blog\/2013\/08\/03\/ambasada-arabe-e-emirateve-organizon-iftar-sonte-ne-hotel-mediteran\/#webpage\",\"url\":\"https:\/\/www.visit-ulcinj.com\/blog\/2013\/08\/03\/ambasada-arabe-e-emirateve-organizon-iftar-sonte-ne-hotel-mediteran\/\",\"name\":\"Ambasada Arabe e Emirateve organizon iftar sonte ne Hotel Mediteran - Lajme nga Ulqini\",\"isPartOf\":{\"@id\":\"https:\/\/www.visit-ulcinj.com\/blog\/#website\"},\"primaryImageOfPage\":{\"@id\":\"https:\/\/www.visit-ulcinj.com\/blog\/2013\/08\/03\/ambasada-arabe-e-emirateve-organizon-iftar-sonte-ne-hotel-mediteran\/#primaryimage\"},\"datePublished\":\"2013-08-03T17:08:46+00:00\",\"dateModified\":\"2013-08-03T17:10:26+00:00\",\"author\":{\"@id\":\"https:\/\/www.visit-ulcinj.com\/blog\/#\/schema\/person\/dcab619c614d3038751c63bc2aadc06d\"},\"description\":\"Ambasada Arabe e Emirateve te bashkuara organizon iftar p\u00ebr 200 besimtar\u00eb musliman\u00eb n\u00eb ulqin . Iftari I dates 02.08.2013 bashkon besimtar\u00ebt musliman n\u00eb\",\"breadcrumb\":{\"@id\":\"https:\/\/www.visit-ulcinj.com\/blog\/2013\/08\/03\/ambasada-arabe-e-emirateve-organizon-iftar-sonte-ne-hotel-mediteran\/#breadcrumb\"},\"inLanguage\":\"en-US\",\"potentialAction\":[{\"@type\":\"ReadAction\",\"target\":[\"https:\/\/www.visit-ulcinj.com\/blog\/2013\/08\/03\/ambasada-arabe-e-emirateve-organizon-iftar-sonte-ne-hotel-mediteran\/\"]}]},{\"@type\":\"BreadcrumbList\",\"@id\":\"https:\/\/www.visit-ulcinj.com\/blog\/2013\/08\/03\/ambasada-arabe-e-emirateve-organizon-iftar-sonte-ne-hotel-mediteran\/#breadcrumb\",\"itemListElement\":[{\"@type\":\"ListItem\",\"position\":1,\"name\":\"Ambasada Arabe e Emirateve organizon iftar sonte ne Hotel Mediteran\"}]},{\"@type\":\"Person\",\"@id\":\"https:\/\/www.visit-ulcinj.com\/blog\/#\/schema\/person\/dcab619c614d3038751c63bc2aadc06d\",\"name\":\"ulqini\",\"sameAs\":[\"http:\/\/www.visit-ulcinj.com\"],\"url\":\"https:\/\/www.visit-ulcinj.com\/blog\/author\/admin\/\"}]}<\/script>\n<!-- \/ Yoast SEO plugin. -->","yoast_head_json":{"title":"Ambasada Arabe e Emirateve organizon iftar sonte ne Hotel Mediteran - Lajme nga Ulqini","description":"Ambasada Arabe e Emirateve te bashkuara organizon iftar p\u00ebr 200 besimtar\u00eb musliman\u00eb n\u00eb ulqin . Iftari I dates 02.08.2013 bashkon besimtar\u00ebt musliman n\u00eb","robots":{"index":"index","follow":"follow","max-snippet":"max-snippet:-1","max-image-preview":"max-image-preview:large","max-video-preview":"max-video-preview:-1"},"canonical":"https:\/\/www.visit-ulcinj.com\/blog\/2013\/08\/03\/ambasada-arabe-e-emirateve-organizon-iftar-sonte-ne-hotel-mediteran\/","og_locale":"en_US","og_type":"article","og_title":"Ambasada Arabe e Emirateve organizon iftar sonte ne Hotel Mediteran - Lajme nga Ulqini","og_description":"Ambasada Arabe e Emirateve te bashkuara organizon iftar p\u00ebr 200 besimtar\u00eb musliman\u00eb n\u00eb ulqin . Iftari I dates 02.08.2013 bashkon besimtar\u00ebt musliman n\u00eb","og_url":"https:\/\/www.visit-ulcinj.com\/blog\/2013\/08\/03\/ambasada-arabe-e-emirateve-organizon-iftar-sonte-ne-hotel-mediteran\/","og_site_name":"Lajme nga Ulqini","article_published_time":"2013-08-03T17:08:46+00:00","article_modified_time":"2013-08-03T17:10:26+00:00","og_image":[{"url":"http:\/\/www.visit-ulcinj.com\/blog\/wp-content\/uploads\/2013\/08\/iftari.jpg"}],"twitter_misc":{"Written by":"ulqini","Est. reading time":"1 minute"},"schema":{"@context":"https:\/\/schema.org","@graph":[{"@type":"WebSite","@id":"https:\/\/www.visit-ulcinj.com\/blog\/#website","url":"https:\/\/www.visit-ulcinj.com\/blog\/","name":"Lajme nga Ulqini","description":"Lajme,Vijesti,Ulqini,Ulqin,Crna Gora,Mali i Zi","potentialAction":[{"@type":"SearchAction","target":{"@type":"EntryPoint","urlTemplate":"https:\/\/www.visit-ulcinj.com\/blog\/?s={search_term_string}"},"query-input":"required name=search_term_string"}],"inLanguage":"en-US"},{"@type":"ImageObject","inLanguage":"en-US","@id":"https:\/\/www.visit-ulcinj.com\/blog\/2013\/08\/03\/ambasada-arabe-e-emirateve-organizon-iftar-sonte-ne-hotel-mediteran\/#primaryimage","url":"https:\/\/www.visit-ulcinj.com\/blog\/wp-content\/uploads\/2013\/08\/iftari.jpg","contentUrl":"https:\/\/www.visit-ulcinj.com\/blog\/wp-content\/uploads\/2013\/08\/iftari.jpg","width":1600,"height":1200},{"@type":"WebPage","@id":"https:\/\/www.visit-ulcinj.com\/blog\/2013\/08\/03\/ambasada-arabe-e-emirateve-organizon-iftar-sonte-ne-hotel-mediteran\/#webpage","url":"https:\/\/www.visit-ulcinj.com\/blog\/2013\/08\/03\/ambasada-arabe-e-emirateve-organizon-iftar-sonte-ne-hotel-mediteran\/","name":"Ambasada Arabe e Emirateve organizon iftar sonte ne Hotel Mediteran - Lajme nga Ulqini","isPartOf":{"@id":"https:\/\/www.visit-ulcinj.com\/blog\/#website"},"primaryImageOfPage":{"@id":"https:\/\/www.visit-ulcinj.com\/blog\/2013\/08\/03\/ambasada-arabe-e-emirateve-organizon-iftar-sonte-ne-hotel-mediteran\/#primaryimage"},"datePublished":"2013-08-03T17:08:46+00:00","dateModified":"2013-08-03T17:10:26+00:00","author":{"@id":"https:\/\/www.visit-ulcinj.com\/blog\/#\/schema\/person\/dcab619c614d3038751c63bc2aadc06d"},"description":"Ambasada Arabe e Emirateve te bashkuara organizon iftar p\u00ebr 200 besimtar\u00eb musliman\u00eb n\u00eb ulqin . Iftari I dates 02.08.2013 bashkon besimtar\u00ebt musliman n\u00eb","breadcrumb":{"@id":"https:\/\/www.visit-ulcinj.com\/blog\/2013\/08\/03\/ambasada-arabe-e-emirateve-organizon-iftar-sonte-ne-hotel-mediteran\/#breadcrumb"},"inLanguage":"en-US","potentialAction":[{"@type":"ReadAction","target":["https:\/\/www.visit-ulcinj.com\/blog\/2013\/08\/03\/ambasada-arabe-e-emirateve-organizon-iftar-sonte-ne-hotel-mediteran\/"]}]},{"@type":"BreadcrumbList","@id":"https:\/\/www.visit-ulcinj.com\/blog\/2013\/08\/03\/ambasada-arabe-e-emirateve-organizon-iftar-sonte-ne-hotel-mediteran\/#breadcrumb","itemListElement":[{"@type":"ListItem","position":1,"name":"Ambasada Arabe e Emirateve organizon iftar sonte ne Hotel Mediteran"}]},{"@type":"Person","@id":"https:\/\/www.visit-ulcinj.com\/blog\/#\/schema\/person\/dcab619c614d3038751c63bc2aadc06d","name":"ulqini","sameAs":["http:\/\/www.visit-ulcinj.com"],"url":"https:\/\/www.visit-ulcinj.com\/blog\/author\/admin\/"}]}},"jetpack_featured_media_url":"","jetpack_sharing_enabled":true,"jetpack_shortlink":"https:\/\/wp.me\/pe6lTn-jfn","_links":{"self":[{"href":"https:\/\/www.visit-ulcinj.com\/blog\/wp-json\/wp\/v2\/posts\/73989"}],"collection":[{"href":"https:\/\/www.visit-ulcinj.com\/blog\/wp-json\/wp\/v2\/posts"}],"about":[{"href":"https:\/\/www.visit-ulcinj.com\/blog\/wp-json\/wp\/v2\/types\/post"}],"author":[{"embeddable":true,"href":"https:\/\/www.visit-ulcinj.com\/blog\/wp-json\/wp\/v2\/users\/1"}],"replies":[{"embeddable":true,"href":"https:\/\/www.visit-ulcinj.com\/blog\/wp-json\/wp\/v2\/comments?post=73989"}],"version-history":[{"count":3,"href":"https:\/\/www.visit-ulcinj.com\/blog\/wp-json\/wp\/v2\/posts\/73989\/revisions"}],"predecessor-version":[{"id":73993,"href":"https:\/\/www.visit-ulcinj.com\/blog\/wp-json\/wp\/v2\/posts\/73989\/revisions\/73993"}],"wp:attachment":[{"href":"https:\/\/www.visit-ulcinj.com\/blog\/wp-json\/wp\/v2\/media?parent=73989"}],"wp:term":[{"taxonomy":"category","embeddable":true,"href":"https:\/\/www.visit-ulcinj.com\/blog\/wp-json\/wp\/v2\/categories?post=73989"},{"taxonomy":"post_tag","embeddable":true,"href":"https:\/\/www.visit-ulcinj.com\/blog\/wp-json\/wp\/v2\/tags?post=73989"}],"curies":[{"name":"wp","href":"https:\/\/api.w.org\/{rel}","templated":true}]}}